{"id":13591,"date":"2017-10-23T16:11:06","date_gmt":"2017-10-23T16:11:06","guid":{"rendered":"https:\/\/moir.org.co\/web\/?p=13591"},"modified":"2017-10-23T16:11:06","modified_gmt":"2017-10-23T16:11:06","slug":"soberania-energetica-colombiana-en-la-refinacion-petrolera","status":"publish","type":"post","link":"https:\/\/moir.com.co\/web\/soberania-energetica-colombiana-en-la-refinacion-petrolera\/","title":{"rendered":"Soberan\u00eda energ\u00e9tica colombiana en la refinaci\u00f3n petrolera"},"content":{"rendered":"<p><strong>Mario Alejandro Valencia, Cali, octubre 23 de 2017<\/strong><\/p>\n<p><strong><em>\u00a0<\/em><\/strong>La refinaci\u00f3n de petr\u00f3leo se ha convertido en una actividad de primera importancia tanto para la econom\u00eda mundial como para las necesidades humanas actuales. El 25 % del petr\u00f3leo que se procesa sirven para producir pl\u00e1sticos, materiales sint\u00e9ticos, productos qu\u00edmicos, ceras, aceites, asfaltos, ropa, fertilizantes, productos de aseo, llantas y piezas m\u00e9dicas; el restante 75 % para todo tipo de combustibles.<\/p>\n<p>Se sabe que la capacidad de refinaci\u00f3n no necesariamente est\u00e1 ligada a las reservas petroleras de cada pa\u00eds, pues Francia, Alemania, Italia y Espa\u00f1a, que no tienen petr\u00f3leo, producen el 7 % de los refinados del planeta. Jap\u00f3n, por ejemplo, -sin petr\u00f3leo- refina 3 millones de barriles de petr\u00f3leo al d\u00eda, 10 veces m\u00e1s que Colombia, que tan solo representa el 0,30 % de la refinaci\u00f3n mundial.<\/p>\n<p>En Colombia de los 850 000 barriles de producci\u00f3n de crudo diarios, se refinan 243 000 barriles al d\u00eda. Podr\u00edan ser m\u00e1s, pero las decisiones pol\u00edticas del Estado privilegian la compra extranjera de productos procesados, mientras el 70 % del petr\u00f3leo se exporta crudo, sin ning\u00fan valor agregado. Entre 2012 y 2016 el pa\u00eds import\u00f3 $ 63 billones en combustibles, que podr\u00edan haberse producido nacionalmente, evitando la fuga de esa riqueza.<\/p>\n<p>Una de las posibilidades de producci\u00f3n recae en la refiner\u00eda de Barrancabermeja. Su modernizaci\u00f3n se ha prometido desde finales de la d\u00e9cada de 1990. En octubre de 2012, un decreto del gobierno de Juan Manuel Santos declar\u00f3 de inter\u00e9s nacional el proyecto y en mayo de 2014 el candidato-presidente prometi\u00f3 que ser\u00eda \u201c<a href=\"http:\/\/www.yariguies.com\/portal\/sitio\/contenidos_mo_notas.php?it=79153\">una realidad para los colombianos<\/a>\u201d. Pero esta ser\u00e1 una m\u00e1s de las promesas incumplidas por este gobierno.<\/p>\n<p>Modernizar esta refiner\u00eda es una necesidad nacional. Colombia no puede seguir d\u00e1ndose el lujo de entregar su soberan\u00eda energ\u00e9tica, como ya ocurri\u00f3 con Isag\u00e9n. La inversi\u00f3n que requiere es significativamente menor a enfrentarse a la\u00a0<em>tormenta perfecta<\/em>\u00a0de quedarse sin reservas petroleras y adem\u00e1s sin capacidad industrial para refinar petr\u00f3leo.<\/p>\n<p>El proyecto adem\u00e1s es una excelente posibilidad para estimular a la econom\u00eda, en momentos en que el modelo ha generado una ostensible desaceleraci\u00f3n, agravada con un gasto p\u00fablico ineficiente. Pues bien, modernizar la refiner\u00eda generar\u00eda 65 000 empleos, las exportaciones aumentar\u00edan 9 %, las importaciones caer\u00edan 1,5 % y explicar\u00edan el aumento de 1,7 puntos porcentuales en el crecimiento del PIB, seg\u00fan los propios c\u00e1lculos realizados por Fedesarrollo. Los beneficios superan con creces los costos del proyecto.<\/p>\n<p>Si la modernizaci\u00f3n dependiera de la demostraci\u00f3n econ\u00f3mica de sus ventajas, ya estar\u00eda en ejecuci\u00f3n. Pero la decisi\u00f3n pol\u00edtica es seguir con el modelo de importar todo, con el agravante de que las materias primas y los recursos naturales para pagar estas compras se agotan en la medida en que la producci\u00f3n nacional se deteriora. Est\u00e1 en manos de la ciudadan\u00eda decidir si ser\u00e1 otro tipo de gobierno quien corregir\u00e1 esta situaci\u00f3n o seguiremos confiando en los mismos que fracasaron, para que sigan al mando.<\/p>\n","protected":false},"excerpt":{"rendered":"<p>Mario Alejandro Valencia, Cali, octubre 23 de 2017 \u00a0La refinaci\u00f3n de petr\u00f3leo se ha convertido en una actividad de primera importancia tanto para la econom\u00eda mundial como para las necesidades humanas actuales. El 25 % del petr\u00f3leo que se procesa sirven para producir pl\u00e1sticos, materiales sint\u00e9ticos, productos qu\u00edmicos, ceras, aceites, asfaltos, ropa, fertilizantes, productos de [&hellip;]<\/p>\n","protected":false},"author":1,"featured_media":13592,"comment_status":"open","ping_status":"open","sticky":false,"template":"","format":"standard","meta":{"advanced_seo_description":"","jetpack_seo_html_title":"","jetpack_seo_noindex":false,"_jetpack_memberships_contains_paid_content":false,"footnotes":""},"categories":[102,97,107],"tags":[],"class_list":["post-13591","post","type-post","status-publish","format-standard","has-post-thumbnail","hentry","category-economia","category-imperialismo-y-neoliberalismo","category-mineria-y-petroleo"],"jetpack_featured_media_url":"https:\/\/i0.wp.com\/moir.com.co\/web\/wp-content\/uploads\/2017\/10\/refineriabarranca2.jpg?fit=700%2C500&ssl=1","jetpack-related-posts":[{"id":7937,"url":"https:\/\/moir.com.co\/web\/por-que-cuesta-tanto-la-gasolina-y-como-hacerla-mas-barata\/","url_meta":{"origin":13591,"position":0},"title":"\u00bfPor qu\u00e9 cuesta tanto la gasolina y c\u00f3mo hacerla m\u00e1s barata?","author":"admin","date":"septiembre 25, 2013","format":false,"excerpt":"Los colombianos financian a ECOPETROL Durante la d\u00e9cada de 1976-1985 Colombia tuvo que importar petr\u00f3leo; esto produjo grandes p\u00e9rdidas a ECOPETROL que fueron cubiertas por los cafeteros. A\u00f1os despu\u00e9s, desde que se adopt\u00f3 la actual f\u00f3rmula para fijar el precio de los combustibles, todos los colombianos financiamos a ECOPETROL a\u2026","rel":"","context":"En \u00abRevista de Prensa\u00bb","block_context":{"text":"Revista de Prensa","link":"https:\/\/moir.com.co\/web\/category\/prensa\/revista-de-prensa\/"},"img":{"alt_text":"","src":"","width":0,"height":0},"classes":[]},{"id":12305,"url":"https:\/\/moir.com.co\/web\/el-pmrb-salida-a-la-crisis-economica-de-barrancabermeja\/","url_meta":{"origin":13591,"position":1},"title":"El PMRB: salida a la crisis econ\u00f3mica de Barrancabermeja","author":"admin","date":"mayo 8, 2017","format":false,"excerpt":"Saulo Lizarazo, Barrancabermeja, mayo 8 de 2017 Barrancabermeja atraviesa por una gran crisis econ\u00f3mica y social sin parang\u00f3n. Esta crisis es el producto de distintos factores: La corrupci\u00f3n y los malos manejos administrativos del Gobierno Nacional que, en \u00e9poca de los buenos precios del petr\u00f3leo, le disminuyeron a la ciudad\u2026","rel":"","context":"En \u00abEconom\u00eda\u00bb","block_context":{"text":"Econom\u00eda","link":"https:\/\/moir.com.co\/web\/category\/temas\/economia\/"},"img":{"alt_text":"","src":"https:\/\/i0.wp.com\/moir.com.co\/web\/wp-content\/uploads\/2017\/05\/petroleorefineria.jpg?fit=600%2C337&ssl=1&resize=350%2C200","width":350,"height":200,"srcset":"https:\/\/i0.wp.com\/moir.com.co\/web\/wp-content\/uploads\/2017\/05\/petroleorefineria.jpg?fit=600%2C337&ssl=1&resize=350%2C200 1x, https:\/\/i0.wp.com\/moir.com.co\/web\/wp-content\/uploads\/2017\/05\/petroleorefineria.jpg?fit=600%2C337&ssl=1&resize=525%2C300 1.5x"},"classes":[]},{"id":8270,"url":"https:\/\/moir.com.co\/web\/la-modernizacion-de-la-refineria-un-asunto-de-interes-nacional\/","url_meta":{"origin":13591,"position":2},"title":"La Modernizaci\u00f3n de la Refiner\u00eda un asunto de Inter\u00e9s Nacional","author":"admin","date":"febrero 24, 2014","format":false,"excerpt":"El panorama actual de la industria petrolera en Colombia es preocupante. El ritmo de producci\u00f3n superior al mill\u00f3n de barriles frente a los escasos hallazgos de nuevos campos petroleros, condenan al pa\u00eds al r\u00e1pido agotamiento de nuestras reservas y pone en riesgo al autosuficiencia petrolera. A la par del aumento\u2026","rel":"","context":"En \u00abJuventud Patri\u00f3tica\u00bb","block_context":{"text":"Juventud Patri\u00f3tica","link":"https:\/\/moir.com.co\/web\/category\/juventud-patriotica\/"},"img":{"alt_text":"","src":"","width":0,"height":0},"classes":[]},{"id":4896,"url":"https:\/\/moir.com.co\/web\/la-participacion-estatal-en-la-renta-petrolera\/","url_meta":{"origin":13591,"position":3},"title":"La participaci\u00f3n estatal en la renta petrolera","author":"admin","date":"octubre 13, 2010","format":false,"excerpt":"I En cualquier pa\u00eds se conoce como renta petrolera la suma de: las compensaciones (contraprestaci\u00f3n econ\u00f3mica pactada con la compa\u00f1\u00eda encargada de la exploraci\u00f3n y depende del \u00e1rea asignada), las regal\u00edas (contraprestaci\u00f3n econ\u00f3mica que se recibe durante la explotaci\u00f3n y depende del volumen producido y del precio de venta despu\u00e9s\u2026","rel":"","context":"En \u00abRevista de Prensa\u00bb","block_context":{"text":"Revista de Prensa","link":"https:\/\/moir.com.co\/web\/category\/prensa\/revista-de-prensa\/"},"img":{"alt_text":"","src":"","width":0,"height":0},"classes":[]},{"id":199,"url":"https:\/\/moir.com.co\/web\/petroleo-talon-de-aquiles-de-la-globalizacion\/","url_meta":{"origin":13591,"position":4},"title":"PETR\u00d3LEO: \u00bfTAL\u00d3N DE AQUILES DE LA GLOBALIZACI\u00d3N?","author":"admin","date":"agosto 7, 2004","format":false,"excerpt":"Al\u00ed Rodr\u00edguez, presidente de PDVSA (Petr\u00f3leos Venezolanos), siendo Secretario General de OPEP, en el marco de 112 Conferencia de Ministros, realizada en noviembre de 2000, al determinar las causas primeras de los altos precios del petr\u00f3leo, ocurridos desde 1.999, no incluy\u00f3 la insuficiencia en la oferta de crudo por parte\u2026","rel":"","context":"En \u00abTemas\u00bb","block_context":{"text":"Temas","link":"https:\/\/moir.com.co\/web\/category\/temas\/"},"img":{"alt_text":"","src":"","width":0,"height":0},"classes":[]},{"id":507,"url":"https:\/\/moir.com.co\/web\/la-defensa-de-ecopetrol-un-deber-nacional\/","url_meta":{"origin":13591,"position":5},"title":"LA DEFENSA DE ECOPETROL, UN DEBER NACIONAL","author":"admin","date":"agosto 9, 2004","format":false,"excerpt":"El conflicto que se desarrolla en ECOPETROL, tiene que ver con el futuro de la Empresa, la cual significa que los colombianos (as) que hicieron posible su creaci\u00f3n hoy tengan que intervenir para evitar su liquidaci\u00f3n. El documento que presentamos contiene los fundamentos esenciales para promover el Frente Patri\u00f3tico por\u2026","rel":"","context":"En \u00abPronunciamientos de Organizaciones Sociales\u00bb","block_context":{"text":"Pronunciamientos de Organizaciones Sociales","link":"https:\/\/moir.com.co\/web\/category\/pronunciamientos-de-organizaciones-sociales\/"},"img":{"alt_text":"","src":"","width":0,"height":0},"classes":[]}],"jetpack_sharing_enabled":true,"_links":{"self":[{"href":"https:\/\/moir.com.co\/web\/wp-json\/wp\/v2\/posts\/13591","targetHints":{"allow":["GET"]}}],"collection":[{"href":"https:\/\/moir.com.co\/web\/wp-json\/wp\/v2\/posts"}],"about":[{"href":"https:\/\/moir.com.co\/web\/wp-json\/wp\/v2\/types\/post"}],"author":[{"embeddable":true,"href":"https:\/\/moir.com.co\/web\/wp-json\/wp\/v2\/users\/1"}],"replies":[{"embeddable":true,"href":"https:\/\/moir.com.co\/web\/wp-json\/wp\/v2\/comments?post=13591"}],"version-history":[{"count":1,"href":"https:\/\/moir.com.co\/web\/wp-json\/wp\/v2\/posts\/13591\/revisions"}],"predecessor-version":[{"id":13593,"href":"https:\/\/moir.com.co\/web\/wp-json\/wp\/v2\/posts\/13591\/revisions\/13593"}],"wp:featuredmedia":[{"embeddable":true,"href":"https:\/\/moir.com.co\/web\/wp-json\/wp\/v2\/media\/13592"}],"wp:attachment":[{"href":"https:\/\/moir.com.co\/web\/wp-json\/wp\/v2\/media?parent=13591"}],"wp:term":[{"taxonomy":"category","embeddable":true,"href":"https:\/\/moir.com.co\/web\/wp-json\/wp\/v2\/categories?post=13591"},{"taxonomy":"post_tag","embeddable":true,"href":"https:\/\/moir.com.co\/web\/wp-json\/wp\/v2\/tags?post=13591"}],"curies":[{"name":"wp","href":"https:\/\/api.w.org\/{rel}","templated":true}]}}