{"id":13581,"date":"2017-10-23T15:52:57","date_gmt":"2017-10-23T15:52:57","guid":{"rendered":"https:\/\/moir.org.co\/web\/?p=13581"},"modified":"2017-10-23T15:52:57","modified_gmt":"2017-10-23T15:52:57","slug":"el-fiscal-y-el-cartel-de-la-corrupcion","status":"publish","type":"post","link":"https:\/\/moir.com.co\/web\/el-fiscal-y-el-cartel-de-la-corrupcion\/","title":{"rendered":"El fiscal y el cartel de la corrupci\u00f3n"},"content":{"rendered":"<p><strong>Andr\u00e9s Pach\u00f3n, Bogot\u00e1, octubre 21 de 2017<\/strong><\/p>\n<p>El pa\u00eds est\u00e1 siendo azotado por los m\u00e1s graves esc\u00e1ndalos de corrupci\u00f3n de toda su historia: Odebrecht, el Cartel de la Toga, los\u00a0<em>Panama Pappers<\/em>, entre otros. Estos casos han develado la corrupci\u00f3n sist\u00e9mica que lo carcome de ra\u00edz y solo se han podido conocer por las revelaciones que ha hecho los Estados Unidos. Los procesos guardan conexiones y similitudes, pero quiz\u00e1 lo que m\u00e1s llame la atenci\u00f3n es la presencia continua de un\u00a0personaje.<\/p>\n<p>Y no se trata de Otto Bula, ni del \u00d1o\u00f1o El\u00edas. Hay un nombre que aparece m\u00e1s veces que el de todos ellos: N\u00e9stor Humberto Mart\u00ednez Neira. Y no por ser el Fiscal General, sino por el papel que desempe\u00f1\u00f3 antes de ocupar tan poderoso\u00a0cargo.<\/p>\n<p>As\u00ed lo dej\u00f3 en evidencia el hist\u00f3rico debate de control pol\u00edtico que los Senadores Jorge Robledo y Claudia L\u00f3pez realizaron en el Congreso, veamos.<\/p>\n<p><iframe class=\"youtube-iframe\" src=\"https:\/\/www.youtube.com\/embed\/WfD0pg7ddwM?feature=oembed\" width=\"500\" height=\"375\" frameborder=\"0\" allowfullscreen=\"allowfullscreen\" data-mce-fragment=\"1\"><\/iframe><\/p>\n<ul>\n<li><strong>Financiaci\u00f3n de campa\u00f1as:<\/strong><\/li>\n<\/ul>\n<p>Uno de los cap\u00edtulos m\u00e1s graves del esc\u00e1ndalo de Odebrecht es el relacionado con los r\u00edos de plata que entreg\u00f3 la firma brasile\u00f1a a las campa\u00f1as presidenciales de Santos \u2013 Vargas y Zuluaga \u2013 Holmes. Verdaderos sobornos prepago para tener un gobierno de bolsillo que les garantizara multimillonarios contratos.<\/p>\n<p>Por versiones conocidas en los medios de comunicaci\u00f3n, uno de los grandes\u00a0protagonistas\u00a0de la financiaci\u00f3n para la\u00a0<strong>Campa\u00f1a Santos\u00a0Presidente<\/strong>\u00a0fue el mism\u00edsimo N\u00e9stor Humberto Mart\u00ednez. Quien se despleg\u00f3 a fondo entre sus cacaos\u00a0amigos\u00a0para aceitar la maquinaria para la segunda vuelta, al punto que cuando gan\u00f3 la f\u00f3rmula Santos-Vargas, su recompensa fue el computador de palacio y el Ministerio de la Presidencia, que solo existi\u00f3 mientras \u00e9l estuvo.<\/p>\n<p>Por su parte, versiones de prensa aseguran que Germ\u00e1n Vargas Lleras se encarg\u00f3 de prender la maquinaria del Caribe y de los \u00d1o\u00f1os\u00a0que fue donde m\u00e1s corrieron los dineros il\u00edcitos. \u00bfEl Fiscal Mart\u00ednez estar\u00e1 dispuesto a investigarse a s\u00ed mismo y a Vargas, quien es su aliado y amigo? \u00bfCompulsar\u00e1 copias a la Comisi\u00f3n de Acusaciones? \u00bfDejar\u00e1 que esto quede en la absoluta impunidad?<\/p>\n<ul>\n<li><strong>Oca\u00f1a-Gamarra:<\/strong><\/li>\n<\/ul>\n<p>El pa\u00eds conoci\u00f3 que Odebrecht pag\u00f3 sobornos de 4.5 millones de d\u00f3lares a Otto Bula para que se le asignara a dedo esta v\u00eda, que cost\u00f3 cuantiosos 1.2 billones de pesos. La Fiscal\u00eda revel\u00f3 que fue mucho m\u00e1s dinero. Lo que el fiscal no dijo es que antes de su llegada al ente acusador, \u00e9l mismo fue abogado de Odebrecht y emiti\u00f3 un concepto indicando la ruta jur\u00eddica para que Oca\u00f1a-Gamarra no fuera entregada por\u00a0<strong>licitaci\u00f3n p\u00fablica.\u00a0<\/strong><\/p>\n<p>De no ser por las valientes denuncias del Senador<a href=\"https:\/\/jorgerobledo.com\/fiscal-martinez-mintio-para-ocultar-que-asesoro-a-la-concesionaria-ruta-del-sol-sas-odebrecht-grupo-aval-en-el-cuestionado-negocio-de-la-via-gamarra-ocana\/\" target=\"_blank\" rel=\"noopener\">\u00a0Robledo<\/a>, el pa\u00eds jam\u00e1s habr\u00eda conocido el concepto que dio Mart\u00ednez sobre esa adici\u00f3n ilegal. Y el il\u00edcito no qued\u00f3 ah\u00ed. Mart\u00ednez Neira y las exministras Cecilia \u00c1lvarez y Gina Parody aprobaron el CONPES 3817, que hizo viable el mega negocio. A ellas las investiga la Fiscal\u00eda, \u00e9l por su parte, es el jefe del ente investigador.<\/p>\n<ul>\n<li><strong>Contrato de Estabilidad Jur\u00eddica:<\/strong><\/li>\n<\/ul>\n<p>Recientemente se conoci\u00f3 que Odebrecht pag\u00f3 miles de millones para que se le aprobara un\u00a0<a href=\"http:\/\/www.elnuevosiglo.com.co\/articulos\/10-2017-odebrecht-pago-4-000-millones-por-estabilidad-juridica\" target=\"_blank\" rel=\"noopener\">contrato de Estabilidad Jur\u00eddica a la Ruta del Sol<\/a>. Buscaba as\u00ed evitar que el Estado le subiera los impuestos y tambi\u00e9n protegerse de cualquier cambio legal que afectara sus intereses.<\/p>\n<p>Como ese tipo de beneficios no era aplicable a las concesiones viales, ya que todos los riesgos se asignan al concesionario, Odebrecht pag\u00f3 4.000 millones para \u201csuperar esa barrera\u201d. Lo curioso es que el abogado de Odebrecht para obtener esa protecci\u00f3n fue N\u00e9stor Humberto Mart\u00ednez, quien recibi\u00f3 una millonaria prima de \u00e9xito por la obtenci\u00f3n del contrato y de tan rentables privilegios.<\/p>\n<ul>\n<li><strong>El Cartel de la Toga:<\/strong><\/li>\n<\/ul>\n<p>Este tenebroso Cartel se descubri\u00f3 cuando la DEA cogi\u00f3\u00a0<em>in fraganti\u00a0<\/em>al Fiscal Anticorrupci\u00f3n Corrupto Gustavo Moreno, \u00bfQui\u00e9n lo nombr\u00f3 en tan estrat\u00e9gico cargo? N\u00e9stor Humberto Mart\u00ednez. Luego se supo que el Fiscal Corrupto no solo era de Cambio Radical, el mismo partido del Fiscal General, sino que era cuota de Leonidas Bustos, quien ser\u00eda el cerebro del Cartel y quien fuera adem\u00e1s el aliado indispensable de Mart\u00ednez Neira en su carrera por la Fiscal\u00eda.<\/p>\n<p>Con los votos del combo de Bustos en el bolsillo, Mart\u00ednez se encarg\u00f3 de hacer valer su poder y el de sus padrinos y, de la mano de su aliado togado, hizo lo imposible: lograr en un santiam\u00e9n el nombramiento de las siete vacantes de la Corte.<\/p>\n<p>Lo que no pudo resolver la Corte en dos a\u00f1os, lo resolvi\u00f3 Mart\u00ednez en \u00a1un d\u00eda! Seg\u00fan Noticias UNO, Mart\u00ednez retribuy\u00f3 a Bustos con cuotas en el ente acusador. A sabiendas o por ingenuidad, Mart\u00ednez pudo haber ayudado a fortalecer el Cartel de la Toga. Eso tendr\u00e1 que establecerlo la Fiscal\u00eda, cuyo jefe es el propio Mart\u00ednez.<\/p>\n<p><iframe class=\"youtube-iframe\" src=\"https:\/\/www.youtube.com\/embed\/GCZ_eJ58QmI?feature=oembed\" width=\"500\" height=\"281\" frameborder=\"0\" allowfullscreen=\"allowfullscreen\" data-mce-fragment=\"1\"><\/iframe><\/p>\n<p>En un pa\u00eds serio y con una sociedad civil fuerte, un Fiscal General tan implicado en los casos que investiga ya tendr\u00eda que haber renunciado. Incluso, hasta en los Estados Unidos de Trump, el Fiscal General Jeff Sessions tuvo que apartarse de las investigaciones contra el primer mandatario y su c\u00fapula por el denominado\u00a0<em>Rusia Gate<\/em>, por el solo hecho de haberse reunido con el embajador ruso en<a href=\"https:\/\/laopinion.com\/2017\/05\/24\/el-fiscal-general-mintio-nuevamente-sobre-sus-relaciones-con-rusia\/\" target=\"_blank\" rel=\"noopener\">\u00a0campa\u00f1a<\/a>, lo que condujo a nombrar un Fiscal Adjunto que adelantara de manera imparcial las investigaciones.<\/p>\n<p>\u00bfQu\u00e9 garant\u00eda de justicia y de verdad hay con un Fiscal implicado hasta el tu\u00e9tano en los esc\u00e1ndalos de corrupci\u00f3n? No la hay. Lo que por el contrario se prev\u00e9 es la absoluta impunidad de los de arriba. Por lo tanto, la \u00fanica forma de que caigan los m\u00e1ximos responsables de estos esc\u00e1ndalos, que son los verdaderos due\u00f1os del poder, la \u00fanica manera de que caigan los Santos, los Vargas, los Sarmiento Angulo, es que primero caiga el Fiscal.<\/p>\n<p>Por eso, yo me uno al llamado de L\u00f3pez y Robledo: \u00a1Colombianos derrotemos el pacto de corrupci\u00f3n e impunidad que nos gobierna!<\/p>\n<p>@AndresPachonTor<\/p>\n","protected":false},"excerpt":{"rendered":"<p>Andr\u00e9s Pach\u00f3n, Bogot\u00e1, octubre 21 de 2017 El pa\u00eds est\u00e1 siendo azotado por los m\u00e1s graves esc\u00e1ndalos de corrupci\u00f3n de toda su historia: Odebrecht, el Cartel de la Toga, los\u00a0Panama Pappers, entre otros. Estos casos han develado la corrupci\u00f3n sist\u00e9mica que lo carcome de ra\u00edz y solo se han podido conocer por las revelaciones que [&hellip;]<\/p>\n","protected":false},"author":1,"featured_media":13582,"comment_status":"open","ping_status":"open","sticky":false,"template":"","format":"standard","meta":{"advanced_seo_description":"","jetpack_seo_html_title":"","jetpack_seo_noindex":false,"_jetpack_memberships_contains_paid_content":false,"footnotes":""},"categories":[102,97,98],"tags":[],"class_list":["post-13581","post","type-post","status-publish","format-standard","has-post-thumbnail","hentry","category-economia","category-imperialismo-y-neoliberalismo","category-politica"],"jetpack_featured_media_url":"https:\/\/i0.wp.com\/moir.com.co\/web\/wp-content\/uploads\/2017\/10\/corrupciondebate2017.jpg?fit=1200%2C712&ssl=1","jetpack-related-posts":[{"id":13575,"url":"https:\/\/moir.com.co\/web\/fue-un-debate-de-control-politico-sobre-la-descomunal-corrupcion-que-hay-en-colombia\/","url_meta":{"origin":13581,"position":0},"title":"&#8220;Fue un debate de control pol\u00edtico sobre la descomunal corrupci\u00f3n que hay en Colombia&#8221;","author":"admin","date":"octubre 22, 2017","format":false,"excerpt":"Colprensa, El Pa\u00eds, Cali, octubre 22 de 2017 \u00bfFue un debate de control pol\u00edtico o un debate para hacer pol\u00edtica? \u200b Fue un debate de control pol\u00edtico, as\u00ed se llama legalmente y estos debates son as\u00ed. Es poco serio que dirigentes pol\u00edticos acusen a otros de hacer pol\u00edtica, eso no\u2026","rel":"","context":"En \u00abEconom\u00eda\u00bb","block_context":{"text":"Econom\u00eda","link":"https:\/\/moir.com.co\/web\/category\/temas\/economia\/"},"img":{"alt_text":"","src":"https:\/\/i0.wp.com\/moir.com.co\/web\/wp-content\/uploads\/2017\/10\/robledocolprensa2017.jpeg?fit=565%2C405&ssl=1&resize=350%2C200","width":350,"height":200,"srcset":"https:\/\/i0.wp.com\/moir.com.co\/web\/wp-content\/uploads\/2017\/10\/robledocolprensa2017.jpeg?fit=565%2C405&ssl=1&resize=350%2C200 1x, https:\/\/i0.wp.com\/moir.com.co\/web\/wp-content\/uploads\/2017\/10\/robledocolprensa2017.jpeg?fit=565%2C405&ssl=1&resize=525%2C300 1.5x"},"classes":[]},{"id":13427,"url":"https:\/\/moir.com.co\/web\/gran-debate-la-corrupcion-en-el-poder-martes-3-de-octubre-5-pm-por-tv\/","url_meta":{"origin":13581,"position":1},"title":"Gran debate La corrupci\u00f3n en el poder \u2013 MARTES 3 DE OCTUBRE, 5 PM POR TV","author":"admin","date":"octubre 3, 2017","format":false,"excerpt":"Oficina de prensa del senador Jorge Enrique Robledo, Bogot\u00e1, octubre 2 de 2017 Los casos de Odebrecht, fiscal anticorrupci\u00f3n corrupto y los sobornos desde la Corte Suprema de Justicia en debate citado por el senador Jorge Enrique Robledo y la senadora Claudia L\u00f3pez el martes 3 de octubre desde las\u2026","rel":"","context":"En \u00abImperialismo y Neoliberalismo\u00bb","block_context":{"text":"Imperialismo y Neoliberalismo","link":"https:\/\/moir.com.co\/web\/category\/temas\/imperialismo-y-neoliberalismo\/"},"img":{"alt_text":"","src":"https:\/\/i0.wp.com\/moir.com.co\/web\/wp-content\/uploads\/2017\/08\/robledoaftosa.jpg?fit=768%2C403&ssl=1&resize=350%2C200","width":350,"height":200,"srcset":"https:\/\/i0.wp.com\/moir.com.co\/web\/wp-content\/uploads\/2017\/08\/robledoaftosa.jpg?fit=768%2C403&ssl=1&resize=350%2C200 1x, https:\/\/i0.wp.com\/moir.com.co\/web\/wp-content\/uploads\/2017\/08\/robledoaftosa.jpg?fit=768%2C403&ssl=1&resize=525%2C300 1.5x, https:\/\/i0.wp.com\/moir.com.co\/web\/wp-content\/uploads\/2017\/08\/robledoaftosa.jpg?fit=768%2C403&ssl=1&resize=700%2C400 2x"},"classes":[]},{"id":13549,"url":"https:\/\/moir.com.co\/web\/colombianos-en-nuestras-manos-esta-derrotar-el-pacto-de-impunidad-y-corrupcion-en-el-poder-robledo\/","url_meta":{"origin":13581,"position":2},"title":"\u201cColombianos, en nuestras manos est\u00e1 derrotar el pacto de impunidad y corrupci\u00f3n en el poder\u201d: Robledo","author":"admin","date":"octubre 18, 2017","format":false,"excerpt":"Oficina de prensa del senador Jorge Enrique Robledo, Bogot\u00e1, octubre 17 de 2017 Bolet\u00edn de prensa Se acudir\u00e1 a la justicia internacional para garantizar que casos Odebrecht y Cartel de la Toga no queden en la impunidad. Procesos en los que influy\u00f3 Le\u00f3nidas Bustos se deben reabrir, incluido el de\u2026","rel":"","context":"En \u00abEconom\u00eda\u00bb","block_context":{"text":"Econom\u00eda","link":"https:\/\/moir.com.co\/web\/category\/temas\/economia\/"},"img":{"alt_text":"","src":"https:\/\/i0.wp.com\/moir.com.co\/web\/wp-content\/uploads\/2017\/10\/robledocorrupcion2017.png?fit=672%2C520&ssl=1&resize=350%2C200","width":350,"height":200,"srcset":"https:\/\/i0.wp.com\/moir.com.co\/web\/wp-content\/uploads\/2017\/10\/robledocorrupcion2017.png?fit=672%2C520&ssl=1&resize=350%2C200 1x, https:\/\/i0.wp.com\/moir.com.co\/web\/wp-content\/uploads\/2017\/10\/robledocorrupcion2017.png?fit=672%2C520&ssl=1&resize=525%2C300 1.5x"},"classes":[]},{"id":16459,"url":"https:\/\/moir.com.co\/web\/estatuto-de-la-oposicion-se-estrena-con-debate-a-la-corrupcion-de-odebrecht-aval-fiscal-martinez\/","url_meta":{"origin":13581,"position":3},"title":"Estatuto de la Oposici\u00f3n se estrena con debate a la corrupci\u00f3n de Odebrecht-Aval-Fiscal Mart\u00ednez","author":"admin","date":"noviembre 21, 2018","format":false,"excerpt":"Oficina de prensa del senador Jorge Enrique Robledo, Bogot\u00e1, noviembre 20 de 2018 Las bancadas de oposici\u00f3n citaron a la ministra del Interior, e invitaron al Fiscal General de la Naci\u00f3n, a debate de control pol\u00edtico por los nuevos hechos aportados por el fallecido Jorge Enrique Pizano en el caso\u2026","rel":"","context":"En \u00abEconom\u00eda\u00bb","block_context":{"text":"Econom\u00eda","link":"https:\/\/moir.com.co\/web\/category\/temas\/economia\/"},"img":{"alt_text":"","src":"https:\/\/i0.wp.com\/moir.com.co\/web\/wp-content\/uploads\/2018\/11\/avalodebrectfiscalrobledo.jpg?fit=768%2C576&ssl=1&resize=350%2C200","width":350,"height":200,"srcset":"https:\/\/i0.wp.com\/moir.com.co\/web\/wp-content\/uploads\/2018\/11\/avalodebrectfiscalrobledo.jpg?fit=768%2C576&ssl=1&resize=350%2C200 1x, https:\/\/i0.wp.com\/moir.com.co\/web\/wp-content\/uploads\/2018\/11\/avalodebrectfiscalrobledo.jpg?fit=768%2C576&ssl=1&resize=525%2C300 1.5x, https:\/\/i0.wp.com\/moir.com.co\/web\/wp-content\/uploads\/2018\/11\/avalodebrectfiscalrobledo.jpg?fit=768%2C576&ssl=1&resize=700%2C400 2x"},"classes":[]},{"id":19320,"url":"https:\/\/moir.com.co\/web\/no-son-empresarios-son-hampones\/","url_meta":{"origin":13581,"position":4},"title":"No son empresarios, son hampones","author":"admin","date":"octubre 9, 2021","format":false,"excerpt":"Jos\u00e9 Arlex Arias, Cartagena, octubre 4 de 2021 Uno de los graves problemas que han conducido a Colombia a la crisis econ\u00f3mica y social que hoy viven sus habitantes es el escaso desarrollo productivo que no permite la creaci\u00f3n de riqueza, la acumulaci\u00f3n de capital nacional y fuentes de generaci\u00f3n\u2026","rel":"","context":"En \u00abCorrupci\u00f3n\u00bb","block_context":{"text":"Corrupci\u00f3n","link":"https:\/\/moir.com.co\/web\/category\/temas\/corrupcion\/"},"img":{"alt_text":"","src":"https:\/\/i0.wp.com\/moir.com.co\/web\/wp-content\/uploads\/2021\/10\/CorrupcionyNeoliberalismo.jpg?fit=852%2C567&ssl=1&resize=350%2C200","width":350,"height":200,"srcset":"https:\/\/i0.wp.com\/moir.com.co\/web\/wp-content\/uploads\/2021\/10\/CorrupcionyNeoliberalismo.jpg?fit=852%2C567&ssl=1&resize=350%2C200 1x, https:\/\/i0.wp.com\/moir.com.co\/web\/wp-content\/uploads\/2021\/10\/CorrupcionyNeoliberalismo.jpg?fit=852%2C567&ssl=1&resize=525%2C300 1.5x, https:\/\/i0.wp.com\/moir.com.co\/web\/wp-content\/uploads\/2021\/10\/CorrupcionyNeoliberalismo.jpg?fit=852%2C567&ssl=1&resize=700%2C400 2x"},"classes":[]},{"id":17020,"url":"https:\/\/moir.com.co\/web\/el-senador-robledo-le-exige-a-duque-santos-uribe-pastrana-gaviria-y-vargas-no-sostener-mas-en-el-cargo-al-fiscal-martinez\/","url_meta":{"origin":13581,"position":5},"title":"El Senador Robledo le exige a Duque, Santos, Uribe, Pastrana, Gaviria y Vargas no sostener m\u00e1s en el cargo al Fiscal Mart\u00ednez","author":"admin","date":"febrero 27, 2019","format":false,"excerpt":"Oficina de prensa del senador Jorge Enrique Robledo, Bogot\u00e1, febrero 27 de 2019 En Carta abierta, el senador Jorge Enrique Robledo llama a Iv\u00e1n Duque, Juan Manuel Santos, \u00c1lvaro Uribe, Andr\u00e9s Pastrana, C\u00e9sar Gaviria y Germ\u00e1n Vargas a no sostener m\u00e1s en el cargo a N\u00e9stor Humberto Mart\u00ednez, porque los\u2026","rel":"","context":"En \u00abEconom\u00eda\u00bb","block_context":{"text":"Econom\u00eda","link":"https:\/\/moir.com.co\/web\/category\/temas\/economia\/"},"img":{"alt_text":"","src":"https:\/\/i0.wp.com\/moir.com.co\/web\/wp-content\/uploads\/2018\/11\/fiscalcorruptorobledo.jpeg?fit=1034%2C529&ssl=1&resize=350%2C200","width":350,"height":200,"srcset":"https:\/\/i0.wp.com\/moir.com.co\/web\/wp-content\/uploads\/2018\/11\/fiscalcorruptorobledo.jpeg?fit=1034%2C529&ssl=1&resize=350%2C200 1x, https:\/\/i0.wp.com\/moir.com.co\/web\/wp-content\/uploads\/2018\/11\/fiscalcorruptorobledo.jpeg?fit=1034%2C529&ssl=1&resize=525%2C300 1.5x, https:\/\/i0.wp.com\/moir.com.co\/web\/wp-content\/uploads\/2018\/11\/fiscalcorruptorobledo.jpeg?fit=1034%2C529&ssl=1&resize=700%2C400 2x"},"classes":[]}],"jetpack_sharing_enabled":true,"_links":{"self":[{"href":"https:\/\/moir.com.co\/web\/wp-json\/wp\/v2\/posts\/13581","targetHints":{"allow":["GET"]}}],"collection":[{"href":"https:\/\/moir.com.co\/web\/wp-json\/wp\/v2\/posts"}],"about":[{"href":"https:\/\/moir.com.co\/web\/wp-json\/wp\/v2\/types\/post"}],"author":[{"embeddable":true,"href":"https:\/\/moir.com.co\/web\/wp-json\/wp\/v2\/users\/1"}],"replies":[{"embeddable":true,"href":"https:\/\/moir.com.co\/web\/wp-json\/wp\/v2\/comments?post=13581"}],"version-history":[{"count":1,"href":"https:\/\/moir.com.co\/web\/wp-json\/wp\/v2\/posts\/13581\/revisions"}],"predecessor-version":[{"id":13583,"href":"https:\/\/moir.com.co\/web\/wp-json\/wp\/v2\/posts\/13581\/revisions\/13583"}],"wp:featuredmedia":[{"embeddable":true,"href":"https:\/\/moir.com.co\/web\/wp-json\/wp\/v2\/media\/13582"}],"wp:attachment":[{"href":"https:\/\/moir.com.co\/web\/wp-json\/wp\/v2\/media?parent=13581"}],"wp:term":[{"taxonomy":"category","embeddable":true,"href":"https:\/\/moir.com.co\/web\/wp-json\/wp\/v2\/categories?post=13581"},{"taxonomy":"post_tag","embeddable":true,"href":"https:\/\/moir.com.co\/web\/wp-json\/wp\/v2\/tags?post=13581"}],"curies":[{"name":"wp","href":"https:\/\/api.w.org\/{rel}","templated":true}]}}