{"id":13575,"date":"2017-10-22T16:53:49","date_gmt":"2017-10-22T16:53:49","guid":{"rendered":"https:\/\/moir.org.co\/web\/?p=13575"},"modified":"2017-10-22T16:53:49","modified_gmt":"2017-10-22T16:53:49","slug":"fue-un-debate-de-control-politico-sobre-la-descomunal-corrupcion-que-hay-en-colombia","status":"publish","type":"post","link":"https:\/\/moir.com.co\/web\/fue-un-debate-de-control-politico-sobre-la-descomunal-corrupcion-que-hay-en-colombia\/","title":{"rendered":"&#8220;Fue un debate de control pol\u00edtico sobre la descomunal corrupci\u00f3n que hay en Colombia&#8221;"},"content":{"rendered":"<p><strong>Colprensa, El Pa\u00eds, Cali, octubre 22 de 2017<\/strong><\/p>\n<p id=\"pnull-m274-6-275\" class=\"epigraph paragraph \"><b>\u00bfFue un debate de control pol\u00edtico o un debate para hacer pol\u00edtica?<br \/>\n\u200b<\/b><br \/>\nFue un debate de control pol\u00edtico, as\u00ed se llama legalmente y estos debates son as\u00ed. Es poco serio que dirigentes pol\u00edticos acusen a otros de hacer pol\u00edtica, eso no es respetuoso con la ciudadan\u00eda. Fue un debate de control pol\u00edtico sobre la descomunal corrupci\u00f3n que hay en Colombia y, lamentablemente, los implicados en vez de darle la cara al pa\u00eds han salido a maniobrar para confundir a la gente, haciendo afirmaciones que no vienen al caso y no tienen nada que ver.<\/p>\n<p id=\"pnull-m344-13-345\" class=\"epigraph paragraph \"><b>\u00bfPor qu\u00e9 las acusaciones contra el Fiscal General sobre el \u2018Cartel de la toga\u2019?<br \/>\n\u200b<\/b><br \/>\nEs evidente que el doctor Mart\u00ednez Neira, esto es \u2018voz populi\u2019, llega a la Fiscal\u00eda por la campa\u00f1a electoral que dentro de la Corte Suprema le hace el se\u00f1or Leonidas Bustos. Eso est\u00e1 perfectamente establecido.<br \/>\nAdem\u00e1s, nombra de Fiscal Anticorrupci\u00f3n a Gustavo Moreno, quien tiene v\u00ednculos con el cartel de la toga y \u00e9l no ha querido explicar, o no ha podido explicar, el porqu\u00e9 de esas relaciones con Bustos y Moreno.<br \/>\nEso deben establecerlo los jueces y no caben sino dos posibilidades: o nombra a Moreno porque es un irresponsable, un negligente y un incapaz; o porque tiene v\u00ednculos con el cartel de la toga. Aqu\u00ed no se puede decir que porque es el doctor Mart\u00ednez Neira, entonces \u00e9l no es sujeto de investigaci\u00f3n.<\/p>\n<p id=\"pnull-m352-14-353\" class=\"epigraph paragraph \"><b>\u00bfTiene fundamento llevar este debate a la Comisi\u00f3n Interamericana de Derechos Humanos?<br \/>\n\u200b<\/b><br \/>\nEl Fiscal es quien tiene la primera posibilidad de investigar el esc\u00e1ndalo de Odebrecht y todo el esc\u00e1ndalo de Moreno y Bustos, y resulta que \u00e9l no es garant\u00eda ni de imparcialidad ni de neutralidad, porque toda su carrera y su fortuna la ha hecho con el Grupo Aval, es contratista de Odebrecht, fue nombrado en la Fiscal\u00eda por gesti\u00f3n de Bustos y nombr\u00f3 al fiscal anticorrupci\u00f3n y es un cuadro de Cambio Radical y un recaudador de fondos de la campa\u00f1a de Santos.<br \/>\n<b><br \/>\nHay que investigar c\u00f3mo lleg\u00f3 la plata a esa campa\u00f1a. \u00c9l no es garant\u00eda de imparcialidad para ninguna de esas investigaciones. Lo sostienen porque hay un pacto de impunidad que est\u00e1 refrendado y lo vimos clar\u00edsimo en el debate, que se sostiene entre la Unidad Nacional, Cambio Radical y el Centro Democr\u00e1tico, vamos a buscar la justicia que no hemos obtenido en Colombia en los tribunales internacionales.<\/b><\/p>\n<p id=\"pnull-m360-15-361\" class=\"epigraph paragraph \"><b>\u00bfEst\u00e1 el \u2018Cartel de la toga\u2019 ligado a la candidatura de Vargas Lleras?<br \/>\n\u200b<\/b><br \/>\nHay un hecho y es que a Germ\u00e1n Vargas lo absuelve Bustos y lo que estamos pidiendo es que se reabra la investigaci\u00f3n. La decisi\u00f3n fue semejante a otras absoluciones, entonces si se deben reabrir las otras absoluciones hay que abrir la de Vargas o \u00bfes que \u00e9l no es un ciudadano com\u00fan y corriente?<\/p>\n<p>Hay otra cosa, la magistrada auxiliar de Bustos es do\u00f1a M\u00e1bel Parra, que est\u00e1 siendo investigada por la Corte Suprema de Justicia y fue esposa de \u2018Yayo\u2019, que es quien lleva a Moreno a ser nombrado por N\u00e9stor Humberto Mart\u00ednez. Todo eso hay que aclararlo y son las realidades que est\u00e1n all\u00ed como hechos.<\/p>\n<p id=\"pnull-m288-8-289\" class=\"epigraph paragraph \"><b>\u00bfEs leg\u00edtima la denuncia de que Mart\u00edn Llanos influy\u00f3 en la campa\u00f1a de Vargas Lleras?<br \/>\n\u200b<\/b><br \/>\nLo que tenemos es que gente cercana a Mart\u00edn Llanos hizo denuncias, se\u00f1alando que hab\u00eda una relaci\u00f3n entre el paramilitarismo y la campa\u00f1a electoral de Germ\u00e1n Vargas Lleras en 2012. Por esa raz\u00f3n le abrieron a Vargas investigaci\u00f3n en la Corte Suprema de Justicia y en once meses, en la decisi\u00f3n m\u00e1s r\u00e1pida de la historia de la Corte, Bustos, que ten\u00eda como auxiliar a M\u00e1bel Parra, lo absolvi\u00f3 de todo cargo.<br \/>\n<b><br \/>\nEse es un caso evidentemente sospechoso, por lo que sabemos que ha sucedido. Entonces \u00bfpor qu\u00e9 son sospechosos los casos de los otros congresistas absueltos y no se puede pensar que en el caso de Vargas Lleras pueda haber sucedido algo semejante? Lo que pedimos es que las cosas se aclaren o \u00bfes que \u00e9l tiene corona? Ser\u00e1n los jueces los que digan si la decisi\u00f3n fue ajustada a derecho o no.<\/b><\/p>\n","protected":false},"excerpt":{"rendered":"<p>Colprensa, El Pa\u00eds, Cali, octubre 22 de 2017 \u00bfFue un debate de control pol\u00edtico o un debate para hacer pol\u00edtica? \u200b Fue un debate de control pol\u00edtico, as\u00ed se llama legalmente y estos debates son as\u00ed. Es poco serio que dirigentes pol\u00edticos acusen a otros de hacer pol\u00edtica, eso no es respetuoso con la ciudadan\u00eda. [&hellip;]<\/p>\n","protected":false},"author":1,"featured_media":13576,"comment_status":"open","ping_status":"open","sticky":false,"template":"","format":"standard","meta":{"advanced_seo_description":"","jetpack_seo_html_title":"","jetpack_seo_noindex":false,"_jetpack_memberships_contains_paid_content":false,"footnotes":""},"categories":[102,97,4,98],"tags":[],"class_list":["post-13575","post","type-post","status-publish","format-standard","has-post-thumbnail","hentry","category-economia","category-imperialismo-y-neoliberalismo","category-jorge-enrique-robledo","category-politica"],"jetpack_featured_media_url":"https:\/\/i0.wp.com\/moir.com.co\/web\/wp-content\/uploads\/2017\/10\/robledocolprensa2017.jpeg?fit=565%2C405&ssl=1","jetpack-related-posts":[{"id":15639,"url":"https:\/\/moir.com.co\/web\/robledo-cita-primer-debate-de-control-politico-en-la-era-duque-sobre-abusos-y-corrupcion-de-electricaribe\/","url_meta":{"origin":13575,"position":0},"title":"Robledo cita primer debate de control pol\u00edtico en la era Duque sobre abusos y corrupci\u00f3n de Electricaribe","author":"admin","date":"agosto 15, 2018","format":false,"excerpt":"Oficina de prensa del senador Jorge Enrique Robledo, Bogot\u00e1, agosto 14 de 2018 P\u00e9simo servicio, tarifas abusivas, corrupci\u00f3n y demandas internacionales se debatir\u00e1n en la Comisi\u00f3n Quinta del Senado. MinMinas Mar\u00eda Fernanda Su\u00e1rez citada. 10:00 am. El senador Jorge Enrique Robledo realizar\u00e1 este mi\u00e9rcoles 15 de agosto el primer debate\u2026","rel":"","context":"En \u00abEconom\u00eda\u00bb","block_context":{"text":"Econom\u00eda","link":"https:\/\/moir.com.co\/web\/category\/temas\/economia\/"},"img":{"alt_text":"","src":"https:\/\/i0.wp.com\/moir.com.co\/web\/wp-content\/uploads\/2018\/08\/electricariberobledodebate2018.png?fit=768%2C459&ssl=1&resize=350%2C200","width":350,"height":200,"srcset":"https:\/\/i0.wp.com\/moir.com.co\/web\/wp-content\/uploads\/2018\/08\/electricariberobledodebate2018.png?fit=768%2C459&ssl=1&resize=350%2C200 1x, https:\/\/i0.wp.com\/moir.com.co\/web\/wp-content\/uploads\/2018\/08\/electricariberobledodebate2018.png?fit=768%2C459&ssl=1&resize=525%2C300 1.5x, https:\/\/i0.wp.com\/moir.com.co\/web\/wp-content\/uploads\/2018\/08\/electricariberobledodebate2018.png?fit=768%2C459&ssl=1&resize=700%2C400 2x"},"classes":[]},{"id":15985,"url":"https:\/\/moir.com.co\/web\/carrasquilla-con-un-ala-rota\/","url_meta":{"origin":13575,"position":1},"title":"Carrasquilla con un ala rota","author":"admin","date":"septiembre 24, 2018","format":false,"excerpt":"Andr\u00e9s Pach\u00f3n, Bogot\u00e1, septiembre 24 de 2018 El Banco Mundial, la OCDE y Transparencia Internacional definen corrupci\u00f3n como \u2018el abuso de la funci\u00f3n p\u00fablica para obtener ganancias privadas\u2019. Luego este es un debate sobre corrupci\u00f3n. Y voy a acusar al actual ministro Alberto Carrasquilla de haber actuado de una manera\u2026","rel":"","context":"En \u00abEconom\u00eda\u00bb","block_context":{"text":"Econom\u00eda","link":"https:\/\/moir.com.co\/web\/category\/temas\/economia\/"},"img":{"alt_text":"","src":"https:\/\/i0.wp.com\/moir.com.co\/web\/wp-content\/uploads\/2018\/09\/robledodebatecarrasquilla2018.png?fit=662%2C425&ssl=1&resize=350%2C200","width":350,"height":200,"srcset":"https:\/\/i0.wp.com\/moir.com.co\/web\/wp-content\/uploads\/2018\/09\/robledodebatecarrasquilla2018.png?fit=662%2C425&ssl=1&resize=350%2C200 1x, https:\/\/i0.wp.com\/moir.com.co\/web\/wp-content\/uploads\/2018\/09\/robledodebatecarrasquilla2018.png?fit=662%2C425&ssl=1&resize=525%2C300 1.5x"},"classes":[]},{"id":13631,"url":"https:\/\/moir.com.co\/web\/articulo-de-aurelio-suarez-montoya-pasto-narino-entre-la-trampa-de-pobreza-y-la-economia-encubierta\/","url_meta":{"origin":13575,"position":2},"title":"La corrupci\u00f3n en el poder","author":"admin","date":"octubre 26, 2017","format":false,"excerpt":"Dar\u00edo Arenas Villegas, Manizales, octubre 26 de 2017 El debate de los senadores Jorge Robledo y Claudia L\u00f3pez ratific\u00f3 que la corrupci\u00f3n, lejos de ser un asunto aislado, es un fen\u00f3meno sistem\u00e1tico que se carcome con voracidad la econom\u00eda, las instituciones y la moral de la naci\u00f3n. Los argumentos de\u2026","rel":"","context":"En \u00abEconom\u00eda\u00bb","block_context":{"text":"Econom\u00eda","link":"https:\/\/moir.com.co\/web\/category\/temas\/economia\/"},"img":{"alt_text":"","src":"","width":0,"height":0},"classes":[]},{"id":13584,"url":"https:\/\/moir.com.co\/web\/debate-contra-la-corrupcion-y-la-impunidad\/","url_meta":{"origin":13575,"position":3},"title":"Debate contra la corrupci\u00f3n y la impunidad","author":"admin","date":"octubre 23, 2017","format":false,"excerpt":"Antonio Jos\u00e9 Guti\u00e9rrez Blanco, Armenia, octubre 22 de 2017 \"Luego de las exposiciones de los dos citantes, se produjo la manguala entre los partidos de la unidad nacional, el centro democr\u00e1tico y cambio radical\"... El martes 17 de octubre por fin, despu\u00e9s de haberse aplazado tres veces por quienes manejan\u2026","rel":"","context":"En \u00abEconom\u00eda\u00bb","block_context":{"text":"Econom\u00eda","link":"https:\/\/moir.com.co\/web\/category\/temas\/economia\/"},"img":{"alt_text":"","src":"https:\/\/i0.wp.com\/moir.com.co\/web\/wp-content\/uploads\/2017\/10\/corrupciontogacartel.jpg?fit=1200%2C1060&ssl=1&resize=350%2C200","width":350,"height":200,"srcset":"https:\/\/i0.wp.com\/moir.com.co\/web\/wp-content\/uploads\/2017\/10\/corrupciontogacartel.jpg?fit=1200%2C1060&ssl=1&resize=350%2C200 1x, https:\/\/i0.wp.com\/moir.com.co\/web\/wp-content\/uploads\/2017\/10\/corrupciontogacartel.jpg?fit=1200%2C1060&ssl=1&resize=525%2C300 1.5x, https:\/\/i0.wp.com\/moir.com.co\/web\/wp-content\/uploads\/2017\/10\/corrupciontogacartel.jpg?fit=1200%2C1060&ssl=1&resize=700%2C400 2x, https:\/\/i0.wp.com\/moir.com.co\/web\/wp-content\/uploads\/2017\/10\/corrupciontogacartel.jpg?fit=1200%2C1060&ssl=1&resize=1050%2C600 3x"},"classes":[]},{"id":11324,"url":"https:\/\/moir.com.co\/web\/de-hecha-la-ley-hecha-la-trampa-a-introducir-la-trampa-en-la-ley\/","url_meta":{"origin":13575,"position":4},"title":"De hecha la ley, hecha la trampa, a introducir la trampa en la ley","author":"admin","date":"diciembre 17, 2016","format":false,"excerpt":"Jorge Enrique Robledo, Bogot\u00e1, diciembre 16 de 2016 Colombia es uno de los pa\u00edses m\u00e1s corruptos del mundo. Porque la vieja corrupci\u00f3n, que ya era grave, se dispar\u00f3 a extremos inauditos desde 1990. Seg\u00fan el \u00cdndice de Competitividad Global del Foro Econ\u00f3mico Mundial (2015-2016), qued\u00f3 de 126 entre 140 pa\u00edses\u2026","rel":"","context":"En \u00abEconom\u00eda\u00bb","block_context":{"text":"Econom\u00eda","link":"https:\/\/moir.com.co\/web\/category\/temas\/economia\/"},"img":{"alt_text":"","src":"","width":0,"height":0},"classes":[]},{"id":13371,"url":"https:\/\/moir.com.co\/web\/robledo-proclamado-candidato-presidencial-del-polo-gran-debate-contra-la-corrupcion-en-el-poder\/","url_meta":{"origin":13575,"position":5},"title":"Robledo proclamado candidato presidencial del Polo. Gran debate contra la corrupci\u00f3n en el poder","author":"admin","date":"septiembre 26, 2017","format":false,"excerpt":"Oficina de prensa del senador Jorge Enrique Robledo, Bogot\u00e1, septiembre 26 de 2017 Frente a m\u00e1s 2000 dirigentes de todo el pa\u00eds Jorge Enrique Robledo fue proclamado candidato \u00fanico del Polo Democr\u00e1tico Alternativo a la Presidencia de la Rep\u00fablica. El Polo tambi\u00e9n present\u00f3 sus listas al Senado y a la\u2026","rel":"","context":"En \u00abEconom\u00eda\u00bb","block_context":{"text":"Econom\u00eda","link":"https:\/\/moir.com.co\/web\/category\/temas\/economia\/"},"img":{"alt_text":"","src":"https:\/\/i0.wp.com\/moir.com.co\/web\/wp-content\/uploads\/2017\/09\/robledoproclamacion2.jpeg?fit=937%2C667&ssl=1&resize=350%2C200","width":350,"height":200,"srcset":"https:\/\/i0.wp.com\/moir.com.co\/web\/wp-content\/uploads\/2017\/09\/robledoproclamacion2.jpeg?fit=937%2C667&ssl=1&resize=350%2C200 1x, https:\/\/i0.wp.com\/moir.com.co\/web\/wp-content\/uploads\/2017\/09\/robledoproclamacion2.jpeg?fit=937%2C667&ssl=1&resize=525%2C300 1.5x, https:\/\/i0.wp.com\/moir.com.co\/web\/wp-content\/uploads\/2017\/09\/robledoproclamacion2.jpeg?fit=937%2C667&ssl=1&resize=700%2C400 2x"},"classes":[]}],"jetpack_sharing_enabled":true,"_links":{"self":[{"href":"https:\/\/moir.com.co\/web\/wp-json\/wp\/v2\/posts\/13575","targetHints":{"allow":["GET"]}}],"collection":[{"href":"https:\/\/moir.com.co\/web\/wp-json\/wp\/v2\/posts"}],"about":[{"href":"https:\/\/moir.com.co\/web\/wp-json\/wp\/v2\/types\/post"}],"author":[{"embeddable":true,"href":"https:\/\/moir.com.co\/web\/wp-json\/wp\/v2\/users\/1"}],"replies":[{"embeddable":true,"href":"https:\/\/moir.com.co\/web\/wp-json\/wp\/v2\/comments?post=13575"}],"version-history":[{"count":1,"href":"https:\/\/moir.com.co\/web\/wp-json\/wp\/v2\/posts\/13575\/revisions"}],"predecessor-version":[{"id":13577,"href":"https:\/\/moir.com.co\/web\/wp-json\/wp\/v2\/posts\/13575\/revisions\/13577"}],"wp:featuredmedia":[{"embeddable":true,"href":"https:\/\/moir.com.co\/web\/wp-json\/wp\/v2\/media\/13576"}],"wp:attachment":[{"href":"https:\/\/moir.com.co\/web\/wp-json\/wp\/v2\/media?parent=13575"}],"wp:term":[{"taxonomy":"category","embeddable":true,"href":"https:\/\/moir.com.co\/web\/wp-json\/wp\/v2\/categories?post=13575"},{"taxonomy":"post_tag","embeddable":true,"href":"https:\/\/moir.com.co\/web\/wp-json\/wp\/v2\/tags?post=13575"}],"curies":[{"name":"wp","href":"https:\/\/api.w.org\/{rel}","templated":true}]}}