{"id":13568,"date":"2017-10-20T20:39:26","date_gmt":"2017-10-20T20:39:26","guid":{"rendered":"https:\/\/moir.org.co\/web\/?p=13568"},"modified":"2017-10-20T20:39:26","modified_gmt":"2017-10-20T20:39:26","slug":"colombianos-derrotemos-el-pacto-de-corrupcion-e-impunidad-transcripcion-video","status":"publish","type":"post","link":"https:\/\/moir.com.co\/web\/colombianos-derrotemos-el-pacto-de-corrupcion-e-impunidad-transcripcion-video\/","title":{"rendered":"\u00a1Colombianos, derrotemos el pacto de corrupci\u00f3n e impunidad\u00a1 [Transcripci\u00f3n + Video]"},"content":{"rendered":"<p><strong>Intervenci\u00f3n del senador Jorge Enrique Robledo en la plenaria del Senado el 17 de octubre de 2017 en el debate sobre los esc\u00e1ndalos de corrupci\u00f3n.<\/strong><\/p>\n<p>Un saludo al ministro del Interior, a los colegas, senadores y senadoras, a los colombianos que nos escuchan por los distintos medios, a todos mis saludos.<\/p>\n<p>Voy a decir una cosa que no ten\u00eda programada decir pero me toca, como una respuesta al senador Var\u00f3n Cotrino. \u00c9l se empe\u00f1a hablar que no son de este debate. No tengo inconveniente en mencionar otras cosas. El d\u00eda en que el doctor Var\u00f3n Cotrino quiera hacemos un debate sobre los pasados de los partidos, sobre todas las cosas, no solo sobre estos temas espec\u00edficos, para ver c\u00f3mo es que \u00e9l va a explicar que Cambio Radical, que es el partido del doctor Var\u00f3n Cotrino y del candidato Germ\u00e1n Vargas Lleras, tiene 19 congresistas condenados por parapol\u00edtica. Un partido peque\u00f1ito. Repito, menciono eso porque \u00e9l se empe\u00f1\u00f3 que empez\u00e1ramos haciendo esa menci\u00f3n, entonces tiene el gusto de escuchar lo que ten\u00eda que decir al respecto. Entonces, cuando quiera doctor Var\u00f3n hacemos un debate dedicado simplemente a las historias de los partidos.<\/p>\n<p>A este deabte invit\u00e9 al doctor N\u00e9stor Humberto Mart\u00ednez, al Fiscal General de la Naci\u00f3n, y veo que no acogi\u00f3, c\u00f3mo la vez pasada, la invitaci\u00f3n. Es un debate en el que vamos a hablar de Odebrecht, por eso vamos a necesitar tiempo, porque adem\u00e1s vamos a hablar del caso del fiscal Anticorrupci\u00f3n corrupto, el se\u00f1or Gustavo Moreno, vamos a hablar de las acusaciones a magistrados de la Corte Suprema de Justicia y vamos a hablar de las haza\u00f1as del doctor N\u00e9stor Humberto Mart\u00ednez. Vamos a necesitar tiempo suficiente porque vamos a ver c\u00f3mo esto se relaciona como una sola cosa, que es lo que piensan los colombianos en la calle, que estas no son cosas distintas, sino un solo fen\u00f3meno. Vamos a poner un \u00e9nfasis en el tema de las responsabilidades pol\u00edticas, no solo las judiciales, que tendr\u00e1n que dirimir los jueces, las pol\u00edticas de cada partido c\u00f3mo ha jugado en estos hechos escandalosos de una de las mayores corrupciones de la historia de Colombia.<\/p>\n<p>Empiezo se\u00f1alando que este es un punto crucial, Odebrecht, est\u00e1 probado, financia las campa\u00f1as presidenciales de 2010 y 2014. Cosas conocidas, la campa\u00f1a de Santos de 2010, que fue la campa\u00f1a de todo lo que hoy es la Unidad Nacional Y Centro Democr\u00e1tico, incluido el respaldo en ese momento del presidente Uribe, es una campa\u00f1a que se sabe que recibi\u00f3 financiaci\u00f3n de Odebrecht. Financiaci\u00f3n que es por dem\u00e1s ilegal, porque los extranjeros no pueden financiar campa\u00f1as en Colombia. Roberto Prieto, el gerente de esa campa\u00f1a, reconoci\u00f3 haber recibido 400 mil d\u00f3lares, cosa que acept\u00f3 el presidente Santos cuando dijo \u201cme acabo de enterar\u201d. Alguien de los que est\u00e1 preso por este fen\u00f3meno, dice tambi\u00e9n, que el doctor Andr\u00e9s Felipe Arias, en esos d\u00edas, tuvo un sueldo de Odebrecht. Cosas que tendr\u00e1 que constatar la Justicia, pero la acusaci\u00f3n existe. Y el doctor Gabriel Garc\u00eda Morales ha aceptado, y es conocido tambi\u00e9n, que \u00e9l recibi\u00f3 un soborno de 6,5 millones de d\u00f3lares, para el primer contrato de la Ruta del Sol II, siendo en ese momento viceministro de Transporte del gobierno del presidente \u00c1lvaro Uribe. Queda la duda si no hubo m\u00e1s plata para las campa\u00f1as, porque es raro que un soborno de ese monto, monto que voy tambi\u00e9n a cuestionar m\u00e1s adelante, no aparezca para la campa\u00f1a presidencial, sino apenas 400 mil d\u00f3lares, cuando vamos a ver que los otros sobornos le obligaron m\u00e1s plata a la campa\u00f1a del presidente Santos.<\/p>\n<p>En el caso de la campa\u00f1a Santos y Vargas Lleras de 2014 hay estas sindicaciones. Otto Bula que est\u00e1 en la c\u00e1rcel dice que un mill\u00f3n de d\u00f3lares se transfirieron para financiar esa campa\u00f1a. Se sabe que Paddington Sancho BBDO, dio un mill\u00f3n de d\u00f3lares, dicen ellos, que dizque para financiar una encuesta. Adem\u00e1s Gabriel Dumar, que tambi\u00e9n est\u00e1 en la c\u00e1rcel reconociendo sus acciones ilegales dicen que le transfirieron a la campa\u00f1a de Santos, a la pol\u00edtica en general, unos 14 mil millones de pesos, despu\u00e9s de impuestos, de platas de Odebrecht. \u00c9l menciona 9 mil millones de pesos para Roberto Prieto, menciona tambi\u00e9n al senador \u201c\u00d1o\u00f1o\u201d El\u00edas y a Plinio Olano, menciona al senador Antonio Guerra con 200 millones y a Luis Miguel Pico, \u00e9chenle ojo a este nombre para m\u00e1s adelante, con 50 millones de pesos. Queda la pregunta \u00a1No fueron m\u00e1s? Esas son las cosas que tendr\u00edan que aclararse.<\/p>\n<p>Y tambi\u00e9n la otra campa\u00f1a, la de Zuluaga y Trujillo, del 2014, dice Duda Mendoza, que es un hombre de Odebrecht, que a esa campa\u00f1a le transfirieron 1,6 millones de d\u00f3lares. Dicen tambi\u00e9n, gente que ya ha confesado, que en esos recursos de Odebrecht particip\u00f3 el doctor Daniel Garc\u00eda Arizabaleta, que es o ha sido alto directivo del Centro Democr\u00e1tico y que tambi\u00e9n trabaj\u00f3 bajo contrato de Odebrecht. Tambi\u00e9n cabe aqu\u00ed la pregunta \u00bfNo fueron m\u00e1s los recursos?<\/p>\n<p>Parte del problema que tenemos es que aqu\u00ed nadie investiga estas cosas, la Fiscal\u00eda, empezando el esc\u00e1ndalo le pas\u00f3 la pelota al Consejo Nacional Electoral y a estas alturas este Consejo no ha dicho ni p\u00edo, y los casos est\u00e1n caducando. En estas semanas debe caducar un caso y en las pr\u00f3ximas semanas debe caducar el otro, porque all\u00ed la investigaci\u00f3n no avanza. Lo \u00fanico que se sabe que ha hecho el Consejo Nacional Electoral es sancionar a Armando Novoa, el \u00fanico consejero que no es ni de la Unidad Nacional ni del Centro Democr\u00e1tico.<\/p>\n<p>Cu\u00e1l es el modus operandi de Odebrecht. Se trata de una trasnacional profundamente corrupta, de delincuentes, ten\u00eda una secci\u00f3n, el Departamento de Operaciones Estructuradas, cuyo trabajo era sobornar gobiernos y partidos pol\u00edticos. Sobornarlos con el prop\u00f3sito de conseguir contratos corruptos mediante ese mecanismo. Han aceptado casi 800 millones de d\u00f3lares en sobornos en 12 pa\u00edses, pero hay un abogado de Odebrecht que calcula en por lo menos 2.600 millones de d\u00f3lares que se movieron. No eran aportes a las campa\u00f1as, eran sobornos, que es una cosa completa distinta, eran platas que se daban con el prop\u00f3sito de que desde la direcci\u00f3n del Estado se les repusieran mediante contratos corruptos esas sumas.<\/p>\n<p>Cuando el esc\u00e1ndalo estall\u00f3, y hay que recordar que no estalla por Colombia, sino por la justicia internacional, particularmente la de Estados Unidos, porque aqu\u00ed la Fiscal\u00eda ni nadie se dio cuenta de nada, la cifra que se dio inicialmente era de 11 millones de d\u00f3lares en Colombia. Las cuentas ya van en 40 millones de d\u00f3lares en sobornos, en el primer contrato de la Ruta del Sol y en el segundo contrato. Aclaremos esto, colombianos, los sobornos pareciera que los pagara la trasnacional, pero no es as\u00ed, al final los pagamos nosotros. Cuando alguien paga un peaje en la Ruta del Sol est\u00e1 pagando el soborno de estos actos de corrupci\u00f3n.<\/p>\n<p>Veamos c\u00f3mo es que llegaron estas platas a la campa\u00f1a de Juan Manuel Santos. Dice, Garc\u00eda Morales, dice: \u201cMartorelli me dijo que el compromiso que ellos adquirieron con la adjudicaci\u00f3n de Navelena fue apoyar los candidatos del Partido de la U y asumir deudas de las campa\u00f1as presidenciales\u201d. Esto no se sab\u00eda, lo que hablamos en el debate pasado de Navelena, no mencionaba sobornos para el grueso de esas cosas. Dice la denuncia \u201cNavelena se pag\u00f3 con campa\u00f1as\u201d. Campa\u00f1as de qui\u00e9n. De Juan Manuel Santos.<\/p>\n<p>Dice el senador \u201c\u00d1o\u00f1o\u201d El\u00edas ante la Corte Suprema de Justicia: \u201cMi inter\u00e9s era ayudarles a los de Odebrecht a que sacaran r\u00e1pido el otros\u00ed Oca\u00f1a-Gamarra, para que ellos entregaran recursos econ\u00f3micos con destino a la campa\u00f1a presidencial de Juan Manuel Santos periodo 2014-2018, reelecci\u00f3n primera y segunda vuelta\u201d. Dice un senador que est\u00e1 en este momento tras las rejas por la participaci\u00f3n en estos hechos y esta es una confesi\u00f3n que \u00e9l hace. Y agrega esto que es muy importante en el debate, dice que \u00e9l recuerda que Juan Sebasti\u00e1n Correa, que tambi\u00e9n est\u00e1 implicado en estos hechos por ser la mano derecha del director de la ANI le ha dicho que \u00e9l sab\u00eda que Andrade sab\u00eda que a m\u00ed me iban a entregar una plata, o sea la \u00d1o\u00f1o El\u00edas, para la campa\u00f1a, los de Odebrecht le iban a entrar al \u00d1o\u00f1o El\u00edas una plata para la campa\u00f1a, pero que a \u00e9l, a Andrade no le importaba, es lo que a \u00e9l le dicen, porque esa era la orden de arriba, sacar el otros\u00ed Oca\u00f1a-Gamarra. La orden de arriba, aqu\u00ed lo que estaban diciendo es que hab\u00eda una orden de arriba a Andrade y a los mandos medios para que sacaran adelante el acto de corrupci\u00f3n Oca\u00f1a-Gamarra.<\/p>\n<p>La pregunta clave en este debate es qui\u00e9nes son los de arriba. Qui\u00e9nes fueron los funcionarios que decidieron los contratos, qui\u00e9nes fueron los funcionarios y los pol\u00edticos que recibieron los sobornos y qui\u00e9nes fueron los privados que pagaron los sobornos. Esos son los de arriba, que hay que esclarecer. Ahora, el problema para esclarecerlo es que qui\u00e9n lo va a esclarecer, qui\u00e9n busca a los de arriba, \u00bfsi hay qui\u00e9n aclare esto, si hay qui\u00e9n aclare esto en Colombia? \u00bfN\u00e9stor Humberto Mart\u00ednez va a aclarar esto? Vamos a ver c\u00f3mo no es posible. Y adem\u00e1s lo mismo hay que decir de qui\u00e9n va a aclarar el caso de Moreno y de Bustos. Porque c\u00f3mo vamos a ver aqu\u00ed hay m\u00e1s de uno untado o implicado que no tiene inter\u00e9s seguramente en que las cosas se conozcan. Vamos a conocer la verdad total sobre este caso o vamos a conocer los pedacitos de verdad como suele ser en la historia de Colombia. Recordemos que si todo esto se est\u00e1 moviendo es porque justicia extranjera destapo Odebrecht, el caso del Fiscal Moreno y destap\u00f3 el caso de los magistrados de la Corte Suprema de Justicia. No porque aqu\u00ed nadie hubiera empezado estos procesos.<\/p>\n<p>Entremos al caso Odebrecht. Lo primero que hay que se\u00f1alar es que hay una acusaci\u00f3n de corrupci\u00f3n en Odebrecht en el caso de Tunjuelo-Canoas que cae sobre la administraci\u00f3n de Samuel Moreno. Al respecto de eso, lo dije la vez pasada, que investiguen lo que tengan que investigar, que sancionen, recuerdo aqu\u00ed que nadie de la Justicia en Colombia representa al Polo Democr\u00e1tico Alternativo en sus altas esferas, investiguen y sancionen. Pero tambi\u00e9n recordar en el caso del Polo Democr\u00e1tico Alternativo, es bueno se\u00f1alarlo, en el caso del carrusel, el Polo investig\u00f3, sancion\u00f3 a los responsables, y el Polo Democr\u00e1tico Alternativo les pidi\u00f3 excusas a los colombianos. Lo dijo en estos d\u00edas Ramiro Bejarano que el Polo respondi\u00f3. Y hemos dado la cara siempre. Les pregunto a los otros partidos si han hecho una cosa semejante. Y que en el investiguen, sobre todo a Pizano, el gerente de esa empresa que termin\u00f3 contratado por don Luis Carlos Sarmiento Angulo en la Ruta del Sol.<\/p>\n<p>Cu\u00e1l es el balance del debate anterior. Hice aqu\u00ed un debate la vez pasada. La Contralor\u00eda General de la Rep\u00fablica me dio la raz\u00f3n en todo lo que dije en ese debate. Se\u00f1al\u00f3, en documento de 74 p\u00e1ginas que la junta directiva del Banco Agraria no ha debido aprobarles el cr\u00e9dito de los 120 mil millones, que viol\u00f3 las normas que ten\u00edan que ver con eso, que hubo detrimento patrimonial y que la Contralor\u00eda General de la Rep\u00fablica iba a abrir un juicio de responsabilidad fiscal. Antier anunciaron que hab\u00edan pagado, bienvenidas que nuestras peleas sirvan para que por lo menos no se roben la plata. Pero estamos haci\u00e9ndonos unas pregutnas. Pagaron con la plata de qui\u00e9n. Con la plata de Navelena-Odebrecht o con la plata del Estado colombiano. Eso nos lo van a tener que explicar los de Cormagdalena despacito, para saber de d\u00f3nde salieron los recursos con los que le pagaron al Banco Agrario una plata que estaba p\u00e9rdida.<\/p>\n<p>Pero adem\u00e1s, la Contralor\u00eda dijo que 50 mil millones de esos 120 mil fue una plata que se sac\u00f3 prestada para pagarle una deuda al Banco de Occidente. O sea, para que el Banco de Occidente cambiara deuda mala que ten\u00eda con Navelena-Odebrecht, se la transfiriera al banco p\u00fablico, el Banco Agrario. Es un hecho escandaloso. Pero adem\u00e1s, porque Corficolombiana, del Grupo Aval, era nada menos que la banca de inversi\u00f3n de este contrato. Fue lo qu enosotros dijimos, lo confirmo la Contralor\u00eda General de la Rep\u00fablica. S\u00ed hubo adem\u00e1s y est\u00e1 probado de NMA Abogados, o sea de la familia del Fiscal Mart\u00ednez Neira, hubo concepto para ese cr\u00e9dito, as\u00ed \u00e9l se empe\u00f1e en mentir al respecto. Pero adem\u00e1s la Fiscal\u00eda nunca ha acusado ni ha hecho investigaci\u00f3n a la junta directiva del Banco que fue quien prest\u00f3 esa plata que la Contralor\u00eda dicho que no se ha debido prestar. Y la Superintendencia Financiera no ha abierto investigaci\u00f3n como ha debido hacerlo, por conflicto de intereses en este negocio. Nada de esto se investiga en Colombia. Y qui\u00e9n responde pol\u00edticamente. Dos ministros investigados en esto. A Iragorri le dieron el premio de nombrarlo de presidente del partido de la U. Ser\u00e1 que van a nombrar al doctor Mauricio C\u00e1rdenas, ministro de Hacienda como presidente del Partido Conservador.<\/p>\n<p>Otros aciertos de mi debate anterior. Dije aqu\u00ed, y algunos de ustedes me lo debatieron, que Oca\u00f1a-Gamarra era un torcido. Y era un torcido, est\u00e1 probado hasta la saciedad. Un torcido es el contrato de Oca\u00f1a-Gamarra. Y tambi\u00e9n dije que el Conpes 3817, que aprob\u00f3 todo el gabinete de Juan Manuel Santos era parte de ese torcido y aqu\u00ed me lo intentaron rebatir. Y los hechos me han dado la raz\u00f3n. Denunci\u00e9 y ped\u00ed la renuncia de Luis Fernando Andrade y tambi\u00e9n me dijeron que era una exageraci\u00f3n. Bueno, est\u00e1 imputado y tuvo que renunciar a su cargo de director de la ANI. Se\u00f1al\u00e9 a Jos\u00e9 El\u00edas Melo, director de Corficolombiana, como involucrado en estos actos y tambi\u00e9n me dijeron que era una exageraci\u00f3n. Bueno, ah\u00ed est\u00e1 tras las rejas, en un proceso por haber contribuido con el pago de estos sobornos. Rechace el acuerdo de los 700 mil millones de pesos que la ANI y el gobierno nacional con la venia pol\u00edtica del doctor Germ\u00e1n Vargas Lleras, le cuadr\u00f3 a Odebrecht y al Grupo Aval para sacarlos limpios de este esc\u00e1ndalo de corrupci\u00f3n de la Ruta del Sol. Pues bien, lo denunci\u00e9 en ese momento. Y la Contralor\u00eda General de la Rep\u00fablica y el Tribunal de Cundinamarca pararon el negocito, porque es absolutamente inaceptable.<\/p>\n<p>Y digamos que otro de mis aciertos anteriores es que al doctor N\u00e9stor Humberto Mart\u00ednez le toc\u00f3 retirar la denuncia penal que puso en contra m\u00eda, mientras que yo no retir\u00e9 ni una sola de mis afirmaciones, que hoy estoy ratificando en contra del Fiscal General de la Naci\u00f3n.<\/p>\n<p>Veamos entonces c\u00f3mo se han desarrollado estos asuntos. El caso de la Ruta del Sol cu\u00e1l es. Repitamos brevemente, all\u00ed, 63 por ciento del negocio es de Odebrecht, y 33 por ciento es Grupo Aval, a trav\u00e9s de Corficolombiana y Episol. Pero adem\u00e1s el Grupo Aval va en otro negocio ah\u00ed, ellos tienen puestos en ese negocio cr\u00e9ditos con ganancias por 1,2 billones de pesos. El primer soborno de todo este negocio de la Ruta del Sol se realiza dentro de la administraci\u00f3n del presidente \u00c1lvaro Uribe, con su viceministro Gabriel Garc\u00eda Morales. Y se dice que el soborno es 6,5 millones de d\u00f3lares. Les digo francamente que no me dan las cifras.<\/p>\n<p>Porque si ustedes comparan lo que se acusa se pag\u00f3 en el soborno Oca\u00f1a-Gamarra no compensa, no cuadran las cuentas, ah\u00ed faltan platas, es demasiado peque\u00f1o un soborno de 6.5 millones para un negocio de ese calibre. Porque si se hace un c\u00e1lculo sobre el negocio Oca\u00f1a-Gamarra, ese soborno ha debido de ser entre 84 y 105 mil millones de pesos, y apenas alcanz\u00f3 unos 20 mil millones de pesos. Porque adem\u00e1s hay dos cabos sueltos, si solo fue lo de Garc\u00eda Morales, de d\u00f3nde salen los 400 mil d\u00f3lares que Prieto y Santos reconocen haber recibido. Y de d\u00f3nde sale la plata que dicen se le pag\u00f3 a Andres Felipe Arias. Y qui\u00e9n investiga. \u00bfN\u00e9stor Humberto Mart\u00ednez? Vamos a ver.<\/p>\n<p>Bueno, Oca\u00f1a-Gamarra fue ilegal. Gabriel Garc\u00eda Morales dice que la obra no se encuentra en el corredor. Recordemos cu\u00e1l es el caso. Una v\u00eda norte-sur que es Puerto Berr\u00edo -San Roque a la que le adicionan un contrato de una v\u00eda oriente-occidente que el contrato Oca\u00f1a-Gamarra. Y est\u00e1 dicho por el viceministro del momento que no es el mismo corredor. Es obvio. El art\u00edculo 28 de la ley 1150 es claro en se\u00f1alar que no se pueden incluir como del mismo corredor. Es que no hay nada m\u00e1s contrario a una l\u00ednea vertical que su perpendicular. Es una cosa que cualquiera entiende. El gobierno le pregunt\u00f3 al Consejo de Estado y este les dijo que \u201clas obras que no guarden una relaci\u00f3n directa y necesaria con el objeto del contrato no pueden acordarse ni ejecutarse v\u00e1lidamente como una adici\u00f3n al respectivo contrato\u201d. Es decir ten\u00edan que haber abierto una licitaci\u00f3n p\u00fablica para que otros contratistas participaran en esa licitaci\u00f3n.<\/p>\n<p>Saben qui\u00e9n les dio la l\u00ednea de c\u00f3mo violar la ley o les dio la apariencia de legalidad, un contrato que firmaron con el abogado N\u00e9stor Humberto Mart\u00ednez que violando la letra y el esp\u00edritu de la Constituci\u00f3n y la Ley, les dijo que s\u00ed pod\u00edan hacer el torcido que terminaron haciendo, que no eran necesaria la licitaci\u00f3n p\u00fablica. Otra vez, siempre nos vamos a tropezar con el doctor Mart\u00ednez en todas las cosas.<\/p>\n<p>El torcido de Oca\u00f1a-Gamarra no termina ah\u00ed. Es apenas una parte. El torcido tiene que ver con otra cosa. Lo simplifico, saben cu\u00e1ndo firm\u00f3 Andrade el otros\u00ed, salt\u00e1ndose la licitaci\u00f3n, la firma 14 de marzo de 2014, y para poder terminar ese torcido se necesitaba un Confis y se necesitaba un Conpes. Es decir que operaran unas instituciones importantes del Estado Colombiano. Pero que operaran antes, colombianos, no despu\u00e9s del contrato. Y c\u00f3mo operaron. Despu\u00e9s del contrato. El Confis es de 3 meses despu\u00e9s de suscrito el contrato. Y el Conpes es de 7 meses despu\u00e9s de suscrito el contrato. Si eso no es un torcido, pregunto, qu\u00e9 es un torcido. Y esos torcidos los aprob\u00f3 todos el gabinete de Juan Manuel Santos, incluido el actual Fiscal, que en esos d\u00edas era el secretario de la Presidencia de la Rep\u00fablica. Tan torcido es que l Corte Suprema de Justicia ya llam\u00f3 a todo el gabinete a que d\u00e9 explicaciones al respecto. Y que la Procuradur\u00eda est\u00e9 pidiendo que le pregunten a Germ\u00e1n Vargas Lleras, que tambi\u00e9n estuvo en ese Conpes, c\u00f3mo son los detalles de estos asuntos y que por favor d\u00e9 alguna explicaci\u00f3n.<\/p>\n<p>Por ese caso de ese Conpes est\u00e1n empapeladas las ministras Gina Parody y Cecilia Alv\u00e1rez Correa. Gravemente empapeladas. Porque no solo violaron la ley aprobando ese Conpes, sino que ellas ten\u00edan un impedimento particular, porque con ese Conpes estaban favoreciendo a un familiar de ellas, al hermano de Gina Parody y a su familia. Deber\u00eda estar empapelado N\u00e9stor Humberto Mart\u00ednez porque \u00e9l tambi\u00e9n aprob\u00f3 ese Conpes en las mismas circunstancias, favoreciendo a Odebrecht y al Grupo Aval, de los que hab\u00eda sido contratista para sacar adelante ese negocio. Y pregunto, qui\u00e9n investiga al se\u00f1or Fiscal General de la Naci\u00f3n.<\/p>\n<p>Pero adem\u00e1s acaba de salir esta semana una noticia que realmente me llam\u00f3 la atenci\u00f3n. Descubrieron otro soborno de 4 mil millones de pesos en un contrato de estabilidad jur\u00eddica que beneficio a la Ruta del Sol, saben qui\u00e9n fue el abogado contratista para tramitar ese contrato de estabilidad jur\u00eddica, N\u00e9stor Humberto Mart\u00ednez Neira. Y usted saben que la primer decisi\u00f3n del comit\u00e9 de estabilidad jur\u00eddica fue negar el contrato de estabilidad, con un argumento obvio, y es que ustedes quieren cambiar el contrato que ya firmaron, traslad\u00e1ndole al Estado todo el riesgo tributario. Eso es inaceptable. La historia de siempre, firman un contrato y lo primero que hacen es cambiarlo en detrimento del inter\u00e9s p\u00fablico. Entonces le negaron esa modificaci\u00f3n a la Ruta del Sol y a Mart\u00ednez Neira. Y lo que pas\u00f3 es que luego de entrar como ministra la doctora Cecilia \u00c1lvarez, cambiaron la decisi\u00f3n y aprobaron el cambio del contrato, que es lo estaban decidiendo. Cambio del contrato que por supuesto le favoreci\u00f3. Y casualmente apareci\u00f3 un soborno de 4 mil millones de pesos en torno a ese negocio.<\/p>\n<p>Aqu\u00ed hay una cosa que vale la pena se\u00f1alar. Colombianos, no son los senadores los de m\u00e1s arriba, los senadores son parte de estos asuntos, o los congresistas, seguramente que s\u00ed, y deben investigarlos y sancionarlos. Pero no son los que deciden, aqu\u00ed hay que aclarar qui\u00e9nes son los que deciden, como ya lo mencion\u00e9 inicialmente, porque o si no se terminan tapando las cosas. Entonces los de Odebrecht en el primer soborno de la Ruta del Sol ya reconocieron que ellos pagaron parte de ese soborno y acusaron a Corficolombiana, a su presidente, el doctor Jos\u00e9 El\u00edas Melo, de haber puesto la parte que le tocaba al Grupo Aval, a Corficolombiana. Melo no ha aceptado esa acusaci\u00f3n, el Grupo Aval dice que ellos no tienen nada que ver. Pero eso est\u00e1 planteado en esas circunstancias.<\/p>\n<p>Me hago una pregunta, puede o no haber aporte para ese soborno del Grupo Aval, Corficolombiana o Episol, que es lo mismo para estos efectos. \u00bfPudo o no haber? Es decir, \u00bflos de Odebrecht le regalaron la parte del soborno a Corficolombiana? \u00bfSubsidiaron a Corficolombiana en ese negocio? Le he preguntado a empresarios que saben de estas cosas, estamos hablando de 12 millones de d\u00f3lares, \u00bfles regal\u00f3 Odebrecht 12 millones de d\u00f3lares a sus socios? Es muy poco cre\u00edble que eso haya sido as\u00ed.<\/p>\n<p>Hay un asunto importante, Jos\u00e9 Roberto Acosta, que ha estado muy detallado en estas cosas, tiene informaci\u00f3n de que hay una auditor\u00eda interna del Grupo Aval que se la dirigieron a Satandar and Purs, banqueros norteamericanos, que dicen que desaparecieron todos los documentos que se cruzaron entre Jos\u00e9 El\u00edas Melo y el Grupo Aval entre el 2009 y el 2014. De ser as\u00ed ser\u00eda de una gravedad inaudita. Esto no est\u00e1 confirmado pero yo con toda cordialidad le digo al Grupo Aval mu\u00e9strele al pa\u00eds esa auditor\u00eda interna realizada por Rafael Neira y aclaramos si se perdieron o no esas comunicaciones.<\/p>\n<p>Pero adem\u00e1s hay una cosa que tampoco nadie menciona. Todo es un negocio con d\u00f3lares de por medio. Porque Odebrecht tra\u00eda plata de su parte del exterior. Qu\u00e9 banco o bancos colombianos lavaron esta plata. Y ojo, cada vez que dejan volar un corrupto lavan una plata. Y le pregunto al fiscal N\u00e9stor Humberto Mart\u00ednez, ya abri\u00f3 investigaci\u00f3n para saber qu\u00e9 bancos lavaron los d\u00f3lares de este negocio. No hemos sabido. Como tampoco hemos sabido que la Fiscal\u00eda le haya abierto investigaci\u00f3n al Grupo Aval. \u00bfNo es obvio investigarlos? \u00bfNo es natural que deban ser investigados si son socios en un soborno de 88 mil millones de pesos? \u00bfNo ser\u00eda obvio que se investigar\u00e1n?<\/p>\n<p>C\u00f3mo es lo de las responsabilidades pol\u00edticas en este asunto. Ya est\u00e1 se\u00f1alado, no lo voy a detallar, Claudia L\u00f3pez va a detallar bastante este tipo de cosas. Est\u00e1n implicados en estos dos casos, de Navelena-Odebrecht y de Odebrecht-Grupo Aval-Ruta del Sol, todos los partidos que han gobernado a Colombia en los \u00faltimos a\u00f1os. La corrupci\u00f3n en pol\u00edtica, en la que pueden terminar involucrados funcionarios y pol\u00edticos de distinto orden, tiene entre uno de sus prop\u00f3sitos meterle plata a los bolsillos privados del pol\u00edtico que participe en el acto de corrupci\u00f3n. Pero buena parte de la corrupci\u00f3n en pol\u00edtica tiene como prop\u00f3sito financiar la pol\u00edtica. Lograr que ganen los presidentes, los gobernadores, los alcaldes, los congresistas. Esa corrupci\u00f3n se ve como una especie de inversi\u00f3n para ganar las campa\u00f1as electorales. El prop\u00f3sito principal es perpetuarse en el poder, es lo que explica con toda precisi\u00f3n el senador \u00d1o\u00f1o El\u00edas. Aqu\u00ed aparece la pregunta que es clave y que tampoco hemos sabido que se est\u00e9 investigando, c\u00f3mo entr\u00f3 en detalle y a trav\u00e9s de qui\u00e9nes la plata de Odebrecht a la campa\u00f1a de Santos-Vargas Lleras de 2014. Se sabe que entr\u00f3, lo que est\u00e1 por aclararse en c\u00f3mo entr\u00f3.<\/p>\n<p>La Silla Vac\u00eda el 13 de marzo de este a\u00f1o public\u00f3 un estudio muy juicioso de 13 p\u00e1ginas que hace una investigaci\u00f3n de qu\u00e9 pas\u00f3 en la Costa Atl\u00e1ntica en la segunda vuelta. Recordemos que en la primera vuelta hab\u00eda perdido las elecciones Juan Manuel Santos y en la segunda le aparecen un mill\u00f3n de votos m\u00e1s en la Costa Atl\u00e1ntica. Entonces La Silla Vac\u00eda investig\u00f3, habl\u00f3 con 17 fuentes distintas, ojo al rigor de la investigaci\u00f3n, o sea 17 personajes, pol\u00edticos y gentes de la campa\u00f1a. De esas 17 fuentes us\u00f3 13 fuentes y solo us\u00f3 las informaciones que coincid\u00edan varias fuentes. Y a la conclusi\u00f3n que llega La Silla Vac\u00eda, dicen textualmente: \u201cCuando pierden en la primera vuelta, Vargas Lleras se apersona de la campa\u00f1a en el Caribe. Y Prieto se queda en Bogot\u00e1\u201d. Les voy a contar con alg\u00fan detalle que es lo que cuenta La Silla Vac\u00eda.<\/p>\n<p>Dicen que al sexto d\u00eda despu\u00e9s de la derrota aterriza Vargas Lleras en el aeropuerto de Corozal y llega con Sergio D\u00edaz Granados, que era otro de los jefes de la campa\u00f1a, y ah\u00ed re\u00fane a 10 congresistas, liberales, de la U, conservadores, entre otros, los re\u00fane y tres asistentes a la reuni\u00f3n le confirman a La Silla Vac\u00eda que \u201clos reunieron para ajustarlos\u201d, es el nombre que le dan. En qu\u00e9 consiste \u201cajustarlos\u201d. Es decirles ustedes nos garantizan los mismos votos que pusieron al Senado, nos los tienen que garantizar y digan qu\u00e9 necesitan para poder lograr que ese ajuste se d\u00e9, o sea, para poder conseguir el mill\u00f3n de votos que no les hab\u00edan aparecido en la primera vuelta. Con el mismo criterio Vargas Lleras d\u00edas despu\u00e9s hizo una reuni\u00f3n semejante en Cartagena.<\/p>\n<p>Y en el caso de Cartagena, dice La Silla Vac\u00eda, les pregunt\u00f3 y qu\u00e9 hace falta aqu\u00ed para que ganemos, les pregunta Vargas, y entonces le dicen que se necesita m\u00e1s plata. Y ponen una cuota de 300 mil votos en Bol\u00edvar, a 10 mil pesos votos, para poder entusiasmar a esos electores, eso da 3 mil millones de pesos. Y cuenta La Silla Vac\u00eda que el l\u00edo era que no les aparec\u00edan sino 1.500 millones. Entonces con unos contratistas consiguieron m\u00e1s, con unos alcaldes otros 500, y as\u00ed se termin\u00f3 cerrando la cuenta.<\/p>\n<p>Parecido se hizo en C\u00f3rdoba y Sucre, seg\u00fan tres fuentes, all\u00ed tambi\u00e9n les doblaron la plata que les hab\u00edan dado en la primera vuelta. Y dice La Silla Vac\u00eda que se lo dice uno de los que recibi\u00f3 plata: \u201cla plata la llevaban en bolsa, en maletines, en lo que fuera, pero la llevaban\u201d. Y saben qui\u00e9n la llevaba. Dicen 5 testimonios de los que estuvieron en el asunto, las llevaba Luis Miguel Pico, despu\u00e9s vice ministro de Agricultura y hoy investigado por los sobornos de Odebrecht.<\/p>\n<p>Pero adem\u00e1s agreguemos esto. Saben ustedes qui\u00e9n fue el otro gran recaudador de fondos para la campa\u00f1a de Juan Manuel Santos y Germ\u00e1n Vargas Lleras. \u00a1N\u00e9stor Humberto Mart\u00ednez Neira! Dicho por La Silla Vac\u00eda sin que \u00e9l lo haya refutado. A \u00e9l le toc\u00f3 sablear a los cacaos para que la plata rindiera. Esas son las acusaciones que est\u00e1n ac\u00e1 sobre el tapete.<\/p>\n<p>Es la manera c\u00f3mo se logra este triunfo que favoreci\u00f3 a Santos, favoreci\u00f3 a Germ\u00e1n Vargas Lleras, si hubiera perdido no ser\u00eda nadie hoy en pol\u00edtica. Y el se\u00f1or N\u00e9stor Humberto Mart\u00ednez no ser\u00eda hoy Fiscal General de la Naci\u00f3n. Todas estas son las cosas que tendr\u00e1 que esclarecer la Justicia con toda seriedad y con todo rigor. Pero qui\u00e9n lo va a esclarecer. Ustedes se imaginan que despu\u00e9s de este debate re\u00fana N\u00e9stor Humberto Mart\u00ednez a sus jefes de Fiscal\u00eda y les dice, me van a investigar c\u00f3mo fue lo de Germ\u00e1n Vargas, me traen los datos, me confirman las investigaciones que hizo La Silla Vac\u00eda. \u00bfEso ser\u00e1 lo que va a suceder? \u00bfEs lo que va a hacer usted, doctor, N\u00e9stor Humberto Mart\u00ednez, apenas termine este debate? Ni se lo imaginen.<\/p>\n<p>Pasemos al caso de Moreno, de Bustos, de N\u00e9stor Humberto Mart\u00ednez. Cu\u00e1l es el caso. El se\u00f1or Mart\u00ednez Neira nombra de Fiscal Anticorrupci\u00f3n a un personaje que result\u00f3 ser un corrupto redomado, al se\u00f1or Luis Gustavo Moreno, es una verg\u00fcenza mundial, que uno tenga un fiscal general que nombre de fiscal anticorrupci\u00f3n a un corrupto redomado, eso no pasa sino en Colombia. Y que sobre todo no pase nada, porque aqu\u00ed no ha pasado nada en relaci\u00f3n con eso, fuera de perseguir unos cuantos peces de segunda categor\u00eda. Este es el primer hecho, que se supo por que la DEA le dio dedo, o si no tampoco se sabr\u00eda.<\/p>\n<p>Al mismo tiempo hay otro hecho que va paralelo. Es el caso del doctor Le\u00f3nidas Bustos, que tambi\u00e9n est\u00e1 involucrado con Moreno en unos casos de unas decisiones ama\u00f1adas, tramposas que tienen que ver con sobornos, con cohechos, etc. C\u00f3mo es la relaci\u00f3n de Le\u00f3nidas Bustos y el Fiscal N\u00e9stor Humberto Mart\u00ednez, y enfatiz\u00f3 en Mart\u00ednez Neira porque es que es \u00e9l el que tiene que investigar, ese es el l\u00edo que tenemos. Cu\u00e1l es la relaci\u00f3n de Bustos con el Fiscal N\u00e9stor Humberto Mart\u00ednez. Todo el mundo dice, es vox populi, se sabe, est\u00e1 demostrado, que el jefe de la campa\u00f1a en la Corte Suprema de Justicia para elegir a N\u00e9stor Humberto Mart\u00ednez Neira fue Bustos. Eso est\u00e1 sabido, inclusive, Bustos como hab\u00eda un l\u00edo que les faltaba nombrar no s\u00e9 cu\u00e1ntos en la Corte Suprema de Justicia, Bustos intent\u00f3 cambiar el qu\u00f3rum para poder elegir a N\u00e9stor Humberto Mart\u00ednez con menos votos. Son de un descaro incre\u00edble. Despu\u00e9s en un d\u00eda, Bustos con la ayuda de N\u00e9stor Humberto Mart\u00ednez lograron elegir 7 magistrados que faltaban, lo que no hab\u00edan podido hacer durante meses en la Corte Suprema de Justicia lo pudieron hacer as\u00ed para darle gusto a N\u00e9stor Humberto Mart\u00ednez Neira. Est\u00e1 demostrado por Noticias Uno que parte del arreglo para ese nombramiento fue nombrarle a varios de los magistrados de la Corte Suprema de Justicia fiscales delegados ante la Corte por cuenta de N\u00e9stor Humberto Mart\u00ednez Neira.<\/p>\n<p>Lo otro que hay que se\u00f1alar es que Moreno, de acuerdo con las investigaciones y los informes que llegan del exterior, tiene una relaci\u00f3n corrupta con Le\u00f3nidas Bustos y con otros magistrados de la Corte Suprema de Justicia. Cu\u00e1l es l\u00edo que tenemos para aclarar esto. Es que esta informaci\u00f3n nos llega porque la DEA filtra una informaci\u00f3n. Y la informaci\u00f3n que filtra la DEA su vez la filtra la Fiscal\u00eda General de la Naci\u00f3n. Y les llega a los medios y a su vez filtran el pedacito que quieren filtrar, eso es a la carta. Y adem\u00e1s titulan como quieren. Le mande una carta a la Fiscal\u00eda norteamericana y le mand\u00e9 una carta a los medios de comunicaci\u00f3n en donde les ped\u00eda que por favor entregaran toda la informaci\u00f3n para este debate, para poder saber cu\u00e1l es la verdad completa y no pedacitos de verdad. Bueno, no tuvieron la gentileza ni de responderme las cartas. Nada. Parte del l\u00edo que tenemos para esclarecer la verdad es que aqu\u00ed hay grandes poderes que van entregando a cuentagotas lo que quieren entregar y uno de esos poderes se llama N\u00e9stor Humberto Mart\u00ednez Neira, adem\u00e1s de los otros ya mencionados.<\/p>\n<p>En qu\u00e9 consiste el juego corrupto de que sindican a Moreno y a Bustos y a los otros magistrados. Es un juego de absolver en la Corte Suprema de Justicia a importantes dirigentes, muchos de ellos, pol\u00edticos de la vida nacional. Por ejemplo, gente que est\u00e1 acusada de parapol\u00edtica, y all\u00ed mediante pagos de plata a Moreno y a Bustos logran que los absuelvan o se van para la c\u00e1rcel si no act\u00faan de acuerdo con los designios de estos personajes. Son en buena medida trucos de testigos, que llaman de testigos falsos, as\u00ed llam\u00f3 en un libro Moreno este caso. El l\u00edo que tenemos es que no se sabe cu\u00e1ndo es falso el testigo, si cuando acusa o cuando se retracta.<\/p>\n<p>Y aparecen nombres. Podr\u00eda mencionar los que han citado en los medios comunicaci\u00f3n. Luis Alfredo Ramos, ex senador; Hern\u00e1n Andrade, senador, Musa Besaile, Zulema Jatt\u00edn, \u00c1lvaro Aston. Y hago una pregunta. Qui\u00e9n seleccion\u00f3 esos nombres. \u00bfPinilla? Que es el socio de Moreno. \u00bfLos medios de comunicaci\u00f3n? Y ojo con esto, El Tiempo del domingo dice que Bustos enterr\u00f3 mediante archivo 42 expedientes. Esto se deber\u00eda revisar. Le pido formalmente a la Corte Suprema de Justicia que reabra los casos que tengan que ver con esto. No todos los casos de la Corte Suprema de Justicia, pero en los que configuren dos situaciones, que tengan que ver con los magistrados involucrados, es decir, Bustos, Ricaurte, Malo, Moreno y que tengan que ver con falsos testigos. Porque este es el modus operandi que se reconoce como un hecho.<\/p>\n<p>Hay uno de los acusados que est\u00e1 en esta situaci\u00f3n, distinguid\u00edsimo, que nadie menciona, no lo menciona ni El Tiempo del domingo, que tiene que ver con las decisiones de Bustos. Los paramilitares amigos de Mart\u00edn Llanos, dicen que en las elecciones de 2002 ellos le colaboraron a Germ\u00e1n Vargas en su campa\u00f1a de ese a\u00f1o. Y la Corte Suprema de Justicia le abri\u00f3 investigaci\u00f3n a Germ\u00e1n Vargas Lleras el 17 de julio de 2012. Saben cu\u00e1ndo le archivaron. El 22 de mayo de 2013, o sea 10 meses despu\u00e9s. Esta s\u00ed es la absoluci\u00f3n expr\u00e9s m\u00e1s r\u00e1pida que haya visto la Corte Suprema de Justicia en la historia. Todos sabemos que ah\u00ed nada se demora menos de 5, 10 o m\u00e1s a\u00f1os. Y aqu\u00ed lo sueltan lo dejan libre en 10 meses.<\/p>\n<p>Entonces al doctor Vargas Lleras lo exime de culpa el doctor Le\u00f3nidas Bustos, que tiene como magistrada auxiliar a Luz Mabel Parra, que resulta ser cercana a Cambio Radical y cercana a N\u00e9stor Humberto Mart\u00ednez. Ah\u00ed se van juntando todas las cosas. Veamos el caso de la doctora Luz Mabel Parra. Ella estuvo en ese cargo hasta el a\u00f1o pasado, de ah\u00ed sali\u00f3, con problemas, para el equipo de la Fiscal\u00eda General de la Naci\u00f3n, ella es nombrada por N\u00e9stor Humberto Mart\u00ednez como magistrada auxiliar. Y tuvo negocios con Moreno. Luz Mabel Parra se conoce con Moreno, han sido socios en negocios de alg\u00fan congresista de esta corporaci\u00f3n. Y hoy est\u00e1 siendo investigada por la Corte Suprema de Justicia, por todas estas irregularidades. Y la semana pasada, en septiembre, tuvo que renunciar a la Fiscal\u00eda porque el esc\u00e1ndalo superaba las cosas que se estaban destapando.<\/p>\n<p>C\u00f3mo lleg\u00f3 el Fiscal Moreno a fiscal Anticorrupci\u00f3n. Mabel Parra, la compa\u00f1era de oficina de Bustos, estuvo casada con Gerardo Torres, que le dicen \u201cYayo\u201d. \u201cYayo\u201d fue socio de procesos con Luis Gustavo Moreno. Y Yayo fue asistente del doctor Germ\u00e1n Var\u00f3n Cotrino, o sea un hombre de Cambio Radical. Quien adem\u00e1s renunci\u00f3 por este esc\u00e1ndalo a ese cargo. Tan cercano del doctor Germ\u00e1n Vargas Lleras que uno de sus perros que tiene el doctor Vargas es un perro que le regal\u00f3 \u201cYayo\u201d.<\/p>\n<p>Adem\u00e1s, Gustavo Moreno es de Cambio Radical. Fue candidato de Cambio Radical a la Personer\u00eda de Bogot\u00e1. Un hermano suyo fue candidato a edil de Cambio Radical en Chapinero, por ah\u00ed circula la foto del doctor Germ\u00e1n Var\u00f3n Cotrino con Pe\u00f1alosa promoviendo esa campa\u00f1a. Adem\u00e1s Moreno fue asistente de Hernando Padaui, congresista de Cambio Radical en la Comisi\u00f3n de Acusaciones de la C\u00e1mara. Y adem\u00e1s los medios dicen que \u201cYayo\u201d es cercano a Enrique Vargas Lleras. De all\u00e1 viene, entonces, el se\u00f1or Moreno.<\/p>\n<p>Por qu\u00e9 lo nombre N\u00e9stor Humberto Mart\u00ednez. Sobre esto Mart\u00ednez Neira no ha dado la cara. No ha permitido una rueda de prensa donde lo puedan inquirir con seriedad sobre qu\u00e9 fue lo que pas\u00f3. No. Son declaraciones a las volandas. Y el primer cuento o \u00fanico que ha echado es que nombr\u00f3 a Moreno que porque era un gran acad\u00e9mico. \u00a1Paja! En mi oficina investigamos lo que no investig\u00f3 Mart\u00ednez Neira. Ni es ning\u00fan gran acad\u00e9mico, su t\u00edtulo de doctor no lo tiene, no es doctorado como \u00e9l dice en un libro que public\u00f3. Intent\u00f3 varios postgrados y apenas aprob\u00f3 unos y los otros no los termin\u00f3. Hay una manipulaci\u00f3n informativa. El libro que han cacareado tanto, es un libro que las dos terceras partes no son de derecho, sino de entrevistas, cr\u00f3nicas con personajes de la vida nacional. Su esposa estuvo en la c\u00e1rcel por narcotr\u00e1fico.<\/p>\n<p>Y esto no lo supo N\u00e9stor Humberto Mart\u00ednez. Por qu\u00e9 no lo supo la Fiscal\u00eda General de la Naci\u00f3n. Fue capaz de hacer unos lanzamientos ostentosos, con gusto de mafioso, en el Hotel Santa Clara, en Cartagena, para poder promoverse o promover sus negocios. Eran vox populi sus andanzas, si ustedes preguntan en los medios de la justicia les van a decir que este personaje ya era sospechoso entre ellos. Dice Caracol, en junio 28 de 2017, que hubo fiscales y el magistrado Barcel\u00f3 que le advirtieron a N\u00e9stor Humberto Mart\u00ednez qui\u00e9n era el personaje. Pero adem\u00e1s, este personaje tambi\u00e9n estuvo en la Fiscal\u00eda General de la Naci\u00f3n contratado por Montealegre y de all\u00ed sali\u00f3, dice Montealegre, \u201cterminamos el contrato por mutuo acuerdo, pero por orden m\u00eda\u201d, dice que lo sac\u00f3 porque llevaba en la Fiscal\u00eda que le creaban \u201cconflicto de intereses\u201d. O sea, estaba procediendo de manera indebida. Y eso tampoco lo supo Mart\u00ednez Neira. Dentro de la propia Fiscal\u00eda no fueron capaces de saber que lo hab\u00edan sacado por procedimientos indebidos. Dice Bustos que hay que investigar a Mart\u00ednez Neira por qu\u00e9 nombr\u00f3 a Moreno en la Fiscal\u00eda General de la Naci\u00f3n.<\/p>\n<p>En conclusi\u00f3n de esta parte Mart\u00ednez Neira no tiene sino dos posibilidades. O nombr\u00f3 a Moreno en un acto de clientelismo judicial y pol\u00edtico para favorecer a Bustos y a los amigos de Bustos en la Corte Suprema de Justicia y para favorecer a Cambio Radical, un acto de irresponsabilidad inaudita, de negligencia inaceptable. En otro pa\u00eds del mundo por eso solo se cae. O m\u00e1s grave a\u00fan, es parte del negocio y es parte del cartel de las togas. Eso se deber\u00eda investigar. Aqu\u00ed no puede haber colombiano al que no se investigue, porque las relaciones son muchas las que est\u00e1n establecidas entre N\u00e9stor Humberto Mart\u00ednez Neira y estos personajes que est\u00e1n aqu\u00ed involucrados en este esc\u00e1ndalo del que estamos hablando.<\/p>\n<p>Coger a N\u00e9stor Humberto Mart\u00ednez en una verdad es bien dif\u00edcil. Dice Mart\u00ednez Neira que Moreno nada tuvo que ver con Odebrecht. Pues miente, me toca decirle doctor Mart\u00ednez Neira. No es cierto. Tengo este dato. Noticias Uno public\u00f3 un video en donde el Fiscal que asiste a la audiencia con Otto Bula est\u00e1 all\u00ed destacado, dice el fiscal en ese video, por el doctor Luis Gustavo Moreno. O sea, el doctor Moreno s\u00ed tiene que ver con los asuntos de Odebrecht. En marzo 29 una funcionaria de la Fiscal\u00eda le responde una carta a una funcionaria de la Corte Suprema de Justicia, sobre una petici\u00f3n sobre Bula y Garc\u00eda Morales, y dice que esa petici\u00f3n: \u201cfue enviada al se\u00f1or Luis Gustavo Moreno\u201d. O sea que Moreno s\u00ed estaba en las investigaciones por corrupci\u00f3n a Odebrecht. Y tengo un documento tambi\u00e9n en el que aparece Francisco Jos\u00e9 Cintura, abogado de Episol, que es Grupo Aval, en el esc\u00e1ndalo de Odebrecht, una carta dirigida a Luis Gustavo Moreno, director de la Unidad Anticorrupci\u00f3n, en la que le hace cualquier petici\u00f3n. Lo que demuestra que N\u00e9stor Humberto Mart\u00ednez Neira falta a la verdad cuando dice que Moreno no ten\u00eda nada que ver con estos asuntos del caso de corrupci\u00f3n de Odebrecht. Acusaremos a N\u00e9stor Humberto Mart\u00ednez Neira por el caso Moreno y por el caso bustos.<\/p>\n<p>Qui\u00e9n le va a aclarar todo esto a Colombia. \u00bfEL Consejo Nacional Electoral que no ha movido un dedo y se\u00f1al\u00e9 sus limitaciones? \u00bfN\u00e9stor Humberto Mart\u00ednez que por donde se mueva se toca o con el Grupo Aval o con Odebrecht? En los bolsillos del Fiscal Mart\u00ednez Neira suena la plata de los contratos de la Ruta del Sol y de los contratos de Navelena. \u00bfQu\u00e9 garant\u00eda de imparcialidad puede darnos este personaje? Absolutamente ninguna. En otro pa\u00eds ya le habr\u00edan abierto investigaci\u00f3n por el caso de Moreno y de Bustos. Los impedimentos de \u00e9l son absolutamente notorios. Adem\u00e1s recaud\u00f3 fondos para la campa\u00f1a presidencial de Juan Manuel Santos y Germ\u00e1n Vargas Lleras.<\/p>\n<p>Adem\u00e1s era el fiscal perfecto para el esc\u00e1ndalo de Odebrecht. Yo aqu\u00ed me ratifico en la idea de que lo nombran de Fiscal es para que atendiera la ola que ven\u00eda de Odebrecht sobre la naci\u00f3n colombiana. Ola que iba tocar inevitablemente a Juan Manuel Santos, a Germ\u00e1n Vargas Lleras, y que iba tocar inevitablemente al Grupo Aval, al propio Luis Carlos Sarmiento Angulo. Entonces le pusieron el fiscal perfecto, ning\u00fan fiscal m\u00e1s perfecto que este para atender este caso. Y adem\u00e1s est\u00e1 en la campa\u00f1a de elegir a Germ\u00e1n Vargas Lleras. Todos sabemos que es as\u00ed. Y es vox populi que est\u00e1 en la campa\u00f1a de elegirse \u00e9l en el 2022. Ese es el Fiscal que tiene Colombia. Un cuadro de Cambio Radical, un jefe de Cambio Radical. Entonces, qui\u00e9n va por la verdad total de este asunto, no por los pedacitos de verdad. Me pregunto y por qu\u00e9 sigue de Fiscal. Y este es probablemente la parte m\u00e1s importante de este debate. En qu\u00e9 pa\u00eds del mundo podr\u00eda ser fiscal una persona con este grado de impedimentos y compromisos contrarios a la neutralidad que es la garant\u00eda de una buena justicia. Es simple, porque pol\u00edticamente hablando lo sostienen entre Juan Manuel Santos, a qui\u00e9n protege N\u00e9stor Humberto Mart\u00ednez; lo sostiene Germ\u00e1n Vargas Lleras, por razones obvias; lo sostiene Luis Carlos Sarmiento Angulo; y es llamativo que lo sostiene tambi\u00e9n el senador \u00c1lvaro Uribe. Es notorio que el Centro Democr\u00e1tico no le ha hecho una sola cr\u00edtica a esta Fiscal\u00eda, no le ha hecho ning\u00fan debate, no lo ha controvertido en nada, es absolutamente obvio, lo est\u00e1n respaldando, las razones tendr\u00e1n que darlas ellos, pero que las den, que le expliquen al pa\u00eds por qu\u00e9 est\u00e1n ayudando en acuerdo con el gobierno nacional en sostener pol\u00edticamente a el doctor N\u00e9stor Humberto Mart\u00ednez Neira.<\/p>\n<p>Y aqu\u00ed hay un asunto que es de inmensa gravedad. Aqu\u00ed lo que hay es un pacto de impunidad, un pacto para que no se vaya al fondo ni en el caso de Odebrecht ni el caso de Moreno ni el caso de Bustos ni en ninguno de los casos, que es la historia de la corrupci\u00f3n en Colombia, que es que no van al fondo del asunto. Fritan un par de peces de menor cuant\u00eda, se los tiran a la galer\u00eda y con eso terminan resolviendo las cosas.<\/p>\n<p>Un caso que hay que mencionar del doctor N\u00e9stor Humberto Mart\u00ednez Neira. \u00c9l est\u00e1 en campa\u00f1a, es un cuadro de Cambio Radical. Y hay denuncias graves sobre eso, las ha hecho la senadora Claudia L\u00f3pez, pero menciono un solo caso. Ustedes se acuerdan que hace unos meses que por orden de la Fiscal\u00eda se trajo tras las rejas al alcalde de Monter\u00eda. Lo tuvieron que soltar a los dos o tres d\u00edas porque entiendo no ten\u00edan pruebas suficientes. Bueno, dice La Silla Vac\u00eda que hoy la fuerza pol\u00edtica de ese alcalde, que no es de Cambio Radical, le est\u00e1 recogiendo firmas a la campa\u00f1a de Germ\u00e1n Vargas Lleras. Esto es inaceptable. Si aqu\u00ed ante lo que estamos es ante una candidatura que pone a los jefes pol\u00edticos, muertos de miedo ante el Fiscal, porque aqu\u00ed la clase pol\u00edtica le teme al Fiscal, no lo respeta, le teme, los tiene escogiendo o un proceso o un candidato en las listas al Senado, son asuntos por completo inaceptable.<\/p>\n<p>Por todo lo anterior les digo a los colombianos si queremos la verdad total, si queremos la justicia total, nosotros con Claudia L\u00f3pez hemos tomado la determinaci\u00f3n de acusar a N\u00e9stor Humberto Mart\u00ednez Neira por el caso de Moreno-Bustos. La justicia debe investigar, as\u00ed sea una justicia que no funciones, pero debe investigar las relaciones entre N\u00e9stor Humberto Mart\u00ednez y el caso de Moreno-Bustos.<\/p>\n<p>N\u00e9stor Humberto Mart\u00ednez debe salir de la Fiscal\u00eda, que se defienda como un ciudadano como se deben defender todos en este pa\u00eds.<\/p>\n<p>Llamar a Santos, a Uribe, a Vargas y a Luis Carlos Sarmiento Angulo a que no lo sostengan m\u00e1s. Le est\u00e1n haciendo un da\u00f1o inmenso a este pa\u00eds. Es un verg\u00fcenza mundial, es un descredito para los colombianos, es un descredito para la Justicia. Aqu\u00ed no hay garant\u00eda de nada, el mensaje que le est\u00e1n mandando al pueblo es que la justicia es solo para los de ruana. Eso es absolutamente inaceptable. No funcionen m\u00e1s con la idea tan repudiable de \u201custedes no saben qui\u00e9nes somos\u201d y aqu\u00ed hacemos lo que se nos d\u00e9 la gana. No. As\u00ed est\u00e1n destruyendo a este pa\u00eds.<\/p>\n<p>Y vamos a pedirle a la Corte Suprema de Justicia que le reabra la investigaci\u00f3n al doctor Germ\u00e1n Vargas Lleras a ver qu\u00e9 fue lo que pas\u00f3 con Bustos y con Luz Mabel Parra. Que se establezco con precisi\u00f3n que fue lo que pas\u00f3.<\/p>\n<p>Por \u00faltimo esto. Ante el hecho de que no estamos teniendo justicia en Colombia, tenemos la decisi\u00f3n tomada con la senadora Claudia L\u00f3pez, nos vamos con este caso para el Consejo Interamericano de Derechos Humanos, vamos a llevar a la Justicia internacional este asunto. Porque si en Colombia no hay justicia nosotros tenemos el derecho de llevar esto a un sitio diferente donde nos den las m\u00ednimas garant\u00edas de que las cosas se van a investigar con el rigor necesario.<\/p>\n<p>Colombianos, no al pacto de impunidad que est\u00e1 funcionando. Este debate no es un lamento m\u00edo. Esta es un lucha la que estamos haciendo. Una lucha contra la corrupci\u00f3n, contra la impunidad. Una corrupci\u00f3n que est\u00e1 destruyendo a este pa\u00eds. Colombianos, toca luchar, toca movilizarnos, toca derrotar la corrupci\u00f3n.<\/p>\n<p>&nbsp;<\/p>\n<p><strong>A modo de conclusi\u00f3n<\/strong><\/p>\n<p><strong>\u00a0<\/strong>Empiezo diciendo que miente descaradamente qui\u00e9n diga o insin\u00fae que yo le hice la campa\u00f1a al presidente Juan Manuel Santos en el 2014. Miente el que diga eso o lo insin\u00fae, as\u00ed lo diga con frasecillas almibaradas.<\/p>\n<p>Aqu\u00ed se ha montado un relato, curiosamente, en las intervenciones de la Unidad Nacional, del Centro Democr\u00e1tico y de Cambio Radical, y es que aqu\u00ed no se dijo nada. El que haya llegado a este debate despu\u00e9s de la intervenci\u00f3n de la senadora L\u00f3pez y de la m\u00eda, pensar\u00e1 que aqu\u00ed no se dijo nada de corrupci\u00f3n, ni nada de Odebrecht, ni nada del Fiscal, ni nada de Bustos y eso no es cierto. Colombianos, no se dejen enga\u00f1ar. Los que llegaron temprano a este debate saben que eso es una falacia.<\/p>\n<p>Aqu\u00ed hablamos que a la campa\u00f1a de Santos de 2014 le hab\u00eda entrado plata de Odebrecht y eso est\u00e1 probado. Y dijimos que la campa\u00f1a de Oscar Iv\u00e1n Zuluaga hab\u00eda sido acusada de plata de Odebrecht y esa acusaci\u00f3n tambi\u00e9n est\u00e1 probada. Y dijimos que hab\u00eda inmensa corrupci\u00f3n. Lo acus\u00f3 el se\u00f1or Duda Mendoza ante la justicia brasile\u00f1a de entrar plata a esa campa\u00f1a.<\/p>\n<p>Y adem\u00e1s est\u00e1 probado que un soborno grande de Odebrecht se pag\u00f3 en el gobierno de \u00c1lvaro Uribe. Y otro soborno grande o varios se pagaron en el gobierno de Juan Manuel Santos. Esos son hechos, y los mencionamos. Y mencionamos que hubo actos indebidos y corruptos en Navelena-Odebrecht. Y que hay corrupci\u00f3n en el primer contrato y en el segundo contrato de la Ruta del Sol. Todo eso lo dijimos. Y que hay acusaci\u00f3n de soborno, y ah\u00ed Melo est\u00e1 en la c\u00e1rcel, por haber pagado como socio de Odebrecht. El proceso est\u00e1 andando, pero ese es un hecho.<\/p>\n<p>Y est\u00e1 la acusaci\u00f3n de que hubo sobornos por 4 mil millones de pesos en el contrato de estabilidad jur\u00eddica. Y tambi\u00e9n lo dije hoy que hay una acusaci\u00f3n que est\u00e1 caminando en contra de la alcald\u00eda de Samuel Moreno por el caso de Odebrecht en Canoas.<\/p>\n<p>Pero adem\u00e1s tambi\u00e9n dije que en todos estos casos est\u00e1 untado el doctor N\u00e9stor Humberto Mart\u00ednez Neira, Fiscal General de la Naci\u00f3n, contratista de Odebrecht en Navelena, contratista de Odebrecht en la Ruta del Sol, viejo contratista de Luis Carlos Sarmiento Angulo. Entonces no pueden decir que aqu\u00ed no se dijo nada.<\/p>\n<p>Y tambi\u00e9n dije que La Silla Vac\u00eda acusa a Germ\u00e1n Vargas de haber sido quien se encargo de distribuir parte de la plata de la campa\u00f1a de Santos en la segunda vuelta en el 2014. Y tambi\u00e9n dije que el se\u00f1or Le\u00f3nidas Bustos absolvi\u00f3 en un cargo de parapol\u00edtica a Germ\u00e1n Vargas Lleras. Y son hechos que est\u00e1n demostrados. Se podr\u00e1 discutir la interpretaci\u00f3n, pero todo eso se dijo.<\/p>\n<p>Y dije que el fiscal anticorrupci\u00f3n corrupto, Luis Gustavo Moreno, era de Cambio Radical. Y dimos una serie de pruebas. Y dijimos que Bustos fue quien se encargo de elegir de Fiscal a N\u00e9stor Humberto Mart\u00ednez. Y sobre eso hay bastantes pruebas al respecto.<\/p>\n<p>Y dije tambi\u00e9n que N\u00e9stor Humberto Mart\u00ednez no es garant\u00eda de investigaci\u00f3n y que por eso este caso nos lo vamos a llevar a la Comisi\u00f3n Interamericana de Derechos Humanos. Y que vamos a acusar a N\u00e9stor Humberto Mart\u00ednez de ser del cartel de las togas. Y que vamos a pedir que se reabra la investigaci\u00f3n de Germ\u00e1n Vargas Lleras.<\/p>\n<p>Y tambi\u00e9n dije que lamento que haya un pacto de impunidad sosteniendo a N\u00e9stor Humberto Mart\u00ednez. Pacto de impunidad en el que est\u00e1n la Unidad Nacional, el Centro Democr\u00e1tico y Luis Carlos Sarmiento Angulo, y Germ\u00e1n Vargas Lleras, si es que ya no es de la Unidad Nacional. Esos lo dijimos. Entonces no nos digan que aqu\u00ed no se habl\u00f3 del problema de corrupci\u00f3n.<\/p>\n<p>Ahora, que no hablamos en los t\u00e9rminos que ustedes quieren, de eso se trata el debate. Pero hicimos severas acusaciones, con pruebas en la mano de todo lo que se dice que aqu\u00ed no ocurri\u00f3.<\/p>\n<p>&nbsp;<\/p>\n<div class=\"jetpack-video-wrapper\"><span class=\"embed-youtube\"><iframe class=\"youtube-player\" src=\"https:\/\/www.youtube.com\/embed\/WfD0pg7ddwM?version=3&amp;rel=1&amp;fs=1&amp;autohide=2&amp;showsearch=0&amp;showinfo=1&amp;iv_load_policy=1&amp;wmode=transparent\" width=\"300\" height=\"150\" allowfullscreen=\"allowfullscreen\" data-ratio=\"0.609375\" data-width=\"640\" data-height=\"390\" data-mce-fragment=\"1\"><\/iframe><\/span><\/div>\n<p>&nbsp;<\/p>\n<div class=\"jetpack-video-wrapper\"><span class=\"embed-youtube\"><iframe class=\"youtube-player\" src=\"https:\/\/www.youtube.com\/embed\/xNU2te1KiKg?version=3&amp;rel=1&amp;fs=1&amp;autohide=2&amp;showsearch=0&amp;showinfo=1&amp;iv_load_policy=1&amp;wmode=transparent\" width=\"300\" height=\"150\" allowfullscreen=\"allowfullscreen\" data-ratio=\"0.609375\" data-width=\"640\" data-height=\"390\" data-mce-fragment=\"1\"><\/iframe><\/span><\/div>\n","protected":false},"excerpt":{"rendered":"<p>Intervenci\u00f3n del senador Jorge Enrique Robledo en la plenaria del Senado el 17 de octubre de 2017 en el debate sobre los esc\u00e1ndalos de corrupci\u00f3n. Un saludo al ministro del Interior, a los colegas, senadores y senadoras, a los colombianos que nos escuchan por los distintos medios, a todos mis saludos. Voy a decir una [&hellip;]<\/p>\n","protected":false},"author":1,"featured_media":13569,"comment_status":"open","ping_status":"open","sticky":false,"template":"","format":"standard","meta":{"advanced_seo_description":"","jetpack_seo_html_title":"","jetpack_seo_noindex":false,"_jetpack_memberships_contains_paid_content":false,"footnotes":""},"categories":[102,97,4,98],"tags":[],"class_list":["post-13568","post","type-post","status-publish","format-standard","has-post-thumbnail","hentry","category-economia","category-imperialismo-y-neoliberalismo","category-jorge-enrique-robledo","category-politica"],"jetpack_featured_media_url":"https:\/\/i0.wp.com\/moir.com.co\/web\/wp-content\/uploads\/2017\/10\/robledodebatecorrupcion2017.png?fit=672%2C517&ssl=1","jetpack-related-posts":[{"id":13371,"url":"https:\/\/moir.com.co\/web\/robledo-proclamado-candidato-presidencial-del-polo-gran-debate-contra-la-corrupcion-en-el-poder\/","url_meta":{"origin":13568,"position":0},"title":"Robledo proclamado candidato presidencial del Polo. Gran debate contra la corrupci\u00f3n en el poder","author":"admin","date":"septiembre 26, 2017","format":false,"excerpt":"Oficina de prensa del senador Jorge Enrique Robledo, Bogot\u00e1, septiembre 26 de 2017 Frente a m\u00e1s 2000 dirigentes de todo el pa\u00eds Jorge Enrique Robledo fue proclamado candidato \u00fanico del Polo Democr\u00e1tico Alternativo a la Presidencia de la Rep\u00fablica. El Polo tambi\u00e9n present\u00f3 sus listas al Senado y a la\u2026","rel":"","context":"En \u00abEconom\u00eda\u00bb","block_context":{"text":"Econom\u00eda","link":"https:\/\/moir.com.co\/web\/category\/temas\/economia\/"},"img":{"alt_text":"","src":"https:\/\/i0.wp.com\/moir.com.co\/web\/wp-content\/uploads\/2017\/09\/robledoproclamacion2.jpeg?fit=937%2C667&ssl=1&resize=350%2C200","width":350,"height":200,"srcset":"https:\/\/i0.wp.com\/moir.com.co\/web\/wp-content\/uploads\/2017\/09\/robledoproclamacion2.jpeg?fit=937%2C667&ssl=1&resize=350%2C200 1x, https:\/\/i0.wp.com\/moir.com.co\/web\/wp-content\/uploads\/2017\/09\/robledoproclamacion2.jpeg?fit=937%2C667&ssl=1&resize=525%2C300 1.5x, https:\/\/i0.wp.com\/moir.com.co\/web\/wp-content\/uploads\/2017\/09\/robledoproclamacion2.jpeg?fit=937%2C667&ssl=1&resize=700%2C400 2x"},"classes":[]},{"id":13427,"url":"https:\/\/moir.com.co\/web\/gran-debate-la-corrupcion-en-el-poder-martes-3-de-octubre-5-pm-por-tv\/","url_meta":{"origin":13568,"position":1},"title":"Gran debate La corrupci\u00f3n en el poder \u2013 MARTES 3 DE OCTUBRE, 5 PM POR TV","author":"admin","date":"octubre 3, 2017","format":false,"excerpt":"Oficina de prensa del senador Jorge Enrique Robledo, Bogot\u00e1, octubre 2 de 2017 Los casos de Odebrecht, fiscal anticorrupci\u00f3n corrupto y los sobornos desde la Corte Suprema de Justicia en debate citado por el senador Jorge Enrique Robledo y la senadora Claudia L\u00f3pez el martes 3 de octubre desde las\u2026","rel":"","context":"En \u00abImperialismo y Neoliberalismo\u00bb","block_context":{"text":"Imperialismo y Neoliberalismo","link":"https:\/\/moir.com.co\/web\/category\/temas\/imperialismo-y-neoliberalismo\/"},"img":{"alt_text":"","src":"https:\/\/i0.wp.com\/moir.com.co\/web\/wp-content\/uploads\/2017\/08\/robledoaftosa.jpg?fit=768%2C403&ssl=1&resize=350%2C200","width":350,"height":200,"srcset":"https:\/\/i0.wp.com\/moir.com.co\/web\/wp-content\/uploads\/2017\/08\/robledoaftosa.jpg?fit=768%2C403&ssl=1&resize=350%2C200 1x, https:\/\/i0.wp.com\/moir.com.co\/web\/wp-content\/uploads\/2017\/08\/robledoaftosa.jpg?fit=768%2C403&ssl=1&resize=525%2C300 1.5x, https:\/\/i0.wp.com\/moir.com.co\/web\/wp-content\/uploads\/2017\/08\/robledoaftosa.jpg?fit=768%2C403&ssl=1&resize=700%2C400 2x"},"classes":[]},{"id":10347,"url":"https:\/\/moir.com.co\/web\/la-alcahueteria-con-la-corrupcion-en-la-salud-es-politica-de-estado-senador-robledo\/","url_meta":{"origin":13568,"position":2},"title":"La alcahueter\u00eda con la corrupci\u00f3n en la salud es pol\u00edtica de Estado: senador Robledo","author":"admin","date":"agosto 31, 2016","format":false,"excerpt":"Se perdieron 1.4 billones de pesos que Saludcoop le deb\u00eda devolver al sistema de salud. La ley 100 es la madre de la corrupci\u00f3n en la salud. No hay controles reales a las ganancias de las EPS. Puerta giratoria entre las EPS y gobierno nacional. El verdadero Ministerio de Salud\u2026","rel":"","context":"En \u00abJorge Enrique Robledo\u00bb","block_context":{"text":"Jorge Enrique Robledo","link":"https:\/\/moir.com.co\/web\/category\/jorge-enrique-robledo\/"},"img":{"alt_text":"","src":"","width":0,"height":0},"classes":[]},{"id":5582,"url":"https:\/\/moir.com.co\/web\/cifras-de-la-corrupcion-en-el-sistema-de-salud-son-mucho-mayores-y-el-problema-es-mas-de-fondo\/","url_meta":{"origin":13568,"position":3},"title":"Cifras de la corrupci\u00f3n en el sistema de salud son mucho mayores y el problema es m\u00e1s de fondo","author":"admin","date":"mayo 2, 2011","format":false,"excerpt":"Ante las revelaciones hechas hoy por el presidente Santos sobre la corrupci\u00f3n en el sistema de salud, el senador Jorge Enrique Robledo declar\u00f3 que las cifras de las defraudaciones son astron\u00f3micamente mayores, porque ascienden a billones de pesos y el desfalco ha durado lustros. El senador del Polo Democr\u00e1tico anunci\u00f3\u2026","rel":"","context":"En \u00abJorge Enrique Robledo\u00bb","block_context":{"text":"Jorge Enrique Robledo","link":"https:\/\/moir.com.co\/web\/category\/jorge-enrique-robledo\/"},"img":{"alt_text":"","src":"","width":0,"height":0},"classes":[]},{"id":15639,"url":"https:\/\/moir.com.co\/web\/robledo-cita-primer-debate-de-control-politico-en-la-era-duque-sobre-abusos-y-corrupcion-de-electricaribe\/","url_meta":{"origin":13568,"position":4},"title":"Robledo cita primer debate de control pol\u00edtico en la era Duque sobre abusos y corrupci\u00f3n de Electricaribe","author":"admin","date":"agosto 15, 2018","format":false,"excerpt":"Oficina de prensa del senador Jorge Enrique Robledo, Bogot\u00e1, agosto 14 de 2018 P\u00e9simo servicio, tarifas abusivas, corrupci\u00f3n y demandas internacionales se debatir\u00e1n en la Comisi\u00f3n Quinta del Senado. MinMinas Mar\u00eda Fernanda Su\u00e1rez citada. 10:00 am. El senador Jorge Enrique Robledo realizar\u00e1 este mi\u00e9rcoles 15 de agosto el primer debate\u2026","rel":"","context":"En \u00abEconom\u00eda\u00bb","block_context":{"text":"Econom\u00eda","link":"https:\/\/moir.com.co\/web\/category\/temas\/economia\/"},"img":{"alt_text":"","src":"https:\/\/i0.wp.com\/moir.com.co\/web\/wp-content\/uploads\/2018\/08\/electricariberobledodebate2018.png?fit=768%2C459&ssl=1&resize=350%2C200","width":350,"height":200,"srcset":"https:\/\/i0.wp.com\/moir.com.co\/web\/wp-content\/uploads\/2018\/08\/electricariberobledodebate2018.png?fit=768%2C459&ssl=1&resize=350%2C200 1x, https:\/\/i0.wp.com\/moir.com.co\/web\/wp-content\/uploads\/2018\/08\/electricariberobledodebate2018.png?fit=768%2C459&ssl=1&resize=525%2C300 1.5x, https:\/\/i0.wp.com\/moir.com.co\/web\/wp-content\/uploads\/2018\/08\/electricariberobledodebate2018.png?fit=768%2C459&ssl=1&resize=700%2C400 2x"},"classes":[]},{"id":6531,"url":"https:\/\/moir.com.co\/web\/proximo-15-de-mayo-debate-sobre-el-sistema-de-salud\/","url_meta":{"origin":13568,"position":5},"title":"Pr\u00f3ximo 15 de mayo, debate sobre el sistema de salud","author":"admin","date":"mayo 12, 2012","format":false,"excerpt":"El pr\u00f3ximo martes 15 de mayo, en la Plenaria del Senado, los congresistas Juan Manuel Corzo y Jorge Enrique Robledo citaron a la ministra de Salud a debate sobre la crisis del sistema de salud colombiano. En su intervenci\u00f3n, Robledo har\u00e1 un balance de las reformas e investigaciones adelantadas por\u2026","rel":"","context":"En \u00abJorge Enrique Robledo\u00bb","block_context":{"text":"Jorge Enrique Robledo","link":"https:\/\/moir.com.co\/web\/category\/jorge-enrique-robledo\/"},"img":{"alt_text":"","src":"","width":0,"height":0},"classes":[]}],"jetpack_sharing_enabled":true,"_links":{"self":[{"href":"https:\/\/moir.com.co\/web\/wp-json\/wp\/v2\/posts\/13568","targetHints":{"allow":["GET"]}}],"collection":[{"href":"https:\/\/moir.com.co\/web\/wp-json\/wp\/v2\/posts"}],"about":[{"href":"https:\/\/moir.com.co\/web\/wp-json\/wp\/v2\/types\/post"}],"author":[{"embeddable":true,"href":"https:\/\/moir.com.co\/web\/wp-json\/wp\/v2\/users\/1"}],"replies":[{"embeddable":true,"href":"https:\/\/moir.com.co\/web\/wp-json\/wp\/v2\/comments?post=13568"}],"version-history":[{"count":1,"href":"https:\/\/moir.com.co\/web\/wp-json\/wp\/v2\/posts\/13568\/revisions"}],"predecessor-version":[{"id":13570,"href":"https:\/\/moir.com.co\/web\/wp-json\/wp\/v2\/posts\/13568\/revisions\/13570"}],"wp:featuredmedia":[{"embeddable":true,"href":"https:\/\/moir.com.co\/web\/wp-json\/wp\/v2\/media\/13569"}],"wp:attachment":[{"href":"https:\/\/moir.com.co\/web\/wp-json\/wp\/v2\/media?parent=13568"}],"wp:term":[{"taxonomy":"category","embeddable":true,"href":"https:\/\/moir.com.co\/web\/wp-json\/wp\/v2\/categories?post=13568"},{"taxonomy":"post_tag","embeddable":true,"href":"https:\/\/moir.com.co\/web\/wp-json\/wp\/v2\/tags?post=13568"}],"curies":[{"name":"wp","href":"https:\/\/api.w.org\/{rel}","templated":true}]}}