{"id":13562,"date":"2017-10-20T17:13:15","date_gmt":"2017-10-20T17:13:15","guid":{"rendered":"https:\/\/moir.org.co\/web\/?p=13562"},"modified":"2017-10-20T17:13:15","modified_gmt":"2017-10-20T17:13:15","slug":"debate-del-polo-democratico-sobre-la-corrupcion-en-la-contratacion-de-alcaldias-locales","status":"publish","type":"post","link":"https:\/\/moir.com.co\/web\/debate-del-polo-democratico-sobre-la-corrupcion-en-la-contratacion-de-alcaldias-locales\/","title":{"rendered":"Debate del Polo Democr\u00e1tico sobre la corrupci\u00f3n en la contrataci\u00f3n de alcald\u00edas locales"},"content":{"rendered":"<p><strong>Oficina de prensa del concejal Manuel Sarmiento, Bogot\u00e1, octubre 20 de 2017<\/strong><\/p>\n<p>Este viernes 20 de octubre la bancada del Polo Democr\u00e1tico Alternativo realizar\u00e1 un debate de control pol\u00edtico a los casos de corrupci\u00f3n en la contrataci\u00f3n de las alcald\u00edas locales luego de cumplirse casi dos a\u00f1os de la administraci\u00f3n Pe\u00f1alosa.<\/p>\n<p>Durante el a\u00f1o 2017 varios funcionarios del gobierno de Enrique Pe\u00f1alosa han sido vinculados a investigaciones disciplinarias y administrativas por presunta corrupci\u00f3n en las alcald\u00edas locales. La Personer\u00eda y la Contralor\u00eda Distrital tienen sus ojos puestos en por lo menos 8 localidades de Bogot\u00e1, por lo que las administraciones de Fontib\u00f3n, Usaqu\u00e9n y Chapinero ser\u00e1n puesta bajo la lupa del cabildante.<\/p>\n<p>El concejal Sarmiento demostrar\u00e1 que el alcalde Pe\u00f1alosa ha tenido una actitud alcahueta con mandatarios locales que est\u00e1n siendo investigados por irregularidades en procesos de contrataci\u00f3n.<\/p>\n<p>El debate podr\u00e1 verse en directo a partir de las 9:00 AM a trav\u00e9s de las redes sociales del concejal Manuel Sarmiento o por la p\u00e1gina oficial del Concejo de Bogot\u00e1:\u00a0<a href=\"https:\/\/manuelsarmiento.us12.list-manage.com\/track\/click?u=460ad20dfc7348def39f7b505&amp;id=bc5c5540d5&amp;e=276a6de4be\" data-saferedirecturl=\"https:\/\/www.google.com\/url?hl=es-419&amp;q=http:\/\/www.concejodebogota.gov.co\/&amp;source=gmail&amp;ust=1508542553978000&amp;usg=AFQjCNEVUVPSqcNCSvUJvUqzvsLVNWgr1Q\">www.concejodebogota.gov.co<\/a><\/p>\n","protected":false},"excerpt":{"rendered":"<p>Oficina de prensa del concejal Manuel Sarmiento, Bogot\u00e1, octubre 20 de 2017 Este viernes 20 de octubre la bancada del Polo Democr\u00e1tico Alternativo realizar\u00e1 un debate de control pol\u00edtico a los casos de corrupci\u00f3n en la contrataci\u00f3n de las alcald\u00edas locales luego de cumplirse casi dos a\u00f1os de la administraci\u00f3n Pe\u00f1alosa. Durante el a\u00f1o 2017 [&hellip;]<\/p>\n","protected":false},"author":1,"featured_media":0,"comment_status":"open","ping_status":"open","sticky":false,"template":"","format":"standard","meta":{"advanced_seo_description":"","jetpack_seo_html_title":"","jetpack_seo_noindex":false,"_jetpack_memberships_contains_paid_content":false,"footnotes":""},"categories":[101,102,97,100,98],"tags":[],"class_list":["post-13562","post","type-post","status-publish","format-standard","hentry","category-bogota","category-economia","category-imperialismo-y-neoliberalismo","category-manuel-sarmiento","category-politica"],"jetpack_featured_media_url":"","jetpack-related-posts":[{"id":14167,"url":"https:\/\/moir.com.co\/web\/video-corrupcion-en-las-alcaldias-locales-de-bogota-debe-ser-derrotada-de-raiz-manuel-sarmiento\/","url_meta":{"origin":13562,"position":0},"title":"Video: Corrupci\u00f3n en las alcald\u00edas locales de Bogot\u00e1 debe ser derrotada de ra\u00edz: Manuel Sarmiento","author":"admin","date":"diciembre 23, 2017","format":"video","excerpt":"Bogot\u00e1, diciembre 22 de 2017","rel":"","context":"En \u00abBogot\u00e1\u00bb","block_context":{"text":"Bogot\u00e1","link":"https:\/\/moir.com.co\/web\/category\/temas\/bogota\/"},"img":{"alt_text":"","src":"","width":0,"height":0},"classes":[]},{"id":11764,"url":"https:\/\/moir.com.co\/web\/programa-radial-de-tribuna-magisterial-febrero-19-de-2017\/","url_meta":{"origin":13562,"position":1},"title":"Programa Radial de Tribuna Magisterial, febrero 19 de 2017","author":"admin","date":"febrero 22, 2017","format":"audio","excerpt":"Bogot\u00e1, febrero 19 de 2017 En el programa del 19 de febrero, Pedro Jim\u00e9nez conductor del programa, entrevist\u00f3 a Francisco Torres del Comit\u00e9 Ejecutivo de FECODE quien present\u00f3 un informe sobre el pliego de peticiones se\u00f1alando los aspectos centrales. Finalmente, convoc\u00f3 a la jornada de movilizaci\u00f3n del 28 de febrero,\u2026","rel":"","context":"En \u00abBogot\u00e1\u00bb","block_context":{"text":"Bogot\u00e1","link":"https:\/\/moir.com.co\/web\/category\/temas\/bogota\/"},"img":{"alt_text":"","src":"https:\/\/i0.wp.com\/moir.com.co\/web\/wp-content\/uploads\/2016\/11\/tribmagton%CC%83a5-1.jpg?fit=900%2C1200&ssl=1&resize=350%2C200","width":350,"height":200,"srcset":"https:\/\/i0.wp.com\/moir.com.co\/web\/wp-content\/uploads\/2016\/11\/tribmagton%CC%83a5-1.jpg?fit=900%2C1200&ssl=1&resize=350%2C200 1x, https:\/\/i0.wp.com\/moir.com.co\/web\/wp-content\/uploads\/2016\/11\/tribmagton%CC%83a5-1.jpg?fit=900%2C1200&ssl=1&resize=525%2C300 1.5x, https:\/\/i0.wp.com\/moir.com.co\/web\/wp-content\/uploads\/2016\/11\/tribmagton%CC%83a5-1.jpg?fit=900%2C1200&ssl=1&resize=700%2C400 2x"},"classes":[]},{"id":16002,"url":"https:\/\/moir.com.co\/web\/no-hay-cronograma-oficial-para-la-contratacion-del-metro\/","url_meta":{"origin":13562,"position":2},"title":"No hay cronograma oficial para la contrataci\u00f3n del metro","author":"admin","date":"septiembre 25, 2018","format":false,"excerpt":"Oficina de prensa del concejal Manuel Sarmiento, Bogot\u00e1, septiembre 24 de 2018 El concejal Manuel Sarmiento denuncia que a pesar de los anuncios de la Alcald\u00eda y la Empresa Metro, el cronograma de la licitaci\u00f3n a\u00fan no es definitivo. En el debate del jueves 27 de septiembre, Sarmiento mostrar\u00e1 las\u2026","rel":"","context":"En \u00abBogot\u00e1\u00bb","block_context":{"text":"Bogot\u00e1","link":"https:\/\/moir.com.co\/web\/category\/temas\/bogota\/"},"img":{"alt_text":"","src":"https:\/\/i0.wp.com\/moir.com.co\/web\/wp-content\/uploads\/2018\/09\/cronogramametro.png?fit=810%2C450&ssl=1&resize=350%2C200","width":350,"height":200,"srcset":"https:\/\/i0.wp.com\/moir.com.co\/web\/wp-content\/uploads\/2018\/09\/cronogramametro.png?fit=810%2C450&ssl=1&resize=350%2C200 1x, https:\/\/i0.wp.com\/moir.com.co\/web\/wp-content\/uploads\/2018\/09\/cronogramametro.png?fit=810%2C450&ssl=1&resize=525%2C300 1.5x, https:\/\/i0.wp.com\/moir.com.co\/web\/wp-content\/uploads\/2018\/09\/cronogramametro.png?fit=810%2C450&ssl=1&resize=700%2C400 2x"},"classes":[]},{"id":14010,"url":"https:\/\/moir.com.co\/web\/se-debe-permitir-a-vendedores-informales-y-artesanos-trabajar-en-epoca-decembrina-sin-operativos-policivos\/","url_meta":{"origin":13562,"position":3},"title":"Se debe permitir a vendedores informales y artesanos trabajar en \u00e9poca decembrina, sin operativos policivos","author":"admin","date":"diciembre 4, 2017","format":false,"excerpt":"Oficina de prensa del concejal Manuel Sarmiento, Bogot\u00e1, diciembre 4 de 2017 El Concejal Manuel Sarmiento, env\u00edo comunicaci\u00f3n al alcalde Enrique Pe\u00f1alosa y a la alcaldesa local de Usaqu\u00e9n solicitandoles que se abstengan de realizar operativos de desalojo contra vendedores informales y artesanos de la plaza fundacional de Usaqu\u00e9n. El\u2026","rel":"","context":"En \u00abBogot\u00e1\u00bb","block_context":{"text":"Bogot\u00e1","link":"https:\/\/moir.com.co\/web\/category\/temas\/bogota\/"},"img":{"alt_text":"","src":"https:\/\/i0.wp.com\/moir.com.co\/web\/wp-content\/uploads\/2017\/12\/bogotavendedoresambulantes.jpg?fit=1200%2C607&ssl=1&resize=350%2C200","width":350,"height":200,"srcset":"https:\/\/i0.wp.com\/moir.com.co\/web\/wp-content\/uploads\/2017\/12\/bogotavendedoresambulantes.jpg?fit=1200%2C607&ssl=1&resize=350%2C200 1x, https:\/\/i0.wp.com\/moir.com.co\/web\/wp-content\/uploads\/2017\/12\/bogotavendedoresambulantes.jpg?fit=1200%2C607&ssl=1&resize=525%2C300 1.5x, https:\/\/i0.wp.com\/moir.com.co\/web\/wp-content\/uploads\/2017\/12\/bogotavendedoresambulantes.jpg?fit=1200%2C607&ssl=1&resize=700%2C400 2x, https:\/\/i0.wp.com\/moir.com.co\/web\/wp-content\/uploads\/2017\/12\/bogotavendedoresambulantes.jpg?fit=1200%2C607&ssl=1&resize=1050%2C600 3x"},"classes":[]},{"id":11800,"url":"https:\/\/moir.com.co\/web\/programa-radial-de-tribuna-magisterial-febrero-26-de-2017\/","url_meta":{"origin":13562,"position":4},"title":"Programa Radial de Tribuna Magisterial, febrero 26 de 2017","author":"admin","date":"febrero 27, 2017","format":"audio","excerpt":"Bogot\u00e1, febrero 26 de 2017 En el programa del 26 de febrero de 2016, Mar\u00eda Antonieta Cano, de la Junta Directiva de la ADE y directora del programa radial, dedic\u00f3 el editorial a leer su \u00faltimo art\u00edculo titulado \u201cLas mil y una razones para revocar a Pe\u00f1alosa\u201d, en el cual\u2026","rel":"","context":"Entrada similar","block_context":{"text":"Entrada similar","link":""},"img":{"alt_text":"","src":"https:\/\/i0.wp.com\/moir.com.co\/web\/wp-content\/uploads\/2016\/11\/tribmagton%CC%83a2.jpg?fit=298%2C268&ssl=1&resize=350%2C200","width":350,"height":200},"classes":[]},{"id":12170,"url":"https:\/\/moir.com.co\/web\/programa-radial-de-tribuna-magisterial-abril-23-de-2017\/","url_meta":{"origin":13562,"position":5},"title":"Programa Radial de Tribuna Magisterial, abril 23 de 2017","author":"admin","date":"abril 24, 2017","format":"audio","excerpt":"Bogot\u00e1, abril 23 de 2017 En el programa del 23 de abril, Mar\u00eda Antonieta Cano de la Junta directiva de la ADE y directora del programa y Pedro Jim\u00e9nez conductor del programa entrevistaron en el Espacio Sindical a Francisco Torres del Comit\u00e9 Ejecutivo de FECODE, quien dio un informe sobre\u2026","rel":"","context":"En \u00abBogot\u00e1\u00bb","block_context":{"text":"Bogot\u00e1","link":"https:\/\/moir.com.co\/web\/category\/temas\/bogota\/"},"img":{"alt_text":"","src":"https:\/\/i0.wp.com\/moir.com.co\/web\/wp-content\/uploads\/2016\/11\/tribmagton%CC%83a5.jpg?fit=900%2C1200&ssl=1&resize=350%2C200","width":350,"height":200,"srcset":"https:\/\/i0.wp.com\/moir.com.co\/web\/wp-content\/uploads\/2016\/11\/tribmagton%CC%83a5.jpg?fit=900%2C1200&ssl=1&resize=350%2C200 1x, https:\/\/i0.wp.com\/moir.com.co\/web\/wp-content\/uploads\/2016\/11\/tribmagton%CC%83a5.jpg?fit=900%2C1200&ssl=1&resize=525%2C300 1.5x, https:\/\/i0.wp.com\/moir.com.co\/web\/wp-content\/uploads\/2016\/11\/tribmagton%CC%83a5.jpg?fit=900%2C1200&ssl=1&resize=700%2C400 2x"},"classes":[]}],"jetpack_sharing_enabled":true,"_links":{"self":[{"href":"https:\/\/moir.com.co\/web\/wp-json\/wp\/v2\/posts\/13562","targetHints":{"allow":["GET"]}}],"collection":[{"href":"https:\/\/moir.com.co\/web\/wp-json\/wp\/v2\/posts"}],"about":[{"href":"https:\/\/moir.com.co\/web\/wp-json\/wp\/v2\/types\/post"}],"author":[{"embeddable":true,"href":"https:\/\/moir.com.co\/web\/wp-json\/wp\/v2\/users\/1"}],"replies":[{"embeddable":true,"href":"https:\/\/moir.com.co\/web\/wp-json\/wp\/v2\/comments?post=13562"}],"version-history":[{"count":1,"href":"https:\/\/moir.com.co\/web\/wp-json\/wp\/v2\/posts\/13562\/revisions"}],"predecessor-version":[{"id":13564,"href":"https:\/\/moir.com.co\/web\/wp-json\/wp\/v2\/posts\/13562\/revisions\/13564"}],"wp:attachment":[{"href":"https:\/\/moir.com.co\/web\/wp-json\/wp\/v2\/media?parent=13562"}],"wp:term":[{"taxonomy":"category","embeddable":true,"href":"https:\/\/moir.com.co\/web\/wp-json\/wp\/v2\/categories?post=13562"},{"taxonomy":"post_tag","embeddable":true,"href":"https:\/\/moir.com.co\/web\/wp-json\/wp\/v2\/tags?post=13562"}],"curies":[{"name":"wp","href":"https:\/\/api.w.org\/{rel}","templated":true}]}}