{"id":13547,"date":"2017-10-18T05:45:03","date_gmt":"2017-10-18T05:45:03","guid":{"rendered":"https:\/\/moir.org.co\/web\/?p=13547"},"modified":"2017-10-18T05:45:03","modified_gmt":"2017-10-18T05:45:03","slug":"video-exposicion-principal-robledo-colombianos-derrotemos-el-pacto-de-corrupcion-e-impunidad","status":"publish","type":"post","link":"https:\/\/moir.com.co\/web\/video-exposicion-principal-robledo-colombianos-derrotemos-el-pacto-de-corrupcion-e-impunidad\/","title":{"rendered":"Video: Exposici\u00f3n principal. Robledo: \u00a1Colombianos, derrotemos el pacto de corrupci\u00f3n e impunidad!"},"content":{"rendered":"<p><strong>Intervenci\u00f3n principal senador Jorge Enrique Robledo, plenaria del Senado, 17 de octubre de 2017<\/strong><\/p>\n","protected":false},"excerpt":{"rendered":"<p>Intervenci\u00f3n principal senador Jorge Enrique Robledo, plenaria del Senado, 17 de octubre de 2017<\/p>\n","protected":false},"author":1,"featured_media":0,"comment_status":"open","ping_status":"open","sticky":false,"template":"","format":"video","meta":{"advanced_seo_description":"","jetpack_seo_html_title":"","jetpack_seo_noindex":false,"_jetpack_memberships_contains_paid_content":false,"footnotes":""},"categories":[102,97,4,98],"tags":[],"class_list":["post-13547","post","type-post","status-publish","format-video","hentry","category-economia","category-imperialismo-y-neoliberalismo","category-jorge-enrique-robledo","category-politica","post_format-post-format-video"],"jetpack_featured_media_url":"","jetpack-related-posts":[{"id":4857,"url":"https:\/\/moir.com.co\/web\/el-senador-jorge-enrique-robledo-participo-en-el-foro-sobre-el-impacto-de-los-tlc-con-estados-unidos-y-la-union-europea-en-el-sector-lacteo-con-asistencia-principalmente-de-indigenas-pastos-narino-o\/","url_meta":{"origin":13547,"position":0},"title":"El senador Jorge Enrique Robledo particip\u00f3 en el foro sobre el impacto de los TLC con Estados Unidos y la Uni\u00f3n Europea en el sector l\u00e1cteo con asistencia principalmente de ind\u00edgenas pastos, Nari\u00f1o, octubre 2 de 2010","author":"admin","date":"octubre 4, 2010","format":false,"excerpt":"","rel":"","context":"En \u00abGaler\u00edas\u00bb","block_context":{"text":"Galer\u00edas","link":"https:\/\/moir.com.co\/web\/category\/multimedia\/galerias\/"},"img":{"alt_text":"","src":"","width":0,"height":0},"classes":[]},{"id":14428,"url":"https:\/\/moir.com.co\/web\/video-el-principal-responsable-de-la-crisis-de-basuras-que-vive-bogota-es-enrique-penalosa-denuncia-robledo\/","url_meta":{"origin":13547,"position":1},"title":"Video: El principal responsable de la crisis de basuras que vive Bogot\u00e1 es Enrique Pe\u00f1alosa, denuncia Robledo","author":"admin","date":"febrero 7, 2018","format":"video","excerpt":"Bogot\u00e1, febrero 6 de 2018","rel":"","context":"En \u00abBogot\u00e1\u00bb","block_context":{"text":"Bogot\u00e1","link":"https:\/\/moir.com.co\/web\/category\/temas\/bogota\/"},"img":{"alt_text":"","src":"","width":0,"height":0},"classes":[]},{"id":18235,"url":"https:\/\/moir.com.co\/web\/video-intervencion-principal-de-robledo-en-el-debate-defendamos-a-corabastos\/","url_meta":{"origin":13547,"position":2},"title":"Video: Intervenci\u00f3n principal de Robledo en el debate &#8220;Defendamos a Corabastos&#8221;","author":"admin","date":"noviembre 7, 2019","format":"video","excerpt":"Bogot\u00e1, noviembre 5 de 2019","rel":"","context":"En \u00abAgro\u00bb","block_context":{"text":"Agro","link":"https:\/\/moir.com.co\/web\/category\/temas\/agro\/"},"img":{"alt_text":"","src":"","width":0,"height":0},"classes":[]},{"id":5641,"url":"https:\/\/moir.com.co\/web\/a-movilizarnos-en-defensa-de-la-salud-llama-el-senador-robledo\/","url_meta":{"origin":13547,"position":3},"title":"A movilizarnos en defensa de la salud, llama el Senador Robledo","author":"admin","date":"mayo 21, 2011","format":false,"excerpt":"El senador Jorge Enrique Robledo llam\u00f3 a todos los colombianos, sin distingos pol\u00edticos ni de ning\u00fan tipo, a movilizarse el martes 24 de mayo en contra de la descomunal corrupci\u00f3n en el sistema de salud y por un cambio profundo, estructural, de la administraci\u00f3n de sus recursos, sin intermediarios financieros.\u2026","rel":"","context":"En \u00abJorge Enrique Robledo\u00bb","block_context":{"text":"Jorge Enrique Robledo","link":"https:\/\/moir.com.co\/web\/category\/jorge-enrique-robledo\/"},"img":{"alt_text":"","src":"","width":0,"height":0},"classes":[]},{"id":6722,"url":"https:\/\/moir.com.co\/web\/como-parte-de-la-jornada-nacional-contra-la-locomotora-minera-clara-lopez-y-jorge-enrique-robledo-estuvieron-en-la-guajira\/","url_meta":{"origin":13547,"position":4},"title":"Como parte de la jornada nacional contra la locomotora minera,  Clara L\u00f3pez y Jorge Enrique Robledo estuvieron en La Guajira","author":"admin","date":"agosto 1, 2012","format":false,"excerpt":"Un\u00e1nime el rechazo a pretensiones de las trasnacionales. Comit\u00e9 C\u00edvico reafirma que persistir\u00e1 hasta lograr que no se desv\u00ede el r\u00edo Rancher\u00eda. Con una marcha-carnaval por la defensa del agua, que hizo parte de la jornada nacional contra la locomotora minera, las fuerzas vivas de La Guajira expresaron hoy su\u2026","rel":"","context":"En \u00abJorge Enrique Robledo\u00bb","block_context":{"text":"Jorge Enrique Robledo","link":"https:\/\/moir.com.co\/web\/category\/jorge-enrique-robledo\/"},"img":{"alt_text":"","src":"","width":0,"height":0},"classes":[]},{"id":16547,"url":"https:\/\/moir.com.co\/web\/con-la-reforma-tributaria-les-siguen-subiendo-los-impuestos-a-la-clase-media-y-a-los-pobres-robledo\/","url_meta":{"origin":13547,"position":5},"title":"Con la reforma tributaria les siguen subiendo los impuestos a la clase media y a los pobres: Robledo","author":"admin","date":"diciembre 5, 2018","format":false,"excerpt":"Oficina de prensa del senador Jorge Enrique Robledo, Bogot\u00e1, diciembre 4 de 2018 \u201cPilas colombianos. A dormir con un ojo abierto porque el adefesio de ponerle IVA a toda la canasta familiar puede revivirse en el \u00faltimo momento del tr\u00e1mite de esta reforma tributaria,\u201d as\u00ed se expres\u00f3 el senador Jorge\u2026","rel":"","context":"En \u00abEconom\u00eda\u00bb","block_context":{"text":"Econom\u00eda","link":"https:\/\/moir.com.co\/web\/category\/temas\/economia\/"},"img":{"alt_text":"","src":"https:\/\/i0.wp.com\/moir.com.co\/web\/wp-content\/uploads\/2018\/12\/reformatributaria2018.jpg?fit=768%2C384&ssl=1&resize=350%2C200","width":350,"height":200,"srcset":"https:\/\/i0.wp.com\/moir.com.co\/web\/wp-content\/uploads\/2018\/12\/reformatributaria2018.jpg?fit=768%2C384&ssl=1&resize=350%2C200 1x, https:\/\/i0.wp.com\/moir.com.co\/web\/wp-content\/uploads\/2018\/12\/reformatributaria2018.jpg?fit=768%2C384&ssl=1&resize=525%2C300 1.5x, https:\/\/i0.wp.com\/moir.com.co\/web\/wp-content\/uploads\/2018\/12\/reformatributaria2018.jpg?fit=768%2C384&ssl=1&resize=700%2C400 2x"},"classes":[]}],"jetpack_sharing_enabled":true,"_links":{"self":[{"href":"https:\/\/moir.com.co\/web\/wp-json\/wp\/v2\/posts\/13547","targetHints":{"allow":["GET"]}}],"collection":[{"href":"https:\/\/moir.com.co\/web\/wp-json\/wp\/v2\/posts"}],"about":[{"href":"https:\/\/moir.com.co\/web\/wp-json\/wp\/v2\/types\/post"}],"author":[{"embeddable":true,"href":"https:\/\/moir.com.co\/web\/wp-json\/wp\/v2\/users\/1"}],"replies":[{"embeddable":true,"href":"https:\/\/moir.com.co\/web\/wp-json\/wp\/v2\/comments?post=13547"}],"version-history":[{"count":1,"href":"https:\/\/moir.com.co\/web\/wp-json\/wp\/v2\/posts\/13547\/revisions"}],"predecessor-version":[{"id":13548,"href":"https:\/\/moir.com.co\/web\/wp-json\/wp\/v2\/posts\/13547\/revisions\/13548"}],"wp:attachment":[{"href":"https:\/\/moir.com.co\/web\/wp-json\/wp\/v2\/media?parent=13547"}],"wp:term":[{"taxonomy":"category","embeddable":true,"href":"https:\/\/moir.com.co\/web\/wp-json\/wp\/v2\/categories?post=13547"},{"taxonomy":"post_tag","embeddable":true,"href":"https:\/\/moir.com.co\/web\/wp-json\/wp\/v2\/tags?post=13547"}],"curies":[{"name":"wp","href":"https:\/\/api.w.org\/{rel}","templated":true}]}}