{"id":13545,"date":"2017-10-18T05:40:50","date_gmt":"2017-10-18T05:40:50","guid":{"rendered":"https:\/\/moir.org.co\/web\/?p=13545"},"modified":"2017-10-18T05:40:50","modified_gmt":"2017-10-18T05:40:50","slug":"video-replica-faltan-a-la-verdad-los-mismos-con-las-mismas-sobre-mi-debate-robledo","status":"publish","type":"post","link":"https:\/\/moir.com.co\/web\/video-replica-faltan-a-la-verdad-los-mismos-con-las-mismas-sobre-mi-debate-robledo\/","title":{"rendered":"Video: R\u00e9plica: Faltan a la verdad los mismos con las mismas sobre mi debate, Robledo"},"content":{"rendered":"<p><strong>Jorge Enrique Robledo demuestra que ninguna de sus acusaciones ha sido refutada en el debate y se pregunta por qu\u00e9 Uribismo y santismo se unen para mantener en su cargo al Fiscal Mart\u00ednez, Bogot\u00e1, octubre 17 de 2017<\/strong><\/p>\n","protected":false},"excerpt":{"rendered":"<p>Jorge Enrique Robledo demuestra que ninguna de sus acusaciones ha sido refutada en el debate y se pregunta por qu\u00e9 Uribismo y santismo se unen para mantener en su cargo al Fiscal Mart\u00ednez, Bogot\u00e1, octubre 17 de 2017<\/p>\n","protected":false},"author":1,"featured_media":0,"comment_status":"open","ping_status":"open","sticky":false,"template":"","format":"video","meta":{"advanced_seo_description":"","jetpack_seo_html_title":"","jetpack_seo_noindex":false,"_jetpack_memberships_contains_paid_content":false,"footnotes":""},"categories":[102,97,4,98],"tags":[],"class_list":["post-13545","post","type-post","status-publish","format-video","hentry","category-economia","category-imperialismo-y-neoliberalismo","category-jorge-enrique-robledo","category-politica","post_format-post-format-video"],"jetpack_featured_media_url":"","jetpack-related-posts":[{"id":10055,"url":"https:\/\/moir.com.co\/web\/comision-v-del-senado-aprueba-citacion-a-enrique-penalosa-para-debate-sobre-el-metro\/","url_meta":{"origin":13545,"position":0},"title":"Comisi\u00f3n V del Senado aprueba citaci\u00f3n a Enrique Pe\u00f1alosa para debate sobre el Metro","author":"admin","date":"marzo 31, 2016","format":false,"excerpt":"El debate se aprob\u00f3 por solicitud del senador Robledo. Se informar\u00e1 fecha y hora del debate de manera oportuna. El pasado martes 29 de marzo la Comisi\u00f3n V del Senado de la Rep\u00fablica aprob\u00f3 por solicitud del senador Jorge Enrique Robledo, la realizaci\u00f3n de un debate de control pol\u00edtico sobre\u2026","rel":"","context":"En \u00abJorge Enrique Robledo\u00bb","block_context":{"text":"Jorge Enrique Robledo","link":"https:\/\/moir.com.co\/web\/category\/jorge-enrique-robledo\/"},"img":{"alt_text":"","src":"","width":0,"height":0},"classes":[]},{"id":13371,"url":"https:\/\/moir.com.co\/web\/robledo-proclamado-candidato-presidencial-del-polo-gran-debate-contra-la-corrupcion-en-el-poder\/","url_meta":{"origin":13545,"position":1},"title":"Robledo proclamado candidato presidencial del Polo. Gran debate contra la corrupci\u00f3n en el poder","author":"admin","date":"septiembre 26, 2017","format":false,"excerpt":"Oficina de prensa del senador Jorge Enrique Robledo, Bogot\u00e1, septiembre 26 de 2017 Frente a m\u00e1s 2000 dirigentes de todo el pa\u00eds Jorge Enrique Robledo fue proclamado candidato \u00fanico del Polo Democr\u00e1tico Alternativo a la Presidencia de la Rep\u00fablica. El Polo tambi\u00e9n present\u00f3 sus listas al Senado y a la\u2026","rel":"","context":"En \u00abEconom\u00eda\u00bb","block_context":{"text":"Econom\u00eda","link":"https:\/\/moir.com.co\/web\/category\/temas\/economia\/"},"img":{"alt_text":"","src":"https:\/\/i0.wp.com\/moir.com.co\/web\/wp-content\/uploads\/2017\/09\/robledoproclamacion2.jpeg?fit=937%2C667&ssl=1&resize=350%2C200","width":350,"height":200,"srcset":"https:\/\/i0.wp.com\/moir.com.co\/web\/wp-content\/uploads\/2017\/09\/robledoproclamacion2.jpeg?fit=937%2C667&ssl=1&resize=350%2C200 1x, https:\/\/i0.wp.com\/moir.com.co\/web\/wp-content\/uploads\/2017\/09\/robledoproclamacion2.jpeg?fit=937%2C667&ssl=1&resize=525%2C300 1.5x, https:\/\/i0.wp.com\/moir.com.co\/web\/wp-content\/uploads\/2017\/09\/robledoproclamacion2.jpeg?fit=937%2C667&ssl=1&resize=700%2C400 2x"},"classes":[]},{"id":10031,"url":"https:\/\/moir.com.co\/web\/el-fracaso-de-colombia-en-la-corte-de-la-haya-debe-debatirse-en-el-senado-robledo\/","url_meta":{"origin":13545,"position":2},"title":"El fracaso de Colombia en la Corte de La Haya debe debatirse en el Senado: Robledo","author":"admin","date":"marzo 18, 2016","format":false,"excerpt":"Los colombianos tienen que tener el derecho a juzgar lo ocurrido y a establecer responsabilidades pol\u00edticas. Las relaciones internacionales las han manejado los mismos. \u201cSin perjuicio de promover las m\u00e1s amplias coincidencias posibles en defensa de la integridad nacional, en el Senado debe hacerse un debate de control pol\u00edtico sobre\u2026","rel":"","context":"En \u00abJorge Enrique Robledo\u00bb","block_context":{"text":"Jorge Enrique Robledo","link":"https:\/\/moir.com.co\/web\/category\/jorge-enrique-robledo\/"},"img":{"alt_text":"","src":"","width":0,"height":0},"classes":[]},{"id":15780,"url":"https:\/\/moir.com.co\/web\/video-propuesta-de-santos-y-duque-para-electricaribe-es-la-misma-robledo\/","url_meta":{"origin":13545,"position":3},"title":"Video: Propuesta de Santos y Duque para Electricaribe es la misma: Robledo","author":"admin","date":"agosto 29, 2018","format":"video","excerpt":"Intervenci\u00f3n del senador Jorge Enrique Robledo, plenaria del Senado, 28 de agosto de 2018, en el debate sobre la situaci\u00f3n de Electricaribe. Bogot\u00e1, agosto 28 de 2018","rel":"","context":"En \u00abEconom\u00eda\u00bb","block_context":{"text":"Econom\u00eda","link":"https:\/\/moir.com.co\/web\/category\/temas\/economia\/"},"img":{"alt_text":"","src":"","width":0,"height":0},"classes":[]},{"id":4424,"url":"https:\/\/moir.com.co\/web\/en-directo-debate-de-robledo-manana-al-tlc-con-la-union-europea\/","url_meta":{"origin":13545,"position":4},"title":"En directo, debate de Robledo ma\u00f1ana al TLC con la Uni\u00f3n Europea","author":"admin","date":"mayo 20, 2010","format":false,"excerpt":"El debate citado para ma\u00f1ana martes 1\u00ba de junio por el senador Jorge Enrique Robledo sobre el TLC con la Uni\u00f3n Europea ser\u00e1 transmitido en directo por la Se\u00f1al Institucional y el Canal Congreso a partir de las 10 de la ma\u00f1ana, hora en que inicia sesiones la Comisi\u00f3n Quinta\u2026","rel":"","context":"En \u00abJorge Enrique Robledo\u00bb","block_context":{"text":"Jorge Enrique Robledo","link":"https:\/\/moir.com.co\/web\/category\/jorge-enrique-robledo\/"},"img":{"alt_text":"","src":"","width":0,"height":0},"classes":[]},{"id":18013,"url":"https:\/\/moir.com.co\/web\/video-intervencion-central-de-jorge-enrique-robledo-en-el-debate-la-ruta-de-odebrecht-grupo-aval\/","url_meta":{"origin":13545,"position":5},"title":"Video: Intervenci\u00f3n central de Jorge Enrique Robledo en el Debate &#8220;La ruta de Odebrecht &#8211; Grupo Aval&#8221;","author":"admin","date":"septiembre 4, 2019","format":"video","excerpt":"Bogot\u00e1, septiembre 3 de 2019","rel":"","context":"En \u00abEconom\u00eda\u00bb","block_context":{"text":"Econom\u00eda","link":"https:\/\/moir.com.co\/web\/category\/temas\/economia\/"},"img":{"alt_text":"","src":"","width":0,"height":0},"classes":[]}],"jetpack_sharing_enabled":true,"_links":{"self":[{"href":"https:\/\/moir.com.co\/web\/wp-json\/wp\/v2\/posts\/13545","targetHints":{"allow":["GET"]}}],"collection":[{"href":"https:\/\/moir.com.co\/web\/wp-json\/wp\/v2\/posts"}],"about":[{"href":"https:\/\/moir.com.co\/web\/wp-json\/wp\/v2\/types\/post"}],"author":[{"embeddable":true,"href":"https:\/\/moir.com.co\/web\/wp-json\/wp\/v2\/users\/1"}],"replies":[{"embeddable":true,"href":"https:\/\/moir.com.co\/web\/wp-json\/wp\/v2\/comments?post=13545"}],"version-history":[{"count":1,"href":"https:\/\/moir.com.co\/web\/wp-json\/wp\/v2\/posts\/13545\/revisions"}],"predecessor-version":[{"id":13546,"href":"https:\/\/moir.com.co\/web\/wp-json\/wp\/v2\/posts\/13545\/revisions\/13546"}],"wp:attachment":[{"href":"https:\/\/moir.com.co\/web\/wp-json\/wp\/v2\/media?parent=13545"}],"wp:term":[{"taxonomy":"category","embeddable":true,"href":"https:\/\/moir.com.co\/web\/wp-json\/wp\/v2\/categories?post=13545"},{"taxonomy":"post_tag","embeddable":true,"href":"https:\/\/moir.com.co\/web\/wp-json\/wp\/v2\/tags?post=13545"}],"curies":[{"name":"wp","href":"https:\/\/api.w.org\/{rel}","templated":true}]}}