{"id":13541,"date":"2017-10-17T20:13:23","date_gmt":"2017-10-17T20:13:23","guid":{"rendered":"https:\/\/moir.org.co\/web\/?p=13541"},"modified":"2017-10-17T20:21:10","modified_gmt":"2017-10-17T20:21:10","slug":"programa-radial-de-tribuna-magisterial-octubre-15-de-2017","status":"publish","type":"post","link":"https:\/\/moir.com.co\/web\/programa-radial-de-tribuna-magisterial-octubre-15-de-2017\/","title":{"rendered":"Programa Radial de Tribuna Magisterial, octubre 15 de 2017"},"content":{"rendered":"<p><strong>Bogot\u00e1, octubre 15 de 2017<\/strong><\/p>\n<p>En el programa del 15 de octubre Pedro Jim\u00e9nez, docente del distrito y conductor del programa, entrevist\u00f3 a Mar\u00eda Antonieta Cano de la Junta Directiva de la ADE quien hizo un an\u00e1lisis de la situaci\u00f3n pol\u00edtica y social del distrito, explic\u00f3 las razones por las cuales el magisterio de la capital particip\u00f3 de la jornada de movilizaci\u00f3n del pasado 12 de octubre se\u00f1alando que el presidente Santos y el alcalde Enrique Pe\u00f1alosa tienen a la educaci\u00f3n p\u00fablica en unas condiciones cr\u00edticas. Tambi\u00e9n dio un informe sobre la sesi\u00f3n del comit\u00e9 sindical de Ciudad Bol\u00edvar en Mochuelo Alto explicando las condiciones indignantes en las que viven los habitantes de esta zona de la ciudad. Finalmente, invit\u00f3 a Marcar el #2 para la Junta directiva y a votar por los candidatos a la asamblea de delegados de Tribuna Magisterial.<\/p>\n<p>A continuaci\u00f3n el concejal del Polo Democr\u00e1tico Alternativo Manuel Sarmiento habl\u00f3 sobre la crisis del SITP presentada esta semana en la localidad de Ciudad Bol\u00edvar, afirma que fue una crisis anunciada en la que el alcalde Enrique Pe\u00f1alosa no hizo nada para prevenirla. Invit\u00f3 a ver el debate de este 17 de este octubre en el Congreso de la Rep\u00fablica, donde Claudia L\u00f3pez y Jorge Robledo denunciar\u00e1n los graves casos de corrupci\u00f3n del Gobierno de Santos y su exvicepresidente Germ\u00e1n Vargas Lleras.<\/p>\n<p>&nbsp;<\/p>\n<p>Pedro Jim\u00e9nez entrevist\u00f3 a la profesora Laura Moreno, maestra del 1278, quien es candidata a la asamblea de delegados de la ADE con el #298 en el segundo rengl\u00f3n que encabeza Mar\u00eda Antonieta, el prop\u00f3sito es defender los acuerdos firmados en el mes de junio de este a\u00f1o y luchar contra la pol\u00edtica de Juan Manuel Santos y de Enrique Pe\u00f1alosa en el marco de nuestra consigna #LaUnidadEsNuestraTarea<\/p>\n<p>En el espacio cient\u00edfico, Guillermo Guevara ley\u00f3 el art\u00edculo escrito por Manuel Alcedes el 4 de octubre en el diario El Pa\u00eds de Espa\u00f1a.<\/p>\n<p>&nbsp;<\/p>\n<p>Finalmente, se present\u00f3 la entrevista que el profesor Albert Serrano le realiz\u00f3 al profesor Mauricio Pedraza, de Mochuelo Alto en Ciudad Bol\u00edvar, quien denunci\u00f3 las dif\u00edciles condiciones del colegio Mochuelo Alto al estar cerca al relleno sanitario de Do\u00f1a Juana. Y \u00d3scar Guti\u00e9rrez, director ejecutivo de Dignidad Agropecuaria, explic\u00f3 los motivos por los cuales los campesinos participaron de la jornada de movilizaci\u00f3n del 12 de octubre.<\/p>\n","protected":false},"excerpt":{"rendered":"<p>Bogot\u00e1, octubre 15 de 2017 En el programa del 15 de octubre Pedro Jim\u00e9nez, docente del distrito y conductor del programa, entrevist\u00f3 a Mar\u00eda Antonieta Cano de la Junta Directiva de la ADE quien hizo un an\u00e1lisis de la situaci\u00f3n pol\u00edtica y social del distrito, explic\u00f3 las razones por las cuales el magisterio de la [&hellip;]<\/p>\n","protected":false},"author":1,"featured_media":13436,"comment_status":"open","ping_status":"open","sticky":false,"template":"","format":"audio","meta":{"advanced_seo_description":"","jetpack_seo_html_title":"","jetpack_seo_noindex":false,"_jetpack_memberships_contains_paid_content":false,"footnotes":""},"categories":[114,101,102,103,97,98,109,11,111],"tags":[],"class_list":["post-13541","post","type-post","status-publish","format-audio","has-post-thumbnail","hentry","category-agro","category-bogota","category-economia","category-educacion","category-imperialismo-y-neoliberalismo","category-politica","category-sindical","category-tribuna-magisterial","category-vivienda-y-desarrollo-urbano","post_format-post-format-audio"],"jetpack_featured_media_url":"https:\/\/i0.wp.com\/moir.com.co\/web\/wp-content\/uploads\/2017\/10\/ADETon%CC%83a.jpg?fit=853%2C1280&ssl=1","jetpack-related-posts":[{"id":13481,"url":"https:\/\/moir.com.co\/web\/programa-radial-de-tribuna-magisterial-octubre-8-de-2017\/","url_meta":{"origin":13541,"position":0},"title":"Programa Radial de Tribuna Magisterial, octubre 8 de 2017","author":"admin","date":"octubre 10, 2017","format":"audio","excerpt":"Bogot\u00e1, octubre 8 de 2017 En el programa del 8 de octubre de 2017 Pedro Jim\u00e9nez docente del Distrito y conductor del programa, entrevist\u00f3 a Francisco Torres del Comit\u00e9 Ejecutivo de FECODE, quien dio un informe sobre la justa lucha de los pilotos de AVIANCA que se encuentran en huelga,\u2026","rel":"","context":"En \u00abEconom\u00eda\u00bb","block_context":{"text":"Econom\u00eda","link":"https:\/\/moir.com.co\/web\/category\/temas\/economia\/"},"img":{"alt_text":"","src":"https:\/\/i0.wp.com\/moir.com.co\/web\/wp-content\/uploads\/2017\/10\/ADETon%CC%83a.jpg?fit=800%2C1200&ssl=1&resize=350%2C200","width":350,"height":200,"srcset":"https:\/\/i0.wp.com\/moir.com.co\/web\/wp-content\/uploads\/2017\/10\/ADETon%CC%83a.jpg?fit=800%2C1200&ssl=1&resize=350%2C200 1x, https:\/\/i0.wp.com\/moir.com.co\/web\/wp-content\/uploads\/2017\/10\/ADETon%CC%83a.jpg?fit=800%2C1200&ssl=1&resize=525%2C300 1.5x, https:\/\/i0.wp.com\/moir.com.co\/web\/wp-content\/uploads\/2017\/10\/ADETon%CC%83a.jpg?fit=800%2C1200&ssl=1&resize=700%2C400 2x"},"classes":[]},{"id":13435,"url":"https:\/\/moir.com.co\/web\/programa-radial-de-tribuna-magisterial-octubre-1-de-2017\/","url_meta":{"origin":13541,"position":1},"title":"Programa Radial de Tribuna Magisterial, octubre 1 de 2017","author":"admin","date":"octubre 3, 2017","format":"audio","excerpt":"Bogot\u00e1, octubre 1 de 2017 En el programa del 1 de octubre Mar\u00eda Antonieta Cano, de la junta directiva de la Ade y directora del programa y Pedro Jim\u00e9nez docente del distrito, explicaron los puntos program\u00e1ticos expresados por el Senador y \u00a0Candidato a la presidencia por el Polo Democr\u00e1tico Alternativo\u2026","rel":"","context":"En \u00abEducaci\u00f3n\u00bb","block_context":{"text":"Educaci\u00f3n","link":"https:\/\/moir.com.co\/web\/category\/temas\/educacion\/"},"img":{"alt_text":"","src":"https:\/\/i0.wp.com\/moir.com.co\/web\/wp-content\/uploads\/2017\/10\/ADETon%CC%83a.jpg?fit=800%2C1200&ssl=1&resize=350%2C200","width":350,"height":200,"srcset":"https:\/\/i0.wp.com\/moir.com.co\/web\/wp-content\/uploads\/2017\/10\/ADETon%CC%83a.jpg?fit=800%2C1200&ssl=1&resize=350%2C200 1x, https:\/\/i0.wp.com\/moir.com.co\/web\/wp-content\/uploads\/2017\/10\/ADETon%CC%83a.jpg?fit=800%2C1200&ssl=1&resize=525%2C300 1.5x, https:\/\/i0.wp.com\/moir.com.co\/web\/wp-content\/uploads\/2017\/10\/ADETon%CC%83a.jpg?fit=800%2C1200&ssl=1&resize=700%2C400 2x"},"classes":[]},{"id":13635,"url":"https:\/\/moir.com.co\/web\/programa-radial-de-tribuna-magisterial-octubre-22-de-2017\/","url_meta":{"origin":13541,"position":2},"title":"Programa Radial de Tribuna Magisterial, octubre 22 de 2017","author":"admin","date":"octubre 26, 2017","format":"audio","excerpt":"Bogot\u00e1, octubre 22 de 2017 En el programa del 22 de octubre la profesora Marisol Moncada docente provisional del distrito present\u00f3 su candidatura a la asamblea de delegados de la ADE con el #341, tambi\u00e9n Pedro Jim\u00e9nez present\u00f3 su candidatura a la asamblea de delegados de la ADE con el\u2026","rel":"","context":"En \u00abBogot\u00e1\u00bb","block_context":{"text":"Bogot\u00e1","link":"https:\/\/moir.com.co\/web\/category\/temas\/bogota\/"},"img":{"alt_text":"","src":"https:\/\/i0.wp.com\/moir.com.co\/web\/wp-content\/uploads\/2017\/10\/ADETon%CC%83a.jpg?fit=800%2C1200&ssl=1&resize=350%2C200","width":350,"height":200,"srcset":"https:\/\/i0.wp.com\/moir.com.co\/web\/wp-content\/uploads\/2017\/10\/ADETon%CC%83a.jpg?fit=800%2C1200&ssl=1&resize=350%2C200 1x, https:\/\/i0.wp.com\/moir.com.co\/web\/wp-content\/uploads\/2017\/10\/ADETon%CC%83a.jpg?fit=800%2C1200&ssl=1&resize=525%2C300 1.5x, https:\/\/i0.wp.com\/moir.com.co\/web\/wp-content\/uploads\/2017\/10\/ADETon%CC%83a.jpg?fit=800%2C1200&ssl=1&resize=700%2C400 2x"},"classes":[]},{"id":11693,"url":"https:\/\/moir.com.co\/web\/programa-radial-de-tribuna-magisterial-febrero-12-de-2017\/","url_meta":{"origin":13541,"position":3},"title":"Programa Radial de Tribuna Magisterial, febrero 12 de 2017","author":"admin","date":"febrero 13, 2017","format":"audio","excerpt":"Bogot\u00e1, febrero 12 de 2017 En el programa del 12 de febrero Mar\u00eda Antonieta Cano, de la junta directiva de la ADE y directora del programa, dedic\u00f3 el editorial a realizar un balance sobre las problem\u00e1ticas que se est\u00e1n presentando en los colegios del Distrito al inicio del a\u00f1o, inform\u00f3\u2026","rel":"","context":"En \u00abBogot\u00e1\u00bb","block_context":{"text":"Bogot\u00e1","link":"https:\/\/moir.com.co\/web\/category\/temas\/bogota\/"},"img":{"alt_text":"","src":"https:\/\/i0.wp.com\/moir.com.co\/web\/wp-content\/uploads\/2016\/11\/tribmagton%CC%83a5-1.jpg?fit=900%2C1200&ssl=1&resize=350%2C200","width":350,"height":200,"srcset":"https:\/\/i0.wp.com\/moir.com.co\/web\/wp-content\/uploads\/2016\/11\/tribmagton%CC%83a5-1.jpg?fit=900%2C1200&ssl=1&resize=350%2C200 1x, https:\/\/i0.wp.com\/moir.com.co\/web\/wp-content\/uploads\/2016\/11\/tribmagton%CC%83a5-1.jpg?fit=900%2C1200&ssl=1&resize=525%2C300 1.5x, https:\/\/i0.wp.com\/moir.com.co\/web\/wp-content\/uploads\/2016\/11\/tribmagton%CC%83a5-1.jpg?fit=900%2C1200&ssl=1&resize=700%2C400 2x"},"classes":[]},{"id":13681,"url":"https:\/\/moir.com.co\/web\/programa-radial-de-tribuna-magisterial-octubre-29-de-2018\/","url_meta":{"origin":13541,"position":4},"title":"Programa Radial de Tribuna Magisterial, octubre 29 de 2018","author":"admin","date":"octubre 30, 2017","format":"audio","excerpt":"Bogot\u00e1, octubre 29 de 2017 En el programa del 29 de octubre de 2017 Mar\u00eda Antonieta Cano de la junta directiva de la ADE y directora del programa invit\u00f3 a los oyentes al gran evento campa\u00f1a con los candidatos de Tribuna Magisterial para la ADE que se realizar\u00e1 el 15\u2026","rel":"","context":"En \u00abBogot\u00e1\u00bb","block_context":{"text":"Bogot\u00e1","link":"https:\/\/moir.com.co\/web\/category\/temas\/bogota\/"},"img":{"alt_text":"","src":"https:\/\/i0.wp.com\/moir.com.co\/web\/wp-content\/uploads\/2017\/10\/ADETon%CC%83a.jpg?fit=800%2C1200&ssl=1&resize=350%2C200","width":350,"height":200,"srcset":"https:\/\/i0.wp.com\/moir.com.co\/web\/wp-content\/uploads\/2017\/10\/ADETon%CC%83a.jpg?fit=800%2C1200&ssl=1&resize=350%2C200 1x, https:\/\/i0.wp.com\/moir.com.co\/web\/wp-content\/uploads\/2017\/10\/ADETon%CC%83a.jpg?fit=800%2C1200&ssl=1&resize=525%2C300 1.5x, https:\/\/i0.wp.com\/moir.com.co\/web\/wp-content\/uploads\/2017\/10\/ADETon%CC%83a.jpg?fit=800%2C1200&ssl=1&resize=700%2C400 2x"},"classes":[]},{"id":11938,"url":"https:\/\/moir.com.co\/web\/programa-radial-de-tribuna-magisterial-marzo-19-de-2017\/","url_meta":{"origin":13541,"position":5},"title":"Programa Radial de Tribuna Magisterial, marzo 19 de 2017","author":"admin","date":"marzo 21, 2017","format":"audio","excerpt":"Bogot\u00e1, marzo 19 de 2017 En el programa del 19 de marzo de 2017, Mar\u00eda Antonieta Cano, de la Junta Directiva de la ADE y directora del programa, dedic\u00f3 el editorial a dar un informe sobre las problem\u00e1ticas que se est\u00e1n presentado en los colegios p\u00fablicos por cuenta de la\u2026","rel":"","context":"En \u00abBogot\u00e1\u00bb","block_context":{"text":"Bogot\u00e1","link":"https:\/\/moir.com.co\/web\/category\/temas\/bogota\/"},"img":{"alt_text":"","src":"https:\/\/i0.wp.com\/moir.com.co\/web\/wp-content\/uploads\/2016\/11\/tribmagton%CC%83a5-1.jpg?fit=900%2C1200&ssl=1&resize=350%2C200","width":350,"height":200,"srcset":"https:\/\/i0.wp.com\/moir.com.co\/web\/wp-content\/uploads\/2016\/11\/tribmagton%CC%83a5-1.jpg?fit=900%2C1200&ssl=1&resize=350%2C200 1x, https:\/\/i0.wp.com\/moir.com.co\/web\/wp-content\/uploads\/2016\/11\/tribmagton%CC%83a5-1.jpg?fit=900%2C1200&ssl=1&resize=525%2C300 1.5x, https:\/\/i0.wp.com\/moir.com.co\/web\/wp-content\/uploads\/2016\/11\/tribmagton%CC%83a5-1.jpg?fit=900%2C1200&ssl=1&resize=700%2C400 2x"},"classes":[]}],"jetpack_sharing_enabled":true,"_links":{"self":[{"href":"https:\/\/moir.com.co\/web\/wp-json\/wp\/v2\/posts\/13541","targetHints":{"allow":["GET"]}}],"collection":[{"href":"https:\/\/moir.com.co\/web\/wp-json\/wp\/v2\/posts"}],"about":[{"href":"https:\/\/moir.com.co\/web\/wp-json\/wp\/v2\/types\/post"}],"author":[{"embeddable":true,"href":"https:\/\/moir.com.co\/web\/wp-json\/wp\/v2\/users\/1"}],"replies":[{"embeddable":true,"href":"https:\/\/moir.com.co\/web\/wp-json\/wp\/v2\/comments?post=13541"}],"version-history":[{"count":1,"href":"https:\/\/moir.com.co\/web\/wp-json\/wp\/v2\/posts\/13541\/revisions"}],"predecessor-version":[{"id":13542,"href":"https:\/\/moir.com.co\/web\/wp-json\/wp\/v2\/posts\/13541\/revisions\/13542"}],"wp:featuredmedia":[{"embeddable":true,"href":"https:\/\/moir.com.co\/web\/wp-json\/wp\/v2\/media\/13436"}],"wp:attachment":[{"href":"https:\/\/moir.com.co\/web\/wp-json\/wp\/v2\/media?parent=13541"}],"wp:term":[{"taxonomy":"category","embeddable":true,"href":"https:\/\/moir.com.co\/web\/wp-json\/wp\/v2\/categories?post=13541"},{"taxonomy":"post_tag","embeddable":true,"href":"https:\/\/moir.com.co\/web\/wp-json\/wp\/v2\/tags?post=13541"}],"curies":[{"name":"wp","href":"https:\/\/api.w.org\/{rel}","templated":true}]}}