{"id":13529,"date":"2017-10-17T17:47:04","date_gmt":"2017-10-17T17:47:04","guid":{"rendered":"https:\/\/moir.org.co\/web\/?p=13529"},"modified":"2017-10-17T17:47:04","modified_gmt":"2017-10-17T17:47:04","slug":"desnutricion-cronica","status":"publish","type":"post","link":"https:\/\/moir.com.co\/web\/desnutricion-cronica\/","title":{"rendered":"Desnutrici\u00f3n cr\u00f3nica"},"content":{"rendered":"<p><strong>Jos\u00e9 Arlex Arias, Cartagena, octubre 16 de 2017<\/strong><\/p>\n<p>Los grandes medios de comunicaci\u00f3n han sido los encargados de marcar la agenda en la historia del pa\u00eds, por eso convierten cualquier hecho balad\u00ed en noticia y utilizan otros para tender cortinas de humo, seg\u00fan las necesidades del gobierno nacional o de los grupos econ\u00f3micos que ellos representan, muy a pesar de que se rasgan las vestiduras posando de objetivos, independientes y redentores o defensores de la poblaci\u00f3n y de los m\u00e1s desvalidos. As\u00ed funcionan aqu\u00ed y en todo el mundo; por eso nuestro problema o tema principal no es el mismo de dichos medios. Cada vez que necesitan esconder &#8220;nuestras verdades&#8221;, forman aspavientos con objetivos que a veces, siendo importantes, no son los del momento. En ese sentido, reiterativamente toman temas que luego dejan de la noche a la ma\u00f1ana, como es el caso de las muertes por desnutrici\u00f3n en Colombia.<\/p>\n<p>&nbsp;<\/p>\n<p>&#8220;La desnutrici\u00f3n ocurre cuando una persona no recibe los alimentos de una dieta adecuada. Esto causa da\u00f1os a los \u00f3rganos vitales y a las funciones del cuerpo. La falta de comida es la principal causa de desnutrici\u00f3n&#8221; (News Medical Life Sciences), por eso esta enfermedad tiene prevalencia en los pa\u00edses m\u00e1s pobres. Seg\u00fan\u00a0<a href=\"https:\/\/es.wikipedia.org\/wiki\/M%C3%A9dicos_Sin_Fronteras\">M\u00e9dicos Sin Fronteras<\/a>, cada a\u00f1o mueren entre 3 a 5 millones de ni\u00f1os menores de seis a\u00f1os por desnutrici\u00f3n en el mundo. UNICEF indica que 1,4 millones de ni\u00f1os est\u00e1n en riesgo inminente de muerte por desnutrici\u00f3n en Nigeria, Somalia, Sud\u00e1n del Sur y Yemen, los cuales forman parte de los 22 millones de menores desplazados que sufren hambre y enfermedades, y que tuvieron que abandonar la escuela.<\/p>\n<p>&nbsp;<\/p>\n<p>Colombia es un pa\u00eds subdesarrollado, en toda la extensi\u00f3n de su palabra: tiene millones de ni\u00f1os &#8220;desescolarizados&#8221;, el 60% del empleo es informal y los sistemas de salud y educaci\u00f3n est\u00e1n privatizados, lo que la convierte en un caldo de cultivo para la desnutrici\u00f3n. El sistema de vigilancia de salud p\u00fablica, <strong>SIVIGILA,<\/strong><strong>\u00a0<\/strong>del<strong>\u00a0<\/strong><strong>Instituto Nacional de Salud<\/strong>, INS, revela que\u00a0<strong>en 2016 se presentaron 355 muertes por desnutrici\u00f3n en Colombia<\/strong>, de ellas <strong>70 corresponden a La Guajira, 25 a Cesar, 24 al Choc\u00f3, 24 a Meta e incluso 14 se dieron en Bogot\u00e1,<\/strong> v\u00edctimas del cambio de la pol\u00edtica social del alcalde Pe\u00f1alosa<strong>.<\/strong> En <strong>2016<\/strong><strong>,<\/strong> seg\u00fan <strong>SIVIGILA,<\/strong>\u00a0se registraron<strong>\u00a0<\/strong><strong>14.417 casos de ni\u00f1os menores de 5 a\u00f1os con desnutrici\u00f3n aguda<\/strong>. <em>El INS inform\u00f3 que &#8220;en la semana del 14 al 20 de mayo de 2017 murieron 8 ni\u00f1os\u201d, acumulando 89 muertes en el a\u00f1o por <\/em>desnutrici\u00f3n. Calcula que semanalmente mueren entre 6 y 8 ni\u00f1os por esta enfermedad.<\/p>\n<p>&nbsp;<\/p>\n<p>Y en Cartagena, donde todo est\u00e1 rezagado y tampoco se publican las estad\u00edsticas, el principal centro hospitalario infantil, la Casa del Ni\u00f1o, en su estudio: \u2018Determinantes socioecon\u00f3micos del estado nutricional en menores de 5 a\u00f1os atendidos en el Hospital Infantil Napole\u00f3n Franco Pareja\u2019, revel\u00f3 que el 48,05% de los 600 ni\u00f1os atendidos por ellos en 2015 sufr\u00edan de desnutrici\u00f3n cr\u00f3nica. El d\u00eda en el que los grandes medios de comunicaci\u00f3n tengan que tender una nueva cortina de humo para mantener &#8220;el tefl\u00f3n&#8221; a este modelo econ\u00f3mico neoliberal, la muerte de los ni\u00f1os volver\u00e1 a ser noticia; mientras tanto, sus sacrificios ser\u00e1n ignorados. \u00a1No son los hijos de los ricos los que se mueren, son los hijos de un tal pueblo!<\/p>\n","protected":false},"excerpt":{"rendered":"<p>Jos\u00e9 Arlex Arias, Cartagena, octubre 16 de 2017 Los grandes medios de comunicaci\u00f3n han sido los encargados de marcar la agenda en la historia del pa\u00eds, por eso convierten cualquier hecho balad\u00ed en noticia y utilizan otros para tender cortinas de humo, seg\u00fan las necesidades del gobierno nacional o de los grupos econ\u00f3micos que ellos [&hellip;]<\/p>\n","protected":false},"author":1,"featured_media":13530,"comment_status":"open","ping_status":"open","sticky":false,"template":"","format":"standard","meta":{"advanced_seo_description":"","jetpack_seo_html_title":"","jetpack_seo_noindex":false,"_jetpack_memberships_contains_paid_content":false,"footnotes":""},"categories":[80,102,97,98,96],"tags":[],"class_list":["post-13529","post","type-post","status-publish","format-standard","has-post-thumbnail","hentry","category-debate-salud","category-economia","category-imperialismo-y-neoliberalismo","category-politica","category-salud-y-pensiones"],"jetpack_featured_media_url":"https:\/\/i0.wp.com\/moir.com.co\/web\/wp-content\/uploads\/2017\/10\/desnutricioninfantil.jpeg?fit=276%2C182&ssl=1","jetpack-related-posts":[{"id":4792,"url":"https:\/\/moir.com.co\/web\/el-fanatismo-sirve-solo-a-los-poderosos\/","url_meta":{"origin":13529,"position":0},"title":"El fanatismo sirve  solo a los poderosos","author":"admin","date":"septiembre 12, 2010","format":false,"excerpt":"Cuando se tiene la oportunidad de escribir una columna period\u00edstica con relativa frecuencia hay momentos en que al redactor se le presentan dos disyuntivas: la m\u00e1s dif\u00edcil tiene que ver con la ausencia tem\u00e1tica cuando no encuentra una cuesti\u00f3n diferente a las ya escritas o una forma distinta de tratarlas,\u2026","rel":"","context":"En \u00abTemas\u00bb","block_context":{"text":"Temas","link":"https:\/\/moir.com.co\/web\/category\/temas\/"},"img":{"alt_text":"","src":"","width":0,"height":0},"classes":[]},{"id":6174,"url":"https:\/\/moir.com.co\/web\/petro-copia-modelo-de-salud-de-barranquilla-en-crisis\/","url_meta":{"origin":13529,"position":1},"title":"Petro copia modelo de salud de Barranquilla en crisis","author":"admin","date":"diciembre 11, 2011","format":false,"excerpt":"El martes 20 de diciembre un grueso n\u00famero de organizaciones sociales y pol\u00edticas de Barranquilla se concentrar\u00e1 en el Paseo Bol\u00edvar para hacerle un in\u00e9dito corte de cuentas al alcalde distrital Alejandro Char en m\u00faltiples aspectos. Uno de ellos es el relacionado con la salud de m\u00e1s de un mill\u00f3n\u2026","rel":"","context":"En \u00abTemas\u00bb","block_context":{"text":"Temas","link":"https:\/\/moir.com.co\/web\/category\/temas\/"},"img":{"alt_text":"","src":"","width":0,"height":0},"classes":[]},{"id":86,"url":"https:\/\/moir.com.co\/web\/los-objetivos-del-alca\/","url_meta":{"origin":13529,"position":2},"title":"LOS OBJETIVOS DEL ALCA","author":"admin","date":"agosto 6, 2004","format":false,"excerpt":"El acceso libre e ilimitado de nuestros productos al mayor mercado del mundo es deseable porque, en teor\u00eda, basta con eso para que nuestras exportaciones se incrementen apreciablemente. Por desgracia, en la vida real \u00abde eso tan bueno no dan tanto\u00bb. En consecuencia, los Estados Unidos, buscando su leg\u00edtimo inter\u00e9s,\u2026","rel":"","context":"En \u00ab\u00a1No a los TLC y al ALCA!\u00bb","block_context":{"text":"\u00a1No a los TLC y al ALCA!","link":"https:\/\/moir.com.co\/web\/category\/temas\/no-a-los-tlc-y-al-alca\/"},"img":{"alt_text":"","src":"","width":0,"height":0},"classes":[]},{"id":9056,"url":"https:\/\/moir.com.co\/web\/un-pais-sonado-inexistente\/","url_meta":{"origin":13529,"position":3},"title":"\u00a1Un pa\u00eds so\u00f1ado: inexistente!","author":"admin","date":"febrero 2, 2015","format":false,"excerpt":"Las verdades a medias son mentiras completas y estas, mediante la repetici\u00f3n, la manipulaci\u00f3n y la seducci\u00f3n, las convierten en verdades absolutas. Es una estrategia sencilla pero efectiva que utilizan por igual tanto los gobiernos dictatoriales como los que posan de democr\u00e1ticos. Los concesionarios invierten m\u00e1s recursos en contratar abogados\u2026","rel":"","context":"En \u00abTemas\u00bb","block_context":{"text":"Temas","link":"https:\/\/moir.com.co\/web\/category\/temas\/"},"img":{"alt_text":"","src":"","width":0,"height":0},"classes":[]},{"id":9565,"url":"https:\/\/moir.com.co\/web\/primer-round\/","url_meta":{"origin":13529,"position":4},"title":"Primer round","author":"admin","date":"agosto 9, 2015","format":false,"excerpt":"El mi\u00e9rcoles anterior, se dio el primer debate entre los candidatos a la Gobernaci\u00f3n del Departamento, convocado por el Comit\u00e9 Intergremial del Meta; cinco en total; 4 hombres y una dama; asistieron cuatro: tres de los varones y la se\u00f1ora; uno no concurri\u00f3, quedando la sensaci\u00f3n de no gustarle estos\u2026","rel":"","context":"En \u00abTemas\u00bb","block_context":{"text":"Temas","link":"https:\/\/moir.com.co\/web\/category\/temas\/"},"img":{"alt_text":"","src":"","width":0,"height":0},"classes":[]},{"id":13357,"url":"https:\/\/moir.com.co\/web\/jorge-robledo-en-mi-gobierno-nos-toca-derrotar-la-corrupcion\/","url_meta":{"origin":13529,"position":5},"title":"Jorge Robledo: \u201cEn mi gobierno nos toca derrotar la corrupci\u00f3n\u201d","author":"admin","date":"septiembre 25, 2017","format":false,"excerpt":"www.kienyke.com, septiembre 24 de 2017 El senador del partido Polo Democr\u00e1tico,\u00a0Jorge Enrique Robledo, anunci\u00f3 su candidatura presidencial para las elecciones de 2018 en representaci\u00f3n de esta colectividad. El anuncio lo realiz\u00f3 en medio de un multitudinario evento que se desarroll\u00f3 en un hotel del centro de Bogot\u00e1 y cont\u00f3 con\u2026","rel":"","context":"En \u00abPol\u00edtica\u00bb","block_context":{"text":"Pol\u00edtica","link":"https:\/\/moir.com.co\/web\/category\/temas\/politica\/"},"img":{"alt_text":"","src":"https:\/\/i0.wp.com\/moir.com.co\/web\/wp-content\/uploads\/2017\/09\/robledokienyke2.png?fit=1024%2C600&ssl=1&resize=350%2C200","width":350,"height":200,"srcset":"https:\/\/i0.wp.com\/moir.com.co\/web\/wp-content\/uploads\/2017\/09\/robledokienyke2.png?fit=1024%2C600&ssl=1&resize=350%2C200 1x, https:\/\/i0.wp.com\/moir.com.co\/web\/wp-content\/uploads\/2017\/09\/robledokienyke2.png?fit=1024%2C600&ssl=1&resize=525%2C300 1.5x, https:\/\/i0.wp.com\/moir.com.co\/web\/wp-content\/uploads\/2017\/09\/robledokienyke2.png?fit=1024%2C600&ssl=1&resize=700%2C400 2x"},"classes":[]}],"jetpack_sharing_enabled":true,"_links":{"self":[{"href":"https:\/\/moir.com.co\/web\/wp-json\/wp\/v2\/posts\/13529","targetHints":{"allow":["GET"]}}],"collection":[{"href":"https:\/\/moir.com.co\/web\/wp-json\/wp\/v2\/posts"}],"about":[{"href":"https:\/\/moir.com.co\/web\/wp-json\/wp\/v2\/types\/post"}],"author":[{"embeddable":true,"href":"https:\/\/moir.com.co\/web\/wp-json\/wp\/v2\/users\/1"}],"replies":[{"embeddable":true,"href":"https:\/\/moir.com.co\/web\/wp-json\/wp\/v2\/comments?post=13529"}],"version-history":[{"count":1,"href":"https:\/\/moir.com.co\/web\/wp-json\/wp\/v2\/posts\/13529\/revisions"}],"predecessor-version":[{"id":13531,"href":"https:\/\/moir.com.co\/web\/wp-json\/wp\/v2\/posts\/13529\/revisions\/13531"}],"wp:featuredmedia":[{"embeddable":true,"href":"https:\/\/moir.com.co\/web\/wp-json\/wp\/v2\/media\/13530"}],"wp:attachment":[{"href":"https:\/\/moir.com.co\/web\/wp-json\/wp\/v2\/media?parent=13529"}],"wp:term":[{"taxonomy":"category","embeddable":true,"href":"https:\/\/moir.com.co\/web\/wp-json\/wp\/v2\/categories?post=13529"},{"taxonomy":"post_tag","embeddable":true,"href":"https:\/\/moir.com.co\/web\/wp-json\/wp\/v2\/tags?post=13529"}],"curies":[{"name":"wp","href":"https:\/\/api.w.org\/{rel}","templated":true}]}}