{"id":13521,"date":"2017-10-17T17:22:50","date_gmt":"2017-10-17T17:22:50","guid":{"rendered":"https:\/\/moir.org.co\/web\/?p=13521"},"modified":"2017-10-17T17:22:50","modified_gmt":"2017-10-17T17:22:50","slug":"todos-a-la-sardinata","status":"publish","type":"post","link":"https:\/\/moir.com.co\/web\/todos-a-la-sardinata\/","title":{"rendered":"Todos a la Sardinata"},"content":{"rendered":"<p><strong>Libardo G\u00f3mez S\u00e1nchez, Neiva, octubre 16 de 2017<\/strong><\/p>\n<p>A pocos kil\u00f3metros del municipio de Campoalegre, por la v\u00eda que conduce a Neiva, en un punto llamado la Sardinata se encuentran algunos tractores y combinadas con cientos de campesinos que siembran arroz , agricultores como Mart\u00edn y V\u00edctor Hugo, hombres de trabajo, curtidos por las jornadas a sol y agua, \u00a0que deber\u00edan estar en sus parcelas como acostumbran atendiendo las labores propias del cultivo. Desafortunadamente decisiones de pol\u00edtica econ\u00f3mica del gobierno de Uribe y Santos, los obliga a atravesarse en la carretera para tratar de salvar su actividad; mantener la producci\u00f3n de arroz conserva alrededor de quinientos mil \u00a0empleos directos e indirectos en la cadena, que ha ido perdiendo terreno ante la imposibilidad de competir con las importaciones de alimentos, al amparo de los Tratados de Libre Comercio firmados irresponsablemente por el gobierno; pero lo que es a\u00fan m\u00e1s grave, al paso que vamos, no est\u00e1 lejano el d\u00eda en que la seguridad alimentaria de los colombianos se pondr\u00e1 en riesgo, \u00a0dependeremos de las compras que podamos realizar en el extranjero, tal y como ocurre con nuestros vecinos Venezolanos, que al carecer de divisas para adquirir las provisiones que demanda la poblaci\u00f3n, sufren una hambruna espantosa.<\/p>\n<p>Por esto sorprende que la ciudadan\u00eda no acompa\u00f1e masivamente a los productores, que defienden intereses comunes de toda la sociedad, no se trata de disculpar a unos pocos productores ineficientes, como pregonan algunos tecn\u00f3cratas desde la comodidad de sus escritorios, la verdad es que la productividad por hect\u00e1rea de los gringos respaldados por el Estado con tecnolog\u00eda y subsidios alcanza las siete toneladas por hect\u00e1rea, mientras que en Colombia en las zonas con riego es de seis toneladas; las diferencias en costos si son abismales por cuanto aqu\u00ed son elevados los precios de los insumos, los combustibles, los fletes, las tasas de inter\u00e9s de los cr\u00e9ditos, la energ\u00eda y la tierra, raz\u00f3n por la que no podemos competir en el mercado internacional.<\/p>\n<p>Sin embargo un gobierno responsable con los suyos, defiende a sus productores, protege la producci\u00f3n de alimentos y el trabajo; es lo que hace Trump ahora y para mencionar un ejemplo, lo hizo Obama en el 2008 cuando la industria automotriz norteamericana amenaz\u00f3 con cerrar porque su rezago tecnol\u00f3gico les imped\u00eda competir con Corea y Jap\u00f3n, dineros en abundancia del erario p\u00fablico los reflot\u00f3 \u00a0y as\u00ed ha sido siempre. \u00bfPorque no podemos hacer lo mismo para preservar el aparato productivo y el trabajo esencial en la vida de nuestra gente?<\/p>\n","protected":false},"excerpt":{"rendered":"<p>Libardo G\u00f3mez S\u00e1nchez, Neiva, octubre 16 de 2017 A pocos kil\u00f3metros del municipio de Campoalegre, por la v\u00eda que conduce a Neiva, en un punto llamado la Sardinata se encuentran algunos tractores y combinadas con cientos de campesinos que siembran arroz , agricultores como Mart\u00edn y V\u00edctor Hugo, hombres de trabajo, curtidos por las jornadas [&hellip;]<\/p>\n","protected":false},"author":1,"featured_media":13522,"comment_status":"open","ping_status":"open","sticky":false,"template":"","format":"standard","meta":{"advanced_seo_description":"","jetpack_seo_html_title":"","jetpack_seo_noindex":false,"_jetpack_memberships_contains_paid_content":false,"footnotes":""},"categories":[114,102,97,105,98],"tags":[],"class_list":["post-13521","post","type-post","status-publish","format-standard","has-post-thumbnail","hentry","category-agro","category-economia","category-imperialismo-y-neoliberalismo","category-internacional-articulos-de-actualidad","category-politica"],"jetpack_featured_media_url":"https:\/\/i0.wp.com\/moir.com.co\/web\/wp-content\/uploads\/2017\/10\/arrozayudasgobierno.jpg?fit=770%2C450&ssl=1","jetpack-related-posts":[{"id":11560,"url":"https:\/\/moir.com.co\/web\/las-penurias-del-arroz\/","url_meta":{"origin":13521,"position":0},"title":"Las penurias del arroz","author":"admin","date":"enero 24, 2017","format":false,"excerpt":"Libardo G\u00f3mez S\u00e1nchez, Neiva, enero 23 de 2017 Por esta \u00e9poca saliendo de Espinal camino a Neiva se encuentra por la v\u00eda un hermoso tapiz verde, en las alturas ya al cerrar la tarde un cumulo de nubes grises broqueladas por un aura radiante de luz\u00a0 solar, le dan un\u2026","rel":"","context":"En \u00abAgro\u00bb","block_context":{"text":"Agro","link":"https:\/\/moir.com.co\/web\/category\/temas\/agro\/"},"img":{"alt_text":"","src":"","width":0,"height":0},"classes":[]},{"id":12618,"url":"https:\/\/moir.com.co\/web\/el-arroz-en-el-cruce-de-las-protestas\/","url_meta":{"origin":13521,"position":1},"title":"El arroz en el cruce de las protestas","author":"admin","date":"junio 5, 2017","format":false,"excerpt":"Libardo G\u00f3mez S\u00e1nchez, Neiva, mayo 5 de 2017 El agua corre por entre el surco lento, persistente, h\u00famedo, su vivificante contacto permite que se conforme la espiga y esta se cargue de granos envueltos en dorada coraza vegetal, cuando madura la cuchilla corta la panoja, en el molino se trilla\u2026","rel":"","context":"En \u00abAgro\u00bb","block_context":{"text":"Agro","link":"https:\/\/moir.com.co\/web\/category\/temas\/agro\/"},"img":{"alt_text":"","src":"","width":0,"height":0},"classes":[]},{"id":13200,"url":"https:\/\/moir.com.co\/web\/quiebras-como-arroz\/","url_meta":{"origin":13521,"position":2},"title":"Quiebras como Arroz","author":"admin","date":"agosto 28, 2017","format":false,"excerpt":"Libardo G\u00f3mez S\u00e1nchez, Neiva, agosto 28 de 2017 Como a la mayor\u00eda de los colombianos, pasar un d\u00eda sin comer arroz es como a los italianos un d\u00eda sin pasta, por supuesto que hay otras diferencias, el comensal mediterr\u00e1neo dispone de un salario que le permite acompa\u00f1ar los espaguetis con\u2026","rel":"","context":"En \u00abAgro\u00bb","block_context":{"text":"Agro","link":"https:\/\/moir.com.co\/web\/category\/temas\/agro\/"},"img":{"alt_text":"","src":"https:\/\/i0.wp.com\/moir.com.co\/web\/wp-content\/uploads\/2017\/05\/tlc15.jpg?fit=523%2C523&ssl=1&resize=350%2C200","width":350,"height":200},"classes":[]},{"id":1045,"url":"https:\/\/moir.com.co\/web\/marcha-arrocera-19-de-octubre-de-2004\/","url_meta":{"origin":13521,"position":3},"title":"MARCHA ARROCERA 19 DE OCTUBRE DE 2004","author":"admin","date":"octubre 15, 2004","format":false,"excerpt":"Bolet\u00edn de prensa, Ibagu\u00e9, 22 de Octubre de 2004 Centenares de productores de arroz y trabajadores del Tolima, Huila y Meta, de los municipios y Distritos de Riego de Prado, Purificaci\u00f3n, Natagaima, Ortega, Salda\u00f1a, L\u00e9rida, Guamo, Venadillo, Ambalema, Meseta de Ibagu\u00e9, Juncal, Campo Alegre, Yaguar\u00e1, Paicol, Villavieja, Tesalia, Granada, Fuente\u2026","rel":"","context":"En \u00abPronunciamientos de Organizaciones Sociales\u00bb","block_context":{"text":"Pronunciamientos de Organizaciones Sociales","link":"https:\/\/moir.com.co\/web\/category\/pronunciamientos-de-organizaciones-sociales\/"},"img":{"alt_text":"","src":"","width":0,"height":0},"classes":[]},{"id":5238,"url":"https:\/\/moir.com.co\/web\/avanza-la-resistencia-contra-la-politica-minera-de-santos\/","url_meta":{"origin":13521,"position":4},"title":"Avanza la resistencia contra la pol\u00edtica minera de Santos","author":"admin","date":"febrero 3, 2011","format":false,"excerpt":"El a\u00f1o 2011 comenz\u00f3 con inmensos desaf\u00edos para los movimientos sociales que, articulados en la Red Colombiana Frente a la Gran Miner\u00eda Transnacional, han emprendido tareas para frenar los proyectos a cielo abierto que el gobierno nacional auspicia, desconociendo todas las pruebas que demuestran su inconveniencia. No se trata, como\u2026","rel":"","context":"En \u00abPronunciamientos de Organizaciones Sociales\u00bb","block_context":{"text":"Pronunciamientos de Organizaciones Sociales","link":"https:\/\/moir.com.co\/web\/category\/pronunciamientos-de-organizaciones-sociales\/"},"img":{"alt_text":"","src":"","width":0,"height":0},"classes":[]},{"id":5233,"url":"https:\/\/moir.com.co\/web\/las-victimas-de-la-mineria\/","url_meta":{"origin":13521,"position":5},"title":"Las v\u00edctimas de la miner\u00eda","author":"admin","date":"febrero 2, 2011","format":false,"excerpt":"Cuando nos referimos a las victimas de la miner\u00eda no estamos se\u00f1alando a los millones de colombianos pobres y otros menos pobres, que viven de esta actividad, ni mucho menos los que por cuenta del c\u00f3digo minero o ley 685 hoy son declarados no mineros informales si no mineros ilegales.\u2026","rel":"","context":"En \u00abTemas\u00bb","block_context":{"text":"Temas","link":"https:\/\/moir.com.co\/web\/category\/temas\/"},"img":{"alt_text":"","src":"","width":0,"height":0},"classes":[]}],"jetpack_sharing_enabled":true,"_links":{"self":[{"href":"https:\/\/moir.com.co\/web\/wp-json\/wp\/v2\/posts\/13521","targetHints":{"allow":["GET"]}}],"collection":[{"href":"https:\/\/moir.com.co\/web\/wp-json\/wp\/v2\/posts"}],"about":[{"href":"https:\/\/moir.com.co\/web\/wp-json\/wp\/v2\/types\/post"}],"author":[{"embeddable":true,"href":"https:\/\/moir.com.co\/web\/wp-json\/wp\/v2\/users\/1"}],"replies":[{"embeddable":true,"href":"https:\/\/moir.com.co\/web\/wp-json\/wp\/v2\/comments?post=13521"}],"version-history":[{"count":1,"href":"https:\/\/moir.com.co\/web\/wp-json\/wp\/v2\/posts\/13521\/revisions"}],"predecessor-version":[{"id":13523,"href":"https:\/\/moir.com.co\/web\/wp-json\/wp\/v2\/posts\/13521\/revisions\/13523"}],"wp:featuredmedia":[{"embeddable":true,"href":"https:\/\/moir.com.co\/web\/wp-json\/wp\/v2\/media\/13522"}],"wp:attachment":[{"href":"https:\/\/moir.com.co\/web\/wp-json\/wp\/v2\/media?parent=13521"}],"wp:term":[{"taxonomy":"category","embeddable":true,"href":"https:\/\/moir.com.co\/web\/wp-json\/wp\/v2\/categories?post=13521"},{"taxonomy":"post_tag","embeddable":true,"href":"https:\/\/moir.com.co\/web\/wp-json\/wp\/v2\/tags?post=13521"}],"curies":[{"name":"wp","href":"https:\/\/api.w.org\/{rel}","templated":true}]}}