{"id":13504,"date":"2017-10-13T23:11:53","date_gmt":"2017-10-13T23:11:53","guid":{"rendered":"https:\/\/moir.org.co\/web\/?p=13504"},"modified":"2017-10-13T23:11:53","modified_gmt":"2017-10-13T23:11:53","slug":"en-mi-gobierno-los-pequenos-y-medianos-empresarios-seran-protagonistas-del-progreso-economico-robledo","status":"publish","type":"post","link":"https:\/\/moir.com.co\/web\/en-mi-gobierno-los-pequenos-y-medianos-empresarios-seran-protagonistas-del-progreso-economico-robledo\/","title":{"rendered":"En mi gobierno los peque\u00f1os y medianos empresarios ser\u00e1n protagonistas del progreso econ\u00f3mico: Robledo"},"content":{"rendered":"<p><strong>Oficina de prensa del senador Jorge Enrique Robledo, Bogot\u00e1, octubre 12 de 2017<\/strong><\/p>\n<p><em>En el 62 Congreso Nacional de las Peque\u00f1as y Medianas Empresas el candidato presidencial del Polo propuso reducci\u00f3n de impuestos para las Pymes mediante una tarifa diferencial, creaci\u00f3n del Ministerio Para la Peque\u00f1a y Mediana Econom\u00eda Urbana y Rural y la renegociaci\u00f3n de los TLC<\/em><\/p>\n<div class=\"tiled-gallery type-rectangular\" data-original-width=\"640\" data-carousel-extra=\"{&quot;blog_id&quot;:1,&quot;permalink&quot;:&quot;https:\\\/\\\/jorgerobledo.com\\\/gobierno-los-pequenos-medianos-empresarios-seran-protagonistas-del-progreso-economico-robledo\\\/&quot;,&quot;likes_blog_id&quot;:135274974}\">\n<div class=\"gallery-row\" data-original-width=\"640\" data-original-height=\"286\">\n<div class=\"gallery-group images-1\" data-original-width=\"427\" data-original-height=\"286\">\n<div class=\"tiled-gallery-item tiled-gallery-item-large\"><img fetchpriority=\"high\" decoding=\"async\" title=\"WhatsApp Image 2017-10-12 at 4.47.22 PM\" src=\"https:\/\/i0.wp.com\/jorgerobledo.com\/wp-content\/uploads\/2017\/10\/WhatsApp-Image-2017-10-12-at-4.47.22-PM.jpeg?zoom=2&amp;w=423&amp;h=282&amp;crop&amp;ssl=1\" alt=\"WhatsApp Image 2017-10-12 at 4.47.22 PM\" width=\"423\" height=\"282\" data-attachment-id=\"6656\" data-orig-file=\"https:\/\/jorgerobledo.com\/wp-content\/uploads\/2017\/10\/WhatsApp-Image-2017-10-12-at-4.47.22-PM.jpeg\" data-orig-size=\"1280,853\" data-comments-opened=\"1\" data-image-meta=\"{&quot;aperture&quot;:&quot;0&quot;,&quot;credit&quot;:&quot;&quot;,&quot;camera&quot;:&quot;&quot;,&quot;caption&quot;:&quot;&quot;,&quot;created_timestamp&quot;:&quot;0&quot;,&quot;copyright&quot;:&quot;&quot;,&quot;focal_length&quot;:&quot;0&quot;,&quot;iso&quot;:&quot;0&quot;,&quot;shutter_speed&quot;:&quot;0&quot;,&quot;title&quot;:&quot;&quot;,&quot;orientation&quot;:&quot;0&quot;}\" data-image-title=\"WhatsApp Image 2017-10-12 at 4.47.22 PM\" data-image-description=\"\" data-medium-file=\"https:\/\/i0.wp.com\/jorgerobledo.com\/wp-content\/uploads\/2017\/10\/WhatsApp-Image-2017-10-12-at-4.47.22-PM.jpeg?fit=300%2C200&amp;ssl=1\" data-large-file=\"https:\/\/i0.wp.com\/jorgerobledo.com\/wp-content\/uploads\/2017\/10\/WhatsApp-Image-2017-10-12-at-4.47.22-PM.jpeg?fit=640%2C426&amp;ssl=1\" data-original-width=\"423\" data-original-height=\"282\" \/><\/div>\n<\/div>\n<div class=\"gallery-group images-2\" data-original-width=\"213\" data-original-height=\"286\">\n<div class=\"tiled-gallery-item tiled-gallery-item-small\"><img decoding=\"async\" title=\"WhatsApp Image 2017-10-12 at 6.09.11 PM\" src=\"https:\/\/i0.wp.com\/jorgerobledo.com\/wp-content\/uploads\/2017\/10\/WhatsApp-Image-2017-10-12-at-6.09.11-PM.jpeg?zoom=2&amp;w=209&amp;h=139&amp;crop&amp;ssl=1\" alt=\"WhatsApp Image 2017-10-12 at 6.09.11 PM\" width=\"209\" height=\"139\" data-attachment-id=\"6651\" data-orig-file=\"https:\/\/jorgerobledo.com\/wp-content\/uploads\/2017\/10\/WhatsApp-Image-2017-10-12-at-6.09.11-PM.jpeg\" data-orig-size=\"1280,853\" data-comments-opened=\"1\" data-image-meta=\"{&quot;aperture&quot;:&quot;0&quot;,&quot;credit&quot;:&quot;&quot;,&quot;camera&quot;:&quot;&quot;,&quot;caption&quot;:&quot;&quot;,&quot;created_timestamp&quot;:&quot;0&quot;,&quot;copyright&quot;:&quot;&quot;,&quot;focal_length&quot;:&quot;0&quot;,&quot;iso&quot;:&quot;0&quot;,&quot;shutter_speed&quot;:&quot;0&quot;,&quot;title&quot;:&quot;&quot;,&quot;orientation&quot;:&quot;0&quot;}\" data-image-title=\"WhatsApp Image 2017-10-12 at 6.09.11 PM\" data-image-description=\"\" data-medium-file=\"https:\/\/i0.wp.com\/jorgerobledo.com\/wp-content\/uploads\/2017\/10\/WhatsApp-Image-2017-10-12-at-6.09.11-PM.jpeg?fit=300%2C200&amp;ssl=1\" data-large-file=\"https:\/\/i0.wp.com\/jorgerobledo.com\/wp-content\/uploads\/2017\/10\/WhatsApp-Image-2017-10-12-at-6.09.11-PM.jpeg?fit=640%2C426&amp;ssl=1\" data-original-width=\"209\" data-original-height=\"139\" \/><\/div>\n<div class=\"tiled-gallery-item tiled-gallery-item-small\"><img decoding=\"async\" title=\"WhatsApp Image 2017-10-12 at 6.09.16 PM\" src=\"https:\/\/i1.wp.com\/jorgerobledo.com\/wp-content\/uploads\/2017\/10\/WhatsApp-Image-2017-10-12-at-6.09.16-PM.jpeg?zoom=2&amp;w=209&amp;h=139&amp;crop&amp;ssl=1\" alt=\"WhatsApp Image 2017-10-12 at 6.09.16 PM\" width=\"209\" height=\"139\" data-attachment-id=\"6652\" data-orig-file=\"https:\/\/jorgerobledo.com\/wp-content\/uploads\/2017\/10\/WhatsApp-Image-2017-10-12-at-6.09.16-PM.jpeg\" data-orig-size=\"1280,853\" data-comments-opened=\"1\" data-image-meta=\"{&quot;aperture&quot;:&quot;0&quot;,&quot;credit&quot;:&quot;&quot;,&quot;camera&quot;:&quot;&quot;,&quot;caption&quot;:&quot;&quot;,&quot;created_timestamp&quot;:&quot;0&quot;,&quot;copyright&quot;:&quot;&quot;,&quot;focal_length&quot;:&quot;0&quot;,&quot;iso&quot;:&quot;0&quot;,&quot;shutter_speed&quot;:&quot;0&quot;,&quot;title&quot;:&quot;&quot;,&quot;orientation&quot;:&quot;0&quot;}\" data-image-title=\"WhatsApp Image 2017-10-12 at 6.09.16 PM\" data-image-description=\"\" data-medium-file=\"https:\/\/i1.wp.com\/jorgerobledo.com\/wp-content\/uploads\/2017\/10\/WhatsApp-Image-2017-10-12-at-6.09.16-PM.jpeg?fit=300%2C200&amp;ssl=1\" data-large-file=\"https:\/\/i1.wp.com\/jorgerobledo.com\/wp-content\/uploads\/2017\/10\/WhatsApp-Image-2017-10-12-at-6.09.16-PM.jpeg?fit=640%2C426&amp;ssl=1\" data-original-width=\"209\" data-original-height=\"139\" \/><\/div>\n<\/div>\n<\/div>\n<div class=\"gallery-row\" data-original-width=\"640\" data-original-height=\"144\">\n<div class=\"gallery-group images-1\" data-original-width=\"214\" data-original-height=\"144\">\n<div class=\"tiled-gallery-item tiled-gallery-item-small\"><img loading=\"lazy\" decoding=\"async\" title=\"WhatsApp Image 2017-10-12 at 6.11.55 PM\" src=\"https:\/\/i0.wp.com\/jorgerobledo.com\/wp-content\/uploads\/2017\/10\/WhatsApp-Image-2017-10-12-at-6.11.55-PM.jpeg?zoom=2&amp;w=210&amp;h=140&amp;crop&amp;ssl=1\" alt=\"WhatsApp Image 2017-10-12 at 6.11.55 PM\" width=\"210\" height=\"140\" data-attachment-id=\"6654\" data-orig-file=\"https:\/\/jorgerobledo.com\/wp-content\/uploads\/2017\/10\/WhatsApp-Image-2017-10-12-at-6.11.55-PM.jpeg\" data-orig-size=\"1280,853\" data-comments-opened=\"1\" data-image-meta=\"{&quot;aperture&quot;:&quot;0&quot;,&quot;credit&quot;:&quot;&quot;,&quot;camera&quot;:&quot;&quot;,&quot;caption&quot;:&quot;&quot;,&quot;created_timestamp&quot;:&quot;0&quot;,&quot;copyright&quot;:&quot;&quot;,&quot;focal_length&quot;:&quot;0&quot;,&quot;iso&quot;:&quot;0&quot;,&quot;shutter_speed&quot;:&quot;0&quot;,&quot;title&quot;:&quot;&quot;,&quot;orientation&quot;:&quot;0&quot;}\" data-image-title=\"WhatsApp Image 2017-10-12 at 6.11.55 PM\" data-image-description=\"\" data-medium-file=\"https:\/\/i0.wp.com\/jorgerobledo.com\/wp-content\/uploads\/2017\/10\/WhatsApp-Image-2017-10-12-at-6.11.55-PM.jpeg?fit=300%2C200&amp;ssl=1\" data-large-file=\"https:\/\/i0.wp.com\/jorgerobledo.com\/wp-content\/uploads\/2017\/10\/WhatsApp-Image-2017-10-12-at-6.11.55-PM.jpeg?fit=640%2C426&amp;ssl=1\" data-original-width=\"210\" data-original-height=\"140\" \/><\/div>\n<\/div>\n<div class=\"gallery-group images-1\" data-original-width=\"213\" data-original-height=\"144\">\n<div class=\"tiled-gallery-item tiled-gallery-item-small\"><img loading=\"lazy\" decoding=\"async\" title=\"WhatsApp Image 2017-10-12 at 6.10.44 PM\" src=\"https:\/\/i2.wp.com\/jorgerobledo.com\/wp-content\/uploads\/2017\/10\/WhatsApp-Image-2017-10-12-at-6.10.44-PM.jpeg?zoom=2&amp;w=209&amp;h=140&amp;crop&amp;ssl=1\" alt=\"WhatsApp Image 2017-10-12 at 6.10.44 PM\" width=\"209\" height=\"140\" data-attachment-id=\"6653\" data-orig-file=\"https:\/\/jorgerobledo.com\/wp-content\/uploads\/2017\/10\/WhatsApp-Image-2017-10-12-at-6.10.44-PM.jpeg\" data-orig-size=\"1280,853\" data-comments-opened=\"1\" data-image-meta=\"{&quot;aperture&quot;:&quot;0&quot;,&quot;credit&quot;:&quot;&quot;,&quot;camera&quot;:&quot;&quot;,&quot;caption&quot;:&quot;&quot;,&quot;created_timestamp&quot;:&quot;0&quot;,&quot;copyright&quot;:&quot;&quot;,&quot;focal_length&quot;:&quot;0&quot;,&quot;iso&quot;:&quot;0&quot;,&quot;shutter_speed&quot;:&quot;0&quot;,&quot;title&quot;:&quot;&quot;,&quot;orientation&quot;:&quot;0&quot;}\" data-image-title=\"WhatsApp Image 2017-10-12 at 6.10.44 PM\" data-image-description=\"\" data-medium-file=\"https:\/\/i2.wp.com\/jorgerobledo.com\/wp-content\/uploads\/2017\/10\/WhatsApp-Image-2017-10-12-at-6.10.44-PM.jpeg?fit=300%2C200&amp;ssl=1\" data-large-file=\"https:\/\/i2.wp.com\/jorgerobledo.com\/wp-content\/uploads\/2017\/10\/WhatsApp-Image-2017-10-12-at-6.10.44-PM.jpeg?fit=640%2C426&amp;ssl=1\" data-original-width=\"209\" data-original-height=\"140\" \/><\/div>\n<\/div>\n<div class=\"gallery-group images-1\" data-original-width=\"213\" data-original-height=\"144\">\n<div class=\"tiled-gallery-item tiled-gallery-item-small\"><img loading=\"lazy\" decoding=\"async\" title=\"WhatsApp Image 2017-10-12 at 6.12.01 PM\" src=\"https:\/\/i0.wp.com\/jorgerobledo.com\/wp-content\/uploads\/2017\/10\/WhatsApp-Image-2017-10-12-at-6.12.01-PM.jpeg?zoom=2&amp;w=209&amp;h=140&amp;crop&amp;ssl=1\" alt=\"WhatsApp Image 2017-10-12 at 6.12.01 PM\" width=\"209\" height=\"140\" data-attachment-id=\"6655\" data-orig-file=\"https:\/\/jorgerobledo.com\/wp-content\/uploads\/2017\/10\/WhatsApp-Image-2017-10-12-at-6.12.01-PM.jpeg\" data-orig-size=\"1280,853\" data-comments-opened=\"1\" data-image-meta=\"{&quot;aperture&quot;:&quot;0&quot;,&quot;credit&quot;:&quot;&quot;,&quot;camera&quot;:&quot;&quot;,&quot;caption&quot;:&quot;&quot;,&quot;created_timestamp&quot;:&quot;0&quot;,&quot;copyright&quot;:&quot;&quot;,&quot;focal_length&quot;:&quot;0&quot;,&quot;iso&quot;:&quot;0&quot;,&quot;shutter_speed&quot;:&quot;0&quot;,&quot;title&quot;:&quot;&quot;,&quot;orientation&quot;:&quot;0&quot;}\" data-image-title=\"WhatsApp Image 2017-10-12 at 6.12.01 PM\" data-image-description=\"\" data-medium-file=\"https:\/\/i0.wp.com\/jorgerobledo.com\/wp-content\/uploads\/2017\/10\/WhatsApp-Image-2017-10-12-at-6.12.01-PM.jpeg?fit=300%2C200&amp;ssl=1\" data-large-file=\"https:\/\/i0.wp.com\/jorgerobledo.com\/wp-content\/uploads\/2017\/10\/WhatsApp-Image-2017-10-12-at-6.12.01-PM.jpeg?fit=640%2C426&amp;ssl=1\" data-original-width=\"209\" data-original-height=\"140\" \/><\/div>\n<\/div>\n<\/div>\n<\/div>\n<p><strong>(Cartagena, 12 de octubre de 2017)<\/strong>\u00a0\u201cSe vienen cuatro a\u00f1os de defensa de las micro, peque\u00f1as y medianas empresas, les toca a las MiPymes\u201d les dijo Jorge Enrique Robledo en Cartagena a cientos de asistentes al 62 Congreso de Acopi, gremio que agrupa a los micro, peque\u00f1os y medianos empresarios del pa\u00eds, responsables de la generaci\u00f3n del 82% del empleo en Colombia.<\/p>\n<p><iframe src=\"https:\/\/w.soundcloud.com\/player\/?url=https%3A\/\/api.soundcloud.com\/tracks\/346645613&amp;color=%23ffdd00&amp;auto_play=false&amp;hide_related=false&amp;show_comments=true&amp;show_user=true&amp;show_reposts=false&amp;show_teaser=true\" width=\"100%\" height=\"166\" frameborder=\"no\" scrolling=\"no\" data-mce-fragment=\"1\"><\/iframe><\/p>\n<p>Robledo hizo hincapi\u00e9 en el papel protag\u00f3nico que tienen las micro, peque\u00f1as y medianas empresas en su propuesta de gobierno y desarrollo econ\u00f3mico. Para Robledo los Tratados de Libre Comercio se deben renegociar para que sean justos con los productores y trabajadores colombianos. \u201cEn ambiente de TLC no es posible que florezca la clase media empresarial\u201d afirm\u00f3.<\/p>\n<p>\u201cEs necesario un gobierno que no ataque a las grandes pero que s\u00ed sea amigo y que defienda de frente a las micro, peque\u00f1as y medianas empresas para nivelar la cancha y que todos puedan jugar\u201d sostuvo el candidato del Polo ante los gestos de aprobaci\u00f3n del auditorio al tiempo que anunci\u00f3 la creaci\u00f3n de un Ministerio para la Peque\u00f1a y Mediana Econom\u00eda Urbana y Rural con el objetivo de atender las necesidades del sector y promover su desarrollo.<\/p>\n<p><iframe src=\"https:\/\/w.soundcloud.com\/player\/?url=https%3A\/\/api.soundcloud.com\/tracks\/346645793&amp;color=%23ffdd00&amp;auto_play=false&amp;hide_related=false&amp;show_comments=true&amp;show_user=true&amp;show_reposts=false&amp;show_teaser=true\" width=\"100%\" height=\"166\" frameborder=\"no\" scrolling=\"no\" data-mce-fragment=\"1\"><\/iframe><\/p>\n<p>A prop\u00f3sito de la enorme desigualdad entre las transnacionales y grandes empresas y las micro, peque\u00f1as y medianas empresas, Robledo propuso la tarifa diferencial en impuesto de renta, lo que equivale una reducci\u00f3n de impuestos para las MiPymes. Amparado en los principios de progresividad y equidad, afirm\u00f3 que es inconstitucional que exista una misma tarifa de impuestos para la empresa m\u00e1s grande y para la m\u00e1s peque\u00f1a.<\/p>\n<p>Agreg\u00f3 que los bancos deben estar al servicio de las empresas y en especial de las MiPymes y que las tarifas de servicios p\u00fablicos no deben ser una traba para la generaci\u00f3n de riqueza, as\u00ed que debe estudiarse su reducci\u00f3n.<\/p>\n<p><iframe src=\"https:\/\/w.soundcloud.com\/player\/?url=https%3A\/\/api.soundcloud.com\/tracks\/346646185&amp;color=%23ffdd00&amp;auto_play=false&amp;hide_related=false&amp;show_comments=true&amp;show_user=true&amp;show_reposts=false&amp;show_teaser=true\" width=\"100%\" height=\"166\" frameborder=\"no\" scrolling=\"no\" data-mce-fragment=\"1\"><\/iframe><\/p>\n<p>Ante los graves problemas del pa\u00eds: falta de generaci\u00f3n de riqueza, desigualdad, discriminaci\u00f3n y la pavorosa corrupci\u00f3n, Robledo propuso una unidad social y pol\u00edtica \u201ccomo nunca antes se ha so\u00f1ado en Colombia\u201d para vencer en las elecciones de 2018 a los mismos con las mismas.<\/p>\n<p><iframe src=\"https:\/\/w.soundcloud.com\/player\/?url=https%3A\/\/api.soundcloud.com\/tracks\/346646476&amp;color=%23ffdd00&amp;auto_play=false&amp;hide_related=false&amp;show_comments=true&amp;show_user=true&amp;show_reposts=false&amp;show_teaser=true\" width=\"100%\" height=\"166\" frameborder=\"no\" scrolling=\"no\" data-mce-fragment=\"1\"><\/iframe><\/p>\n","protected":false},"excerpt":{"rendered":"<p>Oficina de prensa del senador Jorge Enrique Robledo, Bogot\u00e1, octubre 12 de 2017 En el 62 Congreso Nacional de las Peque\u00f1as y Medianas Empresas el candidato presidencial del Polo propuso reducci\u00f3n de impuestos para las Pymes mediante una tarifa diferencial, creaci\u00f3n del Ministerio Para la Peque\u00f1a y Mediana Econom\u00eda Urbana y Rural y la renegociaci\u00f3n [&hellip;]<\/p>\n","protected":false},"author":1,"featured_media":13505,"comment_status":"open","ping_status":"open","sticky":false,"template":"","format":"standard","meta":{"advanced_seo_description":"","jetpack_seo_html_title":"","jetpack_seo_noindex":false,"_jetpack_memberships_contains_paid_content":false,"footnotes":""},"categories":[102,97,4,98],"tags":[],"class_list":["post-13504","post","type-post","status-publish","format-standard","has-post-thumbnail","hentry","category-economia","category-imperialismo-y-neoliberalismo","category-jorge-enrique-robledo","category-politica"],"jetpack_featured_media_url":"https:\/\/i0.wp.com\/moir.com.co\/web\/wp-content\/uploads\/2017\/10\/robledopymes2.jpeg?fit=768%2C512&ssl=1","jetpack-related-posts":[{"id":12718,"url":"https:\/\/moir.com.co\/web\/video-en-mi-gobierno-crearemos-un-ministerio-para-la-pequena-y-mediana-economia-robledo\/","url_meta":{"origin":13504,"position":0},"title":"Video: En mi Gobierno crearemos un Ministerio para la peque\u00f1a y mediana econom\u00eda, Robledo","author":"admin","date":"junio 14, 2017","format":"video","excerpt":"","rel":"","context":"En \u00abAgro\u00bb","block_context":{"text":"Agro","link":"https:\/\/moir.com.co\/web\/category\/temas\/agro\/"},"img":{"alt_text":"","src":"","width":0,"height":0},"classes":[]},{"id":12716,"url":"https:\/\/moir.com.co\/web\/en-mi-gobierno-crearemos-un-ministerio-para-la-pequena-y-mediana-economia-robledo\/","url_meta":{"origin":13504,"position":1},"title":"En mi gobierno crearemos un Ministerio para la Peque\u00f1a y Mediana Econom\u00eda: Robledo","author":"admin","date":"junio 14, 2017","format":false,"excerpt":"Oficina de prensa del senador Jorge Enrique Robledo, Bogot\u00e1, junio 14 de 2017 Toda la econom\u00eda empresarial es bienvenida, pero la m\u00e1s d\u00e9bil debe recibir espacial respaldo. Ese ministerio tambi\u00e9n velar\u00e1 por el progreso de la producci\u00f3n campesina e ind\u00edgena. Atender a sectores populares y a la clase media empleada\u2026","rel":"","context":"En \u00abAgro\u00bb","block_context":{"text":"Agro","link":"https:\/\/moir.com.co\/web\/category\/temas\/agro\/"},"img":{"alt_text":"","src":"https:\/\/i0.wp.com\/moir.com.co\/web\/wp-content\/uploads\/2017\/03\/robledoelpais130317.jpeg?fit=565%2C440&ssl=1&resize=350%2C200","width":350,"height":200,"srcset":"https:\/\/i0.wp.com\/moir.com.co\/web\/wp-content\/uploads\/2017\/03\/robledoelpais130317.jpeg?fit=565%2C440&ssl=1&resize=350%2C200 1x, https:\/\/i0.wp.com\/moir.com.co\/web\/wp-content\/uploads\/2017\/03\/robledoelpais130317.jpeg?fit=565%2C440&ssl=1&resize=525%2C300 1.5x"},"classes":[]},{"id":11368,"url":"https:\/\/moir.com.co\/web\/que-neoliberales-no-se-aduenen-de-las-pequenas-y-medianas-empresas-a-las-que-maltratan-robledo\/","url_meta":{"origin":13504,"position":2},"title":"Que neoliberales no se adue\u00f1en de las peque\u00f1as y medianas empresas, a las que maltratan: Robledo","author":"admin","date":"diciembre 22, 2016","format":"video","excerpt":"","rel":"","context":"En \u00abEconom\u00eda\u00bb","block_context":{"text":"Econom\u00eda","link":"https:\/\/moir.com.co\/web\/category\/temas\/economia\/"},"img":{"alt_text":"","src":"","width":0,"height":0},"classes":[]},{"id":11370,"url":"https:\/\/moir.com.co\/web\/que-las-pequenas-y-medianas-empresas-paguen-menos-impuestos-que-las-trasnacionales-robledo\/","url_meta":{"origin":13504,"position":3},"title":"Que las peque\u00f1as y medianas empresas paguen menos impuestos que las trasnacionales: Robledo","author":"admin","date":"diciembre 22, 2016","format":"video","excerpt":"","rel":"","context":"En \u00abEconom\u00eda\u00bb","block_context":{"text":"Econom\u00eda","link":"https:\/\/moir.com.co\/web\/category\/temas\/economia\/"},"img":{"alt_text":"","src":"","width":0,"height":0},"classes":[]},{"id":13501,"url":"https:\/\/moir.com.co\/web\/el-mensaje-de-jorge-robledo-a-los-microempresarios-del-pais\/","url_meta":{"origin":13504,"position":4},"title":"El mensaje de Jorge Robledo a los microempresarios del pa\u00eds","author":"admin","date":"octubre 13, 2017","format":false,"excerpt":"http:\/\/www.elolfato.com\/, octubre 13 de 2017 \u201cSe vienen cuatro a\u00f1os de defensa de las micro, peque\u00f1as y medianas empresas, les toca a las MiPymes\u201d, les dijo el precandidato presidencial Jorge Enrique Robledo a cientos de empresarios presentes en Cartagena en el 62 Congreso de Acopi, gremio que agrupa a los micro,\u2026","rel":"","context":"En \u00abAgro\u00bb","block_context":{"text":"Agro","link":"https:\/\/moir.com.co\/web\/category\/temas\/agro\/"},"img":{"alt_text":"","src":"https:\/\/i0.wp.com\/moir.com.co\/web\/wp-content\/uploads\/2017\/10\/Robledopymes.jpg?fit=835%2C470&ssl=1&resize=350%2C200","width":350,"height":200,"srcset":"https:\/\/i0.wp.com\/moir.com.co\/web\/wp-content\/uploads\/2017\/10\/Robledopymes.jpg?fit=835%2C470&ssl=1&resize=350%2C200 1x, https:\/\/i0.wp.com\/moir.com.co\/web\/wp-content\/uploads\/2017\/10\/Robledopymes.jpg?fit=835%2C470&ssl=1&resize=525%2C300 1.5x, https:\/\/i0.wp.com\/moir.com.co\/web\/wp-content\/uploads\/2017\/10\/Robledopymes.jpg?fit=835%2C470&ssl=1&resize=700%2C400 2x"},"classes":[]},{"id":2579,"url":"https:\/\/moir.com.co\/web\/sobre-una-nueva-medida-oficial-contra-los-pequenos-y-medianos-empresarios-avicolas-alerta-el-senador-robledo\/","url_meta":{"origin":13504,"position":5},"title":"SOBRE UNA NUEVA MEDIDA OFICIAL CONTRA LOS PEQUE\u00d1OS Y MEDIANOS EMPRESARIOS AV\u00cdCOLAS ALERTA EL SENADOR ROBLEDO","author":"admin","date":"noviembre 11, 2008","format":false,"excerpt":"Oficina de Prensa, Senador Jorge Enrique Robledo, Bogot\u00e1, 11 de noviembre de 2008 El Decreto 3690, dictado recientemente por el ministro de Hacienda, va en grave detrimento de los peque\u00f1os y medianos empresarios que procesan y venden pollos y gallinas, advirti\u00f3 hoy en la Comisi\u00f3n Quinta el senador Jorge Enrique\u2026","rel":"","context":"En \u00abJorge Enrique Robledo\u00bb","block_context":{"text":"Jorge Enrique Robledo","link":"https:\/\/moir.com.co\/web\/category\/jorge-enrique-robledo\/"},"img":{"alt_text":"","src":"","width":0,"height":0},"classes":[]}],"jetpack_sharing_enabled":true,"_links":{"self":[{"href":"https:\/\/moir.com.co\/web\/wp-json\/wp\/v2\/posts\/13504","targetHints":{"allow":["GET"]}}],"collection":[{"href":"https:\/\/moir.com.co\/web\/wp-json\/wp\/v2\/posts"}],"about":[{"href":"https:\/\/moir.com.co\/web\/wp-json\/wp\/v2\/types\/post"}],"author":[{"embeddable":true,"href":"https:\/\/moir.com.co\/web\/wp-json\/wp\/v2\/users\/1"}],"replies":[{"embeddable":true,"href":"https:\/\/moir.com.co\/web\/wp-json\/wp\/v2\/comments?post=13504"}],"version-history":[{"count":1,"href":"https:\/\/moir.com.co\/web\/wp-json\/wp\/v2\/posts\/13504\/revisions"}],"predecessor-version":[{"id":13506,"href":"https:\/\/moir.com.co\/web\/wp-json\/wp\/v2\/posts\/13504\/revisions\/13506"}],"wp:featuredmedia":[{"embeddable":true,"href":"https:\/\/moir.com.co\/web\/wp-json\/wp\/v2\/media\/13505"}],"wp:attachment":[{"href":"https:\/\/moir.com.co\/web\/wp-json\/wp\/v2\/media?parent=13504"}],"wp:term":[{"taxonomy":"category","embeddable":true,"href":"https:\/\/moir.com.co\/web\/wp-json\/wp\/v2\/categories?post=13504"},{"taxonomy":"post_tag","embeddable":true,"href":"https:\/\/moir.com.co\/web\/wp-json\/wp\/v2\/tags?post=13504"}],"curies":[{"name":"wp","href":"https:\/\/api.w.org\/{rel}","templated":true}]}}