{"id":13498,"date":"2017-10-12T21:32:41","date_gmt":"2017-10-12T21:32:41","guid":{"rendered":"https:\/\/moir.org.co\/web\/?p=13498"},"modified":"2017-10-12T21:32:41","modified_gmt":"2017-10-12T21:32:41","slug":"la-universidad-de-pamplona-es-ejemplo-de-como-no-hacer-politica-educativa-robledo","status":"publish","type":"post","link":"https:\/\/moir.com.co\/web\/la-universidad-de-pamplona-es-ejemplo-de-como-no-hacer-politica-educativa-robledo\/","title":{"rendered":"\u201cLa Universidad de Pamplona es ejemplo de c\u00f3mo no hacer pol\u00edtica educativa\u201d: Robledo"},"content":{"rendered":"<p><strong>Oficina de prensa del senador Jorge Enrique Robledo, Bogot\u00e1, octubre 11 de 2017<\/strong><\/p>\n<div class=\"stream-item-footer\">\n<div class=\"ProfileTweet-actionList js-actions\" role=\"group\" aria-label=\"Acciones del Tweet\">A prop\u00f3sito del paro que adelanta la comunidad acad\u00e9mica de la Universidad de Pamplona en Norte de Santander y de la jornada nacional de movilizaci\u00f3n del sector educativo que se lleva a cabo hoy 12 de octubre, el senador y candidato presidencial Jorge Enrique Robledo afirm\u00f3 que la Unipamplona es una ejemplo de c\u00f3mo no debe ser la pol\u00edtica de educaci\u00f3n superior en el pa\u00eds y evidenci\u00f3 que se ha desdibujado el car\u00e1cter p\u00fablico de la instituci\u00f3n ya que el Estado apenas financia el 30% de las necesidades de la universidad.<\/div>\n<\/div>\n<p>Robledo se solidariz\u00f3 con los estudiantes, profesores y trabajadores de la Universidad de Pamplona y afirm\u00f3 que las directivas deben brindar garant\u00edas para un di\u00e1logo que permita avanzar en las soluciones que la comunidad acad\u00e9mica demanda.<\/p>\n<p>Seg\u00fan estudiantes en paro de la instituci\u00f3n \u201cNo s\u00f3lo la falta de inversi\u00f3n nos est\u00e1 afectando, tambi\u00e9n una feria donde todo lo que pueda ser privatizado se privatiza como la\u00a0 IPS UNIPAMPLONA rest\u00e1ndole a la universidad capacidad para los programas de salud\u201d. Los estudiantes tambi\u00e9n expresan quejas en cuanto a la contrataci\u00f3n docente pues afirman que la mayor\u00eda son docentes ocasionales contratados por 4 meses o menos y tan solo hay\u00a0 17,8% de profesores de planta.<\/p>\n<p>En una comunicaci\u00f3n enviada a la oficina del senador Robledo afirman que \u201cToda la universidad de Pamplona est\u00e1 en cese de actividades, luchando contrarreloj contra la privatizaci\u00f3n, contra el cierre de programas como medicina, que si no se acredita de alta calidad para el otro a\u00f1o estar\u00e1 presta a cerrar por \u00f3rdenes del ministerio de educaci\u00f3n. Estamos contrarreloj evitando que la universidad de Norte de Santander que tiene mayor cantidad de estudiantes, mayor producci\u00f3n cient\u00edfica y menor financiaci\u00f3n no sea cerrada para alimentar un modelo leonino y a los bolsillos de unos pocos que se sostienen por una continuidad de los mismos con las mismas\u201d.<\/p>\n<div class=\"SandboxRoot env-bp-350\" data-twitter-event-id=\"2\">\n<div id=\"twitter-widget-2\" class=\"EmbeddedTweet EmbeddedTweet--edge EmbeddedTweet--mediaForward media-forward js-clickToOpenTarget js-tweetIdInfo tweet-InformationCircle-widgetParent js-enableExperiments\" lang=\"es\" data-click-to-open-target=\"https:\/\/twitter.com\/andreamartc\/status\/917590129744769025\" data-iframe-title=\"Tweet de Twitter\" data-dt-full=\"%{hours24}:%{minutes} - %{day} %{month} %{year}\" data-dt-explicit-timestamp=\"22:18 - 9 oct. 2017\" data-dt-months=\"ene|feb|mar|abr|Mayo|jun|jul|ago|sep|oct|nov|dic\" data-dt-am=\"AM\" data-dt-pm=\"PM\" data-dt-now=\"ahora\" data-dt-s=\"s\" data-dt-m=\"m\" data-dt-h=\"h\" data-dt-second=\"segundo\" data-dt-seconds=\"segundos\" data-dt-minute=\"minuto\" data-dt-minutes=\"minutos\" data-dt-hour=\"hora\" data-dt-hours=\"horas\" data-dt-abbr=\"%{number}%{symbol}\" data-dt-short=\"%{day} %{month}\" data-dt-long=\"%{day} %{month} %{year}\" data-scribe=\"page:tweet\" data-tweet-id=\"917590129744769025\" data-twitter-event-id=\"5\">\n<article class=\"MediaCard\n           MediaCard--mediaForward\n\n           customisable-border\" dir=\"ltr\" data-scribe=\"component:card\"><\/p>\n<div class=\"MediaCard-media\">\n<div class=\"MediaCard-widthConstraint js-cspForcedStyle\" data-style=\"max-width: 1200px\"><\/div>\n<\/div>\n<\/article>\n<\/div>\n<\/div>\n","protected":false},"excerpt":{"rendered":"<p>Oficina de prensa del senador Jorge Enrique Robledo, Bogot\u00e1, octubre 11 de 2017 A prop\u00f3sito del paro que adelanta la comunidad acad\u00e9mica de la Universidad de Pamplona en Norte de Santander y de la jornada nacional de movilizaci\u00f3n del sector educativo que se lleva a cabo hoy 12 de octubre, el senador y candidato presidencial [&hellip;]<\/p>\n","protected":false},"author":1,"featured_media":13499,"comment_status":"open","ping_status":"open","sticky":false,"template":"","format":"standard","meta":{"advanced_seo_description":"","jetpack_seo_html_title":"","jetpack_seo_noindex":false,"_jetpack_memberships_contains_paid_content":false,"footnotes":""},"categories":[102,103,97,4,98],"tags":[],"class_list":["post-13498","post","type-post","status-publish","format-standard","has-post-thumbnail","hentry","category-economia","category-educacion","category-imperialismo-y-neoliberalismo","category-jorge-enrique-robledo","category-politica"],"jetpack_featured_media_url":"https:\/\/i0.wp.com\/moir.com.co\/web\/wp-content\/uploads\/2017\/10\/unipamplonamovilizacion.png?fit=768%2C311&ssl=1","jetpack-related-posts":[{"id":2598,"url":"https:\/\/moir.com.co\/web\/carta-a-la-ministra-de-educacion-sobre-la-universidad-de-pamplona\/","url_meta":{"origin":13498,"position":0},"title":"CARTA A LA MINISTRA DE EDUCACI\u00d3N SOBRE LA UNIVERSIDAD DE PAMPLONA","author":"admin","date":"noviembre 21, 2008","format":false,"excerpt":"Bogot\u00e1, 21 de noviembre de 2008 Doctora CECILIA MAR\u00cdA V\u00c9LEZ WHITE Ministra de Educaci\u00f3n Nacional Referencia: M\u00e1s problemas en la Universidad de Pamplona. Atento saludo. El pasado 6 de noviembre, en sesi\u00f3n del Concejo de Pamplona, distintos estamentos sociales de Norte de Santander manifestaron su desacuerdo con la situaci\u00f3n econ\u00f3mica\u2026","rel":"","context":"En \u00abJorge Enrique Robledo\u00bb","block_context":{"text":"Jorge Enrique Robledo","link":"https:\/\/moir.com.co\/web\/category\/jorge-enrique-robledo\/"},"img":{"alt_text":"","src":"","width":0,"height":0},"classes":[]},{"id":5943,"url":"https:\/\/moir.com.co\/web\/a-no-seguir-reprimiendo-justos-reclamos-de-ciudadania-llama-robledo-al-gobierno\/","url_meta":{"origin":13498,"position":1},"title":"A no seguir reprimiendo justos reclamos de ciudadan\u00eda, llama Robledo al gobierno","author":"admin","date":"septiembre 20, 2011","format":false,"excerpt":"Al iniciar su debate sobre tierras en la Comisi\u00f3n Quinta de la c\u00e1mara alta, el senador Jorge Enrique Robledo llam\u00f3 al gobierno a no reprimir m\u00e1s los justos reclamos de los colombianos. \u201cMuy malo el estilo santista de usar la fuerza contra los que protestan\u201d, asever\u00f3. El senador del Polo\u2026","rel":"","context":"En \u00abJorge Enrique Robledo\u00bb","block_context":{"text":"Jorge Enrique Robledo","link":"https:\/\/moir.com.co\/web\/category\/jorge-enrique-robledo\/"},"img":{"alt_text":"","src":"","width":0,"height":0},"classes":[]},{"id":13478,"url":"https:\/\/moir.com.co\/web\/le-toca-a-la-educacion-robledo\/","url_meta":{"origin":13498,"position":2},"title":"Le toca a la educaci\u00f3n: Robledo","author":"admin","date":"octubre 10, 2017","format":false,"excerpt":"Oficina de prensa del senador Jorge Enrique Robledo, Bogot\u00e1, octubre 9 de 2017 Con la participaci\u00f3n de veintitr\u00e9s voceros de la comunidad acad\u00e9mica de todos los niveles educativos se realiz\u00f3 hoy en el Senado de la Rep\u00fablica la audiencia p\u00fablica: La Educaci\u00f3n al Tablero. El evento fue citado por el\u2026","rel":"","context":"En \u00abCiencia\u00bb","block_context":{"text":"Ciencia","link":"https:\/\/moir.com.co\/web\/category\/temas\/ciencia\/"},"img":{"alt_text":"","src":"https:\/\/i0.wp.com\/moir.com.co\/web\/wp-content\/uploads\/2017\/10\/robledoletocaalaeducacion.png?fit=768%2C538&ssl=1&resize=350%2C200","width":350,"height":200,"srcset":"https:\/\/i0.wp.com\/moir.com.co\/web\/wp-content\/uploads\/2017\/10\/robledoletocaalaeducacion.png?fit=768%2C538&ssl=1&resize=350%2C200 1x, https:\/\/i0.wp.com\/moir.com.co\/web\/wp-content\/uploads\/2017\/10\/robledoletocaalaeducacion.png?fit=768%2C538&ssl=1&resize=525%2C300 1.5x, https:\/\/i0.wp.com\/moir.com.co\/web\/wp-content\/uploads\/2017\/10\/robledoletocaalaeducacion.png?fit=768%2C538&ssl=1&resize=700%2C400 2x"},"classes":[]},{"id":5989,"url":"https:\/\/moir.com.co\/web\/conferencia-del-senador-jorge-enrique-robledo-en-la-universidad-nacional-sede-medellin-contra-la-reforma-de-santos-a-la-educacion-superior-octubre-6-de-2011\/","url_meta":{"origin":13498,"position":3},"title":"Conferencia del senador Jorge Enrique Robledo en la Universidad Nacional, sede Medell\u00edn, contra la reforma de Santos a la educaci\u00f3n superior, octubre 6 de 2011","author":"admin","date":"octubre 6, 2011","format":false,"excerpt":"","rel":"","context":"En \u00abGaler\u00edas\u00bb","block_context":{"text":"Galer\u00edas","link":"https:\/\/moir.com.co\/web\/category\/multimedia\/galerias\/"},"img":{"alt_text":"","src":"","width":0,"height":0},"classes":[]},{"id":5990,"url":"https:\/\/moir.com.co\/web\/conferencia-del-senador-jorge-enrique-robledo-en-la-universidad-de-antioquia-contra-la-reforma-de-santos-a-la-educacion-superior-medellin-octubre-6-de-2011\/","url_meta":{"origin":13498,"position":4},"title":"Conferencia del senador Jorge Enrique Robledo en la Universidad de Antioquia, contra la reforma de Santos a la educaci\u00f3n superior, Medell\u00edn, octubre 6 de 2011","author":"admin","date":"octubre 6, 2011","format":false,"excerpt":"","rel":"","context":"En \u00abGaler\u00edas\u00bb","block_context":{"text":"Galer\u00edas","link":"https:\/\/moir.com.co\/web\/category\/multimedia\/galerias\/"},"img":{"alt_text":"","src":"","width":0,"height":0},"classes":[]},{"id":5991,"url":"https:\/\/moir.com.co\/web\/conferencia-del-senador-jorge-enrique-robledo-en-la-universidad-autonoma-contra-la-reforma-de-santos-a-la-educacion-superior-medellin-octubre-6-de-2011\/","url_meta":{"origin":13498,"position":5},"title":"Conferencia del senador Jorge Enrique Robledo en la Universidad Aut\u00f3noma, contra la reforma de Santos a la educaci\u00f3n superior, Medell\u00edn, octubre 6 de 2011","author":"admin","date":"octubre 6, 2011","format":false,"excerpt":"","rel":"","context":"En \u00abGaler\u00edas\u00bb","block_context":{"text":"Galer\u00edas","link":"https:\/\/moir.com.co\/web\/category\/multimedia\/galerias\/"},"img":{"alt_text":"","src":"","width":0,"height":0},"classes":[]}],"jetpack_sharing_enabled":true,"_links":{"self":[{"href":"https:\/\/moir.com.co\/web\/wp-json\/wp\/v2\/posts\/13498","targetHints":{"allow":["GET"]}}],"collection":[{"href":"https:\/\/moir.com.co\/web\/wp-json\/wp\/v2\/posts"}],"about":[{"href":"https:\/\/moir.com.co\/web\/wp-json\/wp\/v2\/types\/post"}],"author":[{"embeddable":true,"href":"https:\/\/moir.com.co\/web\/wp-json\/wp\/v2\/users\/1"}],"replies":[{"embeddable":true,"href":"https:\/\/moir.com.co\/web\/wp-json\/wp\/v2\/comments?post=13498"}],"version-history":[{"count":1,"href":"https:\/\/moir.com.co\/web\/wp-json\/wp\/v2\/posts\/13498\/revisions"}],"predecessor-version":[{"id":13500,"href":"https:\/\/moir.com.co\/web\/wp-json\/wp\/v2\/posts\/13498\/revisions\/13500"}],"wp:featuredmedia":[{"embeddable":true,"href":"https:\/\/moir.com.co\/web\/wp-json\/wp\/v2\/media\/13499"}],"wp:attachment":[{"href":"https:\/\/moir.com.co\/web\/wp-json\/wp\/v2\/media?parent=13498"}],"wp:term":[{"taxonomy":"category","embeddable":true,"href":"https:\/\/moir.com.co\/web\/wp-json\/wp\/v2\/categories?post=13498"},{"taxonomy":"post_tag","embeddable":true,"href":"https:\/\/moir.com.co\/web\/wp-json\/wp\/v2\/tags?post=13498"}],"curies":[{"name":"wp","href":"https:\/\/api.w.org\/{rel}","templated":true}]}}