{"id":13481,"date":"2017-10-10T18:55:03","date_gmt":"2017-10-10T18:55:03","guid":{"rendered":"https:\/\/moir.org.co\/web\/?p=13481"},"modified":"2017-10-10T19:01:18","modified_gmt":"2017-10-10T19:01:18","slug":"programa-radial-de-tribuna-magisterial-octubre-8-de-2017","status":"publish","type":"post","link":"https:\/\/moir.com.co\/web\/programa-radial-de-tribuna-magisterial-octubre-8-de-2017\/","title":{"rendered":"Programa Radial de Tribuna Magisterial, octubre 8 de 2017"},"content":{"rendered":"<p><strong>Bogot\u00e1, octubre 8 de 2017<\/strong><\/p>\n<p>En el programa del 8 de octubre de 2017 Pedro Jim\u00e9nez docente del Distrito y conductor del programa, entrevist\u00f3 a Francisco Torres del Comit\u00e9 Ejecutivo de FECODE, quien dio un informe sobre la justa lucha de los pilotos de AVIANCA que se encuentran en huelga, tambi\u00e9n convoc\u00f3 al magisterio colombiano a la jornada de movilizaci\u00f3n que se realizar\u00e1 el pr\u00f3ximo 12 de octubre. El prop\u00f3sito es protestar por las p\u00e9simas condiciones laborales de los trabajadores del pa\u00eds. Tambi\u00e9n invito a votar a la junta directiva a la ADE por Mar\u00eda Antonieta Cano marcando el #2 y por Gustavo Pe\u00f1uela a la asamblea de delegados de la ADE marcando el #306<\/p>\n<p>Gustavo Pe\u00f1uela candidato a la asamblea de delegados de la ADE por tribuna Magisterial con el #306, se\u00f1al\u00f3 que hay que defender la democracia, el derecho a la asociaci\u00f3n y la libertad sindical para defender los derechos de todos los trabajadores, explicando que la Unidad del magisterio es fuerza para alcanzar mayores garant\u00edas laborales y poder defender la educaci\u00f3n p\u00fablica.<\/p>\n<p>Mar\u00eda Antonieta Cano reproch\u00f3 la actitud del gobierno nacional contra los trabajadores de AVIANCA y destac\u00f3 la importancia de la Unidad del magisterio colombiano en torno a FECODE, se\u00f1alo que el 12 de octubre los maestros salen a las calles porque Juan Manuel Santos no est\u00e1 cumpliendo los acuerdos firmados en junio.<\/p>\n<p>V\u00edctor Beltr\u00e1n candidato a la asamblea de delegados de la ADE por tribuna Magisterial con el #121, presento las razones por las cuales los maestros de Bogot\u00e1 lo deben elegir, se\u00f1al\u00f3 que es importante lograr la unidad del magisterio del distrito, explic\u00f3 que el estatuto \u00fanico es importante porque se defender\u00e1 la carrera docente y la estabilidad laboral<\/p>\n<p><strong>Candidatos de Tribuna Magisterial.<\/strong><\/p>\n<p><strong>Mar\u00eda Antonieta Cano #2 a la junta Directiva de la ADE.<\/strong><\/p>\n<p><strong>V\u00edctor Beltr\u00e1n #121, Mar\u00eda Antonieta Cano #298, Edgar Casas # 210, Luz Marina Corredor #400, Gladys Gasca #141, John Granados 123, Pedro Jim\u00e9nez #290, Marisol Moncada #341, Gustavo Pe\u00f1uela #306, Alberto Pacheco #114, Iv\u00e1n Ram\u00edrez #455, Felipe Romero #307, Albert Serrano #395, Alejandro Silva #462.<\/strong><\/p>\n","protected":false},"excerpt":{"rendered":"<p>Bogot\u00e1, octubre 8 de 2017 En el programa del 8 de octubre de 2017 Pedro Jim\u00e9nez docente del Distrito y conductor del programa, entrevist\u00f3 a Francisco Torres del Comit\u00e9 Ejecutivo de FECODE, quien dio un informe sobre la justa lucha de los pilotos de AVIANCA que se encuentran en huelga, tambi\u00e9n convoc\u00f3 al magisterio colombiano [&hellip;]<\/p>\n","protected":false},"author":1,"featured_media":13436,"comment_status":"open","ping_status":"open","sticky":false,"template":"","format":"audio","meta":{"advanced_seo_description":"","jetpack_seo_html_title":"","jetpack_seo_noindex":false,"_jetpack_memberships_contains_paid_content":false,"footnotes":""},"categories":[102,103,97,98,109,11],"tags":[],"class_list":["post-13481","post","type-post","status-publish","format-audio","has-post-thumbnail","hentry","category-economia","category-educacion","category-imperialismo-y-neoliberalismo","category-politica","category-sindical","category-tribuna-magisterial","post_format-post-format-audio"],"jetpack_featured_media_url":"https:\/\/i0.wp.com\/moir.com.co\/web\/wp-content\/uploads\/2017\/10\/ADETon%CC%83a.jpg?fit=853%2C1280&ssl=1","jetpack-related-posts":[{"id":13635,"url":"https:\/\/moir.com.co\/web\/programa-radial-de-tribuna-magisterial-octubre-22-de-2017\/","url_meta":{"origin":13481,"position":0},"title":"Programa Radial de Tribuna Magisterial, octubre 22 de 2017","author":"admin","date":"octubre 26, 2017","format":"audio","excerpt":"Bogot\u00e1, octubre 22 de 2017 En el programa del 22 de octubre la profesora Marisol Moncada docente provisional del distrito present\u00f3 su candidatura a la asamblea de delegados de la ADE con el #341, tambi\u00e9n Pedro Jim\u00e9nez present\u00f3 su candidatura a la asamblea de delegados de la ADE con el\u2026","rel":"","context":"En \u00abBogot\u00e1\u00bb","block_context":{"text":"Bogot\u00e1","link":"https:\/\/moir.com.co\/web\/category\/temas\/bogota\/"},"img":{"alt_text":"","src":"https:\/\/i0.wp.com\/moir.com.co\/web\/wp-content\/uploads\/2017\/10\/ADETon%CC%83a.jpg?fit=800%2C1200&ssl=1&resize=350%2C200","width":350,"height":200,"srcset":"https:\/\/i0.wp.com\/moir.com.co\/web\/wp-content\/uploads\/2017\/10\/ADETon%CC%83a.jpg?fit=800%2C1200&ssl=1&resize=350%2C200 1x, https:\/\/i0.wp.com\/moir.com.co\/web\/wp-content\/uploads\/2017\/10\/ADETon%CC%83a.jpg?fit=800%2C1200&ssl=1&resize=525%2C300 1.5x, https:\/\/i0.wp.com\/moir.com.co\/web\/wp-content\/uploads\/2017\/10\/ADETon%CC%83a.jpg?fit=800%2C1200&ssl=1&resize=700%2C400 2x"},"classes":[]},{"id":13681,"url":"https:\/\/moir.com.co\/web\/programa-radial-de-tribuna-magisterial-octubre-29-de-2018\/","url_meta":{"origin":13481,"position":1},"title":"Programa Radial de Tribuna Magisterial, octubre 29 de 2018","author":"admin","date":"octubre 30, 2017","format":"audio","excerpt":"Bogot\u00e1, octubre 29 de 2017 En el programa del 29 de octubre de 2017 Mar\u00eda Antonieta Cano de la junta directiva de la ADE y directora del programa invit\u00f3 a los oyentes al gran evento campa\u00f1a con los candidatos de Tribuna Magisterial para la ADE que se realizar\u00e1 el 15\u2026","rel":"","context":"En \u00abBogot\u00e1\u00bb","block_context":{"text":"Bogot\u00e1","link":"https:\/\/moir.com.co\/web\/category\/temas\/bogota\/"},"img":{"alt_text":"","src":"https:\/\/i0.wp.com\/moir.com.co\/web\/wp-content\/uploads\/2017\/10\/ADETon%CC%83a.jpg?fit=800%2C1200&ssl=1&resize=350%2C200","width":350,"height":200,"srcset":"https:\/\/i0.wp.com\/moir.com.co\/web\/wp-content\/uploads\/2017\/10\/ADETon%CC%83a.jpg?fit=800%2C1200&ssl=1&resize=350%2C200 1x, https:\/\/i0.wp.com\/moir.com.co\/web\/wp-content\/uploads\/2017\/10\/ADETon%CC%83a.jpg?fit=800%2C1200&ssl=1&resize=525%2C300 1.5x, https:\/\/i0.wp.com\/moir.com.co\/web\/wp-content\/uploads\/2017\/10\/ADETon%CC%83a.jpg?fit=800%2C1200&ssl=1&resize=700%2C400 2x"},"classes":[]},{"id":13435,"url":"https:\/\/moir.com.co\/web\/programa-radial-de-tribuna-magisterial-octubre-1-de-2017\/","url_meta":{"origin":13481,"position":2},"title":"Programa Radial de Tribuna Magisterial, octubre 1 de 2017","author":"admin","date":"octubre 3, 2017","format":"audio","excerpt":"Bogot\u00e1, octubre 1 de 2017 En el programa del 1 de octubre Mar\u00eda Antonieta Cano, de la junta directiva de la Ade y directora del programa y Pedro Jim\u00e9nez docente del distrito, explicaron los puntos program\u00e1ticos expresados por el Senador y \u00a0Candidato a la presidencia por el Polo Democr\u00e1tico Alternativo\u2026","rel":"","context":"En \u00abEducaci\u00f3n\u00bb","block_context":{"text":"Educaci\u00f3n","link":"https:\/\/moir.com.co\/web\/category\/temas\/educacion\/"},"img":{"alt_text":"","src":"https:\/\/i0.wp.com\/moir.com.co\/web\/wp-content\/uploads\/2017\/10\/ADETon%CC%83a.jpg?fit=800%2C1200&ssl=1&resize=350%2C200","width":350,"height":200,"srcset":"https:\/\/i0.wp.com\/moir.com.co\/web\/wp-content\/uploads\/2017\/10\/ADETon%CC%83a.jpg?fit=800%2C1200&ssl=1&resize=350%2C200 1x, https:\/\/i0.wp.com\/moir.com.co\/web\/wp-content\/uploads\/2017\/10\/ADETon%CC%83a.jpg?fit=800%2C1200&ssl=1&resize=525%2C300 1.5x, https:\/\/i0.wp.com\/moir.com.co\/web\/wp-content\/uploads\/2017\/10\/ADETon%CC%83a.jpg?fit=800%2C1200&ssl=1&resize=700%2C400 2x"},"classes":[]},{"id":13399,"url":"https:\/\/moir.com.co\/web\/programa-radial-de-tribuna-magisterial-septiembre-24-de-2017\/","url_meta":{"origin":13481,"position":3},"title":"Programa Radial de Tribuna Magisterial, septiembre 24 de 2017","author":"admin","date":"septiembre 29, 2017","format":"audio","excerpt":"Bogot\u00e1, septiembre 24 de 2017 En el programa del 24 de septiembre Mar\u00eda Antonieta Cano de la junta Directiva de la ADE y directora del programa dio un informe sobre la proclamaci\u00f3n de Jorge Robledo como candidato a la Presidencia de la Republica por el Polo Democr\u00e1tico Alternativo. Tambi\u00e9n inform\u00f3\u2026","rel":"","context":"En \u00abEducaci\u00f3n\u00bb","block_context":{"text":"Educaci\u00f3n","link":"https:\/\/moir.com.co\/web\/category\/temas\/educacion\/"},"img":{"alt_text":"","src":"https:\/\/i0.wp.com\/moir.com.co\/web\/wp-content\/uploads\/2017\/07\/tribmagton%CC%83a5-1.jpg?fit=900%2C1200&ssl=1&resize=350%2C200","width":350,"height":200,"srcset":"https:\/\/i0.wp.com\/moir.com.co\/web\/wp-content\/uploads\/2017\/07\/tribmagton%CC%83a5-1.jpg?fit=900%2C1200&ssl=1&resize=350%2C200 1x, https:\/\/i0.wp.com\/moir.com.co\/web\/wp-content\/uploads\/2017\/07\/tribmagton%CC%83a5-1.jpg?fit=900%2C1200&ssl=1&resize=525%2C300 1.5x, https:\/\/i0.wp.com\/moir.com.co\/web\/wp-content\/uploads\/2017\/07\/tribmagton%CC%83a5-1.jpg?fit=900%2C1200&ssl=1&resize=700%2C400 2x"},"classes":[]},{"id":6673,"url":"https:\/\/moir.com.co\/web\/programa-radial-tribuna-magisterial-julio-15-de-2012\/","url_meta":{"origin":13481,"position":4},"title":"Programa Radial Tribuna Magisterial, julio 15 de 2012","author":"admin","date":"julio 15, 2012","format":false,"excerpt":"El programa radial inicia con la nota editorial a cargo de la profesora Mar\u00eda Antonieta Cano, directora del programa y candidata a la ADE con el N\u00b0 24 en el Tarjet\u00f3n, denominada \u201cTribuna magisterial y la crisis de la educaci\u00f3n p\u00fablica\u201d. Continu\u00f3 la presentaci\u00f3n de V\u00edctor Beltr\u00e1n, candidato al congreso\u2026","rel":"","context":"En \u00abTribuna Magisterial\u00bb","block_context":{"text":"Tribuna Magisterial","link":"https:\/\/moir.com.co\/web\/category\/tribuna-magisterial\/"},"img":{"alt_text":"","src":"","width":0,"height":0},"classes":[]},{"id":13829,"url":"https:\/\/moir.com.co\/web\/programa-radial-de-tribuna-magisterial-noviembre-12-de-2017\/","url_meta":{"origin":13481,"position":5},"title":"Programa Radial de Tribuna Magisterial, noviembre 12 de 2017","author":"admin","date":"noviembre 15, 2017","format":"audio","excerpt":"Bogot\u00e1, noviembre 12 de 2017 En el programa del 12 de noviembre Mar\u00eda Antonieta Cano de la junta directiva de la ADE y directora del programa entrevist\u00f3 a los profesores candidatos a la asamblea de delegados, profesor Iv\u00e1n Ram\u00edrez con el #455 y al profesor Albert Serrano #395, quienes presentaron\u2026","rel":"","context":"En \u00abBogot\u00e1\u00bb","block_context":{"text":"Bogot\u00e1","link":"https:\/\/moir.com.co\/web\/category\/temas\/bogota\/"},"img":{"alt_text":"","src":"https:\/\/i0.wp.com\/moir.com.co\/web\/wp-content\/uploads\/2017\/10\/ADETon%CC%83a.jpg?fit=800%2C1200&ssl=1&resize=350%2C200","width":350,"height":200,"srcset":"https:\/\/i0.wp.com\/moir.com.co\/web\/wp-content\/uploads\/2017\/10\/ADETon%CC%83a.jpg?fit=800%2C1200&ssl=1&resize=350%2C200 1x, https:\/\/i0.wp.com\/moir.com.co\/web\/wp-content\/uploads\/2017\/10\/ADETon%CC%83a.jpg?fit=800%2C1200&ssl=1&resize=525%2C300 1.5x, https:\/\/i0.wp.com\/moir.com.co\/web\/wp-content\/uploads\/2017\/10\/ADETon%CC%83a.jpg?fit=800%2C1200&ssl=1&resize=700%2C400 2x"},"classes":[]}],"jetpack_sharing_enabled":true,"_links":{"self":[{"href":"https:\/\/moir.com.co\/web\/wp-json\/wp\/v2\/posts\/13481","targetHints":{"allow":["GET"]}}],"collection":[{"href":"https:\/\/moir.com.co\/web\/wp-json\/wp\/v2\/posts"}],"about":[{"href":"https:\/\/moir.com.co\/web\/wp-json\/wp\/v2\/types\/post"}],"author":[{"embeddable":true,"href":"https:\/\/moir.com.co\/web\/wp-json\/wp\/v2\/users\/1"}],"replies":[{"embeddable":true,"href":"https:\/\/moir.com.co\/web\/wp-json\/wp\/v2\/comments?post=13481"}],"version-history":[{"count":1,"href":"https:\/\/moir.com.co\/web\/wp-json\/wp\/v2\/posts\/13481\/revisions"}],"predecessor-version":[{"id":13482,"href":"https:\/\/moir.com.co\/web\/wp-json\/wp\/v2\/posts\/13481\/revisions\/13482"}],"wp:featuredmedia":[{"embeddable":true,"href":"https:\/\/moir.com.co\/web\/wp-json\/wp\/v2\/media\/13436"}],"wp:attachment":[{"href":"https:\/\/moir.com.co\/web\/wp-json\/wp\/v2\/media?parent=13481"}],"wp:term":[{"taxonomy":"category","embeddable":true,"href":"https:\/\/moir.com.co\/web\/wp-json\/wp\/v2\/categories?post=13481"},{"taxonomy":"post_tag","embeddable":true,"href":"https:\/\/moir.com.co\/web\/wp-json\/wp\/v2\/tags?post=13481"}],"curies":[{"name":"wp","href":"https:\/\/api.w.org\/{rel}","templated":true}]}}