{"id":13478,"date":"2017-10-10T18:00:04","date_gmt":"2017-10-10T18:00:04","guid":{"rendered":"https:\/\/moir.org.co\/web\/?p=13478"},"modified":"2017-10-10T18:00:04","modified_gmt":"2017-10-10T18:00:04","slug":"le-toca-a-la-educacion-robledo","status":"publish","type":"post","link":"https:\/\/moir.com.co\/web\/le-toca-a-la-educacion-robledo\/","title":{"rendered":"Le toca a la educaci\u00f3n: Robledo"},"content":{"rendered":"<p><strong>Oficina de prensa del senador Jorge Enrique Robledo, Bogot\u00e1, octubre 9 de 2017<\/strong><\/p>\n<p><img fetchpriority=\"high\" decoding=\"async\" class=\"alignnone wp-image-6591 size-full\" src=\"https:\/\/i1.wp.com\/jorgerobledo.com\/wp-content\/uploads\/2017\/10\/Screen-Shot-2017-10-09-at-7.01.17-PM.png?resize=640%2C277&amp;ssl=1\" sizes=\"(max-width: 640px) 100vw, 640px\" srcset=\"https:\/\/i1.wp.com\/jorgerobledo.com\/wp-content\/uploads\/2017\/10\/Screen-Shot-2017-10-09-at-7.01.17-PM.png?w=911&amp;ssl=1 911w, https:\/\/i1.wp.com\/jorgerobledo.com\/wp-content\/uploads\/2017\/10\/Screen-Shot-2017-10-09-at-7.01.17-PM.png?resize=300%2C130&amp;ssl=1 300w, https:\/\/i1.wp.com\/jorgerobledo.com\/wp-content\/uploads\/2017\/10\/Screen-Shot-2017-10-09-at-7.01.17-PM.png?resize=768%2C333&amp;ssl=1 768w\" alt=\"\" width=\"640\" height=\"277\" data-attachment-id=\"6591\" data-permalink=\"https:\/\/jorgerobledo.com\/le-toca-la-educacion-robledo\/screen-shot-2017-10-09-at-7-01-17-pm\/\" data-orig-file=\"https:\/\/i1.wp.com\/jorgerobledo.com\/wp-content\/uploads\/2017\/10\/Screen-Shot-2017-10-09-at-7.01.17-PM.png?fit=911%2C395&amp;ssl=1\" data-orig-size=\"911,395\" data-comments-opened=\"1\" data-image-meta=\"{&quot;aperture&quot;:&quot;0&quot;,&quot;credit&quot;:&quot;&quot;,&quot;camera&quot;:&quot;&quot;,&quot;caption&quot;:&quot;&quot;,&quot;created_timestamp&quot;:&quot;0&quot;,&quot;copyright&quot;:&quot;&quot;,&quot;focal_length&quot;:&quot;0&quot;,&quot;iso&quot;:&quot;0&quot;,&quot;shutter_speed&quot;:&quot;0&quot;,&quot;title&quot;:&quot;&quot;,&quot;orientation&quot;:&quot;0&quot;}\" data-image-title=\"Screen Shot 2017-10-09 at 7.01.17 PM\" data-image-description=\"\" data-medium-file=\"https:\/\/i1.wp.com\/jorgerobledo.com\/wp-content\/uploads\/2017\/10\/Screen-Shot-2017-10-09-at-7.01.17-PM.png?fit=300%2C130&amp;ssl=1\" data-large-file=\"https:\/\/i1.wp.com\/jorgerobledo.com\/wp-content\/uploads\/2017\/10\/Screen-Shot-2017-10-09-at-7.01.17-PM.png?fit=640%2C277&amp;ssl=1\" \/><\/p>\n<p>Con la participaci\u00f3n de veintitr\u00e9s voceros de la comunidad acad\u00e9mica de todos los niveles educativos se realiz\u00f3 hoy en el Senado de la Rep\u00fablica la audiencia p\u00fablica: La Educaci\u00f3n al Tablero. El evento fue citado por el senador Jorge Enrique Robledo, quien explic\u00f3 c\u00f3mo la pol\u00edtica del gobierno nacional, del actual y de sus antecesores, es la mala educaci\u00f3n.<\/p>\n<p>En la audiencia tambi\u00e9n se escucharon las voces de renombrados cient\u00edficos como el bot\u00e1nico Enrique Forero, presidente de la Academia Colombiana de Ciencias Exactas, F\u00edsicas y Naturales, y del f\u00edsico Eduardo Posada, presidente de la junta directiva de la Asociaci\u00f3n Colombiana para al Avance de la Ciencia, quienes coincidieron en se\u00f1alar que un pa\u00eds que no produce su propio conocimiento est\u00e1 condenado al fracaso y que es equivocado pensar que basta con tener recursos naturales y que ya no hay nada m\u00e1s que inventar.<\/p>\n<p>Por su parte, Carlos Hernando Forero, director ejecutivo de la Asociaci\u00f3n Colombiana de Universidades (Ascun), citando al intelectual Guillermo Param\u00f3 se\u00f1al\u00f3 que el pa\u00eds necesita a la ciencia para ser nosotros y no los imitadores de otros. El profesor Jairo Villavona afirm\u00f3 que el programa ser pilo paga se debe acabar por se excluyente pues solo atiende al 2% de los 500.000 estudiantes que salen de los colegios todos los a\u00f1os.<\/p>\n<div class=\"tiled-gallery type-rectangular\" data-original-width=\"640\" data-carousel-extra=\"{&quot;blog_id&quot;:1,&quot;permalink&quot;:&quot;https:\\\/\\\/jorgerobledo.com\\\/le-toca-la-educacion-robledo\\\/&quot;,&quot;likes_blog_id&quot;:135274974}\">\n<div class=\"gallery-row\" data-original-width=\"640\" data-original-height=\"421\">\n<div class=\"gallery-group images-3\" data-original-width=\"154\" data-original-height=\"421\">\n<div class=\"tiled-gallery-item tiled-gallery-item-small\"><a href=\"https:\/\/jorgerobledo.com\/le-toca-la-educacion-robledo\/screen-shot-2017-10-09-at-7-13-48-pm-2\/\"><img decoding=\"async\" title=\"Screen Shot 2017-10-09 at 7.13.48 PM\" src=\"https:\/\/i2.wp.com\/jorgerobledo.com\/wp-content\/uploads\/2017\/10\/Screen-Shot-2017-10-09-at-7.13.48-PM-1.png?zoom=2&amp;w=150&amp;h=142&amp;crop&amp;ssl=1\" alt=\"Sergio Fern\u00e1ndez\" width=\"150\" height=\"142\" data-attachment-id=\"6600\" data-orig-file=\"https:\/\/jorgerobledo.com\/wp-content\/uploads\/2017\/10\/Screen-Shot-2017-10-09-at-7.13.48-PM-1.png\" data-orig-size=\"575,544\" data-comments-opened=\"1\" data-image-meta=\"{&quot;aperture&quot;:&quot;0&quot;,&quot;credit&quot;:&quot;&quot;,&quot;camera&quot;:&quot;&quot;,&quot;caption&quot;:&quot;&quot;,&quot;created_timestamp&quot;:&quot;0&quot;,&quot;copyright&quot;:&quot;&quot;,&quot;focal_length&quot;:&quot;0&quot;,&quot;iso&quot;:&quot;0&quot;,&quot;shutter_speed&quot;:&quot;0&quot;,&quot;title&quot;:&quot;&quot;,&quot;orientation&quot;:&quot;0&quot;}\" data-image-title=\"Screen Shot 2017-10-09 at 7.13.48 PM\" data-image-description=\"\" data-medium-file=\"https:\/\/i2.wp.com\/jorgerobledo.com\/wp-content\/uploads\/2017\/10\/Screen-Shot-2017-10-09-at-7.13.48-PM-1.png?fit=300%2C284&amp;ssl=1\" data-large-file=\"https:\/\/i2.wp.com\/jorgerobledo.com\/wp-content\/uploads\/2017\/10\/Screen-Shot-2017-10-09-at-7.13.48-PM-1.png?fit=575%2C544&amp;ssl=1\" data-original-width=\"150\" data-original-height=\"142\" \/><\/a><\/div>\n<div class=\"tiled-gallery-item tiled-gallery-item-small\"><a href=\"https:\/\/jorgerobledo.com\/le-toca-la-educacion-robledo\/screen-shot-2017-10-09-at-7-09-29-pm-2\/\"><img decoding=\"async\" title=\"Screen Shot 2017-10-09 at 7.09.29 PM\" src=\"https:\/\/i0.wp.com\/jorgerobledo.com\/wp-content\/uploads\/2017\/10\/Screen-Shot-2017-10-09-at-7.09.29-PM-1.png?zoom=2&amp;w=150&amp;h=120&amp;crop&amp;ssl=1\" alt=\"Maria Antonieta Cano\" width=\"150\" height=\"120\" data-attachment-id=\"6601\" data-orig-file=\"https:\/\/jorgerobledo.com\/wp-content\/uploads\/2017\/10\/Screen-Shot-2017-10-09-at-7.09.29-PM-1.png\" data-orig-size=\"670,535\" data-comments-opened=\"1\" data-image-meta=\"{&quot;aperture&quot;:&quot;0&quot;,&quot;credit&quot;:&quot;&quot;,&quot;camera&quot;:&quot;&quot;,&quot;caption&quot;:&quot;&quot;,&quot;created_timestamp&quot;:&quot;0&quot;,&quot;copyright&quot;:&quot;&quot;,&quot;focal_length&quot;:&quot;0&quot;,&quot;iso&quot;:&quot;0&quot;,&quot;shutter_speed&quot;:&quot;0&quot;,&quot;title&quot;:&quot;&quot;,&quot;orientation&quot;:&quot;0&quot;}\" data-image-title=\"Screen Shot 2017-10-09 at 7.09.29 PM\" data-image-description=\"\" data-medium-file=\"https:\/\/i0.wp.com\/jorgerobledo.com\/wp-content\/uploads\/2017\/10\/Screen-Shot-2017-10-09-at-7.09.29-PM-1.png?fit=300%2C240&amp;ssl=1\" data-large-file=\"https:\/\/i0.wp.com\/jorgerobledo.com\/wp-content\/uploads\/2017\/10\/Screen-Shot-2017-10-09-at-7.09.29-PM-1.png?fit=640%2C511&amp;ssl=1\" data-original-width=\"150\" data-original-height=\"120\" \/><\/a><\/div>\n<div class=\"tiled-gallery-item tiled-gallery-item-small\"><a href=\"https:\/\/jorgerobledo.com\/le-toca-la-educacion-robledo\/screen-shot-2017-10-09-at-6-52-58-pm-2\/\"><img loading=\"lazy\" decoding=\"async\" title=\"Screen Shot 2017-10-09 at 6.52.58 PM\" src=\"https:\/\/i2.wp.com\/jorgerobledo.com\/wp-content\/uploads\/2017\/10\/Screen-Shot-2017-10-09-at-6.52.58-PM-1.png?zoom=2&amp;w=150&amp;h=147&amp;crop&amp;ssl=1\" alt=\"Carlos Forero\" width=\"150\" height=\"147\" data-attachment-id=\"6602\" data-orig-file=\"https:\/\/jorgerobledo.com\/wp-content\/uploads\/2017\/10\/Screen-Shot-2017-10-09-at-6.52.58-PM-1.png\" data-orig-size=\"558,544\" data-comments-opened=\"1\" data-image-meta=\"{&quot;aperture&quot;:&quot;0&quot;,&quot;credit&quot;:&quot;&quot;,&quot;camera&quot;:&quot;&quot;,&quot;caption&quot;:&quot;&quot;,&quot;created_timestamp&quot;:&quot;0&quot;,&quot;copyright&quot;:&quot;&quot;,&quot;focal_length&quot;:&quot;0&quot;,&quot;iso&quot;:&quot;0&quot;,&quot;shutter_speed&quot;:&quot;0&quot;,&quot;title&quot;:&quot;&quot;,&quot;orientation&quot;:&quot;0&quot;}\" data-image-title=\"Screen Shot 2017-10-09 at 6.52.58 PM\" data-image-description=\"\" data-medium-file=\"https:\/\/i2.wp.com\/jorgerobledo.com\/wp-content\/uploads\/2017\/10\/Screen-Shot-2017-10-09-at-6.52.58-PM-1.png?fit=300%2C292&amp;ssl=1\" data-large-file=\"https:\/\/i2.wp.com\/jorgerobledo.com\/wp-content\/uploads\/2017\/10\/Screen-Shot-2017-10-09-at-6.52.58-PM-1.png?fit=558%2C544&amp;ssl=1\" data-original-width=\"150\" data-original-height=\"147\" \/><\/a><\/div>\n<\/div>\n<div class=\"gallery-group images-2\" data-original-width=\"249\" data-original-height=\"421\">\n<div class=\"tiled-gallery-item tiled-gallery-item-small\"><a href=\"https:\/\/jorgerobledo.com\/le-toca-la-educacion-robledo\/screen-shot-2017-10-09-at-6-52-45-pm-2\/\"><img loading=\"lazy\" decoding=\"async\" title=\"Screen Shot 2017-10-09 at 6.52.45 PM\" src=\"https:\/\/i2.wp.com\/jorgerobledo.com\/wp-content\/uploads\/2017\/10\/Screen-Shot-2017-10-09-at-6.52.45-PM-1.png?zoom=2&amp;w=245&amp;h=203&amp;crop&amp;ssl=1\" alt=\"Enrique Forero\" width=\"245\" height=\"203\" data-attachment-id=\"6603\" data-orig-file=\"https:\/\/jorgerobledo.com\/wp-content\/uploads\/2017\/10\/Screen-Shot-2017-10-09-at-6.52.45-PM-1.png\" data-orig-size=\"650,538\" data-comments-opened=\"1\" data-image-meta=\"{&quot;aperture&quot;:&quot;0&quot;,&quot;credit&quot;:&quot;&quot;,&quot;camera&quot;:&quot;&quot;,&quot;caption&quot;:&quot;&quot;,&quot;created_timestamp&quot;:&quot;0&quot;,&quot;copyright&quot;:&quot;&quot;,&quot;focal_length&quot;:&quot;0&quot;,&quot;iso&quot;:&quot;0&quot;,&quot;shutter_speed&quot;:&quot;0&quot;,&quot;title&quot;:&quot;&quot;,&quot;orientation&quot;:&quot;0&quot;}\" data-image-title=\"Screen Shot 2017-10-09 at 6.52.45 PM\" data-image-description=\"\" data-medium-file=\"https:\/\/i2.wp.com\/jorgerobledo.com\/wp-content\/uploads\/2017\/10\/Screen-Shot-2017-10-09-at-6.52.45-PM-1.png?fit=300%2C248&amp;ssl=1\" data-large-file=\"https:\/\/i2.wp.com\/jorgerobledo.com\/wp-content\/uploads\/2017\/10\/Screen-Shot-2017-10-09-at-6.52.45-PM-1.png?fit=640%2C530&amp;ssl=1\" data-original-width=\"245\" data-original-height=\"203\" \/><\/a><\/div>\n<div class=\"tiled-gallery-item tiled-gallery-item-small\"><a href=\"https:\/\/jorgerobledo.com\/le-toca-la-educacion-robledo\/screen-shot-2017-10-09-at-6-52-25-pm-2\/\"><img loading=\"lazy\" decoding=\"async\" title=\"Screen Shot 2017-10-09 at 6.52.25 PM\" src=\"https:\/\/i2.wp.com\/jorgerobledo.com\/wp-content\/uploads\/2017\/10\/Screen-Shot-2017-10-09-at-6.52.25-PM-1.png?zoom=2&amp;w=245&amp;h=210&amp;crop&amp;ssl=1\" alt=\"Aurelio Su\u00e1rez\" width=\"245\" height=\"210\" data-attachment-id=\"6604\" data-orig-file=\"https:\/\/jorgerobledo.com\/wp-content\/uploads\/2017\/10\/Screen-Shot-2017-10-09-at-6.52.25-PM-1.png\" data-orig-size=\"621,534\" data-comments-opened=\"1\" data-image-meta=\"{&quot;aperture&quot;:&quot;0&quot;,&quot;credit&quot;:&quot;&quot;,&quot;camera&quot;:&quot;&quot;,&quot;caption&quot;:&quot;&quot;,&quot;created_timestamp&quot;:&quot;0&quot;,&quot;copyright&quot;:&quot;&quot;,&quot;focal_length&quot;:&quot;0&quot;,&quot;iso&quot;:&quot;0&quot;,&quot;shutter_speed&quot;:&quot;0&quot;,&quot;title&quot;:&quot;&quot;,&quot;orientation&quot;:&quot;0&quot;}\" data-image-title=\"Screen Shot 2017-10-09 at 6.52.25 PM\" data-image-description=\"\" data-medium-file=\"https:\/\/i2.wp.com\/jorgerobledo.com\/wp-content\/uploads\/2017\/10\/Screen-Shot-2017-10-09-at-6.52.25-PM-1.png?fit=300%2C258&amp;ssl=1\" data-large-file=\"https:\/\/i2.wp.com\/jorgerobledo.com\/wp-content\/uploads\/2017\/10\/Screen-Shot-2017-10-09-at-6.52.25-PM-1.png?fit=621%2C534&amp;ssl=1\" data-original-width=\"245\" data-original-height=\"210\" \/><\/a><\/div>\n<\/div>\n<div class=\"gallery-group images-2\" data-original-width=\"237\" data-original-height=\"421\">\n<div class=\"tiled-gallery-item tiled-gallery-item-small\"><a href=\"https:\/\/jorgerobledo.com\/le-toca-la-educacion-robledo\/screen-shot-2017-10-09-at-7-15-09-pm\/\"><img loading=\"lazy\" decoding=\"async\" title=\"Screen Shot 2017-10-09 at 7.15.09 PM\" src=\"https:\/\/i2.wp.com\/jorgerobledo.com\/wp-content\/uploads\/2017\/10\/Screen-Shot-2017-10-09-at-7.15.09-PM.png?zoom=2&amp;w=233&amp;h=200&amp;crop&amp;ssl=1\" alt=\"Jennifer Pedraza\" width=\"233\" height=\"200\" data-attachment-id=\"6605\" data-orig-file=\"https:\/\/jorgerobledo.com\/wp-content\/uploads\/2017\/10\/Screen-Shot-2017-10-09-at-7.15.09-PM.png\" data-orig-size=\"485,415\" data-comments-opened=\"1\" data-image-meta=\"{&quot;aperture&quot;:&quot;0&quot;,&quot;credit&quot;:&quot;&quot;,&quot;camera&quot;:&quot;&quot;,&quot;caption&quot;:&quot;&quot;,&quot;created_timestamp&quot;:&quot;0&quot;,&quot;copyright&quot;:&quot;&quot;,&quot;focal_length&quot;:&quot;0&quot;,&quot;iso&quot;:&quot;0&quot;,&quot;shutter_speed&quot;:&quot;0&quot;,&quot;title&quot;:&quot;&quot;,&quot;orientation&quot;:&quot;0&quot;}\" data-image-title=\"Screen Shot 2017-10-09 at 7.15.09 PM\" data-image-description=\"\" data-medium-file=\"https:\/\/i2.wp.com\/jorgerobledo.com\/wp-content\/uploads\/2017\/10\/Screen-Shot-2017-10-09-at-7.15.09-PM.png?fit=300%2C257&amp;ssl=1\" data-large-file=\"https:\/\/i2.wp.com\/jorgerobledo.com\/wp-content\/uploads\/2017\/10\/Screen-Shot-2017-10-09-at-7.15.09-PM.png?fit=485%2C415&amp;ssl=1\" data-original-width=\"233\" data-original-height=\"200\" \/><\/a><\/div>\n<div class=\"tiled-gallery-item tiled-gallery-item-small\"><a href=\"https:\/\/jorgerobledo.com\/le-toca-la-educacion-robledo\/screen-shot-2017-10-09-at-7-19-50-pm\/\"><img loading=\"lazy\" decoding=\"async\" title=\"Screen Shot 2017-10-09 at 7.19.50 PM\" src=\"https:\/\/i0.wp.com\/jorgerobledo.com\/wp-content\/uploads\/2017\/10\/Screen-Shot-2017-10-09-at-7.19.50-PM.png?zoom=2&amp;w=233&amp;h=213&amp;crop&amp;ssl=1\" alt=\"Felipe Gaviria\" width=\"233\" height=\"213\" data-attachment-id=\"6609\" data-orig-file=\"https:\/\/jorgerobledo.com\/wp-content\/uploads\/2017\/10\/Screen-Shot-2017-10-09-at-7.19.50-PM.png\" data-orig-size=\"591,540\" data-comments-opened=\"1\" data-image-meta=\"{&quot;aperture&quot;:&quot;0&quot;,&quot;credit&quot;:&quot;&quot;,&quot;camera&quot;:&quot;&quot;,&quot;caption&quot;:&quot;&quot;,&quot;created_timestamp&quot;:&quot;0&quot;,&quot;copyright&quot;:&quot;&quot;,&quot;focal_length&quot;:&quot;0&quot;,&quot;iso&quot;:&quot;0&quot;,&quot;shutter_speed&quot;:&quot;0&quot;,&quot;title&quot;:&quot;&quot;,&quot;orientation&quot;:&quot;0&quot;}\" data-image-title=\"Screen Shot 2017-10-09 at 7.19.50 PM\" data-image-description=\"\" data-medium-file=\"https:\/\/i0.wp.com\/jorgerobledo.com\/wp-content\/uploads\/2017\/10\/Screen-Shot-2017-10-09-at-7.19.50-PM.png?fit=300%2C274&amp;ssl=1\" data-large-file=\"https:\/\/i0.wp.com\/jorgerobledo.com\/wp-content\/uploads\/2017\/10\/Screen-Shot-2017-10-09-at-7.19.50-PM.png?fit=591%2C540&amp;ssl=1\" data-original-width=\"233\" data-original-height=\"213\" \/><\/a><\/div>\n<\/div>\n<\/div>\n<\/div>\n<p>Mar\u00eda Antonieta Cano, profesora integrante de la junta directiva de la Asociaci\u00f3n Distrital de Educadores (ADE), le exigi\u00f3 al gobierno nacional cumplir los acuerdos firmados con Fecode. Sergio Fern\u00e1ndez, profesor universitario y dirigente social, lament\u00f3 que en Colombia existan genios perdidos que por falta de educaci\u00f3n no pudieron sacar todas sus capacidades. Y Aurelio Su\u00e1rez, miembro de la Academia Colombiana de Ciencias Econ\u00f3micas y panelista de Blu Radio, explic\u00f3 que para sostener la pol\u00edtica de atracci\u00f3n de capital extranjero a este se le dieron 122 billones de pesos en exenciones tributarias mientras se recortaron en 138 billones las transferencias a salud y educaci\u00f3n.<\/p>\n<p>&nbsp;<\/p>\n<p>En el evento tambi\u00e9n participaron profesores y profesoras, estudiantes de colegio y de pregrado y posgrados, rectores, trabajadores de universidades y del Sena, entre otras ilustradas voces que mostraron la necesidad de darle un giro de 180 grados a la pol\u00edtica educativa. Incluso se escucharon propuestas tributarias que permitir\u00edan darle mayores ingresos al fisco nacional para solventar el gasto en educaci\u00f3n y combatir profunda desigualdad econ\u00f3mica del pa\u00eds. Robledo llam\u00f3 a la sociedad colombiana a recuperar el sue\u00f1o de tener una educaci\u00f3n de alt\u00edsima calidad, universal, p\u00fablica y gratuita como una de las v\u00edas y requisitos para impulsar el desarrollo de la econom\u00eda de mercado nacional.<\/p>\n<p>Con la etiqueta\u00a0<a href=\"https:\/\/twitter.com\/hashtag\/LeTocaALaEducaci%C3%B3n?src=hash\">#LeTocaALaEducaci\u00f3n<\/a>\u00a0los tuiteros comentaron el desarrollo de la audiencia y manifestaron sus opiniones sobre la situaci\u00f3n de la educaci\u00f3n en Colombia<\/p>\n<p>Vea aqu\u00ed el video completo de la audiencia:<\/p>\n<div class=\"jetpack-video-wrapper\"><span class=\"embed-youtube\"><iframe class=\"youtube-player\" src=\"https:\/\/www.youtube.com\/embed\/EQ77w_1KgEw?version=3&amp;rel=1&amp;fs=1&amp;autohide=2&amp;showsearch=0&amp;showinfo=1&amp;iv_load_policy=1&amp;wmode=transparent\" width=\"300\" height=\"150\" allowfullscreen=\"allowfullscreen\" data-ratio=\"0.609375\" data-width=\"640\" data-height=\"390\" data-mce-fragment=\"1\"><\/iframe><\/span><\/div>\n<p>Intervenciones de Jorge Enrique Robledo:<\/p>\n<p>Instalaci\u00f3n<\/p>\n<div class=\"jetpack-video-wrapper\"><span class=\"embed-youtube\"><iframe class=\"youtube-player\" src=\"https:\/\/www.youtube.com\/embed\/cYL8t-0tZ8U?version=3&amp;rel=1&amp;fs=1&amp;autohide=2&amp;showsearch=0&amp;showinfo=1&amp;iv_load_policy=1&amp;start=2&amp;wmode=transparent\" width=\"300\" height=\"150\" allowfullscreen=\"allowfullscreen\" data-ratio=\"0.609375\" data-width=\"640\" data-height=\"390\" data-mce-fragment=\"1\"><\/iframe><\/span><\/div>\n<p>Conclusiones:<\/p>\n<div class=\"jetpack-video-wrapper\"><span class=\"embed-youtube\"><iframe class=\"youtube-player\" src=\"https:\/\/www.youtube.com\/embed\/XM_esPyVjNk?version=3&amp;rel=1&amp;fs=1&amp;autohide=2&amp;showsearch=0&amp;showinfo=1&amp;iv_load_policy=1&amp;wmode=transparent\" width=\"300\" height=\"150\" allowfullscreen=\"allowfullscreen\" data-ratio=\"0.609375\" data-width=\"640\" data-height=\"390\" data-mce-fragment=\"1\"><\/iframe><\/span><\/div>\n<p>&nbsp;<\/p>\n","protected":false},"excerpt":{"rendered":"<p>Oficina de prensa del senador Jorge Enrique Robledo, Bogot\u00e1, octubre 9 de 2017 Con la participaci\u00f3n de veintitr\u00e9s voceros de la comunidad acad\u00e9mica de todos los niveles educativos se realiz\u00f3 hoy en el Senado de la Rep\u00fablica la audiencia p\u00fablica: La Educaci\u00f3n al Tablero. El evento fue citado por el senador Jorge Enrique Robledo, quien [&hellip;]<\/p>\n","protected":false},"author":1,"featured_media":13479,"comment_status":"open","ping_status":"open","sticky":false,"template":"","format":"standard","meta":{"advanced_seo_description":"","jetpack_seo_html_title":"","jetpack_seo_noindex":false,"_jetpack_memberships_contains_paid_content":false,"footnotes":""},"categories":[76,102,103,97,4,98],"tags":[],"class_list":["post-13478","post","type-post","status-publish","format-standard","has-post-thumbnail","hentry","category-ciencia","category-economia","category-educacion","category-imperialismo-y-neoliberalismo","category-jorge-enrique-robledo","category-politica"],"jetpack_featured_media_url":"https:\/\/i0.wp.com\/moir.com.co\/web\/wp-content\/uploads\/2017\/10\/robledoletocaalaeducacion.png?fit=768%2C538&ssl=1","jetpack-related-posts":[{"id":14448,"url":"https:\/\/moir.com.co\/web\/video-de-jorge-enrique-robledo-la-educacion-no-es-el-negocio-socio\/","url_meta":{"origin":13478,"position":0},"title":"Video de Jorge Enrique Robledo: La educaci\u00f3n no es el negocio, socio","author":"admin","date":"febrero 9, 2018","format":"video","excerpt":"La educaci\u00f3n no es el negocio, socio. Estoy convencido de que el sistema educativo s\u00ed tiene arreglo \u00bfY usted? Bogot\u00e1, febrero 9 de 2018","rel":"","context":"En \u00abEducaci\u00f3n\u00bb","block_context":{"text":"Educaci\u00f3n","link":"https:\/\/moir.com.co\/web\/category\/temas\/educacion\/"},"img":{"alt_text":"","src":"","width":0,"height":0},"classes":[]},{"id":16167,"url":"https:\/\/moir.com.co\/web\/video-la-universalidad-de-la-educacion-solo-es-posible-cuando-esta-es-publica-gratuita-y-de-calidad-jorge-enrique-robledo\/","url_meta":{"origin":13478,"position":1},"title":"Video: La universalidad de la educaci\u00f3n solo es posible cuando esta es p\u00fablica gratuita y de calidad, Jorge Enrique Robledo","author":"admin","date":"octubre 15, 2018","format":"video","excerpt":"Intervenci\u00f3n del senador Jorge Robledo en el panel de pol\u00edtica educativa del tercer congreso nacional de ACREES. Medell\u00edn, octubre 13 de 2018","rel":"","context":"En \u00abCiencia\u00bb","block_context":{"text":"Ciencia","link":"https:\/\/moir.com.co\/web\/category\/temas\/ciencia\/"},"img":{"alt_text":"","src":"","width":0,"height":0},"classes":[]},{"id":16367,"url":"https:\/\/moir.com.co\/web\/video-la-importancia-de-la-educacion-para-el-desarrollo-del-pais-senador-jorge-enrique-robledo\/","url_meta":{"origin":13478,"position":2},"title":"Video: La importancia de la educaci\u00f3n para el desarrollo del pa\u00eds, senador Jorge Enrique Robledo","author":"admin","date":"noviembre 10, 2018","format":"video","excerpt":"Conferencia a los estudiantes, profesores y directivos de la Universidad de Cundinamarca sede Facatativ\u00e1. Noviembre 9 de 2018","rel":"","context":"En \u00abEconom\u00eda\u00bb","block_context":{"text":"Econom\u00eda","link":"https:\/\/moir.com.co\/web\/category\/temas\/economia\/"},"img":{"alt_text":"","src":"","width":0,"height":0},"classes":[]},{"id":17035,"url":"https:\/\/moir.com.co\/web\/video-jorge-enrique-robledo-lee-su-articulo-quincenal-ciencia-y-educacion-en-el-gobierno-de-duque\/","url_meta":{"origin":13478,"position":3},"title":"Video: Jorge Enrique Robledo lee su art\u00edculo quincenal: &#8220;Ciencia y educaci\u00f3n en el gobierno de Duque&#8221;","author":"admin","date":"marzo 3, 2019","format":"video","excerpt":"Bogot\u00e1, marzo 1 de 2019","rel":"","context":"En \u00abCiencia\u00bb","block_context":{"text":"Ciencia","link":"https:\/\/moir.com.co\/web\/category\/temas\/ciencia\/"},"img":{"alt_text":"","src":"","width":0,"height":0},"classes":[]},{"id":17369,"url":"https:\/\/moir.com.co\/web\/video-senador-jorge-enrique-robledo-ciencia-y-educacion-en-colombia-en-el-iv-congreso-acrees\/","url_meta":{"origin":13478,"position":4},"title":"Video: senador Jorge Enrique Robledo: Ciencia y educaci\u00f3n en Colombia: en el IV Congreso ACREES","author":"admin","date":"abril 29, 2019","format":"video","excerpt":"Bogot\u00e1, abril 27 de 2019","rel":"","context":"En \u00abCiencia\u00bb","block_context":{"text":"Ciencia","link":"https:\/\/moir.com.co\/web\/category\/temas\/ciencia\/"},"img":{"alt_text":"","src":"","width":0,"height":0},"classes":[]},{"id":16165,"url":"https:\/\/moir.com.co\/web\/video-jorge-enrique-robledo-lee-su-articulo-quincenal-educacion-publica-o-privada\/","url_meta":{"origin":13478,"position":5},"title":"Video: Jorge Enrique Robledo lee su art\u00edculo quincenal: &#8220;\u00bfEducaci\u00f3n p\u00fablica o privada?&#8221;","author":"admin","date":"octubre 13, 2018","format":"video","excerpt":"Sobre las profundas razones a favor del progreso del pa\u00eds que tiene el movimiento universitario para reclamarle al gobierno la debida atenci\u00f3n al d\u00e9ficit de $18 billones de las universidades p\u00fablicas. Bogot\u00e1, octubre 12 de 2018","rel":"","context":"En \u00abCiencia\u00bb","block_context":{"text":"Ciencia","link":"https:\/\/moir.com.co\/web\/category\/temas\/ciencia\/"},"img":{"alt_text":"","src":"","width":0,"height":0},"classes":[]}],"jetpack_sharing_enabled":true,"_links":{"self":[{"href":"https:\/\/moir.com.co\/web\/wp-json\/wp\/v2\/posts\/13478","targetHints":{"allow":["GET"]}}],"collection":[{"href":"https:\/\/moir.com.co\/web\/wp-json\/wp\/v2\/posts"}],"about":[{"href":"https:\/\/moir.com.co\/web\/wp-json\/wp\/v2\/types\/post"}],"author":[{"embeddable":true,"href":"https:\/\/moir.com.co\/web\/wp-json\/wp\/v2\/users\/1"}],"replies":[{"embeddable":true,"href":"https:\/\/moir.com.co\/web\/wp-json\/wp\/v2\/comments?post=13478"}],"version-history":[{"count":1,"href":"https:\/\/moir.com.co\/web\/wp-json\/wp\/v2\/posts\/13478\/revisions"}],"predecessor-version":[{"id":13480,"href":"https:\/\/moir.com.co\/web\/wp-json\/wp\/v2\/posts\/13478\/revisions\/13480"}],"wp:featuredmedia":[{"embeddable":true,"href":"https:\/\/moir.com.co\/web\/wp-json\/wp\/v2\/media\/13479"}],"wp:attachment":[{"href":"https:\/\/moir.com.co\/web\/wp-json\/wp\/v2\/media?parent=13478"}],"wp:term":[{"taxonomy":"category","embeddable":true,"href":"https:\/\/moir.com.co\/web\/wp-json\/wp\/v2\/categories?post=13478"},{"taxonomy":"post_tag","embeddable":true,"href":"https:\/\/moir.com.co\/web\/wp-json\/wp\/v2\/tags?post=13478"}],"curies":[{"name":"wp","href":"https:\/\/api.w.org\/{rel}","templated":true}]}}