{"id":13470,"date":"2017-10-09T22:03:29","date_gmt":"2017-10-09T22:03:29","guid":{"rendered":"https:\/\/moir.org.co\/web\/?p=13470"},"modified":"2017-10-09T22:04:35","modified_gmt":"2017-10-09T22:04:35","slug":"conclusiones-audiencia-publica-le-toca-a-la-educacion-robledo","status":"publish","type":"post","link":"https:\/\/moir.com.co\/web\/conclusiones-audiencia-publica-le-toca-a-la-educacion-robledo\/","title":{"rendered":"Video. Conclusiones: Audiencia P\u00fablica &#8220;Le toca a la educaci\u00f3n&#8221;: Robledo"},"content":{"rendered":"<p><strong>Senador Jorge Enrique Robledo, audiencia p\u00fablica, &#8220;Le toca a la educaci\u00f3n&#8221;. 9 de octubre de 2017<\/strong><\/p>\n","protected":false},"excerpt":{"rendered":"<p>Senador Jorge Enrique Robledo, audiencia p\u00fablica, &#8220;Le toca a la educaci\u00f3n&#8221;. 9 de octubre de 2017<\/p>\n","protected":false},"author":1,"featured_media":0,"comment_status":"open","ping_status":"open","sticky":false,"template":"","format":"video","meta":{"advanced_seo_description":"","jetpack_seo_html_title":"","jetpack_seo_noindex":false,"_jetpack_memberships_contains_paid_content":false,"footnotes":""},"categories":[102,103,97,4],"tags":[],"class_list":["post-13470","post","type-post","status-publish","format-video","hentry","category-economia","category-educacion","category-imperialismo-y-neoliberalismo","category-jorge-enrique-robledo","post_format-post-format-video"],"jetpack_featured_media_url":"","jetpack-related-posts":[{"id":13474,"url":"https:\/\/moir.com.co\/web\/video-audiencia-publica-le-toca-a-la-educacion-robledo\/","url_meta":{"origin":13470,"position":0},"title":"Video. Audiencia p\u00fablica Le toca a la educaci\u00f3n: Robledo","author":"admin","date":"octubre 9, 2017","format":"video","excerpt":"Senador Jorge Enrique Robledo, 9 de octubre de 2017, audiencia p\u00fablica \"Le toca a la educaci\u00f3n\".","rel":"","context":"En \u00abEconom\u00eda\u00bb","block_context":{"text":"Econom\u00eda","link":"https:\/\/moir.com.co\/web\/category\/temas\/economia\/"},"img":{"alt_text":"","src":"","width":0,"height":0},"classes":[]},{"id":13478,"url":"https:\/\/moir.com.co\/web\/le-toca-a-la-educacion-robledo\/","url_meta":{"origin":13470,"position":1},"title":"Le toca a la educaci\u00f3n: Robledo","author":"admin","date":"octubre 10, 2017","format":false,"excerpt":"Oficina de prensa del senador Jorge Enrique Robledo, Bogot\u00e1, octubre 9 de 2017 Con la participaci\u00f3n de veintitr\u00e9s voceros de la comunidad acad\u00e9mica de todos los niveles educativos se realiz\u00f3 hoy en el Senado de la Rep\u00fablica la audiencia p\u00fablica: La Educaci\u00f3n al Tablero. El evento fue citado por el\u2026","rel":"","context":"En \u00abCiencia\u00bb","block_context":{"text":"Ciencia","link":"https:\/\/moir.com.co\/web\/category\/temas\/ciencia\/"},"img":{"alt_text":"","src":"https:\/\/i0.wp.com\/moir.com.co\/web\/wp-content\/uploads\/2017\/10\/robledoletocaalaeducacion.png?fit=768%2C538&ssl=1&resize=350%2C200","width":350,"height":200,"srcset":"https:\/\/i0.wp.com\/moir.com.co\/web\/wp-content\/uploads\/2017\/10\/robledoletocaalaeducacion.png?fit=768%2C538&ssl=1&resize=350%2C200 1x, https:\/\/i0.wp.com\/moir.com.co\/web\/wp-content\/uploads\/2017\/10\/robledoletocaalaeducacion.png?fit=768%2C538&ssl=1&resize=525%2C300 1.5x, https:\/\/i0.wp.com\/moir.com.co\/web\/wp-content\/uploads\/2017\/10\/robledoletocaalaeducacion.png?fit=768%2C538&ssl=1&resize=700%2C400 2x"},"classes":[]},{"id":13694,"url":"https:\/\/moir.com.co\/web\/video-conclusiones-audiencia-publica-le-toca-a-la-salud-no-mas-eps-robledo\/","url_meta":{"origin":13470,"position":2},"title":"Video: Conclusiones Audiencia P\u00fablica &#8220;Le toca a la salud, no m\u00e1s EPS&#8221;: Robledo","author":"admin","date":"octubre 30, 2017","format":"video","excerpt":"Senador Jorge Enrique Robledo, audiencia p\u00fablica No m\u00e1s EPS, Comisi\u00f3n Quinta del Senado, 30 de octubre de 2017","rel":"","context":"En \u00abDebate Salud\u00bb","block_context":{"text":"Debate Salud","link":"https:\/\/moir.com.co\/web\/category\/jorge-enrique-robledo\/debate-salud\/"},"img":{"alt_text":"","src":"","width":0,"height":0},"classes":[]},{"id":13844,"url":"https:\/\/moir.com.co\/web\/video-jorge-robledo-instalacion-audiencia-publica-le-toca-a-la-salud\/","url_meta":{"origin":13470,"position":3},"title":"Video: Jorge Robledo: Instalaci\u00f3n Audiencia P\u00fablica Le Toca A La Salud","author":"admin","date":"noviembre 17, 2017","format":"video","excerpt":"Bogot\u00e1, noviembre 17 de 2017","rel":"","context":"En \u00abDebate Salud\u00bb","block_context":{"text":"Debate Salud","link":"https:\/\/moir.com.co\/web\/category\/jorge-enrique-robledo\/debate-salud\/"},"img":{"alt_text":"","src":"","width":0,"height":0},"classes":[]},{"id":2238,"url":"https:\/\/moir.com.co\/web\/audiencia-publica-por-la-defensa-de-la-calidad-en-la-educacion-publica-superior-el-jueves-a-las-330-pm\/","url_meta":{"origin":13470,"position":4},"title":"AUDIENCIA P\u00daBLICA \u201cPOR LA DEFENSA DE LA CALIDAD EN LA EDUCACI\u00d3N P\u00daBLICA SUPERIOR\u201d EL JUEVES A LAS 3:30 PM","author":"admin","date":"marzo 31, 2008","format":false,"excerpt":"Oficina de Prensa, Senador Jorge Enrique Robledo, Bogot\u00e1, 31 de marzo de 2008. La audiencia p\u00fablica \u201cPor la defensa de la calidad de la educaci\u00f3n p\u00fablica superior\u201d, aprobada por la plenaria del Senado a instancias del senador Jorge Enrique Robledo, tendr\u00e1 lugar el jueves 3 de abril en el Capitolio\u2026","rel":"","context":"En \u00abJorge Enrique Robledo\u00bb","block_context":{"text":"Jorge Enrique Robledo","link":"https:\/\/moir.com.co\/web\/category\/jorge-enrique-robledo\/"},"img":{"alt_text":"","src":"","width":0,"height":0},"classes":[]},{"id":2247,"url":"https:\/\/moir.com.co\/web\/carlos-gaviria-presidente-del-polo-instalara-audiencia-publica-en-defensa-de-la-calidad-de-la-educacion-superior\/","url_meta":{"origin":13470,"position":5},"title":"CARLOS GAVIRIA, PRESIDENTE DEL POLO, INSTALAR\u00c1 AUDIENCIA P\u00daBLICA EN DEFENSA DE LA CALIDAD DE LA EDUCACI\u00d3N SUPERIOR","author":"admin","date":"abril 3, 2008","format":false,"excerpt":"Oficina de Prensa, Senador Jorge Enrique Robledo, Bogot\u00e1, 2 de abril de 2008 Con la instalaci\u00f3n del doctor Carlos Gaviria D\u00edaz, presidente del Polo Democr\u00e1tica Alternativo, se realizar\u00e1 ma\u00f1ana jueves 3 de abril de 2008, la audiencia p\u00fablica \u201cEn defensa de la calidad en la educaci\u00f3n superior p\u00fablica\u201d. La audiencia,\u2026","rel":"","context":"En \u00abJorge Enrique Robledo\u00bb","block_context":{"text":"Jorge Enrique Robledo","link":"https:\/\/moir.com.co\/web\/category\/jorge-enrique-robledo\/"},"img":{"alt_text":"","src":"","width":0,"height":0},"classes":[]}],"jetpack_sharing_enabled":true,"_links":{"self":[{"href":"https:\/\/moir.com.co\/web\/wp-json\/wp\/v2\/posts\/13470","targetHints":{"allow":["GET"]}}],"collection":[{"href":"https:\/\/moir.com.co\/web\/wp-json\/wp\/v2\/posts"}],"about":[{"href":"https:\/\/moir.com.co\/web\/wp-json\/wp\/v2\/types\/post"}],"author":[{"embeddable":true,"href":"https:\/\/moir.com.co\/web\/wp-json\/wp\/v2\/users\/1"}],"replies":[{"embeddable":true,"href":"https:\/\/moir.com.co\/web\/wp-json\/wp\/v2\/comments?post=13470"}],"version-history":[{"count":2,"href":"https:\/\/moir.com.co\/web\/wp-json\/wp\/v2\/posts\/13470\/revisions"}],"predecessor-version":[{"id":13473,"href":"https:\/\/moir.com.co\/web\/wp-json\/wp\/v2\/posts\/13470\/revisions\/13473"}],"wp:attachment":[{"href":"https:\/\/moir.com.co\/web\/wp-json\/wp\/v2\/media?parent=13470"}],"wp:term":[{"taxonomy":"category","embeddable":true,"href":"https:\/\/moir.com.co\/web\/wp-json\/wp\/v2\/categories?post=13470"},{"taxonomy":"post_tag","embeddable":true,"href":"https:\/\/moir.com.co\/web\/wp-json\/wp\/v2\/tags?post=13470"}],"curies":[{"name":"wp","href":"https:\/\/api.w.org\/{rel}","templated":true}]}}