{"id":13464,"date":"2017-10-09T21:53:27","date_gmt":"2017-10-09T21:53:27","guid":{"rendered":"https:\/\/moir.org.co\/web\/?p=13464"},"modified":"2017-10-09T21:53:27","modified_gmt":"2017-10-09T21:53:27","slug":"colombia-sin-piloto","status":"publish","type":"post","link":"https:\/\/moir.com.co\/web\/colombia-sin-piloto\/","title":{"rendered":"Colombia sin piloto"},"content":{"rendered":"<p><strong>Jos\u00e9 Arlex Arias, Cartagena, octubre 9 de 2017<\/strong><\/p>\n<p>Decir que \u201cColombia anda sin piloto\u201d es una verdad que ratifican todas las encuestas. Lo peor es que el piloto autom\u00e1tico que est\u00e1 al mando de la cabina de control es incapaz de cambiar de rumbo, debido a los compromisos con los potentados. El presidente Santos siempre se la ha jugado por otorgar los mayores beneficios a las multinacionales, extranjeras o nacionales, en desmedro de los trabajadores y la poblaci\u00f3n. Esto vuelve a quedar en evidencia en la huelga que dej\u00f3 a Avianca sin pilotos, situaci\u00f3n en la que \u00e9l y los grupos econ\u00f3micos han manipulado a la opini\u00f3n \u2013a trav\u00e9s de sus medios de comunicaci\u00f3n\u2013 para mostrar c\u00f3mo a la &#8220;santa madre&#8221; la perjudican por la insensatez de &#8220;indignos&#8221; y voraces trabajadores. Avianca es un monopolio mimado por el Estado colombiano, que seg\u00fan la Aeron\u00e1utica Civil moviliz\u00f3 el a\u00f1o pasado el 57,3% del mercado, mientras que las siguientes tienen el 17,8% y 13%, respectivamente. Hasta junio de este a\u00f1o, Avianca moviliz\u00f3 9.4 millones de pasajeros de un total de 15.4 millones, o sea, el 61% del mercado dom\u00e9stico; la que le sigue tiene el 16,6%. Por la cantidad de frecuencias diarias, que quintuplica a la competencia, Avianca se convirti\u00f3 en casi de obligatoria necesidad para los pasajeros, de lo cual se aprovecha para imponer tarifas que sobrepasan las de la competencia, que se quedaron con el &#8220;bajo costo&#8221;, sufriendo los retrasos y los incumplimientos.<\/p>\n<p>&nbsp;<\/p>\n<p>La huelga en Avianca vuelve a desnudar c\u00f3mo Santos siempre le da la mano a los poderosos; con su silencio y actuaci\u00f3n respalda las agresivas expresiones del boliviano Germ\u00e1n Efromovich, quien compr\u00f3 Avianca &#8220;a precio de gallina flaca&#8221; y luego desarroll\u00f3 una pol\u00edtica antiobrera de varios a\u00f1os sin aumento de salarios y de destrucci\u00f3n del cumplimiento del derecho fundamental de asociaci\u00f3n y negociaci\u00f3n colectiva, mediante un pacto colectivo que le impone a los nuevos trabajadores. Don Germ\u00e1n se mete con la autonom\u00eda impulsando un sindicato patronal, desacredita a la Asociaci\u00f3n Colombiana de Aviadores Comerciales \u2013Acdac\u2013, organizadora de la huelga, trat\u00e1ndolos de &#8220;tener una opini\u00f3n criminal&#8221; y de comportarse como extorsionistas, le da \u00f3rdenes al Gobierno para que declare ilegal el movimiento y designe un Tribunal de Arbitramento, se queja de la justicia y anuncia denuncias penales contra los huelguistas. En Colombia es un crimen hacer una huelga.<\/p>\n<p>&nbsp;<\/p>\n<p>Acdac expresa que precisamente les ha tocado imputar tres tutelas, 427 derechos de petici\u00f3n, 16 querellas y 11 denuncias penales en los \u00faltimos 6 meses, con los cuales los trabajadores exigen el cumplimiento del marco jur\u00eddico, cuyas acciones en su mayor\u00eda han ganado. Dijo que no nombrar\u00e1n ning\u00fan \u00e1rbitro porque su huelga encaja en todas las leyes colombianas y en las normas de la OIT, que indica que &#8220;la Comisi\u00f3n de Expertos defini\u00f3 los servicios esenciales como \u00ablos servicios cuya interrupci\u00f3n podr\u00eda poner en peligro la vida, la seguridad o la salud de la persona en toda o parte de la poblaci\u00f3n\u00bb, es decir, a aquellos cuya interrupci\u00f3n puede tener consecuencias para la vida, la seguridad o la salud de la persona, en los cuales podr\u00eda estar justificado imponer restricciones e incluso prohibiciones&#8221;, que no se da en este caso. \u00a1Don Germ\u00e1n se hace rico con la explotaci\u00f3n del pueblo colombiano y a\u00fan as\u00ed le quedamos debiendo!<\/p>\n","protected":false},"excerpt":{"rendered":"<p>Jos\u00e9 Arlex Arias, Cartagena, octubre 9 de 2017 Decir que \u201cColombia anda sin piloto\u201d es una verdad que ratifican todas las encuestas. Lo peor es que el piloto autom\u00e1tico que est\u00e1 al mando de la cabina de control es incapaz de cambiar de rumbo, debido a los compromisos con los potentados. El presidente Santos siempre [&hellip;]<\/p>\n","protected":false},"author":1,"featured_media":13465,"comment_status":"open","ping_status":"open","sticky":false,"template":"","format":"standard","meta":{"advanced_seo_description":"","jetpack_seo_html_title":"","jetpack_seo_noindex":false,"_jetpack_memberships_contains_paid_content":false,"footnotes":""},"categories":[102,97,98,109],"tags":[],"class_list":["post-13464","post","type-post","status-publish","format-standard","has-post-thumbnail","hentry","category-economia","category-imperialismo-y-neoliberalismo","category-politica","category-sindical"],"jetpack_featured_media_url":"https:\/\/i0.wp.com\/moir.com.co\/web\/wp-content\/uploads\/2017\/10\/aviancahuelga2017.jpeg?fit=318%2C159&ssl=1","jetpack-related-posts":[{"id":13412,"url":"https:\/\/moir.com.co\/web\/video-lo-que-no-sabias-sobre-el-paro-de-pilotos-de-avianca-sergio-fernandez\/","url_meta":{"origin":13464,"position":0},"title":"Video: Lo que no sab\u00edas sobre el paro de pilotos de Avianca, Sergio Fern\u00e1ndez","author":"admin","date":"septiembre 30, 2017","format":"video","excerpt":"El trabajo de un piloto no es como los dem\u00e1s, de \u00e9l dependen muchas vidas, incluida la suya; la complejidad es extrema, el sacrificio tambi\u00e9n, y sin embargo, los pilotos en Colombia tienen salarios bajos comparados con los dem\u00e1s pa\u00edses de la regi\u00f3n. Bogot\u00e1, septiembre 29 de 2017","rel":"","context":"En \u00abEconom\u00eda\u00bb","block_context":{"text":"Econom\u00eda","link":"https:\/\/moir.com.co\/web\/category\/temas\/economia\/"},"img":{"alt_text":"","src":"","width":0,"height":0},"classes":[]},{"id":14590,"url":"https:\/\/moir.com.co\/web\/rechazo-al-despido-de-los-pilotos-en-avianca-robledo\/","url_meta":{"origin":13464,"position":1},"title":"Rechazo al despido de los pilotos en Avianca: Robledo","author":"admin","date":"febrero 27, 2018","format":false,"excerpt":"Oficina de prensa del senador Jorge Enrique Robledo, Bogot\u00e1, febrero 27 de 2018 En laudo arbitral Avianca se comprometi\u00f3 a no perseguir a los pilotos de Acdac; las directivas de la compa\u00f1\u00eda a\u00e9rea deben cesar esta injustificada persecuci\u00f3n. \u201cToda mi solidaridad con los pilotos despedidos de la compa\u00f1\u00eda Avianca\u201d, expres\u00f3\u2026","rel":"","context":"En \u00abEconom\u00eda\u00bb","block_context":{"text":"Econom\u00eda","link":"https:\/\/moir.com.co\/web\/category\/temas\/economia\/"},"img":{"alt_text":"","src":"https:\/\/i0.wp.com\/moir.com.co\/web\/wp-content\/uploads\/2018\/02\/pilotosavianca2017.jpg?fit=768%2C407&ssl=1&resize=350%2C200","width":350,"height":200,"srcset":"https:\/\/i0.wp.com\/moir.com.co\/web\/wp-content\/uploads\/2018\/02\/pilotosavianca2017.jpg?fit=768%2C407&ssl=1&resize=350%2C200 1x, https:\/\/i0.wp.com\/moir.com.co\/web\/wp-content\/uploads\/2018\/02\/pilotosavianca2017.jpg?fit=768%2C407&ssl=1&resize=525%2C300 1.5x, https:\/\/i0.wp.com\/moir.com.co\/web\/wp-content\/uploads\/2018\/02\/pilotosavianca2017.jpg?fit=768%2C407&ssl=1&resize=700%2C400 2x"},"classes":[]},{"id":13415,"url":"https:\/\/moir.com.co\/web\/efromovich-o-los-pilotos-quien-es-el-avion\/","url_meta":{"origin":13464,"position":2},"title":"Efromovich o los pilotos: \u00bfQui\u00e9n es el \u2018avi\u00f3n\u2019?","author":"admin","date":"octubre 2, 2017","format":false,"excerpt":"Andr\u00e9s Pach\u00f3n, Bogot\u00e1, octubre 1 de 2017 \"Ilegales\u201d,\u201dinmorales\u201d,\u201dcriminales\u201d,\u201dinsignificante minor\u00eda\u201d,\u201dlos responsables no tengan duda que van a pagar por lo que est\u00e1n haciendo\u201d. Tales se\u00f1alamientos no hacen parte de un discurso contra los implicados en Odebrecht ni contra el Fiscal Anticorrupci\u00f3n Corrupto y su pandilla. Se trata de los calificativos injuriosos\u2026","rel":"","context":"En \u00abEconom\u00eda\u00bb","block_context":{"text":"Econom\u00eda","link":"https:\/\/moir.com.co\/web\/category\/temas\/economia\/"},"img":{"alt_text":"","src":"https:\/\/i0.wp.com\/moir.com.co\/web\/wp-content\/uploads\/2017\/10\/acdacavianca.jpg?fit=1024%2C512&ssl=1&resize=350%2C200","width":350,"height":200,"srcset":"https:\/\/i0.wp.com\/moir.com.co\/web\/wp-content\/uploads\/2017\/10\/acdacavianca.jpg?fit=1024%2C512&ssl=1&resize=350%2C200 1x, https:\/\/i0.wp.com\/moir.com.co\/web\/wp-content\/uploads\/2017\/10\/acdacavianca.jpg?fit=1024%2C512&ssl=1&resize=525%2C300 1.5x, https:\/\/i0.wp.com\/moir.com.co\/web\/wp-content\/uploads\/2017\/10\/acdacavianca.jpg?fit=1024%2C512&ssl=1&resize=700%2C400 2x"},"classes":[]},{"id":15923,"url":"https:\/\/moir.com.co\/web\/video-gobierno-debe-proteger-derechos-laborales-de-pilotos-de-avianca-y-acabar-abusos-contra-los-usuarios-representante-jorge-gomez\/","url_meta":{"origin":13464,"position":3},"title":"Video: Gobierno debe proteger derechos laborales de pilotos de Avianca y acabar abusos contra los usuarios, representante Jorge G\u00f3mez","author":"admin","date":"septiembre 13, 2018","format":"video","excerpt":"Intervenci\u00f3n del Representante a la C\u00e1mara Jorge G\u00f3mez en debate contra el poder monop\u00f3lico de Avianca en Colombia. Bogot\u00e1, 12 septiembre de 2018.","rel":"","context":"En \u00abEconom\u00eda\u00bb","block_context":{"text":"Econom\u00eda","link":"https:\/\/moir.com.co\/web\/category\/temas\/economia\/"},"img":{"alt_text":"","src":"","width":0,"height":0},"classes":[]},{"id":14631,"url":"https:\/\/moir.com.co\/web\/video-mi-total-desacuerdo-con-el-despido-de-los-pilotos-de-avianca-robledo\/","url_meta":{"origin":13464,"position":4},"title":"Video: Mi total desacuerdo con el despido de los pilotos de Avianca, Robledo","author":"admin","date":"marzo 3, 2018","format":"video","excerpt":"Mi total desacuerdo con la decisi\u00f3n de Efromovich de despedir los pilotos de Avianca que hicieron uso del derecho a la huelga. No m\u00e1s alcahueteria del gobierno nacional. Bogot\u00e1, marzo 2 de 2018","rel":"","context":"En \u00abEconom\u00eda\u00bb","block_context":{"text":"Econom\u00eda","link":"https:\/\/moir.com.co\/web\/category\/temas\/economia\/"},"img":{"alt_text":"","src":"","width":0,"height":0},"classes":[]},{"id":13343,"url":"https:\/\/moir.com.co\/web\/avianca-debe-atender-las-justas-peticiones-de-los-pilotos-robledo\/","url_meta":{"origin":13464,"position":5},"title":"Avianca debe atender las justas peticiones de los pilotos: Robledo","author":"admin","date":"septiembre 21, 2017","format":false,"excerpt":"Oficina de prensa del senador Jorge Enrique Robledo, Bogot\u00e1, septiembre 20 de 2017 Despu\u00e9s de expresar su solidaridad con las peticiones de los pilotos de Avianca, el senador Jorge Enrique Robledo hizo un llamado a las partes para que busquen el camino que les permita resolver sus diferencias y llegar\u2026","rel":"","context":"En \u00abEconom\u00eda\u00bb","block_context":{"text":"Econom\u00eda","link":"https:\/\/moir.com.co\/web\/category\/temas\/economia\/"},"img":{"alt_text":"","src":"https:\/\/i0.wp.com\/moir.com.co\/web\/wp-content\/uploads\/2017\/09\/pilotosacdac.png?fit=634%2C369&ssl=1&resize=350%2C200","width":350,"height":200,"srcset":"https:\/\/i0.wp.com\/moir.com.co\/web\/wp-content\/uploads\/2017\/09\/pilotosacdac.png?fit=634%2C369&ssl=1&resize=350%2C200 1x, https:\/\/i0.wp.com\/moir.com.co\/web\/wp-content\/uploads\/2017\/09\/pilotosacdac.png?fit=634%2C369&ssl=1&resize=525%2C300 1.5x"},"classes":[]}],"jetpack_sharing_enabled":true,"_links":{"self":[{"href":"https:\/\/moir.com.co\/web\/wp-json\/wp\/v2\/posts\/13464","targetHints":{"allow":["GET"]}}],"collection":[{"href":"https:\/\/moir.com.co\/web\/wp-json\/wp\/v2\/posts"}],"about":[{"href":"https:\/\/moir.com.co\/web\/wp-json\/wp\/v2\/types\/post"}],"author":[{"embeddable":true,"href":"https:\/\/moir.com.co\/web\/wp-json\/wp\/v2\/users\/1"}],"replies":[{"embeddable":true,"href":"https:\/\/moir.com.co\/web\/wp-json\/wp\/v2\/comments?post=13464"}],"version-history":[{"count":1,"href":"https:\/\/moir.com.co\/web\/wp-json\/wp\/v2\/posts\/13464\/revisions"}],"predecessor-version":[{"id":13466,"href":"https:\/\/moir.com.co\/web\/wp-json\/wp\/v2\/posts\/13464\/revisions\/13466"}],"wp:featuredmedia":[{"embeddable":true,"href":"https:\/\/moir.com.co\/web\/wp-json\/wp\/v2\/media\/13465"}],"wp:attachment":[{"href":"https:\/\/moir.com.co\/web\/wp-json\/wp\/v2\/media?parent=13464"}],"wp:term":[{"taxonomy":"category","embeddable":true,"href":"https:\/\/moir.com.co\/web\/wp-json\/wp\/v2\/categories?post=13464"},{"taxonomy":"post_tag","embeddable":true,"href":"https:\/\/moir.com.co\/web\/wp-json\/wp\/v2\/tags?post=13464"}],"curies":[{"name":"wp","href":"https:\/\/api.w.org\/{rel}","templated":true}]}}