{"id":13461,"date":"2017-10-09T21:40:24","date_gmt":"2017-10-09T21:40:24","guid":{"rendered":"https:\/\/moir.org.co\/web\/?p=13461"},"modified":"2017-10-10T01:36:25","modified_gmt":"2017-10-10T01:36:25","slug":"las-triquinuelas-de-los-de-siempre","status":"publish","type":"post","link":"https:\/\/moir.com.co\/web\/las-triquinuelas-de-los-de-siempre\/","title":{"rendered":"Las triqui\u00f1uelas de los de siempre"},"content":{"rendered":"<p><strong>Libardo G\u00f3mez S\u00e1nchez, Neiva, octubre 9 de 2017<\/strong><\/p>\n<p>Si algo hay que reconocerle a la oligarqu\u00eda que viene gobernando el pa\u00eds hace m\u00e1s de un siglo, adem\u00e1s de su firme decisi\u00f3n de servirle sin \u00a0reservas a sus socios extranjeros en contrav\u00eda del progreso del pa\u00eds, es su enorme capacidad para disfrazar su verdadera naturaleza y presentarse como la benefactora de la naci\u00f3n; el truco de de Vargas Lleras de aparecer ahora, como un cr\u00edtico de Santos al que acompa\u00f1\u00f3 en sus dos per\u00edodos, comparti\u00f3 y se benefici\u00f3 de las decisiones de pol\u00edtica econ\u00f3mica y social, manejaron el presupuesto para adelantar la campa\u00f1a anticipada entregando vivienda y firmando contratos para v\u00edas 4G, no significa una ruptura con su pasado, sino una estrategia para distanciarse de la carga negativa que representa pertenecer a un gobierno tan desprestigiado; quienes esperan ver un castigo por parte de Santos a su ex vicepresidente, se quedar\u00e1n con los crespos hechos, pues los intereses que los unen y las directrices de las multinacionales y el gobierno norteamericano pesan mucho m\u00e1s que cualquier desavenencia de alcoba.<\/p>\n<p>A esta t\u00e1ctica de presentar un supuesto opositor como ya lo vienen haciendo con el Centro Democr\u00e1tico, con el prop\u00f3sito de minimizar a la verdadera oposici\u00f3n de la Coalici\u00f3n Colombia constituida por el partido Verde, Compromiso Ciudadano y el Polo Democr\u00e1tico, se suma la artima\u00f1a de enviar mensajes halagadores a uno de sus integrantes, con el fin de romper la unidad con que vienen adelantando el proceso, en busca de un programa de gobierno para salvar a Colombia y un solo candidato: entre Claudia L\u00f3pez, Jorge Enrique Robledo y Sergio Fajardo.<\/p>\n<p>Otra argucia empleada es la de presentar a Robledo como un promotor de la eliminaci\u00f3n de la propiedad privada, una r\u00e9plica del gobierno de Maduro y Ch\u00e1vez en Venezuela, a pesar de los continuos debates y acciones realizadas para defender al empresariado nacional: como la industria de autopartes, la red de minoristas de combustibles, los ingenios azucareros y a productores del campo y la ciudad no monopolistas.<\/p>\n<p>No comer m\u00e1s cuento como dice el argot popular, le corresponde a las inmensas mayor\u00edas empobrecidas y carentes de garant\u00edas de trabajo y seguridad social; es hora de romper la tutela ideol\u00f3gica impuesta por tanto tiempo, somos una naci\u00f3n con inmensos recursos naturales a\u00fan por utilizar en provecho nuestro, pero especialmente disponemos de una poblaci\u00f3n trabajadora y recursiva, capaz como cualquiera de producir la riqueza que necesitamos para desarrollarnos como una naci\u00f3n de bienestar y no de desigualdad.<\/p>\n","protected":false},"excerpt":{"rendered":"<p>Libardo G\u00f3mez S\u00e1nchez, Neiva, octubre 9 de 2017 Si algo hay que reconocerle a la oligarqu\u00eda que viene gobernando el pa\u00eds hace m\u00e1s de un siglo, adem\u00e1s de su firme decisi\u00f3n de servirle sin \u00a0reservas a sus socios extranjeros en contrav\u00eda del progreso del pa\u00eds, es su enorme capacidad para disfrazar su verdadera naturaleza y [&hellip;]<\/p>\n","protected":false},"author":1,"featured_media":13477,"comment_status":"open","ping_status":"open","sticky":false,"template":"","format":"standard","meta":{"advanced_seo_description":"","jetpack_seo_html_title":"","jetpack_seo_noindex":false,"_jetpack_memberships_contains_paid_content":false,"footnotes":""},"categories":[102,97,98],"tags":[],"class_list":["post-13461","post","type-post","status-publish","format-standard","has-post-thumbnail","hentry","category-economia","category-imperialismo-y-neoliberalismo","category-politica"],"jetpack_featured_media_url":"https:\/\/i0.wp.com\/moir.com.co\/web\/wp-content\/uploads\/2017\/10\/vargasllerassantos.jpeg?fit=184%2C274&ssl=1","jetpack-related-posts":[{"id":14919,"url":"https:\/\/moir.com.co\/web\/el-polo-ya-empeno-su-palabra-a-sergio-fajardo-robledo\/","url_meta":{"origin":13461,"position":0},"title":"\u201cEl Polo ya empe\u00f1\u00f3 su palabra a Sergio Fajardo\u201d: Robledo","author":"admin","date":"abril 15, 2018","format":false,"excerpt":"Entrevista de la Revista Semana a Jorge Enrique Robledo, Bogot\u00e1, abril 14 de 2018 Un centenar de dirigentes del\u00a0Polo Democr\u00e1tico\u00a0enviaron una carta al Comit\u00e9 Ejecutivo Nacional, m\u00e1xima instancia del partido, pidiendo libertad de voto para las elecciones presidenciales. Como la colectividad decidi\u00f3 respaldar la candidatura de\u00a0Sergio Fajardo, esta petici\u00f3n gener\u00f3\u2026","rel":"","context":"En \u00abJorge Enrique Robledo\u00bb","block_context":{"text":"Jorge Enrique Robledo","link":"https:\/\/moir.com.co\/web\/category\/jorge-enrique-robledo\/"},"img":{"alt_text":"","src":"https:\/\/i0.wp.com\/moir.com.co\/web\/wp-content\/uploads\/2018\/04\/robledoentrevistaSemana.jpg?fit=1200%2C630&ssl=1&resize=350%2C200","width":350,"height":200,"srcset":"https:\/\/i0.wp.com\/moir.com.co\/web\/wp-content\/uploads\/2018\/04\/robledoentrevistaSemana.jpg?fit=1200%2C630&ssl=1&resize=350%2C200 1x, https:\/\/i0.wp.com\/moir.com.co\/web\/wp-content\/uploads\/2018\/04\/robledoentrevistaSemana.jpg?fit=1200%2C630&ssl=1&resize=525%2C300 1.5x, https:\/\/i0.wp.com\/moir.com.co\/web\/wp-content\/uploads\/2018\/04\/robledoentrevistaSemana.jpg?fit=1200%2C630&ssl=1&resize=700%2C400 2x, https:\/\/i0.wp.com\/moir.com.co\/web\/wp-content\/uploads\/2018\/04\/robledoentrevistaSemana.jpg?fit=1200%2C630&ssl=1&resize=1050%2C600 3x"},"classes":[]},{"id":9586,"url":"https:\/\/moir.com.co\/web\/zafarrancho-por-la-politica-industrial\/","url_meta":{"origin":13461,"position":1},"title":"Zafarrancho por la pol\u00edtica industrial","author":"admin","date":"agosto 19, 2015","format":false,"excerpt":"Los ar\u00faspices criollos de las pol\u00edticas neoliberales est\u00e1n de muerte. Uno de sus alumnos predilectos se ha descarriado renegando de los dogmas del libre comercio. Bruce Mac Master, funcionario del primer gobierno de Juan Manuel Santos, hoy presidente de la Andi \u2013la Asociaci\u00f3n Nacional de Empresarios\u2013, dio unas declaraciones sobre\u2026","rel":"","context":"En \u00abTemas\u00bb","block_context":{"text":"Temas","link":"https:\/\/moir.com.co\/web\/category\/temas\/"},"img":{"alt_text":"","src":"","width":0,"height":0},"classes":[]},{"id":4492,"url":"https:\/\/moir.com.co\/web\/la-constitucion-politica-y-las-tropas-extranjeras\/","url_meta":{"origin":13461,"position":2},"title":"La Constituci\u00f3n Pol\u00edtica y las Tropas Extranjeras","author":"admin","date":"junio 22, 2010","format":false,"excerpt":"El 30 de octubre de 2009, el gobierno del presidente \u00c1lvaro Uribe V\u00e9lez accedi\u00f3 a la pretensi\u00f3n de Estados Unidos de permitirle usar y controlar porciones importantes de al menos siete bases militares colombianas. Las desproporcionadas potestades que Colombia les otorga a las fuerzas militares de Estados Unidos durante por\u2026","rel":"","context":"En \u00abTemas\u00bb","block_context":{"text":"Temas","link":"https:\/\/moir.com.co\/web\/category\/temas\/"},"img":{"alt_text":"","src":"","width":0,"height":0},"classes":[]},{"id":2387,"url":"https:\/\/moir.com.co\/web\/la-modificacion-de-la-decision-486-nuevo-golpe-a-la-can\/","url_meta":{"origin":13461,"position":3},"title":"La modificaci\u00f3n de la Decisi\u00f3n 486: nuevo golpe a la CAN","author":"admin","date":"junio 17, 2008","format":false,"excerpt":"RECALCA, Bogot\u00e1, junio 17 de 2008 El proceso de integraci\u00f3n andina se ha enfrentado a grandes dificultades desde su inicio y especialmente en los \u00faltimos a\u00f1os, cuando la existencia de dos perspectivas de desarrollo diferentes ha ocasionado distanciamientos entre los gobiernos que se proponen impulsar pol\u00edticas econ\u00f3micas en algunos casos\u2026","rel":"","context":"En \u00ab\u00a1No a los TLC y al ALCA!\u00bb","block_context":{"text":"\u00a1No a los TLC y al ALCA!","link":"https:\/\/moir.com.co\/web\/category\/temas\/no-a-los-tlc-y-al-alca\/"},"img":{"alt_text":"","src":"","width":0,"height":0},"classes":[]},{"id":11279,"url":"https:\/\/moir.com.co\/web\/el-tal-gobierno-de-transicion\/","url_meta":{"origin":13461,"position":4},"title":"El tal gobierno de transici\u00f3n","author":"admin","date":"diciembre 12, 2016","format":false,"excerpt":"Libardo G\u00f3mez S\u00e1nchez, Neiva, diciembre 12 de 2016 En reciente entrevista al comandante de las Farc Rodrigo Londo\u00f1o expres\u00f3 su decisi\u00f3n de participar en lo que denomin\u00f3 \u201cun gobierno de transici\u00f3n\u201d que en su criterio proteja el esp\u00edritu de los acuerdos firmados con el gobierno de Santos. Lo que resume\u2026","rel":"","context":"En \u00abEconom\u00eda\u00bb","block_context":{"text":"Econom\u00eda","link":"https:\/\/moir.com.co\/web\/category\/temas\/economia\/"},"img":{"alt_text":"","src":"https:\/\/i0.wp.com\/moir.com.co\/web\/wp-content\/uploads\/2016\/12\/neoliberalismo6.jpg?fit=204%2C248&ssl=1&resize=350%2C200","width":350,"height":200},"classes":[]},{"id":1648,"url":"https:\/\/moir.com.co\/web\/privatizaciones-plan-colombia-y-fondo-monetario-internacional-fmi\/","url_meta":{"origin":13461,"position":5},"title":"PRIVATIZACIONES, PLAN COLOMBIA Y FONDO MONETARIO INTERNACIONAL (FMI)","author":"admin","date":"agosto 12, 2004","format":false,"excerpt":"Pa\u00eds pobre que ate su suerte a lo que disponga el Fondo Monetario Internacional (FMI) no saldr\u00e1 nunca del subdesarrollo ni podr\u00e1 garantizarle a la casi totalidad de su poblaci\u00f3n salir de la pobreza y la miseria. El Fondo Monetario Internacional (FMI) es la instituci\u00f3n financiera creada por Estados Unidos\u2026","rel":"","context":"En \u00abImperialismo y Neoliberalismo\u00bb","block_context":{"text":"Imperialismo y Neoliberalismo","link":"https:\/\/moir.com.co\/web\/category\/temas\/imperialismo-y-neoliberalismo\/"},"img":{"alt_text":"","src":"","width":0,"height":0},"classes":[]}],"jetpack_sharing_enabled":true,"_links":{"self":[{"href":"https:\/\/moir.com.co\/web\/wp-json\/wp\/v2\/posts\/13461","targetHints":{"allow":["GET"]}}],"collection":[{"href":"https:\/\/moir.com.co\/web\/wp-json\/wp\/v2\/posts"}],"about":[{"href":"https:\/\/moir.com.co\/web\/wp-json\/wp\/v2\/types\/post"}],"author":[{"embeddable":true,"href":"https:\/\/moir.com.co\/web\/wp-json\/wp\/v2\/users\/1"}],"replies":[{"embeddable":true,"href":"https:\/\/moir.com.co\/web\/wp-json\/wp\/v2\/comments?post=13461"}],"version-history":[{"count":1,"href":"https:\/\/moir.com.co\/web\/wp-json\/wp\/v2\/posts\/13461\/revisions"}],"predecessor-version":[{"id":13463,"href":"https:\/\/moir.com.co\/web\/wp-json\/wp\/v2\/posts\/13461\/revisions\/13463"}],"wp:featuredmedia":[{"embeddable":true,"href":"https:\/\/moir.com.co\/web\/wp-json\/wp\/v2\/media\/13477"}],"wp:attachment":[{"href":"https:\/\/moir.com.co\/web\/wp-json\/wp\/v2\/media?parent=13461"}],"wp:term":[{"taxonomy":"category","embeddable":true,"href":"https:\/\/moir.com.co\/web\/wp-json\/wp\/v2\/categories?post=13461"},{"taxonomy":"post_tag","embeddable":true,"href":"https:\/\/moir.com.co\/web\/wp-json\/wp\/v2\/tags?post=13461"}],"curies":[{"name":"wp","href":"https:\/\/api.w.org\/{rel}","templated":true}]}}