{"id":13458,"date":"2017-10-09T21:30:29","date_gmt":"2017-10-09T21:30:29","guid":{"rendered":"https:\/\/moir.org.co\/web\/?p=13458"},"modified":"2017-10-09T21:30:29","modified_gmt":"2017-10-09T21:30:29","slug":"a-20-kmtshora-en-un-ferrari","status":"publish","type":"post","link":"https:\/\/moir.com.co\/web\/a-20-kmtshora-en-un-ferrari\/","title":{"rendered":"A 20 kmts\/hora en un Ferrari"},"content":{"rendered":"<p><strong>Mario Alejandro Valencia, Bogot\u00e1, octubre 9 de 2017<\/strong><\/p>\n<p>Hay cosas que se crean con un prop\u00f3sito: tener un Ferrari para no correr a alta velocidad ser\u00eda un desperdicio, una subutilizaci\u00f3n lamentable para quien lo compre. As\u00ed se ha comportado la econom\u00eda colombiana durante d\u00e9cadas, corriendo mucho menos de su verdadero potencial.<\/p>\n<p>El Banco de la Rep\u00fablica ha estimado que el PIB crecer\u00e1 este a\u00f1o entre 1,6 % y 1,8 %. Aunque es frecuente que los responsables del manejo econ\u00f3mico expliquen que esto no es malo, porque algunos vecinos est\u00e1n peor, lo cierto es que el crecimiento no es mayor por decisiones equivocadas.<\/p>\n<div class=\"code-block code-block-5\"><\/div>\n<div class=\"code-block code-block-1\"><\/div>\n<p>Los factores de producci\u00f3n de Colombia son valiosos, comenzando por 48 millones de cerebros de una cultura amable y entusiasta, hasta el enorme patrimonio natural y su posici\u00f3n geogr\u00e1fica. Cualquier sociedad con semejantes ventajas deber\u00eda ser considerablemente m\u00e1s pr\u00f3spera, y si no lo es la \u00fanica explicaci\u00f3n es el p\u00e9simo manejo que la clase dirigente le ha dado. Ning\u00fan gobierno en las \u00faltimas d\u00e9cadas ha logrado aprovechar la riqueza del pa\u00eds para desarrollarlo econ\u00f3mica y socialmente; todo lo contrario, la brecha con los pa\u00edses m\u00e1s avanzados cada d\u00eda es mayor.<\/p>\n<p>Si algo tienen en com\u00fan Uribe y Santos es que ambos han gerenciado muy mal y fueron incapaces de aprovechar en beneficio de las mayor\u00edas la mayor bonanza mineroenerg\u00e9tica de la historia de Colombia. Lejos de lo anterior, la desigualdad se ha profundizado y las mafias de la corrupci\u00f3n se tomaron todos los poderes, situaci\u00f3n que cada vez preocupa e indigna m\u00e1s a la poblaci\u00f3n. Frente a la debacle que generaron, los l\u00edderes del fracaso esperan ganarse el\u00a0<em>Baloto<\/em>\u00a0del aumento del precio del petr\u00f3leo para seguir en sus andanzas.<\/p>\n<p>Nadie sensato y honesto puede afirmar que las pol\u00edticas implementadas han sido exitosas. Tenemos un Ferrari conducido por unos incompetentes, que se vanaglorian con un crecimiento menor a 2%, absolutamente insuficiente para resolver los problemas de los ciudadanos. Crear riqueza (crecer bien) es la primera tarea que se requiere para generar los recursos necesarios para dotar al Estado de competitividad, a las empresas de productividad y a los trabajadores de salarios dignos.<\/p>\n<p>Si no crecemos m\u00e1s no es por falta de ideas y conocimiento sobre c\u00f3mo hacerlo, es sencillamente que quienes conducen \u201cles va mejor cuando al pa\u00eds le va peor\u201d, como afirma el senador Robledo. En este sentido, para comenzar a sacarle provecho al Ferrari, hay que cambiar de piloto. Convencer a empresarios, acad\u00e9micos, dirigentes sociales, estudiantes y trabajadores que as\u00ed le ir\u00eda mejor al conjunto de la sociedad, es el gran reto que tenemos desde ya hasta mayo de 2018.<\/p>\n","protected":false},"excerpt":{"rendered":"<p>Mario Alejandro Valencia, Bogot\u00e1, octubre 9 de 2017 Hay cosas que se crean con un prop\u00f3sito: tener un Ferrari para no correr a alta velocidad ser\u00eda un desperdicio, una subutilizaci\u00f3n lamentable para quien lo compre. As\u00ed se ha comportado la econom\u00eda colombiana durante d\u00e9cadas, corriendo mucho menos de su verdadero potencial. El Banco de la [&hellip;]<\/p>\n","protected":false},"author":1,"featured_media":13459,"comment_status":"open","ping_status":"open","sticky":false,"template":"","format":"standard","meta":{"advanced_seo_description":"","jetpack_seo_html_title":"","jetpack_seo_noindex":false,"_jetpack_memberships_contains_paid_content":false,"footnotes":""},"categories":[102,97,98],"tags":[],"class_list":["post-13458","post","type-post","status-publish","format-standard","has-post-thumbnail","hentry","category-economia","category-imperialismo-y-neoliberalismo","category-politica"],"jetpack_featured_media_url":"https:\/\/i0.wp.com\/moir.com.co\/web\/wp-content\/uploads\/2017\/10\/ferrarisantoscardenas.jpg?fit=700%2C500&ssl=1","jetpack-related-posts":[{"id":15437,"url":"https:\/\/moir.com.co\/web\/la-economia-naranja-sin-madurar\/","url_meta":{"origin":13458,"position":0},"title":"La econom\u00eda naranja sin madurar","author":"admin","date":"julio 16, 2018","format":false,"excerpt":"Guillermo Maya, El Tiempo, Bogot\u00e1 D.C., 14 de julio de 2018 Hay que promover el talento nacional, pero las fuerzas del mercado no lo har\u00e1n por s\u00ed solas. \u2018La econom\u00eda naranja, una oportunidad infinita\u2019 es el libro que el presidente electo 2018-2022, Iv\u00e1n Duque y su coautor, Felipe Buitrago, publicaron\u2026","rel":"","context":"En \u00abArtes\u00bb","block_context":{"text":"Artes","link":"https:\/\/moir.com.co\/web\/category\/temas\/artes\/"},"img":{"alt_text":"","src":"https:\/\/i0.wp.com\/moir.com.co\/web\/wp-content\/uploads\/2018\/07\/economianaranja.png?fit=352%2C352&ssl=1&resize=350%2C200","width":350,"height":200},"classes":[]},{"id":8746,"url":"https:\/\/moir.com.co\/web\/modelo-de-pais-y-modelo-de-educacion-sobre-la-audiencia-publica-de-la-mane\/","url_meta":{"origin":13458,"position":1},"title":"Modelo de pa\u00eds y modelo de educaci\u00f3n. Sobre la audiencia p\u00fablica de la MANE","author":"admin","date":"septiembre 24, 2014","format":false,"excerpt":"La divisi\u00f3n internacional del trabajo decidida por los Estados Unidos para los pa\u00edses de su \u00f3rbita, le asign\u00f3 a Colombia, adem\u00e1s del papel de despensa de recursos naturales y mano de obra barata, el de ser destino de las exportaciones norteamericanas de toda clase de bienes y servicios y sobretodo\u2026","rel":"","context":"En \u00abJuventud Patri\u00f3tica\u00bb","block_context":{"text":"Juventud Patri\u00f3tica","link":"https:\/\/moir.com.co\/web\/category\/juventud-patriotica\/"},"img":{"alt_text":"","src":"","width":0,"height":0},"classes":[]},{"id":13307,"url":"https:\/\/moir.com.co\/web\/con-penalosa-transmilenio-y-el-sitp-siguen-en-franco-deterioro-concejal-manuel-sarmiento\/","url_meta":{"origin":13458,"position":2},"title":"\u201cCon Pe\u00f1alosa, Transmilenio y el SITP siguen en franco deterioro\u201d: concejal Manuel Sarmiento","author":"admin","date":"septiembre 14, 2017","format":false,"excerpt":"Oficina de prensa del concejal del Polo Manuel Sarmiento, Bogot\u00e1, septiembre 14 de 2017 La promesa de Pe\u00f1alosa de arreglar los problemas de movilidad en cuesti\u00f3n de meses ha resultado ser completamente falsa. \u201cEn lo corrido de 2017 los buses del SITP y de Transmilenio presentan cada vez m\u00e1s fallas,\u2026","rel":"","context":"En \u00abBogot\u00e1\u00bb","block_context":{"text":"Bogot\u00e1","link":"https:\/\/moir.com.co\/web\/category\/temas\/bogota\/"},"img":{"alt_text":"","src":"https:\/\/i0.wp.com\/moir.com.co\/web\/wp-content\/uploads\/2017\/09\/transmileniositpdeterioro.jpg?fit=730%2C450&ssl=1&resize=350%2C200","width":350,"height":200,"srcset":"https:\/\/i0.wp.com\/moir.com.co\/web\/wp-content\/uploads\/2017\/09\/transmileniositpdeterioro.jpg?fit=730%2C450&ssl=1&resize=350%2C200 1x, https:\/\/i0.wp.com\/moir.com.co\/web\/wp-content\/uploads\/2017\/09\/transmileniositpdeterioro.jpg?fit=730%2C450&ssl=1&resize=525%2C300 1.5x, https:\/\/i0.wp.com\/moir.com.co\/web\/wp-content\/uploads\/2017\/09\/transmileniositpdeterioro.jpg?fit=730%2C450&ssl=1&resize=700%2C400 2x"},"classes":[]},{"id":14075,"url":"https:\/\/moir.com.co\/web\/colombianos-en-la-industria-del-rebusque\/","url_meta":{"origin":13458,"position":3},"title":"Colombianos en la &#8220;industria&#8221; del rebusque","author":"admin","date":"diciembre 11, 2017","format":false,"excerpt":"Jos\u00e9 Arlex Arias, Cartagena, diciembre 11 de 2017 Nada m\u00e1s gr\u00e1fico para retratar la situaci\u00f3n del pa\u00eds que el \"corre, corre\" fren\u00e9tico de sus habitantes en el mes de diciembre. No es tanto por los acostumbrados balances, sino que la agon\u00eda del a\u00f1o lleva consigo el desespero por tratar de\u2026","rel":"","context":"En \u00abEconom\u00eda\u00bb","block_context":{"text":"Econom\u00eda","link":"https:\/\/moir.com.co\/web\/category\/temas\/economia\/"},"img":{"alt_text":"","src":"","width":0,"height":0},"classes":[]},{"id":8167,"url":"https:\/\/moir.com.co\/web\/la-pobreza-de-las-zonas-mineras\/","url_meta":{"origin":13458,"position":4},"title":"La Pobreza de las zonas Mineras","author":"admin","date":"enero 12, 2014","format":false,"excerpt":"El calor es abrazador y la precaria vegetaci\u00f3n que crece en la zona no contribuye con sombra alguna que mitigue la intensidad de la temperatura ambiente, esto cuando el verano hace de las suyas, en invierno los torrentes de agua corren por todo lado arrastrando con su furia piedra y\u2026","rel":"","context":"En \u00abTemas\u00bb","block_context":{"text":"Temas","link":"https:\/\/moir.com.co\/web\/category\/temas\/"},"img":{"alt_text":"","src":"","width":0,"height":0},"classes":[]},{"id":20529,"url":"https:\/\/moir.com.co\/web\/sigue-racha-de-alzas\/","url_meta":{"origin":13458,"position":5},"title":"SIGUE RACHA DE ALZAS","author":"admin","date":"enero 23, 2005","format":false,"excerpt":"Durante los \u00faltimos meses de 1980 y en lo que va corrido de 1981, el costo de la vida se ha elevado en proporciones alarmantes para la mayor\u00eda de los colombianos. En octubre pasado el gobierno decret\u00f3 un reajuste del 32% en los precios de la gasolina y dem\u00e1s derivados\u2026","rel":"","context":"En \u00abTribuna Roja N\u00b0 37, Bogot\u00e1; febrero de 1981\u00bb","block_context":{"text":"Tribuna Roja N\u00b0 37, Bogot\u00e1; febrero de 1981","link":"https:\/\/moir.com.co\/web\/category\/tribuna-roja\/ediciones-1980-1984\/tribuna-roja-n-37-bogota-febrero-de-1981\/"},"img":{"alt_text":"","src":"","width":0,"height":0},"classes":[]}],"jetpack_sharing_enabled":true,"_links":{"self":[{"href":"https:\/\/moir.com.co\/web\/wp-json\/wp\/v2\/posts\/13458","targetHints":{"allow":["GET"]}}],"collection":[{"href":"https:\/\/moir.com.co\/web\/wp-json\/wp\/v2\/posts"}],"about":[{"href":"https:\/\/moir.com.co\/web\/wp-json\/wp\/v2\/types\/post"}],"author":[{"embeddable":true,"href":"https:\/\/moir.com.co\/web\/wp-json\/wp\/v2\/users\/1"}],"replies":[{"embeddable":true,"href":"https:\/\/moir.com.co\/web\/wp-json\/wp\/v2\/comments?post=13458"}],"version-history":[{"count":1,"href":"https:\/\/moir.com.co\/web\/wp-json\/wp\/v2\/posts\/13458\/revisions"}],"predecessor-version":[{"id":13460,"href":"https:\/\/moir.com.co\/web\/wp-json\/wp\/v2\/posts\/13458\/revisions\/13460"}],"wp:featuredmedia":[{"embeddable":true,"href":"https:\/\/moir.com.co\/web\/wp-json\/wp\/v2\/media\/13459"}],"wp:attachment":[{"href":"https:\/\/moir.com.co\/web\/wp-json\/wp\/v2\/media?parent=13458"}],"wp:term":[{"taxonomy":"category","embeddable":true,"href":"https:\/\/moir.com.co\/web\/wp-json\/wp\/v2\/categories?post=13458"},{"taxonomy":"post_tag","embeddable":true,"href":"https:\/\/moir.com.co\/web\/wp-json\/wp\/v2\/tags?post=13458"}],"curies":[{"name":"wp","href":"https:\/\/api.w.org\/{rel}","templated":true}]}}