{"id":13424,"date":"2017-10-02T17:16:59","date_gmt":"2017-10-02T17:16:59","guid":{"rendered":"https:\/\/moir.org.co\/web\/?p=13424"},"modified":"2017-10-02T17:16:59","modified_gmt":"2017-10-02T17:16:59","slug":"le-toca-a-colombia","status":"publish","type":"post","link":"https:\/\/moir.com.co\/web\/le-toca-a-colombia\/","title":{"rendered":"Le toca a Colombia"},"content":{"rendered":"<p><strong>Jos\u00e9 Arlex Arias, Cartagena, octubre 2 de 2017<\/strong><\/p>\n<p>El pasado mes de septiembre fue prol\u00edfico en noticias, llev\u00e1ndose casi todas las pantallas la visita del papa Francisco a Colombia, con la cual el Gobierno Nacional y sus \u00e1ulicos en los medios de comunicaci\u00f3n pretendieron imponer una cortina de humo que cubriera los asquerosos esc\u00e1ndalos de corrupci\u00f3n de &#8220;magistrados&#8221; de las Altas Cortes y &#8220;honorables padres de la patria&#8221;, quienes con su falta de escr\u00fapulos han gobernado, dirigido y aplicado justicia durante al menos los \u00faltimos cincuenta a\u00f1os en el pa\u00eds. Pero resulta que el primer jerarca de la Iglesia Cat\u00f3lica, Francisco, les enrostr\u00f3 el lodo y les record\u00f3 la cloaca en que han convertido a una Naci\u00f3n empobrecida, con empresarios quebrados, trabajadores con salarios de hambre \u2013si es que encuentran empleos dignos\u2013 y todos los recursos puestos al servicio de unos &#8220;poderosos&#8221; nacionales e internacionales que acaparan la riqueza del pa\u00eds.<\/p>\n<p>&nbsp;<\/p>\n<p>Apenas viaj\u00f3 Francisco, Colombia regres\u00f3 a la realidad y muchos sectores comenzaron a aceptar las verdades que nos plante\u00f3. Am\u00e9n de ello, un hecho podr\u00eda marcar el porvenir de Colombia, si se logra concitar las voluntades de millones de habitantes afectados por el modelo neoliberal. Se trata del lanzamiento, el 18 de septiembre pasado, de la &#8220;Coalici\u00f3n Ciudadana por Colombia&#8221;, una uni\u00f3n de los partidos Alianza Verde, Polo Democr\u00e1tico Alternativo y Compromiso Ciudadano, que en cabeza de sus aspirantes presidenciales, Claudia L\u00f3pez, Jorge Robledo y Sergio Fajardo, respectivamente, se comprometieron a &#8220;trabajar para presentar al pa\u00eds un candidato \u00fanico a la Presidencia de la Rep\u00fablica y una propuesta de listas unificadas al Congreso en las elecciones de 2018, con un programa de gobierno que ofrezca superar la profunda crisis del Estado colombiano y la marginalidad econ\u00f3mica y social de buena parte de la poblaci\u00f3n. La indignaci\u00f3n creciente y generalizada por el c\u00edrculo de corrupci\u00f3n, clientelismo e impunidad que ha hundido a las instituciones colombianas en una profunda crisis de legitimidad, hace necesaria y urgente esta Coalici\u00f3n que rompe con las formas tradicionales de hacer pol\u00edtica y la polarizaci\u00f3n de la sociedad, y propone una alternativa independiente, con soluciones a los problemas econ\u00f3micos, ambientales y sociales del pa\u00eds&#8221;. De la lectura de su Declaraci\u00f3n de Principios se puede inferir un verdadero cat\u00e1logo de su programa de gobierno.<\/p>\n<p>&nbsp;<\/p>\n<p>Otro hecho trascendental, que complementa el anterior, sucedi\u00f3 el 23 del mismo mes cuando el Polo Democr\u00e1tico Alternativo, con cerca de dos mil quinientos delegados de todo el pa\u00eds, proclam\u00f3 la candidatura presidencial del mejor senador de Colombia, <strong>Jorge Enrique Robledo, quien con la consigna &#8220;Le toca a Colombia&#8221; hizo un an\u00e1lisis de la situaci\u00f3n econ\u00f3mica, social y pol\u00edtica, fustigando a la dirigencia que por cincuenta a\u00f1os ha derrochado los recursos, de los cuales la inmensa mayor\u00eda va a dar a las multinacionales mientras billones de pesos han quedado en manos de la corrupci\u00f3n. &#8220;<\/strong>Un d\u00eda, en un ascensor, una se\u00f1ora me dijo: \u201cEstamos mamados. No, \u00a1remamados!\u201d, a lo que un joven agreg\u00f3: \u201cde los mismos con las mismas\u201d. Y por donde voy, entre coste\u00f1os y cachacos, trabajadores y empresarios y del estrato uno al veinte, escucho igual reclamo&#8221;, dijo Robledo. Esto es cierto. \u00a1Ahora nos toca a los colombianos!<\/p>\n","protected":false},"excerpt":{"rendered":"<p>Jos\u00e9 Arlex Arias, Cartagena, octubre 2 de 2017 El pasado mes de septiembre fue prol\u00edfico en noticias, llev\u00e1ndose casi todas las pantallas la visita del papa Francisco a Colombia, con la cual el Gobierno Nacional y sus \u00e1ulicos en los medios de comunicaci\u00f3n pretendieron imponer una cortina de humo que cubriera los asquerosos esc\u00e1ndalos de [&hellip;]<\/p>\n","protected":false},"author":1,"featured_media":13425,"comment_status":"open","ping_status":"open","sticky":false,"template":"","format":"standard","meta":{"advanced_seo_description":"","jetpack_seo_html_title":"","jetpack_seo_noindex":false,"_jetpack_memberships_contains_paid_content":false,"footnotes":""},"categories":[102,97,98],"tags":[],"class_list":["post-13424","post","type-post","status-publish","format-standard","has-post-thumbnail","hentry","category-economia","category-imperialismo-y-neoliberalismo","category-politica"],"jetpack_featured_media_url":"https:\/\/i0.wp.com\/moir.com.co\/web\/wp-content\/uploads\/2017\/10\/coalicionlanzamiento.jpg?fit=1280%2C640&ssl=1","jetpack-related-posts":[{"id":8815,"url":"https:\/\/moir.com.co\/web\/homenaje-a-francisco-mosquera-sanchez\/","url_meta":{"origin":13424,"position":0},"title":"Homenaje a Francisco Mosquera S\u00e1nchez","author":"admin","date":"octubre 24, 2014","format":false,"excerpt":"C\u00f3mo pasa el tiempo: hace ya dos d\u00e9cadas que Francisco Mosquera S\u00e1nchez termin\u00f3 su ciclo vital. Cumpli\u00f3 su cita con la ley inexorable de la vida despu\u00e9s de habernos dejado una gran herencia: el desarrollo del marxismo, leninismo, pensamiento Mao Tse-tung, adaptado a las condiciones concretas de nuestro pa\u00eds y\u2026","rel":"","context":"En \u00abTemas\u00bb","block_context":{"text":"Temas","link":"https:\/\/moir.com.co\/web\/category\/temas\/"},"img":{"alt_text":"","src":"","width":0,"height":0},"classes":[]},{"id":20666,"url":"https:\/\/moir.com.co\/web\/francisco-jose-castillo-noguera-calido-saludo-y-voz-de-aliento\/","url_meta":{"origin":13424,"position":1},"title":"Francisco Jos\u00e9 Castillo Noguera: &#8220;C\u00c1LIDO SALUDO Y VOZ DE ALIENTO&#8221;","author":"admin","date":"enero 31, 2005","format":false,"excerpt":"C\u00facuta, abril 16 de 1982 Marcelo Torres Bogot\u00e1 Estimado compa\u00f1ero y amigo: Convencido de la necesidad del cambio estructural de Colombia e identificado con los planteamientos del FUP, considero necesario, una vez conocidos los resultados electorales, seguir enarbolando la bandera de la Revoluci\u00f3n aut\u00e9nticamente colombiana y continuar contribuyendo en el\u2026","rel":"","context":"En \u00abTribuna Roja N\u00b043, Bogot\u00e1; mayo de 1982\u00bb","block_context":{"text":"Tribuna Roja N\u00b043, Bogot\u00e1; mayo de 1982","link":"https:\/\/moir.com.co\/web\/category\/tribuna-roja\/ediciones-1980-1984\/tribuna-roja-n43-bogota-mayo-de-1982\/"},"img":{"alt_text":"","src":"","width":0,"height":0},"classes":[]},{"id":9529,"url":"https:\/\/moir.com.co\/web\/francisco-el-gran-aliado\/","url_meta":{"origin":13424,"position":2},"title":"Francisco: \u00bfel gran aliado?","author":"admin","date":"julio 22, 2015","format":false,"excerpt":"Entre el cinco y doce de este mes, el jefe de la Iglesia Cat\u00f3lica, el Papa Francisco, realiz\u00f3 un periplo por Ecuador, Bolivia y Paraguay. Seg\u00fan el Anuario Pontificio de 2015 del Vaticano, que relaciona las estad\u00edsticas de esta Iglesia, hay 1.254 millones de cat\u00f3licos en todo el mundo \u201312%\u2026","rel":"","context":"En \u00abTemas\u00bb","block_context":{"text":"Temas","link":"https:\/\/moir.com.co\/web\/category\/temas\/"},"img":{"alt_text":"","src":"","width":0,"height":0},"classes":[]},{"id":22870,"url":"https:\/\/moir.com.co\/web\/francisco-valderrama-mutis-un-revolucionario-ejemplar-y-de-lealtad-a-toda-prueba\/","url_meta":{"origin":13424,"position":3},"title":"Francisco Valderrama Mutis, un revolucionario ejemplar y de lealtad a toda prueba","author":"admin","date":"agosto 11, 2023","format":false,"excerpt":"Francisco Valderrama Mutis, un revolucionario ejemplar y de lealtad a toda prueba Compartir publicaci\u00f3n Gustavo Triana Su\u00e1rez, 11 de agosto de 2023 Pacho Valderrama, un joven bumangu\u00e9s estudiante de la Universidad de los Andes que se hab\u00eda interesado en las ideas revolucionarias que estremec\u00edan la pol\u00edtica mundial en Europa y\u2026","rel":"","context":"En \u00abGustavo Triana\u00bb","block_context":{"text":"Gustavo Triana","link":"https:\/\/moir.com.co\/web\/category\/bitacoras\/gustavo-triana\/"},"img":{"alt_text":"","src":"https:\/\/i0.wp.com\/moir.com.co\/web\/wp-content\/uploads\/2023\/08\/CondolenciasFranciscoValderrama.jpeg?fit=1200%2C630&ssl=1&resize=350%2C200","width":350,"height":200,"srcset":"https:\/\/i0.wp.com\/moir.com.co\/web\/wp-content\/uploads\/2023\/08\/CondolenciasFranciscoValderrama.jpeg?fit=1200%2C630&ssl=1&resize=350%2C200 1x, https:\/\/i0.wp.com\/moir.com.co\/web\/wp-content\/uploads\/2023\/08\/CondolenciasFranciscoValderrama.jpeg?fit=1200%2C630&ssl=1&resize=525%2C300 1.5x, https:\/\/i0.wp.com\/moir.com.co\/web\/wp-content\/uploads\/2023\/08\/CondolenciasFranciscoValderrama.jpeg?fit=1200%2C630&ssl=1&resize=700%2C400 2x, https:\/\/i0.wp.com\/moir.com.co\/web\/wp-content\/uploads\/2023\/08\/CondolenciasFranciscoValderrama.jpeg?fit=1200%2C630&ssl=1&resize=1050%2C600 3x"},"classes":[]},{"id":959,"url":"https:\/\/moir.com.co\/web\/francisco-mosquera-1941-___1994\/","url_meta":{"origin":13424,"position":4},"title":"FRANCISCO MOSQUERA (1941 ___1994)","author":"admin","date":"agosto 12, 2004","format":false,"excerpt":"El 1 de agosto de 1994, hace diez a\u00f1os, muri\u00f3 el ilustre pensador santandereano Francisco Mosquera S\u00e1nchez, pol\u00edtico, ide\u00f3logo y hombre de acci\u00f3n. Su contribuci\u00f3n te\u00f3rica y pr\u00e1ctica a las luchas pol\u00edticas del pueblo colombiano fue importante, acertada y clarividente; la valoramos a los diez a\u00f1os de su prematura muerte,\u2026","rel":"","context":"En \u00abRevista de Prensa\u00bb","block_context":{"text":"Revista de Prensa","link":"https:\/\/moir.com.co\/web\/category\/prensa\/revista-de-prensa\/"},"img":{"alt_text":"","src":"","width":0,"height":0},"classes":[]},{"id":394,"url":"https:\/\/moir.com.co\/web\/en-el-decimo-aniversario-de-la-muerte-de-francisco-mosquera\/","url_meta":{"origin":13424,"position":5},"title":"EN EL D\u00c9CIMO ANIVERSARIO DE LA MUERTE DE FRANCISCO MOSQUERA","author":"admin","date":"agosto 8, 2004","format":false,"excerpt":"El primero de agosto se cumpli\u00f3 una d\u00e9cada de la muerte de Francisco Mosquera S\u00e1nchez. Este insigne santandereano, orgulloso de sus or\u00edgenes, no s\u00f3lo figura en los anales de la historia de Colombia por haber sido el fundador del MOIR, como partido de la clase obrera colombiana, sino por su\u2026","rel":"","context":"En \u00abTemas\u00bb","block_context":{"text":"Temas","link":"https:\/\/moir.com.co\/web\/category\/temas\/"},"img":{"alt_text":"","src":"","width":0,"height":0},"classes":[]}],"jetpack_sharing_enabled":true,"_links":{"self":[{"href":"https:\/\/moir.com.co\/web\/wp-json\/wp\/v2\/posts\/13424","targetHints":{"allow":["GET"]}}],"collection":[{"href":"https:\/\/moir.com.co\/web\/wp-json\/wp\/v2\/posts"}],"about":[{"href":"https:\/\/moir.com.co\/web\/wp-json\/wp\/v2\/types\/post"}],"author":[{"embeddable":true,"href":"https:\/\/moir.com.co\/web\/wp-json\/wp\/v2\/users\/1"}],"replies":[{"embeddable":true,"href":"https:\/\/moir.com.co\/web\/wp-json\/wp\/v2\/comments?post=13424"}],"version-history":[{"count":1,"href":"https:\/\/moir.com.co\/web\/wp-json\/wp\/v2\/posts\/13424\/revisions"}],"predecessor-version":[{"id":13426,"href":"https:\/\/moir.com.co\/web\/wp-json\/wp\/v2\/posts\/13424\/revisions\/13426"}],"wp:featuredmedia":[{"embeddable":true,"href":"https:\/\/moir.com.co\/web\/wp-json\/wp\/v2\/media\/13425"}],"wp:attachment":[{"href":"https:\/\/moir.com.co\/web\/wp-json\/wp\/v2\/media?parent=13424"}],"wp:term":[{"taxonomy":"category","embeddable":true,"href":"https:\/\/moir.com.co\/web\/wp-json\/wp\/v2\/categories?post=13424"},{"taxonomy":"post_tag","embeddable":true,"href":"https:\/\/moir.com.co\/web\/wp-json\/wp\/v2\/tags?post=13424"}],"curies":[{"name":"wp","href":"https:\/\/api.w.org\/{rel}","templated":true}]}}