{"id":13415,"date":"2017-10-02T16:53:49","date_gmt":"2017-10-02T16:53:49","guid":{"rendered":"https:\/\/moir.org.co\/web\/?p=13415"},"modified":"2017-10-02T16:53:49","modified_gmt":"2017-10-02T16:53:49","slug":"efromovich-o-los-pilotos-quien-es-el-avion","status":"publish","type":"post","link":"https:\/\/moir.com.co\/web\/efromovich-o-los-pilotos-quien-es-el-avion\/","title":{"rendered":"Efromovich o los pilotos: \u00bfQui\u00e9n es el \u2018avi\u00f3n\u2019?"},"content":{"rendered":"<p><strong>Andr\u00e9s Pach\u00f3n, Bogot\u00e1, octubre 1 de 2017<\/strong><\/p>\n<p>&#8220;Ilegales\u201d,\u201dinmorales\u201d,\u201dcriminales\u201d,\u201dinsignificante minor\u00eda\u201d,\u201dlos responsables no tengan duda que van a pagar por lo que est\u00e1n haciendo\u201d. Tales se\u00f1alamientos no hacen parte de un discurso contra los implicados en Odebrecht ni contra el Fiscal Anticorrupci\u00f3n Corrupto y su pandilla.<\/p>\n<p>Se trata de los calificativos injuriosos con los que Efromovich, presidente de Avianca, se despach\u00f3 en contra de los pilotos por el solo \u201ccrimen\u201d de exigir sus derechos laborales. Como trin\u00f3 el Senador Robledo: \u201cSi as\u00ed los trata en p\u00fablico, \u00bfc\u00f3mo ser\u00e1 en privado?\u201d Los medios de comunicaci\u00f3n, que reciben miles de millones de pesos en pauta de la poderosa multilatina, satanizaron a los pilotos y azuzaron a la gente contra ellos.<\/p>\n<p>Y lo lograron. La opini\u00f3n p\u00fablica, por completo desinformada, comenz\u00f3 a rechazar con ira las peticiones de los pilotos.<\/p>\n<p>Hay una fuerte cultura antisindical en el pa\u00eds. El relato dominante es que los sindicatos acaban las empresas y que un trabajador, antes que exigir mejores condiciones laborales, deber\u00eda obedecer irrestrictamente a su patr\u00f3n y agradecerle que le haya dado empleo. Y el que proteste o se atreva a subir una ceja es libre de irse a otra parte.<\/p>\n<p>\u00bfD\u00f3nde queda el derecho de asociaci\u00f3n, la garant\u00eda utilizada por trabajadores y empresarios a lo largo del mundo para defender sus intereses colectivos, y cuyo ejercicio ha permitido el desarrollo de las empresas y las naciones? Es un derecho fundamental reconocido por el\u00a0<a href=\"http:\/\/www.constitucioncolombia.com\/titulo-2\/capitulo-1\/articulo-39\">Art. 39<\/a>\u00a0de nuestra Constituci\u00f3n Pol\u00edtica, por Tratados Internacionales como el de Versalles y la Convenci\u00f3n Americana de Derechos Humanos, e incluso por numerosas enc\u00edclicas papales.<\/p>\n<p>Los pa\u00edses n\u00f3rdicos, todos altamente desarrollados, tienen altas tasas de sindicalizaci\u00f3n, as\u00ed: 66% (Dinamarca), 68% (Finlandia), 82% (Islandia) 53% (Noruega) y 67% (Suecia). En Colombia, pa\u00eds subdesarrollado, es de menos del 4,6%. Solo cinco trabajadores de cada cien se encuentran asociados para luchar por sus derechos.<\/p>\n<p>Avianca, con Efromovich a la cabeza, ha puesto en pr\u00e1ctica una agresiva pol\u00edtica contra los trabajadores: tercerizaci\u00f3n laboral, creaci\u00f3n de beneficios para trabajadores no sindicalizados con el fin de desestimular la afiliaci\u00f3n al sindicato y discriminar a los que s\u00ed lo est\u00e1n (<a href=\"http:\/\/bit.ly\/2x2R7iI\">http:\/\/bit.ly\/2x2R7iI<\/a>), persecuci\u00f3n y matoneo medi\u00e1tico, lo que le ha significado a la compa\u00f1\u00eda millonarias sanciones, fallos en contra, desacatos y hasta arrestos de los directivos que se niegan a cumplir con las sentencias.<\/p>\n<p>Contrario a lo que dice Efromovich, la huelga de los pilotos s\u00ed est\u00e1 permitida. As\u00ed lo ha reconocido la Organizaci\u00f3n Internacional del Trabajo, OIT, en su doctrina (<a href=\"http:\/\/bit.ly\/2kioI1s\">http:\/\/bit.ly\/2kioI1s<\/a>\u00a0p\u00e1g. 139). Tan es as\u00ed, que los pilotos de Luftansa hicieron huelga en noviembre de 2016 por mejoras salariales, los de Air France el pasado mes de agosto por aumentos de salarios y de vacaciones, como tambi\u00e9n los de Ryanair y otros.<\/p>\n<p>Ahora, frente a las principales cr\u00edticas de Avianca al pliego de peticiones de los pilotos (<a href=\"http:\/\/bit.ly\/2fktfvt\">http:\/\/bit.ly\/2fktfvt<\/a>), hay que decir lo siguiente:<\/p>\n<p><strong>1.<\/strong>\u00a0Se trata de una negociaci\u00f3n, luego el pliego es un punto de partida, en el que se incluyen peticiones principales y otras subsidiarias, y siempre se dejan espacios para que haya margen de negociaci\u00f3n.<\/p>\n<p><strong>2.<\/strong>\u00a0El aumento solicitado del 60% se debe en parte a que en la \u00e9poca de vacas flacas, Avianca acudi\u00f3 a la solidaridad de sus pilotos y les pidi\u00f3 renunciar a los aumentos salariales a los que ten\u00edan derecho, y los pilotos accedieron. \u00a1Por la empresa! Ahora, en las vacas gordas, Efromovich los trata a las patadas y se niega a compensar su sacrificio (<a href=\"http:\/\/bit.ly\/2x3mfJZ\">http:\/\/bit.ly\/2x3mfJZ<\/a>). Adem\u00e1s, Avianca paga a sus pilotos en Per\u00fa 60% m\u00e1s y a sus pilotos en Brasil 40% m\u00e1s, mientras que otros\u00a0<em>holding<\/em>\u00a0s\u00ed pagan lo mismo, independientemente del pa\u00eds donde los pilotos tengan su estaci\u00f3n base.<\/p>\n<p><strong>3.<\/strong>\u00a0Los pilotos piden una jornada laboral justa, organizada y regulada. Trasnochar, madrugar, pasar derecho, descompensa el estado de salud de los pilotos, lo que tiene profundas repercusiones en la seguridad de los vuelos. \u201cMuchas veces nos levantamos y no sabemos donde estamos, ni si es de d\u00eda o de noche\u201d me dijo un piloto con el que habl\u00e9.<\/p>\n<p><strong>4.<\/strong>\u00a0Sobre los tiquetes ilimitados para toda la familia, lo que oculta Efromovich es que se trata de un derecho que tienen\u00a0<strong>todos los colaboradores de la compa\u00f1\u00eda<\/strong>\u00a0en todos los pa\u00edses donde opera, con excepci\u00f3n de los pilotos de Colombia. \u00bfAcaso son diferentes las familias brasileras? \u00bfPor qu\u00e9 las familias de los pilotos de Per\u00fa y Ecuador s\u00ed, y las de Colombia no?<\/p>\n<p>El problema en Colombia no es que los pilotos ganen mucho. El problema es que el resto de los colombianos gana muy poco, fruto del atraso industrial y productivo y de la profunda informalidad en la que naufraga nuestro pa\u00eds. Los pilotos est\u00e1n en todo su derecho a presentar sus reclamaciones.<\/p>\n<p>Si abogados, m\u00e9dicos u otros profesionales no lo hacen, no es problema de los pilotos, sino de los dem\u00e1s profesionales que no se organizan ni exigen lo que les corresponde. No se trata de igualar por lo bajo. Se trata de buscar mejores condiciones en todos los sectores y eso solo es posible si se respeta el derecho de asociaci\u00f3n.<\/p>\n<p>Antes que matonear a los pilotos por el atrevimiento de exigir sus derechos, deber\u00edamos exaltarlos por su valor para organizarse y defender sus intereses.<\/p>\n","protected":false},"excerpt":{"rendered":"<p>Andr\u00e9s Pach\u00f3n, Bogot\u00e1, octubre 1 de 2017 &#8220;Ilegales\u201d,\u201dinmorales\u201d,\u201dcriminales\u201d,\u201dinsignificante minor\u00eda\u201d,\u201dlos responsables no tengan duda que van a pagar por lo que est\u00e1n haciendo\u201d. Tales se\u00f1alamientos no hacen parte de un discurso contra los implicados en Odebrecht ni contra el Fiscal Anticorrupci\u00f3n Corrupto y su pandilla. Se trata de los calificativos injuriosos con los que Efromovich, presidente [&hellip;]<\/p>\n","protected":false},"author":1,"featured_media":13416,"comment_status":"open","ping_status":"open","sticky":false,"template":"","format":"standard","meta":{"advanced_seo_description":"","jetpack_seo_html_title":"","jetpack_seo_noindex":false,"_jetpack_memberships_contains_paid_content":false,"footnotes":""},"categories":[102,97,109,110],"tags":[],"class_list":["post-13415","post","type-post","status-publish","format-standard","has-post-thumbnail","hentry","category-economia","category-imperialismo-y-neoliberalismo","category-sindical","category-vias-y-transporte"],"jetpack_featured_media_url":"https:\/\/i0.wp.com\/moir.com.co\/web\/wp-content\/uploads\/2017\/10\/acdacavianca.jpg?fit=1024%2C512&ssl=1","jetpack-related-posts":[{"id":13376,"url":"https:\/\/moir.com.co\/web\/los-pilotos-se-movilizan-en-medio-de-la-estigmatizacion\/","url_meta":{"origin":13415,"position":0},"title":"Los pilotos se movilizan en medio de la estigmatizaci\u00f3n","author":"admin","date":"septiembre 26, 2017","format":false,"excerpt":"CUT, Bogot\u00e1, septiembre 26 de 2016 La CUT contin\u00faa su respaldo y acompa\u00f1amiento a la justa huelga de los pilotos de Acdac que ya completan siete d\u00edas sin que la empresa haya dado soluci\u00f3n a ninguno de los puntos planteados en el pliego de peticiones, por el contrario el se\u00f1or\u2026","rel":"","context":"En \u00abEconom\u00eda\u00bb","block_context":{"text":"Econom\u00eda","link":"https:\/\/moir.com.co\/web\/category\/temas\/economia\/"},"img":{"alt_text":"","src":"","width":0,"height":0},"classes":[]},{"id":14631,"url":"https:\/\/moir.com.co\/web\/video-mi-total-desacuerdo-con-el-despido-de-los-pilotos-de-avianca-robledo\/","url_meta":{"origin":13415,"position":1},"title":"Video: Mi total desacuerdo con el despido de los pilotos de Avianca, Robledo","author":"admin","date":"marzo 3, 2018","format":"video","excerpt":"Mi total desacuerdo con la decisi\u00f3n de Efromovich de despedir los pilotos de Avianca que hicieron uso del derecho a la huelga. No m\u00e1s alcahueteria del gobierno nacional. Bogot\u00e1, marzo 2 de 2018","rel":"","context":"En \u00abEconom\u00eda\u00bb","block_context":{"text":"Econom\u00eda","link":"https:\/\/moir.com.co\/web\/category\/temas\/economia\/"},"img":{"alt_text":"","src":"","width":0,"height":0},"classes":[]},{"id":13440,"url":"https:\/\/moir.com.co\/web\/quien-expone-a-avianca-sus-pilotos-o-sus-propietarios\/","url_meta":{"origin":13415,"position":2},"title":"Qui\u00e9n expone a Avianca, \u00bfsus pilotos o sus propietarios?","author":"admin","date":"octubre 5, 2017","format":false,"excerpt":"Aurelio Su\u00e1rez Montoya, Bogot\u00e1, octubre 4 de 2017 Se dice\u00a0 que los pilotos de Avianca la quieren acabar; que\u00a0exigen jornada laboral mensual de 166 horas en lugar de 200; que hacen peticiones estramb\u00f3ticas para su bienestar y sus familias; que quieren ganar como en otros pa\u00edses donde opera la compa\u00f1\u00eda;\u2026","rel":"","context":"En \u00abAurelio Su\u00e1rez Montoya\u00bb","block_context":{"text":"Aurelio Su\u00e1rez Montoya","link":"https:\/\/moir.com.co\/web\/category\/bitacoras\/aurelio-suarez-montoya\/"},"img":{"alt_text":"","src":"https:\/\/i0.wp.com\/moir.com.co\/web\/wp-content\/uploads\/2017\/10\/aviancaparopilotos.jpg?fit=650%2C466&ssl=1&resize=350%2C200","width":350,"height":200,"srcset":"https:\/\/i0.wp.com\/moir.com.co\/web\/wp-content\/uploads\/2017\/10\/aviancaparopilotos.jpg?fit=650%2C466&ssl=1&resize=350%2C200 1x, https:\/\/i0.wp.com\/moir.com.co\/web\/wp-content\/uploads\/2017\/10\/aviancaparopilotos.jpg?fit=650%2C466&ssl=1&resize=525%2C300 1.5x"},"classes":[]},{"id":14590,"url":"https:\/\/moir.com.co\/web\/rechazo-al-despido-de-los-pilotos-en-avianca-robledo\/","url_meta":{"origin":13415,"position":3},"title":"Rechazo al despido de los pilotos en Avianca: Robledo","author":"admin","date":"febrero 27, 2018","format":false,"excerpt":"Oficina de prensa del senador Jorge Enrique Robledo, Bogot\u00e1, febrero 27 de 2018 En laudo arbitral Avianca se comprometi\u00f3 a no perseguir a los pilotos de Acdac; las directivas de la compa\u00f1\u00eda a\u00e9rea deben cesar esta injustificada persecuci\u00f3n. \u201cToda mi solidaridad con los pilotos despedidos de la compa\u00f1\u00eda Avianca\u201d, expres\u00f3\u2026","rel":"","context":"En \u00abEconom\u00eda\u00bb","block_context":{"text":"Econom\u00eda","link":"https:\/\/moir.com.co\/web\/category\/temas\/economia\/"},"img":{"alt_text":"","src":"https:\/\/i0.wp.com\/moir.com.co\/web\/wp-content\/uploads\/2018\/02\/pilotosavianca2017.jpg?fit=768%2C407&ssl=1&resize=350%2C200","width":350,"height":200,"srcset":"https:\/\/i0.wp.com\/moir.com.co\/web\/wp-content\/uploads\/2018\/02\/pilotosavianca2017.jpg?fit=768%2C407&ssl=1&resize=350%2C200 1x, https:\/\/i0.wp.com\/moir.com.co\/web\/wp-content\/uploads\/2018\/02\/pilotosavianca2017.jpg?fit=768%2C407&ssl=1&resize=525%2C300 1.5x, https:\/\/i0.wp.com\/moir.com.co\/web\/wp-content\/uploads\/2018\/02\/pilotosavianca2017.jpg?fit=768%2C407&ssl=1&resize=700%2C400 2x"},"classes":[]},{"id":13464,"url":"https:\/\/moir.com.co\/web\/colombia-sin-piloto\/","url_meta":{"origin":13415,"position":4},"title":"Colombia sin piloto","author":"admin","date":"octubre 9, 2017","format":false,"excerpt":"Jos\u00e9 Arlex Arias, Cartagena, octubre 9 de 2017 Decir que \u201cColombia anda sin piloto\u201d es una verdad que ratifican todas las encuestas. Lo peor es que el piloto autom\u00e1tico que est\u00e1 al mando de la cabina de control es incapaz de cambiar de rumbo, debido a los compromisos con los\u2026","rel":"","context":"En \u00abEconom\u00eda\u00bb","block_context":{"text":"Econom\u00eda","link":"https:\/\/moir.com.co\/web\/category\/temas\/economia\/"},"img":{"alt_text":"","src":"","width":0,"height":0},"classes":[]},{"id":14720,"url":"https:\/\/moir.com.co\/web\/avianca-nos-masacra\/","url_meta":{"origin":13415,"position":5},"title":"Avianca nos masacra","author":"admin","date":"marzo 14, 2018","format":false,"excerpt":"Jos\u00e9 Arlex Arias, Cartagena, marzo 12 de 2018 El pasado 9 de noviembre, los pilotos de Avianca agremiados en la Asociaci\u00f3n Colombiana de Aviadores Civiles \u2013Acdac\u2013, levantaron una huelga que hab\u00eda comenzado 51 d\u00edas atr\u00e1s. En una decisi\u00f3n trascendental para el sindicalismo colombiano, la Corte Suprema de Justicia determin\u00f3 que\u2026","rel":"","context":"En \u00abEconom\u00eda\u00bb","block_context":{"text":"Econom\u00eda","link":"https:\/\/moir.com.co\/web\/category\/temas\/economia\/"},"img":{"alt_text":"","src":"","width":0,"height":0},"classes":[]}],"jetpack_sharing_enabled":true,"_links":{"self":[{"href":"https:\/\/moir.com.co\/web\/wp-json\/wp\/v2\/posts\/13415","targetHints":{"allow":["GET"]}}],"collection":[{"href":"https:\/\/moir.com.co\/web\/wp-json\/wp\/v2\/posts"}],"about":[{"href":"https:\/\/moir.com.co\/web\/wp-json\/wp\/v2\/types\/post"}],"author":[{"embeddable":true,"href":"https:\/\/moir.com.co\/web\/wp-json\/wp\/v2\/users\/1"}],"replies":[{"embeddable":true,"href":"https:\/\/moir.com.co\/web\/wp-json\/wp\/v2\/comments?post=13415"}],"version-history":[{"count":1,"href":"https:\/\/moir.com.co\/web\/wp-json\/wp\/v2\/posts\/13415\/revisions"}],"predecessor-version":[{"id":13417,"href":"https:\/\/moir.com.co\/web\/wp-json\/wp\/v2\/posts\/13415\/revisions\/13417"}],"wp:featuredmedia":[{"embeddable":true,"href":"https:\/\/moir.com.co\/web\/wp-json\/wp\/v2\/media\/13416"}],"wp:attachment":[{"href":"https:\/\/moir.com.co\/web\/wp-json\/wp\/v2\/media?parent=13415"}],"wp:term":[{"taxonomy":"category","embeddable":true,"href":"https:\/\/moir.com.co\/web\/wp-json\/wp\/v2\/categories?post=13415"},{"taxonomy":"post_tag","embeddable":true,"href":"https:\/\/moir.com.co\/web\/wp-json\/wp\/v2\/tags?post=13415"}],"curies":[{"name":"wp","href":"https:\/\/api.w.org\/{rel}","templated":true}]}}