{"id":13410,"date":"2017-09-29T22:46:27","date_gmt":"2017-09-29T22:46:27","guid":{"rendered":"https:\/\/moir.org.co\/web\/?p=13410"},"modified":"2017-09-29T22:46:27","modified_gmt":"2017-09-29T22:46:27","slug":"video-intervencion-de-aurelio-suarez-montoya-en-el-foro-por-la-financiacion-de-la-educacion-convocado-por-fecode","status":"publish","type":"post","link":"https:\/\/moir.com.co\/web\/video-intervencion-de-aurelio-suarez-montoya-en-el-foro-por-la-financiacion-de-la-educacion-convocado-por-fecode\/","title":{"rendered":"Video: Intervenci\u00f3n de Aurelio Su\u00e1rez Montoya en el Foro por la Financiaci\u00f3n de la Educaci\u00f3n convocado por Fecode"},"content":{"rendered":"<p>Bogot\u00e1, septiembre 26 de 2017<\/p>\n","protected":false},"excerpt":{"rendered":"<p>Bogot\u00e1, septiembre 26 de 2017<\/p>\n","protected":false},"author":1,"featured_media":0,"comment_status":"open","ping_status":"open","sticky":false,"template":"","format":"video","meta":{"advanced_seo_description":"","jetpack_seo_html_title":"","jetpack_seo_noindex":false,"_jetpack_memberships_contains_paid_content":false,"footnotes":""},"categories":[79,102,103,97],"tags":[],"class_list":["post-13410","post","type-post","status-publish","format-video","hentry","category-aurelio-suarez-montoya","category-economia","category-educacion","category-imperialismo-y-neoliberalismo","post_format-post-format-video"],"jetpack_featured_media_url":"","jetpack-related-posts":[{"id":13753,"url":"https:\/\/moir.com.co\/web\/rueda-de-prensa-de-aurelio-suarez-montoya-en-pereira\/","url_meta":{"origin":13410,"position":0},"title":"Rueda de prensa de Aurelio Su\u00e1rez Montoya en Pereira","author":"admin","date":"noviembre 7, 2017","format":"video","excerpt":"Rueda de prensa con uno de los economistas m\u00e1s importantes del pa\u00eds, Aurelio Su\u00e1rez, hablar\u00e1 sobre temas de relevancia para el departamento de Risaralda. Pereira, noviembre 5 de 2017","rel":"","context":"En \u00abAgro\u00bb","block_context":{"text":"Agro","link":"https:\/\/moir.com.co\/web\/category\/temas\/agro\/"},"img":{"alt_text":"","src":"","width":0,"height":0},"classes":[]},{"id":14351,"url":"https:\/\/moir.com.co\/web\/video-alarmante-incremento-de-la-desigualdad-economica-en-el-mundo-aurelio-suarez-montoya\/","url_meta":{"origin":13410,"position":1},"title":"Video: Alarmante incremento de la desigualdad econ\u00f3mica en el mundo, Aurelio Su\u00e1rez Montoya","author":"admin","date":"enero 29, 2018","format":"video","excerpt":"Bogot\u00e1, enero 29 de 2018","rel":"","context":"En \u00abAurelio Su\u00e1rez Montoya\u00bb","block_context":{"text":"Aurelio Su\u00e1rez Montoya","link":"https:\/\/moir.com.co\/web\/category\/bitacoras\/aurelio-suarez-montoya\/"},"img":{"alt_text":"","src":"","width":0,"height":0},"classes":[]},{"id":17295,"url":"https:\/\/moir.com.co\/web\/video-intervencion-de-aurelio-suarez-montoya-en-la-audiencia-el-agro-en-crisis\/","url_meta":{"origin":13410,"position":2},"title":"Video: Intervenci\u00f3n de Aurelio Su\u00e1rez Montoya en la audiencia &#8220;El agro en crisis&#8221;","author":"admin","date":"abril 14, 2019","format":"video","excerpt":"Bogot\u00e1, abril 13 de 2019","rel":"","context":"En \u00abAgro\u00bb","block_context":{"text":"Agro","link":"https:\/\/moir.com.co\/web\/category\/temas\/agro\/"},"img":{"alt_text":"","src":"","width":0,"height":0},"classes":[]},{"id":17331,"url":"https:\/\/moir.com.co\/web\/video-intervencion-de-aurelio-suarez-montoya-en-la-audiencia-publica-s-o-s-por-la-industria-textil-confecciones\/","url_meta":{"origin":13410,"position":3},"title":"Video: Intervenci\u00f3n de Aurelio Su\u00e1rez Montoya en la audiencia p\u00fablica: &#8220;S.O.S por la industria textil confecciones&#8221;","author":"admin","date":"abril 23, 2019","format":"video","excerpt":"Bogot\u00e1, abril 22 de 2019","rel":"","context":"En \u00abAurelio Su\u00e1rez Montoya\u00bb","block_context":{"text":"Aurelio Su\u00e1rez Montoya","link":"https:\/\/moir.com.co\/web\/category\/bitacoras\/aurelio-suarez-montoya\/"},"img":{"alt_text":"","src":"","width":0,"height":0},"classes":[]},{"id":15797,"url":"https:\/\/moir.com.co\/web\/video-economia-al-dia-con-yina-ramos-una-vision-de-la-economia-colombiana-2018-con-aurelio-suarez-montoya\/","url_meta":{"origin":13410,"position":4},"title":"Video: Econom\u00eda al D\u00eda con Yina Ramos: Una visi\u00f3n de la econom\u00eda colombiana 2018, con Aurelio Su\u00e1rez Montoya","author":"admin","date":"agosto 30, 2018","format":"video","excerpt":"Bogot\u00e1, agosto 27 de 2018","rel":"","context":"En \u00abAgro\u00bb","block_context":{"text":"Agro","link":"https:\/\/moir.com.co\/web\/category\/temas\/agro\/"},"img":{"alt_text":"","src":"","width":0,"height":0},"classes":[]},{"id":5836,"url":"https:\/\/moir.com.co\/web\/el-metro-debe-ser-subsidiado-aurelio-suarez\/","url_meta":{"origin":13410,"position":5},"title":"El metro debe ser subsidiado: Aurelio Su\u00e1rez","author":"admin","date":"agosto 13, 2011","format":false,"excerpt":"Entrevista con el candidato a la Alcald\u00eda de Bogot\u00e1 por el Polo Democr\u00e1tico Alternativo, Aurelio Su\u00e1rez Montoya. \u00bfPor qu\u00e9 se decidi\u00f3 a tomar las banderas del Polo? La verdad es que no soy candidato por una iniciativa personal, sino que l\u00edderes del partido como Carlos Gaviria, Germ\u00e1n Navas e Iv\u00e1n\u2026","rel":"","context":"En \u00abAurelio Su\u00e1rez Montoya\u00bb","block_context":{"text":"Aurelio Su\u00e1rez Montoya","link":"https:\/\/moir.com.co\/web\/category\/bitacoras\/aurelio-suarez-montoya\/"},"img":{"alt_text":"","src":"","width":0,"height":0},"classes":[]}],"jetpack_sharing_enabled":true,"_links":{"self":[{"href":"https:\/\/moir.com.co\/web\/wp-json\/wp\/v2\/posts\/13410","targetHints":{"allow":["GET"]}}],"collection":[{"href":"https:\/\/moir.com.co\/web\/wp-json\/wp\/v2\/posts"}],"about":[{"href":"https:\/\/moir.com.co\/web\/wp-json\/wp\/v2\/types\/post"}],"author":[{"embeddable":true,"href":"https:\/\/moir.com.co\/web\/wp-json\/wp\/v2\/users\/1"}],"replies":[{"embeddable":true,"href":"https:\/\/moir.com.co\/web\/wp-json\/wp\/v2\/comments?post=13410"}],"version-history":[{"count":1,"href":"https:\/\/moir.com.co\/web\/wp-json\/wp\/v2\/posts\/13410\/revisions"}],"predecessor-version":[{"id":13411,"href":"https:\/\/moir.com.co\/web\/wp-json\/wp\/v2\/posts\/13410\/revisions\/13411"}],"wp:attachment":[{"href":"https:\/\/moir.com.co\/web\/wp-json\/wp\/v2\/media?parent=13410"}],"wp:term":[{"taxonomy":"category","embeddable":true,"href":"https:\/\/moir.com.co\/web\/wp-json\/wp\/v2\/categories?post=13410"},{"taxonomy":"post_tag","embeddable":true,"href":"https:\/\/moir.com.co\/web\/wp-json\/wp\/v2\/tags?post=13410"}],"curies":[{"name":"wp","href":"https:\/\/api.w.org\/{rel}","templated":true}]}}