{"id":13407,"date":"2017-09-29T22:39:16","date_gmt":"2017-09-29T22:39:16","guid":{"rendered":"https:\/\/moir.org.co\/web\/?p=13407"},"modified":"2017-09-29T22:39:16","modified_gmt":"2017-09-29T22:39:16","slug":"graves-perturbaciones-de-la-salud-en-el-atlantico-y-el-pais","status":"publish","type":"post","link":"https:\/\/moir.com.co\/web\/graves-perturbaciones-de-la-salud-en-el-atlantico-y-el-pais\/","title":{"rendered":"Graves perturbaciones de la salud en el Atl\u00e1ntico y el pa\u00eds"},"content":{"rendered":"<p><strong>Norman Alarc\u00f3n Rodas, Barranquilla, septiembre 29 de 2017<\/strong><\/p>\n<p>Hay como una especie de consenso nacional en cuanto a que la salud de la mayor\u00eda de los colombianos padece una crisis profunda, que se explica por la aplicaci\u00f3n de la Ley 100 de 1993. El nuevo r\u00e9gimen convirti\u00f3 la salud en una mercanc\u00eda y a los usuarios en clientes, e introdujo el aseguramiento privado y la intermediaci\u00f3n financiera de las Empresas Promotoras de Salud (EPS) como un peaje adonde llegan forzosamente los inmensos recursos, tanto del Estado como del sector privado. A su vez, de manera abusiva, las EPS le entregan a cuentagotas una parte m\u00ednima a las Instituciones Prestadoras de Salud, IPS (hospitales y cl\u00ednicas), lo que les ocasiona d\u00e9ficits persistentes y cr\u00f3nicos que han llevado a la liquidaci\u00f3n y al cierre de centenares de ellas.<\/p>\n<p>El pasado 17 de agosto, en el Encuentro por la Verdad Total de Barranquilla, presidido por el senador Jorge Robledo, un grupo de expertos analiz\u00f3 los temas de ciudad m\u00e1s relevantes en la actualidad. Le correspondi\u00f3 al doctor Ulahy Beltr\u00e1n L\u00f3pez, m\u00e9dico cirujano especialista en Seguridad Social Latinoamericana, disertar sobre la crisis de la salud. Hacemos un apretado resumen de su excelente conferencia.<\/p>\n<p>El pan de cada d\u00eda, dijo Beltr\u00e1n, han sido las mega liquidaciones. Casos como el de Caprecom, Saludcoop, Cafesalud y Medim\u00e1s y crisis como la de Coomeva han golpeado severamente a barranquilleros y atlanticenses. En el distrito de Barranquilla, la cartera vencida de las EPS activas y liquidadas con la Red P\u00fablica Hospitalaria, operadas por IPS Universitaria de Antioquia, supera los $68.121 millones. En cuanto a las IPS de la Gobernaci\u00f3n del Atl\u00e1ntico, las obligaciones vencidas de las EPS activas y liquidadas es del orden de $147.590 millones. En cuanto a los hospitales municipales del Atl\u00e1ntico, la cartera total de las EPS asciende a $52.701 millones, para un total en las IPS de la red hospitalaria del Atl\u00e1ntico de $200.291 millones. O sea que los intermediarios financieros de las EPS adeudan a distrito y departamento $268.412 millones, m\u00e1s de un cuarto de bill\u00f3n, lo que ha llevado a la quiebra financiera generalizada y a un p\u00e9simo servicio, as\u00ed la cobertura sea bastante alta.<\/p>\n<div class=\"code-block code-block-8\"><\/div>\n<p>Por eso el doctor Beltr\u00e1n asevera, con raz\u00f3n: \u201cQuieren condenar a los hospitales p\u00fablicos a la extinci\u00f3n\u201d. Y a\u00f1ade que \u201cla intervenci\u00f3n de hospitales es peor el remedio que la enfermedad\u201d. Agrega tambi\u00e9n que \u201cdos a\u00f1os despu\u00e9s de la Ley Estatutaria de la Salud, Ley 1751 de 2015, la salud no mejora para nada\u201d y remata con indignaci\u00f3n: \u201cCada d\u00eda y medio muere un ni\u00f1o por desnutrici\u00f3n en Colombia\u201d.<\/p>\n<p>Pero las cosas han llegado al colmo en el Hospital Cari de cuarta categor\u00eda y de alta complejidad, de car\u00e1cter departamental, que a 17 de agosto debe a trabajadores y proveedores $90.000 millones. Las EPS le adeudan $92.223 millones, una carga tan onerosa que el Cari se vio obligado a suspender 20 de los 38 servicios hospitalarios especializados. \u00bfQu\u00e9 soluci\u00f3n propone el gobernador? Degradarlo, convirti\u00e9ndolo en una Unidad Mental y con solo cuatro servicios de alta complejidad. Ya empezaron a trasladar pacientes del Cari de Unidad Mental al Hospital Cari de Alta Complejidad. Con toda raz\u00f3n, Heriberto Tovar, presidente de Anthoc del Atl\u00e1ntico, ha pedido la separaci\u00f3n definitiva de estas dos entidades y rechaza la locura de sacar los enfermos mentales de all\u00ed donde les prestan una buena atenci\u00f3n.<\/p>\n<p>Como concluy\u00f3 el senador Robledo: mientras prevalezcan las EPS como intermediarios financieros, el servicio de salud seguir\u00e1 empeorando hasta que haya un cambio total. Las EPS son completamente innecesarias. No m\u00e1s EPS.<\/p>\n","protected":false},"excerpt":{"rendered":"<p>Norman Alarc\u00f3n Rodas, Barranquilla, septiembre 29 de 2017 Hay como una especie de consenso nacional en cuanto a que la salud de la mayor\u00eda de los colombianos padece una crisis profunda, que se explica por la aplicaci\u00f3n de la Ley 100 de 1993. El nuevo r\u00e9gimen convirti\u00f3 la salud en una mercanc\u00eda y a los [&hellip;]<\/p>\n","protected":false},"author":1,"featured_media":13408,"comment_status":"open","ping_status":"open","sticky":false,"template":"","format":"standard","meta":{"advanced_seo_description":"","jetpack_seo_html_title":"","jetpack_seo_noindex":false,"_jetpack_memberships_contains_paid_content":false,"footnotes":""},"categories":[102,97,96],"tags":[],"class_list":["post-13407","post","type-post","status-publish","format-standard","has-post-thumbnail","hentry","category-economia","category-imperialismo-y-neoliberalismo","category-salud-y-pensiones"],"jetpack_featured_media_url":"https:\/\/i0.wp.com\/moir.com.co\/web\/wp-content\/uploads\/2017\/09\/epsnorman.jpg?fit=700%2C500&ssl=1","jetpack-related-posts":[{"id":9589,"url":"https:\/\/moir.com.co\/web\/el-polo-voto-no-ley-uribe-gaviria-sobre-mas-plata-de-la-salud-para-la-eps\/","url_meta":{"origin":13407,"position":0},"title":"El Polo vot\u00f3 no ley Uribe-Gaviria sobre m\u00e1s plata de la salud para la EPS","author":"admin","date":"agosto 19, 2015","format":false,"excerpt":"Grave coincidencia de la Unidad Nacional y el Centro Democr\u00e1tico Al dar las razones del voto negativo del Polo a otra ley para transferirles m\u00e1s plata a las EPS, el senador Jorge Enrique Robledo explic\u00f3 que en Estados Unidos dicha ley se llamar\u00eda Ley Uribe-Gaviria, por el papel preponderante que\u2026","rel":"","context":"En \u00abJorge Enrique Robledo\u00bb","block_context":{"text":"Jorge Enrique Robledo","link":"https:\/\/moir.com.co\/web\/category\/jorge-enrique-robledo\/"},"img":{"alt_text":"","src":"","width":0,"height":0},"classes":[]},{"id":6555,"url":"https:\/\/moir.com.co\/web\/gobierno-nacional-esta-jugado-del-lado-del-cartel-de-las-eps\/","url_meta":{"origin":13407,"position":1},"title":"\u201cGobierno Nacional est\u00e1 jugado del lado del Cartel de las EPS\u201d,","author":"admin","date":"mayo 23, 2012","format":false,"excerpt":"Luego de dos a\u00f1os del gobierno Santos, no se toman determinaciones para arreglar problemas de la salud. Altos funcionarios del gobierno y el Fiscal General han tenido v\u00ednculos con las EPS. Lleg\u00f3 la hora de cambiar el modelo de salud. \u201cEl sistema de salud colombiano navega en un mar de\u2026","rel":"","context":"En \u00abJorge Enrique Robledo\u00bb","block_context":{"text":"Jorge Enrique Robledo","link":"https:\/\/moir.com.co\/web\/category\/jorge-enrique-robledo\/"},"img":{"alt_text":"","src":"","width":0,"height":0},"classes":[]},{"id":7452,"url":"https:\/\/moir.com.co\/web\/reforma-a-la-salud-es-una-falsedad-monumental\/","url_meta":{"origin":13407,"position":2},"title":"Reforma a la salud es \u201cuna falsedad monumental\u201d","author":"admin","date":"abril 7, 2013","format":false,"excerpt":"Varios aspectos expuso el senador por el Polo Democr\u00e1tico Alternativo, Jorge Enrique Robledo, frente a por qu\u00e9 la reforma a la salud no es la opci\u00f3n para mejorar la calidad en salud de los colombianos. De acuerdo con Robledo, desde el principio la reforma comenz\u00f3 \u201csupremamente mal\u201d, pues en primer\u2026","rel":"","context":"En \u00abJorge Enrique Robledo\u00bb","block_context":{"text":"Jorge Enrique Robledo","link":"https:\/\/moir.com.co\/web\/category\/jorge-enrique-robledo\/"},"img":{"alt_text":"","src":"","width":0,"height":0},"classes":[]},{"id":5542,"url":"https:\/\/moir.com.co\/web\/la-superintendencia-de-salud-le-revoco-a-saludcoop-la-orden-de-devolver-318-mil-millones-de-pesos-y-de-abstenerse-de-pagar-otros-300-mil-millones-de-pesos-con-los-recursos-de-la-upc-2\/","url_meta":{"origin":13407,"position":3},"title":"La Superintendencia de Salud le revoc\u00f3 a Saludcoop la orden de devolver 318 mil millones de pesos y de abstenerse de pagar otros 300 mil millones de pesos con los recursos de la UPC","author":"admin","date":"abril 22, 2011","format":false,"excerpt":"Hace un a\u00f1o, el 11 de enero de 2010, la Superintendencia Nacional de Salud le orden\u00f3 a la EPS Saludcoop devolver al sistema de salud 318 mil millones de pesos que hab\u00eda invertido en activos fijos y otros gastos que no correspond\u00edan a la prestaci\u00f3n de servicios de salud, entre\u2026","rel":"","context":"En \u00abDebate Salud\u00bb","block_context":{"text":"Debate Salud","link":"https:\/\/moir.com.co\/web\/category\/jorge-enrique-robledo\/debate-salud\/"},"img":{"alt_text":"","src":"","width":0,"height":0},"classes":[]},{"id":5402,"url":"https:\/\/moir.com.co\/web\/la-superintendencia-de-salud-le-revoco-a-saludcoop-la-orden-de-devolver-318-mil-millones-de-pesos-y-de-abstenerse-de-pagar-otros-300-mil-millones-de-pesos-con-los-recursos-de-la-upc\/","url_meta":{"origin":13407,"position":4},"title":"La Superintendencia de Salud le revoc\u00f3 a Saludcoop la orden de devolver 318 mil millones de pesos y de abstenerse de pagar otros 300 mil millones de pesos con los recursos de la UPC","author":"admin","date":"marzo 14, 2011","format":false,"excerpt":"Hace un a\u00f1o, el 11 de enero de 2010, la Superintendencia Nacional de Salud le orden\u00f3 a la EPS Saludcoop devolver al sistema de salud 318 mil millones de pesos que hab\u00eda invertido en activos fijos y otros gastos que no correspond\u00edan a la prestaci\u00f3n de servicios de salud, entre\u2026","rel":"","context":"En \u00abJorge Enrique Robledo\u00bb","block_context":{"text":"Jorge Enrique Robledo","link":"https:\/\/moir.com.co\/web\/category\/jorge-enrique-robledo\/"},"img":{"alt_text":"","src":"","width":0,"height":0},"classes":[]},{"id":6517,"url":"https:\/\/moir.com.co\/web\/investigaciones-de-la-contraloria-confirman-desastre-del-sistema-de-salud\/","url_meta":{"origin":13407,"position":5},"title":"Investigaciones de la Contralor\u00eda confirman desastre del Sistema de Salud","author":"admin","date":"mayo 7, 2012","format":false,"excerpt":"Y el gobierno de Juan Manuel Santos sigue con lo mismo La labor de la Contralor\u00eda General de la Rep\u00fablica ha demostrado la veracidad de las denuncias hechas en el debate sobre el Sistema de Salud. Billones de pesos de la salud han terminado indebidamente en los bolsillos de las\u2026","rel":"","context":"En \u00abJorge Enrique Robledo\u00bb","block_context":{"text":"Jorge Enrique Robledo","link":"https:\/\/moir.com.co\/web\/category\/jorge-enrique-robledo\/"},"img":{"alt_text":"","src":"","width":0,"height":0},"classes":[]}],"jetpack_sharing_enabled":true,"_links":{"self":[{"href":"https:\/\/moir.com.co\/web\/wp-json\/wp\/v2\/posts\/13407","targetHints":{"allow":["GET"]}}],"collection":[{"href":"https:\/\/moir.com.co\/web\/wp-json\/wp\/v2\/posts"}],"about":[{"href":"https:\/\/moir.com.co\/web\/wp-json\/wp\/v2\/types\/post"}],"author":[{"embeddable":true,"href":"https:\/\/moir.com.co\/web\/wp-json\/wp\/v2\/users\/1"}],"replies":[{"embeddable":true,"href":"https:\/\/moir.com.co\/web\/wp-json\/wp\/v2\/comments?post=13407"}],"version-history":[{"count":1,"href":"https:\/\/moir.com.co\/web\/wp-json\/wp\/v2\/posts\/13407\/revisions"}],"predecessor-version":[{"id":13409,"href":"https:\/\/moir.com.co\/web\/wp-json\/wp\/v2\/posts\/13407\/revisions\/13409"}],"wp:featuredmedia":[{"embeddable":true,"href":"https:\/\/moir.com.co\/web\/wp-json\/wp\/v2\/media\/13408"}],"wp:attachment":[{"href":"https:\/\/moir.com.co\/web\/wp-json\/wp\/v2\/media?parent=13407"}],"wp:term":[{"taxonomy":"category","embeddable":true,"href":"https:\/\/moir.com.co\/web\/wp-json\/wp\/v2\/categories?post=13407"},{"taxonomy":"post_tag","embeddable":true,"href":"https:\/\/moir.com.co\/web\/wp-json\/wp\/v2\/tags?post=13407"}],"curies":[{"name":"wp","href":"https:\/\/api.w.org\/{rel}","templated":true}]}}