{"id":13382,"date":"2017-09-26T21:45:12","date_gmt":"2017-09-26T21:45:12","guid":{"rendered":"https:\/\/moir.org.co\/web\/?p=13382"},"modified":"2017-09-26T21:45:12","modified_gmt":"2017-09-26T21:45:12","slug":"fabricato-textiles-o-ladrillos","status":"publish","type":"post","link":"https:\/\/moir.com.co\/web\/fabricato-textiles-o-ladrillos\/","title":{"rendered":"Fabricato: \u00bftextiles o ladrillos?"},"content":{"rendered":"<p><strong>Aurelio Su\u00e1rez Montoya, Bogot\u00e1, septiembre 26 de 2017<\/strong><\/p>\n<div>Hace unas semanas, la opini\u00f3n oy\u00f3 que<strong>\u00a0Fabricato, una de las m\u00e1s emblem\u00e1ticas empresas de textiles<\/strong>\u00a0y confecciones del pa\u00eds, aunque venida a menos desde la \u00faltima d\u00e9cada del siglo xx,\u00a0<strong>cerrar\u00eda su operaci\u00f3n fabril entre el 26 de agosto y el 10 de septiembre<\/strong>. La gerencia lo explic\u00f3 as\u00ed:<\/div>\n<div><\/div>\n<div>\u201cEs el resultado de las condiciones negativas de la econom\u00eda del pa\u00eds, del debilitamiento de los aranceles de importaci\u00f3n, de la masiva importaci\u00f3n de prendas y telas, as\u00ed mismo del contrabando de\u00a0<strong>productos textiles, circunstancias que han afectado de manera sistem\u00e1tica nuestras ventas\u201d.\u00a0<\/strong><\/div>\n<div><\/div>\n<div>En efecto, cuando se revisa la evoluci\u00f3n del sector textil en los \u00faltimos veinte a\u00f1os, la curva descendente es ostensible.<strong>\u00a0En 1997, el 52% se destinaba como insumo intermedio para la producci\u00f3n de otros bienes industrializados<\/strong>, como confecciones; el 40% para los consumos directos de hogares y se exportaba algo m\u00e1s del 6%. Era el 7,2% de la producci\u00f3n industrial total y el 6,4% del valor agregado, el cuarto mayor. Ello pese a que ya\u00a0<strong>afrontaba la competencia de las importaciones y el comercio desleal<\/strong>\u00a0y la situaci\u00f3n negativa del algod\u00f3n nacional, en v\u00eda de extinci\u00f3n.<\/div>\n<div><\/div>\n<div>A contramano, en 2015, el sector textil era menos del 2,3% de la<strong>producci\u00f3n industrial y del 1,4% del valor agregado total,<\/strong>relegado en ambas variables a lugares por debajo de\u00a0<strong>los primeros 18 subsectores.<\/strong>\u00a0Su incidencia se redujo notoriamente en el\u00a0<strong>conjunto de la industria.\u00a0<\/strong><\/div>\n<div><\/div>\n<div><strong>\u00bfC\u00f3mo han afrontado esta situaci\u00f3n los propietarios de Fabricato?<\/strong>\u00a0Algunas cifras compiladas por el estudiante de Econom\u00eda de la Universidad de Antioquia, Andr\u00e9s Trigos, dan algunas ideas. A precios constantes del 2016,\u00a0<strong>las ventas han disminuido, entre 2011 y 2016, de $781.763 millones a solo $385.758 millones, 50,66% menos.<\/strong>\u00a0Y la mayor rebaja se da por la ca\u00edda de las exportaciones en un 65%, incluso desde 2014, con la devaluaci\u00f3n del 80%, cuando se han mantenido est\u00e1ticas en niveles de $73 mil millones. Por eso no se explica muy bien que\u00a0<strong>en medio de una menor producci\u00f3n y un mayor endeudamiento respecto al patrimonio \u2013pas\u00f3 del 36% al 64%\u2013<\/strong>, crezcan en paralelo las inversiones ajenas a los textiles, el objeto social principal, a m\u00e1s de $110 mil millones, referidas a\u00a0<strong>proyectos inmobiliarios en Ibagu\u00e9 y Bello.\u00a0<\/strong><\/div>\n<div><\/div>\n<div>Para completar el cuadro, al menos siete empresas ligadas al negocio textil, entre producci\u00f3n y comercializaci\u00f3n, han sido\u00a0<strong>liquidadas desde agosto de 2016 y otras seis m\u00e1s est\u00e1n en curso.\u00a0<\/strong>En conjunto, estas decisiones seguramente tienen que ver con que el activo m\u00e1s valioso del conglomerado son los terrenos ampl\u00edsimos de centenares de miles de metros cuadrados que est\u00e1n maduros<strong>\u00a0para plusval\u00edas exponenciales.<\/strong>\u00a0En efecto, del total de los activos,\u00a0<strong>dichos terrenos son casi el 30%, una tercera parte,<\/strong>\u00a0y con relaci\u00f3n al patrimonio llegan hasta el 50%.<\/div>\n<div><\/div>\n<div>Cuando se mira la estructura de la propiedad actual de Fabricato, se constata que fiduciarias y fondos de inversi\u00f3n, incluido el constituido por los damnificados de Interbolsa\u00a0<strong>en cabeza de los liquidadores de Supersociedades del fondo Premium, controlan casi 40% del total<\/strong>. Se entiende entonces por qu\u00e9 su inter\u00e9s utilitarista sea exprimir al m\u00e1ximo ese capital separando su suerte de la centenaria misi\u00f3n textilera.<\/div>\n<div><\/div>\n<div><strong>Tal pron\u00f3stico puede corroborarse al saberse que el exministro de Hacienda del primer gobierno de Uribe,<\/strong>\u00a0Alberto Carrasquilla, reportado en Panam\u00e1 Papers con su matriz empresarial radicada all\u00ed, lidera el<strong>\u00a0grupo de linces financieros al mando.\u00a0<\/strong><\/div>\n<div><\/div>\n<div>Por lo visto, Fabricato como firma textil se reducir\u00eda a una operaci\u00f3n tecnificada y en productos espec\u00edficos en Riotex.<strong>\u00a0El resto ser\u00e1n ladrillos y especulaci\u00f3n inmobiliaria<\/strong>. Aunque logr\u00f3 salvarse de las garras de aventureros como F\u00e9lix Correa hace m\u00e1s de tres d\u00e9cadas o de Corredori, ese\u00a0<strong>apostador de caballos vuelto caballero de industria<\/strong>, parece haber llegado a su hora de nona.<\/div>\n<div><\/div>\n<div>La sociedad regional puede intervenir para preservar este icono industrial y los dos mil o m\u00e1s empleos que\u00a0<strong>todav\u00eda quedan luego de haber tenido casi 20 mil<\/strong>. De lo contrario, Fabricato seguir\u00e1 convirti\u00e9ndose en ladrillos y en recuperaci\u00f3n de inversiones a nivel de m\u00e1ximo lucro posible.\u00a0<strong>Antioquia tiene la palabra.<\/strong><\/div>\n","protected":false},"excerpt":{"rendered":"<p>Aurelio Su\u00e1rez Montoya, Bogot\u00e1, septiembre 26 de 2017 Hace unas semanas, la opini\u00f3n oy\u00f3 que\u00a0Fabricato, una de las m\u00e1s emblem\u00e1ticas empresas de textiles\u00a0y confecciones del pa\u00eds, aunque venida a menos desde la \u00faltima d\u00e9cada del siglo xx,\u00a0cerrar\u00eda su operaci\u00f3n fabril entre el 26 de agosto y el 10 de septiembre. La gerencia lo explic\u00f3 as\u00ed: [&hellip;]<\/p>\n","protected":false},"author":1,"featured_media":13383,"comment_status":"open","ping_status":"open","sticky":false,"template":"","format":"standard","meta":{"advanced_seo_description":"","jetpack_seo_html_title":"","jetpack_seo_noindex":false,"_jetpack_memberships_contains_paid_content":false,"footnotes":""},"categories":[79,102,97,98],"tags":[],"class_list":["post-13382","post","type-post","status-publish","format-standard","has-post-thumbnail","hentry","category-aurelio-suarez-montoya","category-economia","category-imperialismo-y-neoliberalismo","category-politica"],"jetpack_featured_media_url":"https:\/\/i0.wp.com\/moir.com.co\/web\/wp-content\/uploads\/2017\/09\/fabricato.png?fit=650%2C466&ssl=1","jetpack-related-posts":[{"id":17331,"url":"https:\/\/moir.com.co\/web\/video-intervencion-de-aurelio-suarez-montoya-en-la-audiencia-publica-s-o-s-por-la-industria-textil-confecciones\/","url_meta":{"origin":13382,"position":0},"title":"Video: Intervenci\u00f3n de Aurelio Su\u00e1rez Montoya en la audiencia p\u00fablica: &#8220;S.O.S por la industria textil confecciones&#8221;","author":"admin","date":"abril 23, 2019","format":"video","excerpt":"Bogot\u00e1, abril 22 de 2019","rel":"","context":"En \u00abAurelio Su\u00e1rez Montoya\u00bb","block_context":{"text":"Aurelio Su\u00e1rez Montoya","link":"https:\/\/moir.com.co\/web\/category\/bitacoras\/aurelio-suarez-montoya\/"},"img":{"alt_text":"","src":"","width":0,"height":0},"classes":[]},{"id":20674,"url":"https:\/\/moir.com.co\/web\/en-el-ramo-textil-los-obreros-se-resisten-a-pagar-los-efectos-de-la-crisis\/","url_meta":{"origin":13382,"position":1},"title":"En el ramo textil: LOS OBREROS SE RESISTEN A PAGAR LOS EFECTOS DE LA CRISIS","author":"admin","date":"enero 31, 2005","format":false,"excerpt":"El 2 de abril, cuando iban transcurridos 31 d\u00edas de cese, el presidente del Sindicato de Fabricato, Hernando Montoya, a espaldas de las bases, suscribi\u00f3 con la empresa la nueva convenci\u00f3n colectiva. La componenda fue ultimada en secreto y con la intervenci\u00f3n directa de la ministra Maristella San\u00edn de Aldana,\u2026","rel":"","context":"En \u00abTribuna Roja N\u00b043, Bogot\u00e1; mayo de 1982\u00bb","block_context":{"text":"Tribuna Roja N\u00b043, Bogot\u00e1; mayo de 1982","link":"https:\/\/moir.com.co\/web\/category\/tribuna-roja\/ediciones-1980-1984\/tribuna-roja-n43-bogota-mayo-de-1982\/"},"img":{"alt_text":"","src":"","width":0,"height":0},"classes":[]},{"id":20631,"url":"https:\/\/moir.com.co\/web\/amenazada-de-muerte-la-industrial-textil\/","url_meta":{"origin":13382,"position":2},"title":"AMENAZADA DE MUERTE LA INDUSTRIAL TEXTIL","author":"admin","date":"enero 28, 2005","format":false,"excerpt":"En octubre de 1980 las tres grandes textileras antioque\u00f1as, Coltejer, Fabricato y Tejic\u00f3ndor, se\u00f1alaron que mientras el mercado nacional se reduce en un 14%, la oferta de g\u00e9neros del exterior crece a un ritmo del 87%. Lo anterior las llev\u00f3 a afirmar que, de persistir esta situaci\u00f3n, la industria textil\u2026","rel":"","context":"En \u00abTribuna Roja N\u00b041, Bogot\u00e1; enero de 1982\u00bb","block_context":{"text":"Tribuna Roja N\u00b041, Bogot\u00e1; enero de 1982","link":"https:\/\/moir.com.co\/web\/category\/tribuna-roja\/ediciones-1980-1984\/tribuna-roja-n41-bogota-enero-de-1982\/"},"img":{"alt_text":"","src":"","width":0,"height":0},"classes":[]},{"id":1932,"url":"https:\/\/moir.com.co\/web\/amenazada-de-muerte-la-industria-textil\/","url_meta":{"origin":13382,"position":3},"title":"AMENAZADA DE MUERTE LA INDUSTRIA TEXTIL","author":"admin","date":"mayo 3, 2007","format":false,"excerpt":"Ramiro Rojas; T. R. 4 1, Enero de 1982 En octubre de 1980 las tres grandes textileras antioque\u00f1as, Coltejer, Fa6ricato y Tejic\u00f3ndor, se\u00f1alaron que mientras el mercado nacional se reduce en un 14%, la oferta de g\u00e9neros del exterior crece a un ritmo del 87%. Lo anterior las llev\u00f3 a\u2026","rel":"","context":"Entrada similar","block_context":{"text":"Entrada similar","link":""},"img":{"alt_text":"","src":"","width":0,"height":0},"classes":[]},{"id":17714,"url":"https:\/\/moir.com.co\/web\/el-tolima-debe-revivir-esa-vocacion-agricola-y-la-industria-transformadora-aurelio-suarez\/","url_meta":{"origin":13382,"position":4},"title":"\u201cEl Tolima debe revivir esa vocaci\u00f3n agr\u00edcola y la industria transformadora\u201d: Aurelio Su\u00e1rez","author":"admin","date":"junio 28, 2019","format":false,"excerpt":"Entrevista de El Nuevo D\u00eda, Ibagu\u00e9, junio 27 de 2019 El columnista de medios nacionales, critic\u00f3 lo sucedido con el aeropuerto Perales y advirti\u00f3 que los cafeteros no pueden seguir sujetos a la tasa de cambio. El analista econ\u00f3mico y pol\u00edtico, Aurelio Su\u00e1rez Montoya, visit\u00f3 recientemente la capital del Tolima\u2026","rel":"","context":"En \u00abAgro\u00bb","block_context":{"text":"Agro","link":"https:\/\/moir.com.co\/web\/category\/temas\/agro\/"},"img":{"alt_text":"","src":"https:\/\/i0.wp.com\/moir.com.co\/web\/wp-content\/uploads\/2019\/06\/AurelioSuarezIbague.jpg?fit=600%2C360&ssl=1&resize=350%2C200","width":350,"height":200,"srcset":"https:\/\/i0.wp.com\/moir.com.co\/web\/wp-content\/uploads\/2019\/06\/AurelioSuarezIbague.jpg?fit=600%2C360&ssl=1&resize=350%2C200 1x, https:\/\/i0.wp.com\/moir.com.co\/web\/wp-content\/uploads\/2019\/06\/AurelioSuarezIbague.jpg?fit=600%2C360&ssl=1&resize=525%2C300 1.5x"},"classes":[]},{"id":13410,"url":"https:\/\/moir.com.co\/web\/video-intervencion-de-aurelio-suarez-montoya-en-el-foro-por-la-financiacion-de-la-educacion-convocado-por-fecode\/","url_meta":{"origin":13382,"position":5},"title":"Video: Intervenci\u00f3n de Aurelio Su\u00e1rez Montoya en el Foro por la Financiaci\u00f3n de la Educaci\u00f3n convocado por Fecode","author":"admin","date":"septiembre 29, 2017","format":"video","excerpt":"Bogot\u00e1, septiembre 26 de 2017","rel":"","context":"En \u00abAurelio Su\u00e1rez Montoya\u00bb","block_context":{"text":"Aurelio Su\u00e1rez Montoya","link":"https:\/\/moir.com.co\/web\/category\/bitacoras\/aurelio-suarez-montoya\/"},"img":{"alt_text":"","src":"","width":0,"height":0},"classes":[]}],"jetpack_sharing_enabled":true,"_links":{"self":[{"href":"https:\/\/moir.com.co\/web\/wp-json\/wp\/v2\/posts\/13382","targetHints":{"allow":["GET"]}}],"collection":[{"href":"https:\/\/moir.com.co\/web\/wp-json\/wp\/v2\/posts"}],"about":[{"href":"https:\/\/moir.com.co\/web\/wp-json\/wp\/v2\/types\/post"}],"author":[{"embeddable":true,"href":"https:\/\/moir.com.co\/web\/wp-json\/wp\/v2\/users\/1"}],"replies":[{"embeddable":true,"href":"https:\/\/moir.com.co\/web\/wp-json\/wp\/v2\/comments?post=13382"}],"version-history":[{"count":1,"href":"https:\/\/moir.com.co\/web\/wp-json\/wp\/v2\/posts\/13382\/revisions"}],"predecessor-version":[{"id":13384,"href":"https:\/\/moir.com.co\/web\/wp-json\/wp\/v2\/posts\/13382\/revisions\/13384"}],"wp:featuredmedia":[{"embeddable":true,"href":"https:\/\/moir.com.co\/web\/wp-json\/wp\/v2\/media\/13383"}],"wp:attachment":[{"href":"https:\/\/moir.com.co\/web\/wp-json\/wp\/v2\/media?parent=13382"}],"wp:term":[{"taxonomy":"category","embeddable":true,"href":"https:\/\/moir.com.co\/web\/wp-json\/wp\/v2\/categories?post=13382"},{"taxonomy":"post_tag","embeddable":true,"href":"https:\/\/moir.com.co\/web\/wp-json\/wp\/v2\/tags?post=13382"}],"curies":[{"name":"wp","href":"https:\/\/api.w.org\/{rel}","templated":true}]}}