{"id":13376,"date":"2017-09-26T17:56:31","date_gmt":"2017-09-26T17:56:31","guid":{"rendered":"https:\/\/moir.org.co\/web\/?p=13376"},"modified":"2017-09-26T17:56:31","modified_gmt":"2017-09-26T17:56:31","slug":"los-pilotos-se-movilizan-en-medio-de-la-estigmatizacion","status":"publish","type":"post","link":"https:\/\/moir.com.co\/web\/los-pilotos-se-movilizan-en-medio-de-la-estigmatizacion\/","title":{"rendered":"Los pilotos se movilizan en medio de la estigmatizaci\u00f3n"},"content":{"rendered":"<p><strong>CUT, Bogot\u00e1, septiembre 26 de 2016<\/strong><\/p>\n<p>La CUT contin\u00faa su respaldo y acompa\u00f1amiento a la justa huelga de los pilotos de Acdac que ya completan siete d\u00edas sin que la empresa haya dado soluci\u00f3n a ninguno de los puntos planteados en el pliego de peticiones, por el contrario el se\u00f1or Germ\u00e1n Efromovich, due\u00f1o de Avianca, ha lanzado una\u00a0<span class=\"text_exposed_show\">violenta andanada de improperios, descalificaciones y amenazas contra estos trabajadores, posando como el gran ordenador de la normatividad colombiana, llegando incluso al abuso de conminar a los jueces de declarar ilegal la huelga.<br \/>\n<\/span><\/p>\n<p><span class=\"text_exposed_show\">La CUT rechaza esta intromisi\u00f3n y llama a la ciudadan\u00eda a seguir respaldando estas justas reclamaciones de los pilotos colombianos que incluyen tres puntos fundamentales: discriminaci\u00f3n salarial, que los ubica con un 60% menos de salario frente al mismo holding de Avianca en Per\u00fa; discriminaci\u00f3n sindical, al no cumplir las normas laborales en Colombia puesto que en la empresa priman los pactos colectivos y la tercerizaci\u00f3n; y la sobrecarga laboral, que va en perjuicio de la seguridad a\u00e9rea.<br \/>\n<\/span><\/p>\n<p><span class=\"text_exposed_show\">La Central Unitaria de Trabajadores llama al conjunto de los trabajadores y a la sociedad en general a fortalecer la solidaridad con los pilotos y destaca la masiva movilizaci\u00f3n convocada por la Central con la asistencia de diversos sindicatos desde el Portal El Dorado hasta el Aeropuerto Internacional el pasado 25 de septiembre.<br \/>\nRechazamos la campa\u00f1a sistem\u00e1tica que contra Acdac, los trabajadores y los sindicatos, ha desatado Germ\u00e1n Efromovich, descalificando la legalidad y el derecho a la huelga y pr\u00e1cticamente profiriendo sentencia sancionatoria contra los pilotos y su agremiaci\u00f3n; adem\u00e1s promoviendo el antisindicalismo y los pactos colectivos que la CUT siempre ha calificado como maniobras utilizadas por los empresarios para impedir el ejercicio pleno de las libertades sindicales en Colombia.<\/span><\/p>\n<p><span class=\"text_exposed_show\">La legislaci\u00f3n colombiana contempla el derecho a la negociaci\u00f3n colectiva y a la huelga, cuando no se llega a un acuerdo en la mesa de negociaci\u00f3n del pliego de peticiones, adem\u00e1s la Organizaci\u00f3n Internacional del Trabajo ha expresado que los servicios p\u00fablicos esenciales son solo aquellos relacionados con la vida y la seguridad, por lo tanto, la huelga es procedente como mecanismo para concretar un acuerdo.<\/span><\/p>\n","protected":false},"excerpt":{"rendered":"<p>CUT, Bogot\u00e1, septiembre 26 de 2016 La CUT contin\u00faa su respaldo y acompa\u00f1amiento a la justa huelga de los pilotos de Acdac que ya completan siete d\u00edas sin que la empresa haya dado soluci\u00f3n a ninguno de los puntos planteados en el pliego de peticiones, por el contrario el se\u00f1or Germ\u00e1n Efromovich, due\u00f1o de Avianca, [&hellip;]<\/p>\n","protected":false},"author":1,"featured_media":13377,"comment_status":"open","ping_status":"open","sticky":false,"template":"","format":"standard","meta":{"advanced_seo_description":"","jetpack_seo_html_title":"","jetpack_seo_noindex":false,"_jetpack_memberships_contains_paid_content":false,"footnotes":""},"categories":[102,97,105,98,109],"tags":[],"class_list":["post-13376","post","type-post","status-publish","format-standard","has-post-thumbnail","hentry","category-economia","category-imperialismo-y-neoliberalismo","category-internacional-articulos-de-actualidad","category-politica","category-sindical"],"jetpack_featured_media_url":"https:\/\/i0.wp.com\/moir.com.co\/web\/wp-content\/uploads\/2017\/09\/acdacpilotosavianca.jpeg?fit=294%2C172&ssl=1","jetpack-related-posts":[{"id":13343,"url":"https:\/\/moir.com.co\/web\/avianca-debe-atender-las-justas-peticiones-de-los-pilotos-robledo\/","url_meta":{"origin":13376,"position":0},"title":"Avianca debe atender las justas peticiones de los pilotos: Robledo","author":"admin","date":"septiembre 21, 2017","format":false,"excerpt":"Oficina de prensa del senador Jorge Enrique Robledo, Bogot\u00e1, septiembre 20 de 2017 Despu\u00e9s de expresar su solidaridad con las peticiones de los pilotos de Avianca, el senador Jorge Enrique Robledo hizo un llamado a las partes para que busquen el camino que les permita resolver sus diferencias y llegar\u2026","rel":"","context":"En \u00abEconom\u00eda\u00bb","block_context":{"text":"Econom\u00eda","link":"https:\/\/moir.com.co\/web\/category\/temas\/economia\/"},"img":{"alt_text":"","src":"https:\/\/i0.wp.com\/moir.com.co\/web\/wp-content\/uploads\/2017\/09\/pilotosacdac.png?fit=634%2C369&ssl=1&resize=350%2C200","width":350,"height":200,"srcset":"https:\/\/i0.wp.com\/moir.com.co\/web\/wp-content\/uploads\/2017\/09\/pilotosacdac.png?fit=634%2C369&ssl=1&resize=350%2C200 1x, https:\/\/i0.wp.com\/moir.com.co\/web\/wp-content\/uploads\/2017\/09\/pilotosacdac.png?fit=634%2C369&ssl=1&resize=525%2C300 1.5x"},"classes":[]},{"id":3064,"url":"https:\/\/moir.com.co\/web\/la-cut-respalda-la-huelga-de-17-mil-trabajadores-bananeros\/","url_meta":{"origin":13376,"position":1},"title":"La CUT respalda la huelga de 17 mil trabajadores bananeros","author":"admin","date":"mayo 10, 2009","format":false,"excerpt":"M\u00e1s de 60 mil familias se ver\u00e1n afectadas por par\u00e1lisis en el sector bananero. La Central Unitaria de Trabajadores de Colombia CUT, manifiesta el respaldo a su sindicato filial, Sintrainagro, quien entr\u00f3 en huelga a la medianoche de este jueves, luego que fracasaran las negociaciones del pliego de peticiones en\u2026","rel":"","context":"En \u00abPronunciamientos de Organizaciones Sociales\u00bb","block_context":{"text":"Pronunciamientos de Organizaciones Sociales","link":"https:\/\/moir.com.co\/web\/category\/pronunciamientos-de-organizaciones-sociales\/"},"img":{"alt_text":"","src":"","width":0,"height":0},"classes":[]},{"id":13464,"url":"https:\/\/moir.com.co\/web\/colombia-sin-piloto\/","url_meta":{"origin":13376,"position":2},"title":"Colombia sin piloto","author":"admin","date":"octubre 9, 2017","format":false,"excerpt":"Jos\u00e9 Arlex Arias, Cartagena, octubre 9 de 2017 Decir que \u201cColombia anda sin piloto\u201d es una verdad que ratifican todas las encuestas. Lo peor es que el piloto autom\u00e1tico que est\u00e1 al mando de la cabina de control es incapaz de cambiar de rumbo, debido a los compromisos con los\u2026","rel":"","context":"En \u00abEconom\u00eda\u00bb","block_context":{"text":"Econom\u00eda","link":"https:\/\/moir.com.co\/web\/category\/temas\/economia\/"},"img":{"alt_text":"","src":"","width":0,"height":0},"classes":[]},{"id":2211,"url":"https:\/\/moir.com.co\/web\/justa-huelga-en-la-explotacion-ferroniquel-de-cerromatoso\/","url_meta":{"origin":13376,"position":3},"title":"JUSTA HUELGA EN LA EXPLOTACI\u00d3N FERRONIQUEL DE CERROMATOSO","author":"admin","date":"marzo 7, 2008","format":false,"excerpt":"Central Unitaria de Trabajadores, CUT, Bogot\u00e1, 4 de febrero de 2008 Los trabajadores de BH Billinton, multinacional inglesa que explota las minas de ferron\u00edquel de Montel\u00edbano, en el Departamento de C\u00f3rdoba, est\u00e1n en huelga desde el 27 de febrero del a\u00f1o en curso. Cumplidas las etapas legales de negociaci\u00f3n, Sintracerromatoso,\u2026","rel":"","context":"En \u00abPronunciamientos de Organizaciones Sociales\u00bb","block_context":{"text":"Pronunciamientos de Organizaciones Sociales","link":"https:\/\/moir.com.co\/web\/category\/pronunciamientos-de-organizaciones-sociales\/"},"img":{"alt_text":"","src":"","width":0,"height":0},"classes":[]},{"id":1404,"url":"https:\/\/moir.com.co\/web\/declaracion-del-encuentro-de-solidaridad-con-los-mineros-del-carbon\/","url_meta":{"origin":13376,"position":4},"title":"DECLARACI\u00d3N DEL ENCUENTRO DE SOLIDARIDAD CON LOS MINEROS DEL CARB\u00d3N","author":"admin","date":"mayo 24, 2006","format":false,"excerpt":"Las organizaciones y personalidades que acudimos a esta importante convocatoria de la CUT, Funtraenerg\u00e9tica y Sintraminerg\u00e9tica y el Comit\u00e9 por un Cesar Productivo, expresamos nuestro m\u00e1s irrestricto respaldo a la huelga que adelantan los trabajadores de las empresas Drummond, Glencore y Prodeco, en las minas de La Jagua de Ib\u00e9rico\u2026","rel":"","context":"En \u00abPronunciamientos de Organizaciones Sociales\u00bb","block_context":{"text":"Pronunciamientos de Organizaciones Sociales","link":"https:\/\/moir.com.co\/web\/category\/pronunciamientos-de-organizaciones-sociales\/"},"img":{"alt_text":"","src":"","width":0,"height":0},"classes":[]},{"id":13415,"url":"https:\/\/moir.com.co\/web\/efromovich-o-los-pilotos-quien-es-el-avion\/","url_meta":{"origin":13376,"position":5},"title":"Efromovich o los pilotos: \u00bfQui\u00e9n es el \u2018avi\u00f3n\u2019?","author":"admin","date":"octubre 2, 2017","format":false,"excerpt":"Andr\u00e9s Pach\u00f3n, Bogot\u00e1, octubre 1 de 2017 \"Ilegales\u201d,\u201dinmorales\u201d,\u201dcriminales\u201d,\u201dinsignificante minor\u00eda\u201d,\u201dlos responsables no tengan duda que van a pagar por lo que est\u00e1n haciendo\u201d. Tales se\u00f1alamientos no hacen parte de un discurso contra los implicados en Odebrecht ni contra el Fiscal Anticorrupci\u00f3n Corrupto y su pandilla. Se trata de los calificativos injuriosos\u2026","rel":"","context":"En \u00abEconom\u00eda\u00bb","block_context":{"text":"Econom\u00eda","link":"https:\/\/moir.com.co\/web\/category\/temas\/economia\/"},"img":{"alt_text":"","src":"https:\/\/i0.wp.com\/moir.com.co\/web\/wp-content\/uploads\/2017\/10\/acdacavianca.jpg?fit=1024%2C512&ssl=1&resize=350%2C200","width":350,"height":200,"srcset":"https:\/\/i0.wp.com\/moir.com.co\/web\/wp-content\/uploads\/2017\/10\/acdacavianca.jpg?fit=1024%2C512&ssl=1&resize=350%2C200 1x, https:\/\/i0.wp.com\/moir.com.co\/web\/wp-content\/uploads\/2017\/10\/acdacavianca.jpg?fit=1024%2C512&ssl=1&resize=525%2C300 1.5x, https:\/\/i0.wp.com\/moir.com.co\/web\/wp-content\/uploads\/2017\/10\/acdacavianca.jpg?fit=1024%2C512&ssl=1&resize=700%2C400 2x"},"classes":[]}],"jetpack_sharing_enabled":true,"_links":{"self":[{"href":"https:\/\/moir.com.co\/web\/wp-json\/wp\/v2\/posts\/13376","targetHints":{"allow":["GET"]}}],"collection":[{"href":"https:\/\/moir.com.co\/web\/wp-json\/wp\/v2\/posts"}],"about":[{"href":"https:\/\/moir.com.co\/web\/wp-json\/wp\/v2\/types\/post"}],"author":[{"embeddable":true,"href":"https:\/\/moir.com.co\/web\/wp-json\/wp\/v2\/users\/1"}],"replies":[{"embeddable":true,"href":"https:\/\/moir.com.co\/web\/wp-json\/wp\/v2\/comments?post=13376"}],"version-history":[{"count":1,"href":"https:\/\/moir.com.co\/web\/wp-json\/wp\/v2\/posts\/13376\/revisions"}],"predecessor-version":[{"id":13378,"href":"https:\/\/moir.com.co\/web\/wp-json\/wp\/v2\/posts\/13376\/revisions\/13378"}],"wp:featuredmedia":[{"embeddable":true,"href":"https:\/\/moir.com.co\/web\/wp-json\/wp\/v2\/media\/13377"}],"wp:attachment":[{"href":"https:\/\/moir.com.co\/web\/wp-json\/wp\/v2\/media?parent=13376"}],"wp:term":[{"taxonomy":"category","embeddable":true,"href":"https:\/\/moir.com.co\/web\/wp-json\/wp\/v2\/categories?post=13376"},{"taxonomy":"post_tag","embeddable":true,"href":"https:\/\/moir.com.co\/web\/wp-json\/wp\/v2\/tags?post=13376"}],"curies":[{"name":"wp","href":"https:\/\/api.w.org\/{rel}","templated":true}]}}