{"id":13371,"date":"2017-09-26T17:36:27","date_gmt":"2017-09-26T17:36:27","guid":{"rendered":"https:\/\/moir.org.co\/web\/?p=13371"},"modified":"2017-09-26T17:37:25","modified_gmt":"2017-09-26T17:37:25","slug":"robledo-proclamado-candidato-presidencial-del-polo-gran-debate-contra-la-corrupcion-en-el-poder","status":"publish","type":"post","link":"https:\/\/moir.com.co\/web\/robledo-proclamado-candidato-presidencial-del-polo-gran-debate-contra-la-corrupcion-en-el-poder\/","title":{"rendered":"Robledo proclamado candidato presidencial del Polo. Gran debate contra la corrupci\u00f3n en el poder"},"content":{"rendered":"<p><strong>Oficina de prensa del senador Jorge Enrique Robledo, Bogot\u00e1, septiembre 26 de 2017<\/strong><\/p>\n<table width=\"100%\">\n<tbody>\n<tr>\n<td>\n<table width=\"100%\">\n<tbody>\n<tr>\n<td>Frente a m\u00e1s 2000 dirigentes de todo el pa\u00eds Jorge Enrique Robledo fue proclamado candidato \u00fanico del Polo Democr\u00e1tico Alternativo a la Presidencia de la Rep\u00fablica.<\/p>\n<p>El Polo tambi\u00e9n present\u00f3 sus listas al Senado y a la C\u00e1mara de Representantes.<\/p>\n<p>Acompa\u00f1ado de su esposa Carmen Escobar, de sus hijos Natalia y Juli\u00e1n y de sus nietas Alicia y Lucia, Jorge Enrique Robledo Castillo fue proclamado por el Polo Democr\u00e1tico Alternativo como candidato \u00fanico a la Presidencia de la Rep\u00fablica de Colombia en un emocionante acto realizado el s\u00e1bado pasado.<\/td>\n<\/tr>\n<\/tbody>\n<\/table>\n<\/td>\n<\/tr>\n<\/tbody>\n<\/table>\n<table width=\"100%\">\n<tbody>\n<tr>\n<td>\n<table width=\"100%\">\n<tbody>\n<tr>\n<td><\/td>\n<\/tr>\n<\/tbody>\n<\/table>\n<\/td>\n<\/tr>\n<\/tbody>\n<\/table>\n<table width=\"100%\">\n<tbody>\n<tr>\n<td>\n<table width=\"100%\">\n<tbody>\n<tr>\n<td>\n<table width=\"100%\">\n<tbody>\n<tr>\n<td><em><strong>Gran debate contra la corrupci\u00f3n en el poder hoy martes 26 de septiembre de 2017<\/strong><\/em><\/td>\n<\/tr>\n<\/tbody>\n<\/table>\n<\/td>\n<\/tr>\n<\/tbody>\n<\/table>\n<\/td>\n<\/tr>\n<\/tbody>\n<\/table>\n<table width=\"100%\">\n<tbody>\n<tr>\n<td>\n<table width=\"100%\">\n<tbody>\n<tr>\n<td>A causa de los m\u00e1s recientes esc\u00e1ndalos de corrupci\u00f3n pol\u00edtica y judicial, los senadores Jorge Enrique Robledo y Claudia L\u00f3pez citaron a debate este martes 26 de septiembre para destapar ante la ciudadan\u00eda c\u00f3mo actu\u00f3 la empresa criminal de Odebrecht. Esta multinacional se ali\u00f3 con miembros de los partidos pol\u00edticos tradicionales, servidores p\u00fablicos y contratistas mediante un modus operandi en el que se financian campa\u00f1as pol\u00edticas y se soborna funcionarios para saquear a las finanzas p\u00fablicas.<\/p>\n<p>En palabras de Robledo \u201cvamos por la verdad total sobre este esc\u00e1ndalo, ellos dan la impresi\u00f3n de que est\u00e1n yendo al fondo de las cosas pero no es as\u00ed, vamos a derrotar los pedacitos de verdad que los mismos con las mismas est\u00e1n metiendo para ocultar a los grandes responsables. Esa corrupci\u00f3n est\u00e1 destruyendo a Colombia, o vamos al fondo y derrotamos la corrupci\u00f3n o no vamos a resolver los dem\u00e1s problemas del pa\u00eds\u201d.<\/p>\n<p>De acuerdo con la Senadora L\u00f3pez: \u201cen el debate vamos poner en evidencia a todos los involucrados, vamos a sacar todas las responsabilidades pol\u00edticas, le vamos a explicar a los colombianos como fue que se unieron para atracar este pa\u00eds en su buena fe y en el manejo de sus recursos p\u00fablicos, vamos hasta el fondo, porque juntos derrotamos la corrupci\u00f3n o la corrupci\u00f3n va a acabar con Colombia\u201d.<\/td>\n<\/tr>\n<\/tbody>\n<\/table>\n<\/td>\n<\/tr>\n<\/tbody>\n<\/table>\n","protected":false},"excerpt":{"rendered":"<p>Oficina de prensa del senador Jorge Enrique Robledo, Bogot\u00e1, septiembre 26 de 2017 Frente a m\u00e1s 2000 dirigentes de todo el pa\u00eds Jorge Enrique Robledo fue proclamado candidato \u00fanico del Polo Democr\u00e1tico Alternativo a la Presidencia de la Rep\u00fablica. El Polo tambi\u00e9n present\u00f3 sus listas al Senado y a la C\u00e1mara de Representantes. Acompa\u00f1ado de [&hellip;]<\/p>\n","protected":false},"author":1,"featured_media":13372,"comment_status":"open","ping_status":"open","sticky":false,"template":"","format":"standard","meta":{"advanced_seo_description":"","jetpack_seo_html_title":"","jetpack_seo_noindex":false,"_jetpack_memberships_contains_paid_content":false,"footnotes":""},"categories":[102,97,4,98],"tags":[],"class_list":["post-13371","post","type-post","status-publish","format-standard","has-post-thumbnail","hentry","category-economia","category-imperialismo-y-neoliberalismo","category-jorge-enrique-robledo","category-politica"],"jetpack_featured_media_url":"https:\/\/i0.wp.com\/moir.com.co\/web\/wp-content\/uploads\/2017\/09\/robledoproclamacion2.jpeg?fit=937%2C667&ssl=1","jetpack-related-posts":[{"id":13368,"url":"https:\/\/moir.com.co\/web\/robledo-acompanado-de-su-familia-fue-proclamado-candidato-presidencial-del-polo-en-multitudinario-acto\/","url_meta":{"origin":13371,"position":0},"title":"Robledo, acompa\u00f1ado de su familia, fue proclamado candidato presidencial del Polo en multitudinario acto","author":"admin","date":"septiembre 26, 2017","format":false,"excerpt":"Oficina de prensa del senador Jorge Enrique Robledo, Bogot\u00e1, septiembre 25 de 2017 Frente a m\u00e1s 2000 dirigentes de todo el pa\u00eds Jorge Enrique Robledo fue proclamado candidato \u00fanico del Polo Democr\u00e1tico Alternativo a la Presidencia de la Rep\u00fablica. El Polo tambi\u00e9n present\u00f3 sus listas al Senado y a la\u2026","rel":"","context":"En \u00abAgro\u00bb","block_context":{"text":"Agro","link":"https:\/\/moir.com.co\/web\/category\/temas\/agro\/"},"img":{"alt_text":"","src":"https:\/\/i0.wp.com\/moir.com.co\/web\/wp-content\/uploads\/2017\/09\/robledoproclamacion.png?fit=472%2C396&ssl=1&resize=350%2C200","width":350,"height":200},"classes":[]},{"id":3834,"url":"https:\/\/moir.com.co\/web\/proclamada-ayer-olga-b-gonzalez-como-candidata-a-la-camara-por-tolima-en-formula-con-robledo\/","url_meta":{"origin":13371,"position":1},"title":"Proclamada ayer Olga B. Gonz\u00e1lez como candidata a la C\u00e1mara por Tolima en f\u00f3rmula con Robledo","author":"admin","date":"diciembre 4, 2009","format":false,"excerpt":"Olga Beatriz Gonz\u00e1lez fue proclamada ayer en el Hotel Ambal\u00e1, de Ibagu\u00e9, como candidata a la C\u00e1mara de Representantes para el per\u00edodo 2010-2014. La reconocida fundadora y dirigente nacional del Polo har\u00e1 f\u00f3rmula con el senador Jorge Enrique Robledo. Olga B., como es conocida en el departamento, fue la candidata\u2026","rel":"","context":"En \u00abJorge Enrique Robledo\u00bb","block_context":{"text":"Jorge Enrique Robledo","link":"https:\/\/moir.com.co\/web\/category\/jorge-enrique-robledo\/"},"img":{"alt_text":"","src":"","width":0,"height":0},"classes":[]},{"id":11809,"url":"https:\/\/moir.com.co\/web\/resolucion-n-071-por-la-cual-se-designa-a-jorge-enrique-robledo-como-candidato-presidencial-del-polo-para-el-2018\/","url_meta":{"origin":13371,"position":2},"title":"Resoluci\u00f3n N\u00b0 071 por la cual se designa a Jorge Enrique Robledo como candidato presidencial del Polo para el 2018","author":"admin","date":"febrero 28, 2017","format":false,"excerpt":"Comit\u00e9 Ejecutivo Nacional del Polo, Bogot\u00e1, febrero 27 de 2017 El Comit\u00e9 Ejecutivo Nacional del Polo Democr\u00e1tico Alternativo, PDA, citado de conformidad con el art\u00edculo 14 de los Estatutos, en correspondencia con la pol\u00edtica electoral aprobada en el IV Congreso Nacional, en la Junta Directiva Nacional de diciembre de 2016,\u2026","rel":"","context":"En \u00abJorge Enrique Robledo\u00bb","block_context":{"text":"Jorge Enrique Robledo","link":"https:\/\/moir.com.co\/web\/category\/jorge-enrique-robledo\/"},"img":{"alt_text":"","src":"https:\/\/i0.wp.com\/moir.com.co\/web\/wp-content\/uploads\/2016\/12\/polobandera.jpg?fit=750%2C400&ssl=1&resize=350%2C200","width":350,"height":200,"srcset":"https:\/\/i0.wp.com\/moir.com.co\/web\/wp-content\/uploads\/2016\/12\/polobandera.jpg?fit=750%2C400&ssl=1&resize=350%2C200 1x, https:\/\/i0.wp.com\/moir.com.co\/web\/wp-content\/uploads\/2016\/12\/polobandera.jpg?fit=750%2C400&ssl=1&resize=525%2C300 1.5x, https:\/\/i0.wp.com\/moir.com.co\/web\/wp-content\/uploads\/2016\/12\/polobandera.jpg?fit=750%2C400&ssl=1&resize=700%2C400 2x"},"classes":[]},{"id":5711,"url":"https:\/\/moir.com.co\/web\/el-senador-robledo-no-sera-candidato-a-la-alcaldia-de-bogota\/","url_meta":{"origin":13371,"position":3},"title":"El senador Robledo no ser\u00e1 candidato a la Alcald\u00eda de Bogot\u00e1","author":"admin","date":"junio 15, 2011","format":false,"excerpt":"Luego de analizar las posibilidades pol\u00edticas y jur\u00eddicas de una candidatura suya a la Alcald\u00eda de Bogot\u00e1, el senador Jorge Enrique Robledo anunci\u00f3 que, \u201cdefinitivamente, no propondr\u00e9 mi nombre para alcalde de la capital de la Rep\u00fablica. Seguir\u00e9 en el Senado y respaldar\u00e9 el candidato que el Polo Democr\u00e1tico Alternativo\u2026","rel":"","context":"En \u00abJorge Enrique Robledo\u00bb","block_context":{"text":"Jorge Enrique Robledo","link":"https:\/\/moir.com.co\/web\/category\/jorge-enrique-robledo\/"},"img":{"alt_text":"","src":"","width":0,"height":0},"classes":[]},{"id":11811,"url":"https:\/\/moir.com.co\/web\/9-puntos-de-enfasis-programaticos-senador-y-candidato-presidencial-jorge-enrique-robledo\/","url_meta":{"origin":13371,"position":4},"title":"9 puntos de \u00e9nfasis program\u00e1ticos. Senador y Candidato Presidencial Jorge Enrique Robledo","author":"admin","date":"marzo 1, 2017","format":false,"excerpt":"Polo Democr\u00e1tico Alternativo, Bogot\u00e1, marzo 1 de 2017 En Rueda de prensa realizada hoy en la ma\u00f1ana en la sede nacional del PDA, el Senador y Candidato Presidencial Jorge Enrique Robledo, expreso temas respecto a su campa\u00f1a presidencial. \u00c9nfasis program\u00e1ticos de la candidatura a la Presidencia del Senador Robledo 1.\u2026","rel":"","context":"En \u00abEconom\u00eda\u00bb","block_context":{"text":"Econom\u00eda","link":"https:\/\/moir.com.co\/web\/category\/temas\/economia\/"},"img":{"alt_text":"","src":"https:\/\/i0.wp.com\/moir.com.co\/web\/wp-content\/uploads\/2017\/03\/RobledoRuedaprensa010317.jpg?fit=1199%2C806&ssl=1&resize=350%2C200","width":350,"height":200,"srcset":"https:\/\/i0.wp.com\/moir.com.co\/web\/wp-content\/uploads\/2017\/03\/RobledoRuedaprensa010317.jpg?fit=1199%2C806&ssl=1&resize=350%2C200 1x, https:\/\/i0.wp.com\/moir.com.co\/web\/wp-content\/uploads\/2017\/03\/RobledoRuedaprensa010317.jpg?fit=1199%2C806&ssl=1&resize=525%2C300 1.5x, https:\/\/i0.wp.com\/moir.com.co\/web\/wp-content\/uploads\/2017\/03\/RobledoRuedaprensa010317.jpg?fit=1199%2C806&ssl=1&resize=700%2C400 2x, https:\/\/i0.wp.com\/moir.com.co\/web\/wp-content\/uploads\/2017\/03\/RobledoRuedaprensa010317.jpg?fit=1199%2C806&ssl=1&resize=1050%2C600 3x"},"classes":[]},{"id":3818,"url":"https:\/\/moir.com.co\/web\/homenaje-a-jorge-enrique-robledo-y-german-navas-talero-un-acto-de-unidad\/","url_meta":{"origin":13371,"position":5},"title":"Homenaje a Jorge Enrique Robledo y German Navas Talero un Acto de Unidad","author":"admin","date":"noviembre 29, 2009","format":false,"excerpt":"El jueves 26 de noviembre se realiz\u00f3 en Bogot\u00e1 el homenaje a Jorge Enrique Robledo y German Navas Talero. Este fue un acto de reconocimiento a la excelsa labor que adelantan estos dos parlamentarios en el Congreso de la Rep\u00fablica por hacer de Colombia un pa\u00eds aut\u00e9nticamente soberano y democr\u00e1tico.\u2026","rel":"","context":"En \u00abTemas\u00bb","block_context":{"text":"Temas","link":"https:\/\/moir.com.co\/web\/category\/temas\/"},"img":{"alt_text":"","src":"","width":0,"height":0},"classes":[]}],"jetpack_sharing_enabled":true,"_links":{"self":[{"href":"https:\/\/moir.com.co\/web\/wp-json\/wp\/v2\/posts\/13371","targetHints":{"allow":["GET"]}}],"collection":[{"href":"https:\/\/moir.com.co\/web\/wp-json\/wp\/v2\/posts"}],"about":[{"href":"https:\/\/moir.com.co\/web\/wp-json\/wp\/v2\/types\/post"}],"author":[{"embeddable":true,"href":"https:\/\/moir.com.co\/web\/wp-json\/wp\/v2\/users\/1"}],"replies":[{"embeddable":true,"href":"https:\/\/moir.com.co\/web\/wp-json\/wp\/v2\/comments?post=13371"}],"version-history":[{"count":2,"href":"https:\/\/moir.com.co\/web\/wp-json\/wp\/v2\/posts\/13371\/revisions"}],"predecessor-version":[{"id":13375,"href":"https:\/\/moir.com.co\/web\/wp-json\/wp\/v2\/posts\/13371\/revisions\/13375"}],"wp:featuredmedia":[{"embeddable":true,"href":"https:\/\/moir.com.co\/web\/wp-json\/wp\/v2\/media\/13372"}],"wp:attachment":[{"href":"https:\/\/moir.com.co\/web\/wp-json\/wp\/v2\/media?parent=13371"}],"wp:term":[{"taxonomy":"category","embeddable":true,"href":"https:\/\/moir.com.co\/web\/wp-json\/wp\/v2\/categories?post=13371"},{"taxonomy":"post_tag","embeddable":true,"href":"https:\/\/moir.com.co\/web\/wp-json\/wp\/v2\/tags?post=13371"}],"curies":[{"name":"wp","href":"https:\/\/api.w.org\/{rel}","templated":true}]}}