{"id":13368,"date":"2017-09-26T00:09:54","date_gmt":"2017-09-26T00:09:54","guid":{"rendered":"https:\/\/moir.org.co\/web\/?p=13368"},"modified":"2017-09-26T00:09:54","modified_gmt":"2017-09-26T00:09:54","slug":"robledo-acompanado-de-su-familia-fue-proclamado-candidato-presidencial-del-polo-en-multitudinario-acto","status":"publish","type":"post","link":"https:\/\/moir.com.co\/web\/robledo-acompanado-de-su-familia-fue-proclamado-candidato-presidencial-del-polo-en-multitudinario-acto\/","title":{"rendered":"Robledo, acompa\u00f1ado de su familia, fue proclamado candidato presidencial del Polo en multitudinario acto"},"content":{"rendered":"<p><strong>Oficina de prensa del senador Jorge Enrique Robledo, Bogot\u00e1, septiembre 25 de 2017<\/strong><\/p>\n<p><em>Frente a m\u00e1s 2000 dirigentes de todo el pa\u00eds Jorge Enrique Robledo fue proclamado candidato \u00fanico del Polo Democr\u00e1tico Alternativo a la Presidencia de la Rep\u00fablica.<\/em><br \/>\n<em>El Polo tambi\u00e9n present\u00f3 sus listas al Senado y a la C\u00e1mara de Representantes.<\/em><\/p>\n<p>Acompa\u00f1ado de su esposa Carmen Escobar, de sus hijos Natalia y Juli\u00e1n y de sus nietas Alicia y Lucia, Jorge Enrique Robledo Castillo fue proclamado por el Polo Democr\u00e1tico Alternativo como candidato \u00fanico a la Presidencia de la Rep\u00fablica de Colombia en un emocionante acto realizado el s\u00e1bado pasado.<\/p>\n<div class=\"SandboxRoot env-bp-350\" data-twitter-event-id=\"0\">\n<div id=\"twitter-widget-0\" class=\"EmbeddedTweet EmbeddedTweet--edge EmbeddedTweet--mediaForward media-forward js-clickToOpenTarget js-tweetIdInfo tweet-InformationCircle-widgetParent js-enableExperiments\" lang=\"es\" data-click-to-open-target=\"https:\/\/twitter.com\/JERobledo\/status\/911758292283686913\" data-iframe-title=\"Tweet de Twitter\" data-dt-full=\"%{hours24}:%{minutes} - %{day} %{month} %{year}\" data-dt-explicit-timestamp=\"20:04 - 23 sept. 2017\" data-dt-months=\"ene|feb|mar|abr|Mayo|jun|jul|ago|sep|oct|nov|dic\" data-dt-am=\"AM\" data-dt-pm=\"PM\" data-dt-now=\"ahora\" data-dt-s=\"s\" data-dt-m=\"m\" data-dt-h=\"h\" data-dt-second=\"segundo\" data-dt-seconds=\"segundos\" data-dt-minute=\"minuto\" data-dt-minutes=\"minutos\" data-dt-hour=\"hora\" data-dt-hours=\"horas\" data-dt-abbr=\"%{number}%{symbol}\" data-dt-short=\"%{day} %{month}\" data-dt-long=\"%{day} %{month} %{year}\" data-scribe=\"page:tweet\" data-tweet-id=\"911758292283686913\" data-twitter-event-id=\"5\">\n<article class=\"MediaCard\n           MediaCard--mediaForward\n\n           cards-multimedia\n           customisable-border\" dir=\"ltr\" data-scribe=\"component:card\"><\/p>\n<div class=\"MediaCard-media\">\n<div class=\"MediaCard-widthConstraint js-cspForcedStyle\" data-style=\"max-width: 2000px\">\n<div class=\"MediaCard-mediaContainer js-cspForcedStyle\" data-style=\"padding-bottom: 56.2500%\">\n<div class=\"NaturalImage-ctaOverlay PlayButton PlayButton--centered\" data-scribe=\"element:play_button\"><\/div>\n<p><a class=\"MediaCard-mediaAsset MediaCard-mediaPlaceholder NaturalImage NaturalImage--fill js-playableMediaInterstitial\" href=\"https:\/\/twitter.com\/JERobledo\/status\/911758292283686913\"><img data-recalc-dims=\"1\" decoding=\"async\" class=\"NaturalImage-image\" src=\"https:\/\/i0.wp.com\/pbs.twimg.com\/ext_tw_video_thumb\/911757797586558980\/pu\/img\/RhjexiOD0qOsbe9S.jpg?w=800&#038;ssl=1\" alt=\"\" data-scribe=\"element:poster_image\" \/><\/a><\/div>\n<\/div>\n<\/div>\n<\/article>\n<div class=\"EmbeddedTweet-tweet\">\n<blockquote class=\"Tweet h-entry js-tweetIdInfo subject expanded \n<p>                    is-deciderHtmlWhitespace\" cite=\"https:\/\/twitter.com\/JERobledo\/status\/911758292283686913\" data-tweet-id=\"911758292283686913\" data-scribe=\"section:subject\"><\/p>\n<div class=\"Tweet-header u-cf\">\n<div class=\"Tweet-brand u-floatRight\">\n<div class=\"Icon Icon--twitter \" title=\"\" role=\"presentation\" aria-label=\"\"><\/div>\n<p><span class=\"u-hiddenInNarrowEnv\"><a class=\"FollowButton FollowButton--edge follow-button profile\" title=\"Seguir a Jorge Robledo en Twitter\" role=\"button\" href=\"https:\/\/twitter.com\/JERobledo\" data-scribe=\"component:followbutton\">\u00a0Seguir<\/a><\/span><\/div>\n<div class=\"TweetAuthor \" data-scribe=\"component:author\"><a class=\"TweetAuthor-link Identity u-linkBlend\" href=\"https:\/\/twitter.com\/JERobledo\" data-scribe=\"element:user_link\" aria-label=\"Jorge Robledo (nombre de pantalla: JERobledo)\"><span class=\"TweetAuthor-avatar Identity-avatar\"><img data-recalc-dims=\"1\" decoding=\"async\" class=\"Avatar Avatar--edge\" src=\"https:\/\/i0.wp.com\/pbs.twimg.com\/profile_images\/907368655654146048\/DqmgFlHr_bigger.jpg?w=800&#038;ssl=1\" alt=\"\" data-scribe=\"element:avatar\" data-src-2x=\"https:\/\/pbs.twimg.com\/profile_images\/907368655654146048\/DqmgFlHr_bigger.jpg\" data-src-1x=\"https:\/\/pbs.twimg.com\/profile_images\/907368655654146048\/DqmgFlHr_normal.jpg\" \/><\/span><span class=\"TweetAuthor-name Identity-name customisable-highlight\" title=\"Jorge Robledo\" data-scribe=\"element:name\">Jorge Robledo<\/span>\u00a0<\/a><\/p>\n<div class=\"Icon Icon--verified \" title=\"Cuenta verificada\" role=\"img\" aria-label=\"Cuenta verificada\"><\/div>\n<p><a class=\"TweetAuthor-link Identity u-linkBlend\" href=\"https:\/\/twitter.com\/JERobledo\" data-scribe=\"element:user_link\" aria-label=\"Jorge Robledo (nombre de pantalla: JERobledo)\"><span class=\"TweetAuthor-verifiedBadge\" data-scribe=\"element:verified_badge\"><b class=\"u-hiddenVisually\">\u2714<\/b><\/span><span class=\"TweetAuthor-screenName Identity-screenName\" dir=\"ltr\" title=\"@JERobledo\" data-scribe=\"element:screen_name\">@JERobledo<\/span><\/a><\/div>\n<\/div>\n<div class=\"Tweet-body e-entry-content\" data-scribe=\"component:tweet\">\n<p class=\"Tweet-text e-entry-title\" dir=\"ltr\" lang=\"es\">Gracias a Carmen, mi esposa, a mis hijos, Natalia y Juli\u00e1n, a mis nietas, a mi familia que es mi soporte en todo momento<a class=\"PrettyLink hashtag customisable\" dir=\"ltr\" href=\"https:\/\/twitter.com\/hashtag\/LeTocaAColombia?src=hash\" rel=\"tag\" data-query-source=\"hashtag_click\" data-scribe=\"element:hashtag\"><span class=\"PrettyLink-prefix\">#<\/span><span class=\"PrettyLink-value\">LeTocaAColombia<\/span><\/a><img data-recalc-dims=\"1\" decoding=\"async\" class=\"Emoji Emoji--forText\" title=\"Flag of Colombia\" draggable=\"false\" src=\"https:\/\/i0.wp.com\/abs.twimg.com\/emoji\/v2\/72x72\/1f1e8-1f1f4.png?w=800&#038;ssl=1\" alt=\"&#x1f1e8;&#x1f1f4;\" aria-label=\"Emoji: Flag of Colombia\" \/><\/p>\n<div class=\"Tweet-metadata dateline\"><a class=\"u-linkBlend u-url customisable-highlight long-permalink\" href=\"https:\/\/twitter.com\/JERobledo\/status\/911758292283686913\" data-datetime=\"2017-09-24T01:04:51+0000\" data-scribe=\"element:full_timestamp\"><time class=\"dt-updated\" title=\"Publicado a las: 24 de septiembre de 2017 1:04:51 (UTC)\" datetime=\"2017-09-24T01:04:51+0000\">20:04 &#8211; 23 sept. 2017<\/time><\/a><\/div>\n<ul class=\"Tweet-actions\" role=\"menu\" data-scribe=\"component:actions\" aria-label=\"Acciones del Tweet\">\n<li class=\"Tweet-action\">\n<div class=\"Icon Icon--reply TweetAction-icon Icon--replyEdge\" title=\"Responder\" role=\"img\" aria-label=\"Responder\"><\/div>\n<p><a class=\"TweetAction TweetAction--replyEdge web-intent\" href=\"https:\/\/twitter.com\/intent\/tweet?in_reply_to=911758292283686913\" data-scribe=\"element:reply\">\u00a0<span class=\"TweetAction-stat\" data-scribe=\"element:reply_count\" aria-hidden=\"true\">5<\/span><span class=\"u-hiddenVisually\">5 respuestas<\/span><\/a><\/li>\n<li class=\"Tweet-action\">\n<div class=\"Icon Icon--retweet TweetAction-icon Icon--retweetEdge\" title=\"Retwittear\" role=\"img\" aria-label=\"Retwittear\"><\/div>\n<p><a class=\"TweetAction TweetAction--retweetEdge web-intent\" href=\"https:\/\/twitter.com\/intent\/retweet?tweet_id=911758292283686913\" data-scribe=\"element:retweet\">\u00a0<span class=\"TweetAction-stat\" data-scribe=\"element:retweet_count\" aria-hidden=\"true\">148<\/span><span class=\"u-hiddenVisually\">148 Retweets<\/span><\/a><\/li>\n<li class=\"Tweet-action\">\n<div class=\"Icon Icon--heart TweetAction-icon Icon--heartEdge\" title=\"Me gusta\" role=\"img\" aria-label=\"Me gusta\"><\/div>\n<p><a class=\"TweetAction TweetAction--heartEdge web-intent\" href=\"https:\/\/twitter.com\/intent\/like?tweet_id=911758292283686913\" data-scribe=\"element:heart\">\u00a0<span class=\"TweetAction-stat\" data-scribe=\"element:heart_count\" aria-hidden=\"true\">294<\/span><span class=\"u-hiddenVisually\">294 me gusta<\/span><\/a><\/li>\n<\/ul>\n<\/div>\n<\/blockquote>\n<\/div>\n<div class=\"tweet-InformationCircle--top tweet-InformationCircle--topEdge tweet-InformationCircle\" data-scribe=\"element:notice\"><a class=\"Icon Icon--informationCircleWhite js-privacyNotice\" title=\"Informaci\u00f3n y privacidad de Twitter Ads\" href=\"https:\/\/support.twitter.com\/articles\/20175256\"><span class=\"u-hiddenVisually\">Informaci\u00f3n y privacidad de Twitter Ads<\/span><\/a><\/div>\n<\/div>\n<div class=\"resize-sensor\"><\/div>\n<\/div>\n<p>El Encuentro Nacional Polista se llev\u00f3 a cabo con la presencia de las directivas del partido, la bancada parlamentaria y m\u00e1s de dos mil dirigentes provenientes de todo el pa\u00eds que llenaron de entusiasmo el sal\u00f3n rojo del Hotel Tequendama. Durante el encuentro tambi\u00e9n se presentaron las listas del Polo al Senado y la C\u00e1mara de Representantes.<\/p>\n<p>Robledo fue presentado por su hija Natalia, quien lo describi\u00f3 como un excelente padre y abuelo y como un hombre optimista que ha dedicado su vida a hacer de Colombia un pa\u00eds mejor. En su emotivo discurso, Robledo, el congresista m\u00e1s votado del pa\u00eds y calificado como el mejor senador por cinco a\u00f1os consecutivos, evoc\u00f3 a Carlos Gaviria D\u00edaz y afirm\u00f3 que el Polo no ha perdido el rumbo y sigue siendo el partido de las transformaciones de Colombia.<\/p>\n<h2><img decoding=\"async\" class=\"size-medium wp-image-6511 alignleft\" src=\"https:\/\/i0.wp.com\/jorgerobledo.com\/wp-content\/uploads\/2017\/09\/21761936_1445476285541403_2459619698963706825_n.jpg?resize=300%2C200&amp;ssl=1\" sizes=\"(max-width: 300px) 100vw, 300px\" srcset=\"https:\/\/i0.wp.com\/jorgerobledo.com\/wp-content\/uploads\/2017\/09\/21761936_1445476285541403_2459619698963706825_n.jpg?resize=300%2C200&amp;ssl=1 300w, https:\/\/i0.wp.com\/jorgerobledo.com\/wp-content\/uploads\/2017\/09\/21761936_1445476285541403_2459619698963706825_n.jpg?resize=768%2C512&amp;ssl=1 768w, https:\/\/i0.wp.com\/jorgerobledo.com\/wp-content\/uploads\/2017\/09\/21761936_1445476285541403_2459619698963706825_n.jpg?w=960&amp;ssl=1 960w\" alt=\"\" data-attachment-id=\"6511\" data-permalink=\"https:\/\/jorgerobledo.com\/robledocandidatopresidencial\/21761936_1445476285541403_2459619698963706825_n\/\" data-orig-file=\"https:\/\/i0.wp.com\/jorgerobledo.com\/wp-content\/uploads\/2017\/09\/21761936_1445476285541403_2459619698963706825_n.jpg?fit=960%2C640&amp;ssl=1\" data-orig-size=\"960,640\" data-comments-opened=\"1\" data-image-meta=\"{&quot;aperture&quot;:&quot;0&quot;,&quot;credit&quot;:&quot;&quot;,&quot;camera&quot;:&quot;&quot;,&quot;caption&quot;:&quot;&quot;,&quot;created_timestamp&quot;:&quot;0&quot;,&quot;copyright&quot;:&quot;&quot;,&quot;focal_length&quot;:&quot;0&quot;,&quot;iso&quot;:&quot;0&quot;,&quot;shutter_speed&quot;:&quot;0&quot;,&quot;title&quot;:&quot;&quot;,&quot;orientation&quot;:&quot;0&quot;}\" data-image-title=\"21761936_1445476285541403_2459619698963706825_n\" data-image-description=\"\" data-medium-file=\"https:\/\/i0.wp.com\/jorgerobledo.com\/wp-content\/uploads\/2017\/09\/21761936_1445476285541403_2459619698963706825_n.jpg?fit=300%2C200&amp;ssl=1\" data-large-file=\"https:\/\/i0.wp.com\/jorgerobledo.com\/wp-content\/uploads\/2017\/09\/21761936_1445476285541403_2459619698963706825_n.jpg?fit=640%2C427&amp;ssl=1\" data-recalc-dims=\"1\" \/><strong>El discurso\u00a0<\/strong><\/h2>\n<p>Al presentar las bases de su propuesta program\u00e1tica Robledo se\u00f1al\u00f3 de manera vehemente que como Presidente de los colombianos liderar\u00e1 una gran lucha anticorrupci\u00f3n. \u201cA mi gobierno le toca derrotar a los corruptos. Cero rabo de paja\u201d, sentenci\u00f3.<\/p>\n<p>Frente al empleo, una de las principales preocupaciones de los colombianos, Robledo abog\u00f3 por el empleo decente como base para crear riqueza. Afirm\u00f3 que \u201cColombia dejar\u00e1 de ser el para\u00edso de la tercerizaci\u00f3n laboral\u201d lo cual desat\u00f3 los aplausos de los asistentes.<\/p>\n<p>\u201cEn mi gobierno habr\u00e1 gran empresa pero defenderemos a los medianos y peque\u00f1os, el sol debe salir para todos\u201d as\u00ed mismo agreg\u00f3 que \u201cle toca a la banca mejorar su caminado. Esta bien que hagan negocios, pero deben contribuir al desarrollo del pa\u00eds\u201d.<\/p>\n<p>Robledo precis\u00f3 que en su gobierno \u201cno se van a estatizar empresas, pero tampoco vamos a seguir privatiz\u00e1ndolas\u201d y al respecto advirti\u00f3 \u201cPe\u00f1alosa no tendr\u00e1 un amigo en la Casa de Nari\u00f1o para continuar privatizando el patrimonio p\u00fablico\u201d.<\/p>\n<p>Sobre educaci\u00f3n, Robledo, quien fue profesor durante 26 a\u00f1os de tiempo completo en la Universidad Nacional de Colombia sede Manizales, dijo que impulsar\u00e1 la educaci\u00f3n p\u00fablica, gratuita y prestada por el Estado, que en su gobierno se cumplir\u00e1n los acuerdos con Fecode y en cuanto a Ser Pilo Paga, explic\u00f3 que aunque respetar\u00e1 el programa para quienes est\u00e1n en el, en su gobierno los recursos p\u00fablicos se invertir\u00e1n en educaci\u00f3n p\u00fablica.<\/p>\n<p><img decoding=\"async\" class=\"wp-image-6512 alignright\" src=\"https:\/\/i2.wp.com\/jorgerobledo.com\/wp-content\/uploads\/2017\/09\/Screen-Shot-2017-09-25-at-5.11.44-PM.png?resize=430%2C190&amp;ssl=1\" sizes=\"(max-width: 430px) 100vw, 430px\" srcset=\"https:\/\/i2.wp.com\/jorgerobledo.com\/wp-content\/uploads\/2017\/09\/Screen-Shot-2017-09-25-at-5.11.44-PM.png?resize=1024%2C452&amp;ssl=1 1024w, https:\/\/i2.wp.com\/jorgerobledo.com\/wp-content\/uploads\/2017\/09\/Screen-Shot-2017-09-25-at-5.11.44-PM.png?resize=300%2C132&amp;ssl=1 300w, https:\/\/i2.wp.com\/jorgerobledo.com\/wp-content\/uploads\/2017\/09\/Screen-Shot-2017-09-25-at-5.11.44-PM.png?resize=768%2C339&amp;ssl=1 768w, https:\/\/i2.wp.com\/jorgerobledo.com\/wp-content\/uploads\/2017\/09\/Screen-Shot-2017-09-25-at-5.11.44-PM.png?w=1188&amp;ssl=1 1188w\" alt=\"\" data-attachment-id=\"6512\" data-permalink=\"https:\/\/jorgerobledo.com\/robledocandidatopresidencial\/screen-shot-2017-09-25-at-5-11-44-pm\/\" data-orig-file=\"https:\/\/i2.wp.com\/jorgerobledo.com\/wp-content\/uploads\/2017\/09\/Screen-Shot-2017-09-25-at-5.11.44-PM.png?fit=1188%2C524&amp;ssl=1\" data-orig-size=\"1188,524\" data-comments-opened=\"1\" data-image-meta=\"{&quot;aperture&quot;:&quot;0&quot;,&quot;credit&quot;:&quot;&quot;,&quot;camera&quot;:&quot;&quot;,&quot;caption&quot;:&quot;&quot;,&quot;created_timestamp&quot;:&quot;0&quot;,&quot;copyright&quot;:&quot;&quot;,&quot;focal_length&quot;:&quot;0&quot;,&quot;iso&quot;:&quot;0&quot;,&quot;shutter_speed&quot;:&quot;0&quot;,&quot;title&quot;:&quot;&quot;,&quot;orientation&quot;:&quot;0&quot;}\" data-image-title=\"Screen Shot 2017-09-25 at 5.11.44 PM\" data-image-description=\"\" data-medium-file=\"https:\/\/i2.wp.com\/jorgerobledo.com\/wp-content\/uploads\/2017\/09\/Screen-Shot-2017-09-25-at-5.11.44-PM.png?fit=300%2C132&amp;ssl=1\" data-large-file=\"https:\/\/i2.wp.com\/jorgerobledo.com\/wp-content\/uploads\/2017\/09\/Screen-Shot-2017-09-25-at-5.11.44-PM.png?fit=640%2C283&amp;ssl=1\" data-recalc-dims=\"1\" \/><\/p>\n<p>Frente a los acuerdos de paz y a los di\u00e1logos con otros actores armados, Robledo afirm\u00f3 que cumplir\u00e1n los acuerdos y que en ese sentido, en su gobierno \u201ctambi\u00e9n le toca a la paz\u201d.<\/p>\n<p>Para tener un sistema de salud digno, dijo Robledo, se debe acabar con el negocio de las EPS \u201cle toca a salud, no m\u00e1s EPS\u201d, asever\u00f3. Tambi\u00e9n se comprometi\u00f3 a encabezar una gran campa\u00f1a antidiscriminaci\u00f3n \u201cvamos a convencer a todos los colombianos de que nadie puede ser maltratado por nadie, en mi gobierno le toca a las mujeres, le toca a los ind\u00edgenas, le toca a los LGBTI, le toca a los afro\u201d.<\/p>\n<p>\u201cLe toca a la Soberan\u00eda Nacional\u201d se\u00f1al\u00f3 Robledo al tiempo que asegur\u00f3 que en su gobierno Colombia tendr\u00e1 relaciones arm\u00f3nicas con todos los pa\u00edses del mundo basadas en el respeto y el beneficio mutuo y propuso renegociar los TLC para que sean justos y acordes con las expectativas de los colombianos.<\/p>\n<div class=\"SandboxRoot env-bp-350\" data-twitter-event-id=\"1\">\n<div id=\"twitter-widget-1\" class=\"EmbeddedTweet EmbeddedTweet--edge EmbeddedTweet--mediaForward media-forward js-clickToOpenTarget js-tweetIdInfo tweet-InformationCircle-widgetParent js-enableExperiments\" lang=\"es\" data-click-to-open-target=\"https:\/\/twitter.com\/XiniaNavarro\/status\/911757723854938112\" data-iframe-title=\"Tweet de Twitter\" data-dt-full=\"%{hours24}:%{minutes} - %{day} %{month} %{year}\" data-dt-explicit-timestamp=\"20:02 - 23 sept. 2017\" data-dt-months=\"ene|feb|mar|abr|Mayo|jun|jul|ago|sep|oct|nov|dic\" data-dt-am=\"AM\" data-dt-pm=\"PM\" data-dt-now=\"ahora\" data-dt-s=\"s\" data-dt-m=\"m\" data-dt-h=\"h\" data-dt-second=\"segundo\" data-dt-seconds=\"segundos\" data-dt-minute=\"minuto\" data-dt-minutes=\"minutos\" data-dt-hour=\"hora\" data-dt-hours=\"horas\" data-dt-abbr=\"%{number}%{symbol}\" data-dt-short=\"%{day} %{month}\" data-dt-long=\"%{day} %{month} %{year}\" data-scribe=\"page:tweet\" data-tweet-id=\"911757723854938112\" data-twitter-event-id=\"4\">\n<article class=\"MediaCard\n           MediaCard--mediaForward\n\n           cards-multimedia\n           customisable-border\" dir=\"ltr\" data-scribe=\"component:card\"><\/p>\n<div class=\"MediaCard-media\">\n<div class=\"MediaCard-widthConstraint js-cspForcedStyle\" data-style=\"max-width: 2000px\">\n<div class=\"MediaCard-mediaContainer js-cspForcedStyle\" data-style=\"padding-bottom: 56.2500%\">\n<div class=\"NaturalImage-ctaOverlay PlayButton PlayButton--centered\" data-scribe=\"element:play_button\"><\/div>\n<p><a class=\"MediaCard-mediaAsset MediaCard-mediaPlaceholder NaturalImage NaturalImage--fill js-playableMediaInterstitial\" href=\"https:\/\/twitter.com\/XiniaNavarro\/status\/911757723854938112\"><img data-recalc-dims=\"1\" decoding=\"async\" class=\"NaturalImage-image\" src=\"https:\/\/i0.wp.com\/pbs.twimg.com\/ext_tw_video_thumb\/911755856903106560\/pu\/img\/bZkbdGv-NMgOWtlz.jpg?w=800&#038;ssl=1\" alt=\"\" data-scribe=\"element:poster_image\" \/><\/a><\/div>\n<\/div>\n<\/div>\n<\/article>\n<div class=\"EmbeddedTweet-tweet\">\n<blockquote class=\"Tweet h-entry js-tweetIdInfo subject expanded \n<p>                    is-deciderHtmlWhitespace\" cite=\"https:\/\/twitter.com\/XiniaNavarro\/status\/911757723854938112\" data-tweet-id=\"911757723854938112\" data-scribe=\"section:subject\"><\/p>\n<div class=\"Tweet-header u-cf\">\n<div class=\"Tweet-brand u-floatRight\">\n<div class=\"Icon Icon--twitter \" title=\"\" role=\"presentation\" aria-label=\"\"><\/div>\n<p><span class=\"u-hiddenInNarrowEnv\"><a class=\"FollowButton FollowButton--edge follow-button profile\" title=\"Seguir a Xinia Navarro en Twitter\" role=\"button\" href=\"https:\/\/twitter.com\/XiniaNavarro\" data-scribe=\"component:followbutton\">\u00a0Seguir<\/a><\/span><\/div>\n<div class=\"TweetAuthor \" data-scribe=\"component:author\"><a class=\"TweetAuthor-link Identity u-linkBlend\" href=\"https:\/\/twitter.com\/XiniaNavarro\" data-scribe=\"element:user_link\" aria-label=\"Xinia Navarro (nombre de pantalla: XiniaNavarro)\"><span class=\"TweetAuthor-avatar Identity-avatar\"><img data-recalc-dims=\"1\" decoding=\"async\" class=\"Avatar Avatar--edge\" src=\"https:\/\/i0.wp.com\/pbs.twimg.com\/profile_images\/910186761644646402\/QiL6-DCV_bigger.jpg?w=800&#038;ssl=1\" alt=\"\" data-scribe=\"element:avatar\" data-src-2x=\"https:\/\/pbs.twimg.com\/profile_images\/910186761644646402\/QiL6-DCV_bigger.jpg\" data-src-1x=\"https:\/\/pbs.twimg.com\/profile_images\/910186761644646402\/QiL6-DCV_normal.jpg\" \/><\/span><span class=\"TweetAuthor-name Identity-name customisable-highlight\" title=\"Xinia Navarro\" data-scribe=\"element:name\">Xinia Navarro<\/span>\u00a0<span class=\"TweetAuthor-screenName Identity-screenName\" dir=\"ltr\" title=\"@XiniaNavarro\" data-scribe=\"element:screen_name\">@XiniaNavarro<\/span><\/a><\/div>\n<\/div>\n<div class=\"Tweet-body e-entry-content\" data-scribe=\"component:tweet\">\n<p class=\"Tweet-text e-entry-title\" dir=\"ltr\" lang=\"es\">&#8220;Mi pap\u00e1 es un optimista porque ha dedicado la vida entera a hacer de Colombia un pa\u00eds mejor&#8221;: Natalia hija de\u00a0<a class=\"PrettyLink profile customisable h-card\" dir=\"ltr\" href=\"https:\/\/twitter.com\/JERobledo\" data-mentioned-user-id=\"268322810\" data-scribe=\"element:mention\"><span class=\"PrettyLink-prefix\">@<\/span><span class=\"PrettyLink-value\">JERobledo<\/span><\/a><a class=\"PrettyLink hashtag customisable\" dir=\"ltr\" href=\"https:\/\/twitter.com\/hashtag\/LeTocaAColombia?src=hash\" rel=\"tag\" data-query-source=\"hashtag_click\" data-scribe=\"element:hashtag\"><span class=\"PrettyLink-prefix\">#<\/span><span class=\"PrettyLink-value\">LeTocaAColombia<\/span><\/a><\/p>\n<div class=\"Tweet-metadata dateline\"><a class=\"u-linkBlend u-url customisable-highlight long-permalink\" href=\"https:\/\/twitter.com\/XiniaNavarro\/status\/911757723854938112\" data-datetime=\"2017-09-24T01:02:35+0000\" data-scribe=\"element:full_timestamp\"><time class=\"dt-updated\" title=\"Publicado a las: 24 de septiembre de 2017 1:02:35 (UTC)\" datetime=\"2017-09-24T01:02:35+0000\">20:02 &#8211; 23 sept. 2017<\/time><\/a><\/div>\n<ul class=\"Tweet-actions\" role=\"menu\" data-scribe=\"component:actions\" aria-label=\"Acciones del Tweet\">\n<li class=\"Tweet-action\">\n<div class=\"Icon Icon--reply TweetAction-icon Icon--replyEdge\" title=\"Responder\" role=\"img\" aria-label=\"Responder\"><\/div>\n<p><a class=\"TweetAction TweetAction--replyEdge web-intent\" href=\"https:\/\/twitter.com\/intent\/tweet?in_reply_to=911757723854938112\" data-scribe=\"element:reply\">\u00a0<span class=\"TweetAction-stat\" data-scribe=\"element:reply_count\" aria-hidden=\"true\">4<\/span><span class=\"u-hiddenVisually\">4 respuestas<\/span><\/a><\/li>\n<li class=\"Tweet-action\">\n<div class=\"Icon Icon--retweet TweetAction-icon Icon--retweetEdge\" title=\"Retwittear\" role=\"img\" aria-label=\"Retwittear\"><\/div>\n<p><a class=\"TweetAction TweetAction--retweetEdge web-intent\" href=\"https:\/\/twitter.com\/intent\/retweet?tweet_id=911757723854938112\" data-scribe=\"element:retweet\">\u00a0<span class=\"TweetAction-stat\" data-scribe=\"element:retweet_count\" aria-hidden=\"true\">54<\/span><span class=\"u-hiddenVisually\">54 Retweets<\/span><\/a><\/li>\n<li class=\"Tweet-action\">\n<div class=\"Icon Icon--heart TweetAction-icon Icon--heartEdge\" title=\"Me gusta\" role=\"img\" aria-label=\"Me gusta\"><\/div>\n<p><a class=\"TweetAction TweetAction--heartEdge web-intent\" href=\"https:\/\/twitter.com\/intent\/like?tweet_id=911757723854938112\" data-scribe=\"element:heart\">\u00a0<span class=\"TweetAction-stat\" data-scribe=\"element:heart_count\" aria-hidden=\"true\">74<\/span><span class=\"u-hiddenVisually\">74 me gusta<\/span><\/a><\/li>\n<\/ul>\n<\/div>\n<\/blockquote>\n<\/div>\n<div class=\"tweet-InformationCircle--top tweet-InformationCircle--topEdge tweet-InformationCircle\" data-scribe=\"element:notice\"><a class=\"Icon Icon--informationCircleWhite js-privacyNotice\" title=\"Informaci\u00f3n y privacidad de Twitter Ads\" href=\"https:\/\/support.twitter.com\/articles\/20175256\"><span class=\"u-hiddenVisually\">Informaci\u00f3n y privacidad de Twitter Ads<\/span><\/a><\/div>\n<\/div>\n<div class=\"resize-sensor\"><\/div>\n<\/div>\n<h2>La #Coalici\u00f3nColombia<\/h2>\n<p>Al Encuentro Polista tambi\u00e9n asisti\u00f3 la candidata presidencial del Partido Verde Claudia L\u00f3pez qui\u00e9n fue recibida en medio de gestos de compa\u00f1erismo y en su saludo afirm\u00f3 que junto a Robledo y Fajardo en 2018 \u201cderrotaremos la ciza\u00f1a y el coscorr\u00f3n\u201d. Por su parte, el candidato presidencial de Compromiso Ciudadano Sergio Fajardo envi\u00f3 una comunicaci\u00f3n que cay\u00f3 muy bien entre los polistas en la que calific\u00f3 a Robledo como \u201cun candidato de lujo\u201d.<\/p>\n<p>Con ambos movimientos el Polo adelante la conformaci\u00f3n de la #Coalici\u00f3nColombia para disputar el poder nacional en 2018. A ellos Robledo les dijo \u201cCuenten Claudia y Sergio con que seremos leales con lo acordado\u201d.<\/p>\n<p>El candidato presidencial del Polo clausur\u00f3 el evento diciendo \u201cestamos convencidos de que este pa\u00eds s\u00ed tiene arreglo, de que el sol s\u00ed puede brillar para todos, por eso en 2018 LE TOCA A COLOMBIA\u201d.<\/p>\n<p>Con la etiqueta #LeTocaAColombia miles de voluntarios y seguidores del Polo y de Robledo siguieron el evento a trav\u00e9s de las redes sociales donde la etiqueta se convirti\u00f3 en la primera tendencia del pa\u00eds durante todo el d\u00eda.<\/p>\n<div class=\"SandboxRoot env-bp-350\" data-twitter-event-id=\"2\">\n<div id=\"twitter-widget-2\" class=\"EmbeddedTweet EmbeddedTweet--edge EmbeddedTweet--mediaForward media-forward js-clickToOpenTarget js-tweetIdInfo tweet-InformationCircle-widgetParent js-enableExperiments\" lang=\"es\" data-click-to-open-target=\"https:\/\/twitter.com\/VoluntariosJER\/status\/911802562659147776\" data-iframe-title=\"Tweet de Twitter\" data-dt-full=\"%{hours24}:%{minutes} - %{day} %{month} %{year}\" data-dt-explicit-timestamp=\"23:00 - 23 sept. 2017\" data-dt-months=\"ene|feb|mar|abr|Mayo|jun|jul|ago|sep|oct|nov|dic\" data-dt-am=\"AM\" data-dt-pm=\"PM\" data-dt-now=\"ahora\" data-dt-s=\"s\" data-dt-m=\"m\" data-dt-h=\"h\" data-dt-second=\"segundo\" data-dt-seconds=\"segundos\" data-dt-minute=\"minuto\" data-dt-minutes=\"minutos\" data-dt-hour=\"hora\" data-dt-hours=\"horas\" data-dt-abbr=\"%{number}%{symbol}\" data-dt-short=\"%{day} %{month}\" data-dt-long=\"%{day} %{month} %{year}\" data-scribe=\"page:tweet\" data-tweet-id=\"911802562659147776\" data-twitter-event-id=\"3\">\n<article class=\"MediaCard\n           MediaCard--mediaForward\n\n           cards-multimedia\n           customisable-border\" dir=\"ltr\" data-scribe=\"component:card\"><\/p>\n<div class=\"MediaCard-media\">\n<div class=\"MediaCard-widthConstraint js-cspForcedStyle\" data-style=\"max-width: 2000px\">\n<div class=\"MediaCard-mediaContainer js-cspForcedStyle\" data-style=\"padding-bottom: 56.2500%\">\n<div class=\"NaturalImage-ctaOverlay PlayButton PlayButton--centered\" data-scribe=\"element:play_button\"><\/div>\n<p><a class=\"MediaCard-mediaAsset MediaCard-mediaPlaceholder NaturalImage NaturalImage--fill js-playableMediaInterstitial\" href=\"https:\/\/twitter.com\/VoluntariosJER\/status\/911802562659147776\"><img data-recalc-dims=\"1\" decoding=\"async\" class=\"NaturalImage-image\" src=\"https:\/\/i0.wp.com\/pbs.twimg.com\/ext_tw_video_thumb\/911802508565188609\/pu\/img\/r4OG8QwjJusYCO7h.jpg?w=800&#038;ssl=1\" alt=\"\" data-scribe=\"element:poster_image\" \/><\/a><\/div>\n<\/div>\n<\/div>\n<\/article>\n<div class=\"EmbeddedTweet-tweet\">\n<blockquote class=\"Tweet h-entry js-tweetIdInfo subject expanded \n<p>                    is-deciderHtmlWhitespace\" cite=\"https:\/\/twitter.com\/VoluntariosJER\/status\/911802562659147776\" data-tweet-id=\"911802562659147776\" data-scribe=\"section:subject\"><\/p>\n<div class=\"Tweet-header u-cf\">\n<div class=\"Tweet-brand u-floatRight\">\n<div class=\"Icon Icon--twitter \" title=\"\" role=\"presentation\" aria-label=\"\"><\/div>\n<p><span class=\"u-hiddenInNarrowEnv\"><a class=\"FollowButton FollowButton--edge follow-button profile\" title=\"Seguir a Voluntarios Robledo en Twitter\" role=\"button\" href=\"https:\/\/twitter.com\/VoluntariosJER\" data-scribe=\"component:followbutton\">\u00a0Seguir<\/a><\/span><\/div>\n<div class=\"TweetAuthor \" data-scribe=\"component:author\"><a class=\"TweetAuthor-link Identity u-linkBlend\" href=\"https:\/\/twitter.com\/VoluntariosJER\" data-scribe=\"element:user_link\" aria-label=\"Voluntarios Robledo (nombre de pantalla: VoluntariosJER)\"><span class=\"TweetAuthor-avatar Identity-avatar\"><img data-recalc-dims=\"1\" decoding=\"async\" class=\"Avatar Avatar--edge\" src=\"https:\/\/i0.wp.com\/pbs.twimg.com\/profile_images\/830556969119395844\/-ZOowkxQ_bigger.jpg?w=800&#038;ssl=1\" alt=\"\" data-scribe=\"element:avatar\" data-src-2x=\"https:\/\/pbs.twimg.com\/profile_images\/830556969119395844\/-ZOowkxQ_bigger.jpg\" data-src-1x=\"https:\/\/pbs.twimg.com\/profile_images\/830556969119395844\/-ZOowkxQ_normal.jpg\" \/><\/span><span class=\"TweetAuthor-name Identity-name customisable-highlight\" title=\"Voluntarios Robledo\" data-scribe=\"element:name\">Voluntarios Robledo<\/span>\u00a0<span class=\"TweetAuthor-screenName Identity-screenName\" dir=\"ltr\" title=\"@VoluntariosJER\" data-scribe=\"element:screen_name\">@VoluntariosJER<\/span><\/a><\/div>\n<\/div>\n<div class=\"Tweet-body e-entry-content\" data-scribe=\"component:tweet\">\n<p class=\"Tweet-text e-entry-title\" dir=\"ltr\" lang=\"es\">10:51 de la noche: Hace un rato termin\u00f3 el acto y los\u00a0<a class=\"PrettyLink hashtag customisable\" dir=\"ltr\" href=\"https:\/\/twitter.com\/hashtag\/VoluntariosRobledo?src=hash\" rel=\"tag\" data-query-source=\"hashtag_click\" data-scribe=\"element:hashtag\"><span class=\"PrettyLink-prefix\">#<\/span><span class=\"PrettyLink-value\">VoluntariosRobledo<\/span><\/a>\u00a0seguimos trabajando con todo el \u00e1nimo\u00a0<img data-recalc-dims=\"1\" decoding=\"async\" class=\"Emoji Emoji--forText\" title=\"B\u00edceps flexionado (medium light skin tone)\" draggable=\"false\" src=\"https:\/\/i0.wp.com\/abs.twimg.com\/emoji\/v2\/72x72\/1f4aa-1f3fc.png?w=800&#038;ssl=1\" alt=\"&#x1f4aa;&#x1f3fc;\" aria-label=\"Emoji: B\u00edceps flexionado (medium light skin tone)\" \/><a class=\"PrettyLink hashtag customisable\" dir=\"ltr\" href=\"https:\/\/twitter.com\/hashtag\/LeTocaAColombia?src=hash\" rel=\"tag\" data-query-source=\"hashtag_click\" data-scribe=\"element:hashtag\"><span class=\"PrettyLink-prefix\">#<\/span><span class=\"PrettyLink-value\">LeTocaAColombia<\/span><\/a><\/p>\n<div class=\"Tweet-metadata dateline\"><a class=\"u-linkBlend u-url customisable-highlight long-permalink\" href=\"https:\/\/twitter.com\/VoluntariosJER\/status\/911802562659147776\" data-datetime=\"2017-09-24T04:00:46+0000\" data-scribe=\"element:full_timestamp\"><time class=\"dt-updated\" title=\"Publicado a las: 24 de septiembre de 2017 4:00:46 (UTC)\" datetime=\"2017-09-24T04:00:46+0000\">23:00 &#8211; 23 sept. 2017<\/time><\/a><\/div>\n<ul class=\"Tweet-actions\" role=\"menu\" data-scribe=\"component:actions\" aria-label=\"Acciones del Tweet\">\n<li class=\"Tweet-action\">\n<div class=\"Icon Icon--reply TweetAction-icon Icon--replyEdge\" title=\"Responder\" role=\"img\" aria-label=\"Responder\"><\/div>\n<p><a class=\"TweetAction TweetAction--replyEdge web-intent\" href=\"https:\/\/twitter.com\/intent\/tweet?in_reply_to=911802562659147776\" data-scribe=\"element:reply\">\u00a0<span class=\"u-hiddenVisually\">respuestas<\/span><\/a><\/li>\n<li class=\"Tweet-action\">\n<div class=\"Icon Icon--retweet TweetAction-icon Icon--retweetEdge\" title=\"Retwittear\" role=\"img\" aria-label=\"Retwittear\"><\/div>\n<p><a class=\"TweetAction TweetAction--retweetEdge web-intent\" href=\"https:\/\/twitter.com\/intent\/retweet?tweet_id=911802562659147776\" data-scribe=\"element:retweet\">\u00a0<span class=\"TweetAction-stat\" data-scribe=\"element:retweet_count\" aria-hidden=\"true\">31<\/span><span class=\"u-hiddenVisually\">31 Retweets<\/span><\/a><\/li>\n<li class=\"Tweet-action\">\n<div class=\"Icon Icon--heart TweetAction-icon Icon--heartEdge\" title=\"Me gusta\" role=\"img\" aria-label=\"Me gusta\"><\/div>\n<p><a class=\"TweetAction TweetAction--heartEdge web-intent\" href=\"https:\/\/twitter.com\/intent\/like?tweet_id=911802562659147776\" data-scribe=\"element:heart\">\u00a0<span class=\"TweetAction-stat\" data-scribe=\"element:heart_count\" aria-hidden=\"true\">64<\/span><span class=\"u-hiddenVisually\">64 me gusta<\/span><\/a><\/li>\n<\/ul>\n<\/div>\n<\/blockquote>\n<\/div>\n<div class=\"tweet-InformationCircle--top tweet-InformationCircle--topEdge tweet-InformationCircle\" data-scribe=\"element:notice\"><a class=\"Icon Icon--informationCircleWhite js-privacyNotice\" title=\"Informaci\u00f3n y privacidad de Twitter Ads\" href=\"https:\/\/support.twitter.com\/articles\/20175256\"><span class=\"u-hiddenVisually\">Informaci\u00f3n y privacidad de Twitter Ads<\/span><\/a><\/div>\n<\/div>\n<div class=\"resize-sensor\"><\/div>\n<\/div>\n<p>&nbsp;<\/p>\n<p>Reviva el Encuentro Nacional Polista y el discurso de Jorge Enrique Robledo a partir del minuto 2:39:00.<\/p>\n<div class=\"jetpack-video-wrapper\"><span class=\"embed-youtube\"><iframe class=\"youtube-player\" src=\"https:\/\/www.youtube.com\/embed\/p3_JxKHj2O4?version=3&amp;rel=1&amp;fs=1&amp;autohide=2&amp;showsearch=0&amp;showinfo=1&amp;iv_load_policy=1&amp;wmode=transparent\" width=\"300\" height=\"150\" allowfullscreen=\"allowfullscreen\" data-ratio=\"0.609375\" data-width=\"640\" data-height=\"390\" data-mce-fragment=\"1\"><\/iframe><\/span><\/div>\n<p>Audio de la intervenci\u00f3n del Jorge Enrique Robledo<\/p>\n<p><iframe src=\"https:\/\/w.soundcloud.com\/player\/?visual=true&amp;url=http%3A%2F%2Fapi.soundcloud.com%2Ftracks%2F344022856&amp;show_artwork=true\" width=\"300\" height=\"150\" allowfullscreen=\"allowfullscreen\" data-mce-fragment=\"1\"><\/iframe><\/p>\n","protected":false},"excerpt":{"rendered":"<p>Oficina de prensa del senador Jorge Enrique Robledo, Bogot\u00e1, septiembre 25 de 2017 Frente a m\u00e1s 2000 dirigentes de todo el pa\u00eds Jorge Enrique Robledo fue proclamado candidato \u00fanico del Polo Democr\u00e1tico Alternativo a la Presidencia de la Rep\u00fablica. El Polo tambi\u00e9n present\u00f3 sus listas al Senado y a la C\u00e1mara de Representantes. Acompa\u00f1ado de [&hellip;]<\/p>\n","protected":false},"author":1,"featured_media":13369,"comment_status":"open","ping_status":"open","sticky":false,"template":"","format":"standard","meta":{"advanced_seo_description":"","jetpack_seo_html_title":"","jetpack_seo_noindex":false,"_jetpack_memberships_contains_paid_content":false,"footnotes":""},"categories":[114,76,102,103,97,4,107,98,96,108,109],"tags":[],"class_list":["post-13368","post","type-post","status-publish","format-standard","has-post-thumbnail","hentry","category-agro","category-ciencia","category-economia","category-educacion","category-imperialismo-y-neoliberalismo","category-jorge-enrique-robledo","category-mineria-y-petroleo","category-politica","category-salud-y-pensiones","category-servicios-publicos-articulos-de-actualidad","category-sindical"],"jetpack_featured_media_url":"https:\/\/i0.wp.com\/moir.com.co\/web\/wp-content\/uploads\/2017\/09\/robledoproclamacion.png?fit=472%2C396&ssl=1","jetpack-related-posts":[{"id":13371,"url":"https:\/\/moir.com.co\/web\/robledo-proclamado-candidato-presidencial-del-polo-gran-debate-contra-la-corrupcion-en-el-poder\/","url_meta":{"origin":13368,"position":0},"title":"Robledo proclamado candidato presidencial del Polo. Gran debate contra la corrupci\u00f3n en el poder","author":"admin","date":"septiembre 26, 2017","format":false,"excerpt":"Oficina de prensa del senador Jorge Enrique Robledo, Bogot\u00e1, septiembre 26 de 2017 Frente a m\u00e1s 2000 dirigentes de todo el pa\u00eds Jorge Enrique Robledo fue proclamado candidato \u00fanico del Polo Democr\u00e1tico Alternativo a la Presidencia de la Rep\u00fablica. El Polo tambi\u00e9n present\u00f3 sus listas al Senado y a la\u2026","rel":"","context":"En \u00abEconom\u00eda\u00bb","block_context":{"text":"Econom\u00eda","link":"https:\/\/moir.com.co\/web\/category\/temas\/economia\/"},"img":{"alt_text":"","src":"https:\/\/i0.wp.com\/moir.com.co\/web\/wp-content\/uploads\/2017\/09\/robledoproclamacion2.jpeg?fit=937%2C667&ssl=1&resize=350%2C200","width":350,"height":200,"srcset":"https:\/\/i0.wp.com\/moir.com.co\/web\/wp-content\/uploads\/2017\/09\/robledoproclamacion2.jpeg?fit=937%2C667&ssl=1&resize=350%2C200 1x, https:\/\/i0.wp.com\/moir.com.co\/web\/wp-content\/uploads\/2017\/09\/robledoproclamacion2.jpeg?fit=937%2C667&ssl=1&resize=525%2C300 1.5x, https:\/\/i0.wp.com\/moir.com.co\/web\/wp-content\/uploads\/2017\/09\/robledoproclamacion2.jpeg?fit=937%2C667&ssl=1&resize=700%2C400 2x"},"classes":[]},{"id":3903,"url":"https:\/\/moir.com.co\/web\/con-multitudinario-acto-en-sincelejo-inicia-campana-de-gustavo-petro-en-2010\/","url_meta":{"origin":13368,"position":1},"title":"Con multitudinario acto en Sincelejo inicia campa\u00f1a de Gustavo Petro en 2010","author":"admin","date":"enero 9, 2010","format":false,"excerpt":"M\u00e1s de mil personas asistieron al primer acto de campa\u00f1a del 2010 del candidato a la presidencia de la Rep\u00fablica por el Polo Democr\u00e1tico Alternativo, Gustavo Petro. Hombres y mujeres de todos los rincones del departamento de Sucre asistieron al auditorio de la Asociaci\u00f3n de Educadores de Sucre en la\u2026","rel":"","context":"En \u00abPolo Democr\u00e1tico Alternativo\u00bb","block_context":{"text":"Polo Democr\u00e1tico Alternativo","link":"https:\/\/moir.com.co\/web\/category\/polo-democratico-alternativo\/"},"img":{"alt_text":"","src":"","width":0,"height":0},"classes":[]},{"id":3834,"url":"https:\/\/moir.com.co\/web\/proclamada-ayer-olga-b-gonzalez-como-candidata-a-la-camara-por-tolima-en-formula-con-robledo\/","url_meta":{"origin":13368,"position":2},"title":"Proclamada ayer Olga B. Gonz\u00e1lez como candidata a la C\u00e1mara por Tolima en f\u00f3rmula con Robledo","author":"admin","date":"diciembre 4, 2009","format":false,"excerpt":"Olga Beatriz Gonz\u00e1lez fue proclamada ayer en el Hotel Ambal\u00e1, de Ibagu\u00e9, como candidata a la C\u00e1mara de Representantes para el per\u00edodo 2010-2014. La reconocida fundadora y dirigente nacional del Polo har\u00e1 f\u00f3rmula con el senador Jorge Enrique Robledo. Olga B., como es conocida en el departamento, fue la candidata\u2026","rel":"","context":"En \u00abJorge Enrique Robledo\u00bb","block_context":{"text":"Jorge Enrique Robledo","link":"https:\/\/moir.com.co\/web\/category\/jorge-enrique-robledo\/"},"img":{"alt_text":"","src":"","width":0,"height":0},"classes":[]},{"id":11809,"url":"https:\/\/moir.com.co\/web\/resolucion-n-071-por-la-cual-se-designa-a-jorge-enrique-robledo-como-candidato-presidencial-del-polo-para-el-2018\/","url_meta":{"origin":13368,"position":3},"title":"Resoluci\u00f3n N\u00b0 071 por la cual se designa a Jorge Enrique Robledo como candidato presidencial del Polo para el 2018","author":"admin","date":"febrero 28, 2017","format":false,"excerpt":"Comit\u00e9 Ejecutivo Nacional del Polo, Bogot\u00e1, febrero 27 de 2017 El Comit\u00e9 Ejecutivo Nacional del Polo Democr\u00e1tico Alternativo, PDA, citado de conformidad con el art\u00edculo 14 de los Estatutos, en correspondencia con la pol\u00edtica electoral aprobada en el IV Congreso Nacional, en la Junta Directiva Nacional de diciembre de 2016,\u2026","rel":"","context":"En \u00abJorge Enrique Robledo\u00bb","block_context":{"text":"Jorge Enrique Robledo","link":"https:\/\/moir.com.co\/web\/category\/jorge-enrique-robledo\/"},"img":{"alt_text":"","src":"https:\/\/i0.wp.com\/moir.com.co\/web\/wp-content\/uploads\/2016\/12\/polobandera.jpg?fit=750%2C400&ssl=1&resize=350%2C200","width":350,"height":200,"srcset":"https:\/\/i0.wp.com\/moir.com.co\/web\/wp-content\/uploads\/2016\/12\/polobandera.jpg?fit=750%2C400&ssl=1&resize=350%2C200 1x, https:\/\/i0.wp.com\/moir.com.co\/web\/wp-content\/uploads\/2016\/12\/polobandera.jpg?fit=750%2C400&ssl=1&resize=525%2C300 1.5x, https:\/\/i0.wp.com\/moir.com.co\/web\/wp-content\/uploads\/2016\/12\/polobandera.jpg?fit=750%2C400&ssl=1&resize=700%2C400 2x"},"classes":[]},{"id":3818,"url":"https:\/\/moir.com.co\/web\/homenaje-a-jorge-enrique-robledo-y-german-navas-talero-un-acto-de-unidad\/","url_meta":{"origin":13368,"position":4},"title":"Homenaje a Jorge Enrique Robledo y German Navas Talero un Acto de Unidad","author":"admin","date":"noviembre 29, 2009","format":false,"excerpt":"El jueves 26 de noviembre se realiz\u00f3 en Bogot\u00e1 el homenaje a Jorge Enrique Robledo y German Navas Talero. Este fue un acto de reconocimiento a la excelsa labor que adelantan estos dos parlamentarios en el Congreso de la Rep\u00fablica por hacer de Colombia un pa\u00eds aut\u00e9nticamente soberano y democr\u00e1tico.\u2026","rel":"","context":"En \u00abTemas\u00bb","block_context":{"text":"Temas","link":"https:\/\/moir.com.co\/web\/category\/temas\/"},"img":{"alt_text":"","src":"","width":0,"height":0},"classes":[]},{"id":5711,"url":"https:\/\/moir.com.co\/web\/el-senador-robledo-no-sera-candidato-a-la-alcaldia-de-bogota\/","url_meta":{"origin":13368,"position":5},"title":"El senador Robledo no ser\u00e1 candidato a la Alcald\u00eda de Bogot\u00e1","author":"admin","date":"junio 15, 2011","format":false,"excerpt":"Luego de analizar las posibilidades pol\u00edticas y jur\u00eddicas de una candidatura suya a la Alcald\u00eda de Bogot\u00e1, el senador Jorge Enrique Robledo anunci\u00f3 que, \u201cdefinitivamente, no propondr\u00e9 mi nombre para alcalde de la capital de la Rep\u00fablica. Seguir\u00e9 en el Senado y respaldar\u00e9 el candidato que el Polo Democr\u00e1tico Alternativo\u2026","rel":"","context":"En \u00abJorge Enrique Robledo\u00bb","block_context":{"text":"Jorge Enrique Robledo","link":"https:\/\/moir.com.co\/web\/category\/jorge-enrique-robledo\/"},"img":{"alt_text":"","src":"","width":0,"height":0},"classes":[]}],"jetpack_sharing_enabled":true,"_links":{"self":[{"href":"https:\/\/moir.com.co\/web\/wp-json\/wp\/v2\/posts\/13368","targetHints":{"allow":["GET"]}}],"collection":[{"href":"https:\/\/moir.com.co\/web\/wp-json\/wp\/v2\/posts"}],"about":[{"href":"https:\/\/moir.com.co\/web\/wp-json\/wp\/v2\/types\/post"}],"author":[{"embeddable":true,"href":"https:\/\/moir.com.co\/web\/wp-json\/wp\/v2\/users\/1"}],"replies":[{"embeddable":true,"href":"https:\/\/moir.com.co\/web\/wp-json\/wp\/v2\/comments?post=13368"}],"version-history":[{"count":1,"href":"https:\/\/moir.com.co\/web\/wp-json\/wp\/v2\/posts\/13368\/revisions"}],"predecessor-version":[{"id":13370,"href":"https:\/\/moir.com.co\/web\/wp-json\/wp\/v2\/posts\/13368\/revisions\/13370"}],"wp:featuredmedia":[{"embeddable":true,"href":"https:\/\/moir.com.co\/web\/wp-json\/wp\/v2\/media\/13369"}],"wp:attachment":[{"href":"https:\/\/moir.com.co\/web\/wp-json\/wp\/v2\/media?parent=13368"}],"wp:term":[{"taxonomy":"category","embeddable":true,"href":"https:\/\/moir.com.co\/web\/wp-json\/wp\/v2\/categories?post=13368"},{"taxonomy":"post_tag","embeddable":true,"href":"https:\/\/moir.com.co\/web\/wp-json\/wp\/v2\/tags?post=13368"}],"curies":[{"name":"wp","href":"https:\/\/api.w.org\/{rel}","templated":true}]}}