{"id":13346,"date":"2017-09-23T15:45:59","date_gmt":"2017-09-23T15:45:59","guid":{"rendered":"https:\/\/moir.org.co\/web\/?p=13346"},"modified":"2017-09-23T15:45:59","modified_gmt":"2017-09-23T15:45:59","slug":"en-2018-le-toca-a-colombia","status":"publish","type":"post","link":"https:\/\/moir.com.co\/web\/en-2018-le-toca-a-colombia\/","title":{"rendered":"En 2018 le toca a Colombia"},"content":{"rendered":"<p><strong>Jorge Enrique Robledo, Bogot\u00e1, septiembre 22 de 2017<\/strong><\/p>\n<p>Un d\u00eda en un ascensor, una se\u00f1ora me dijo: \u201cEstamos mamados, no, \u00a1remamados!\u201d, a lo que un joven agreg\u00f3 \u201cde los mismos con las mismas\u201d. Y por donde voy, entre coste\u00f1os y cachacos, trabajadores y empresarios y del estrato uno al veinte, escucho igual reclamo. Al pa\u00eds se le llen\u00f3 la tasa, ya no con los unos o con los otros, como ocurri\u00f3 en el plebiscito, sino con los unos y los otros, refiri\u00e9ndose a los que han mandado en Colombia, hecho pol\u00edtico nuevo al que le sirvi\u00f3 de detonante el esc\u00e1ndalo de Odebrecht.<\/p>\n<p>Son muy exitosas en las redes una foto de 1940 en la que aparecen, como Presidente y ministro, los abuelos de Juan Manuel Santos y Germ\u00e1n Vargas, el recuerdo de que Santos fue ministro de Gaviria, Pastrana y Uribe y la constancia de que a Ord\u00f3\u00f1ez lo eligieron primero los uribistas y luego los santistas, verdad que se explica porque en el Congreso un santista suele ser un ex uribista. \u00a1Y no pocos andan en trance de voltearse otra vez!<\/p>\n<p>Tanta irritaci\u00f3n con \u201clos mismos\u201d tiene sobradas razones, empezando por la situaci\u00f3n econ\u00f3mica y social, en particular desde 1990 cuando, todos ellos \u2013Gaviria, Samper, Pastrana, Uribe y Santos\u2013, decidieron aplicar \u201clas mismas\u201d pol\u00edticas en contra del progreso del pa\u00eds, pol\u00edticas que destruyen el agro y la industria, desemplean o envilecen la calidad del empleo, maltratan a la clase media, agravan la desigualdad social y hacen de la salud y la educaci\u00f3n negocios de mala calidad. Una prueba a la mano: entre el 2003 y 2010, el d\u00f3lar baj\u00f3 de 2.877 pesos a 1.897 \u2013Enfermedad Holandesa\u2013, nivel donde se mantuvo hasta el 2014, presionando el reemplazo de la producci\u00f3n y el trabajo nacional por el extranjero. Mientras tanto, les ha ido muy bien a las trasnacionales y a unos cuantos nativos, en especial, a los que buscan la riqueza r\u00e1pida y f\u00e1cil, no a partir de crearla, con dedicaci\u00f3n y esfuerzos, sino apropi\u00e1ndosela mediante maniobras especulativas y corruptelas.<\/p>\n<p>Si algo adem\u00e1s nos tiene hasta la coronilla, es la descomunal corrupci\u00f3n, la p\u00fablica y la privada, la nacional y la trasnacional, originada en un acuerdo pol\u00edtico que viene desde el Frente Nacional, al igual que el descaro con el que act\u00faan \u201clos mismos\u201d en clave de \u201cnosotros mandamos aqu\u00ed\u201d, tan bien ilustrado por el pacto de impunidad en torno a Odebrecht, el fiscal anticorrupci\u00f3n corrupto, la Corte Suprema y Mart\u00ednez Neira y por su decisi\u00f3n de violar la ley para impedir que se revoque a Pe\u00f1alosa, al que repudian el 80 por ciento de los bogotanos.<\/p>\n<p>Tanta mamadez contra \u201clas mismas\u201d pol\u00edticas tambi\u00e9n se explica porque por fin fracas\u00f3 la calculada divisi\u00f3n con la que \u201clos mismos\u201d han manipulado la pol\u00edtica en el pa\u00eds. Primero, cuando envenenaron a los colombianos para obligarlos a escoger entre los jefes del liberalismo y el conservatismo, mientras entre ellos pescaban en su beneficio y en el de otros cuantos. Y luego, tambi\u00e9n a trav\u00e9s de los partidos hijastros que crearon \u201clos mismos\u201d para continuar con \u201clas mismas\u201d, neg\u00e1ndole a Colombia hasta su potencialidad de crear riqueza y llev\u00e1ndola a una de las peores desigualdades sociales del mundo, tanta, que est\u00e1 en la base de la crisis empresarial porque en el pa\u00eds no hay ni a qui\u00e9n venderle.<\/p>\n<p>Lo que se decidir\u00e1 entonces en 2018 es si se vota continuismo o cambio, es decir, si se elige a otro de \u201clos mismos\u201d o a una opci\u00f3n diferente, que le inicie la modificaci\u00f3n del rumbo del pa\u00eds, derrote la corrupci\u00f3n, consolide el proceso de paz e impulse en serio una econom\u00eda de mercado en la que de verdad se estimule que se cree m\u00e1s riqueza y se reduzca la pobreza. Con este fin, con Claudia L\u00f3pez y Sergio Fajardo, y nuestras respectivas organizaciones, acordamos construir una coalici\u00f3n para ir unidos en una lista al Senado y una sola candidatura a la Presidencia (Para los detalles\u00a0<a href=\"http:\/\/bit.ly\/2xzEf2r\">http:\/\/bit.ly\/2xzEf2r<\/a>). Bienvenidos todos a esta lucha para que por fin le toque a Colombia.<\/p>\n<p>Coletilla: la Contralor\u00eda acaba de confirmar nuestras acusaciones en el caso Navelena Odebrecht Banco Agrario. El cr\u00e9dito de los 120 mil millones de pesos s\u00ed se hizo violando las normas, la plata est\u00e1 perdida y 50 mil millones de esos fueron para pasarle al Banco Agrario una deuda mala que Navelena ten\u00eda con el Banco de Occidente (<a href=\"http:\/\/bit.ly\/2hoXCFh\">http:\/\/bit.ly\/2hoXCFh<\/a>).<\/p>\n","protected":false},"excerpt":{"rendered":"<p>Jorge Enrique Robledo, Bogot\u00e1, septiembre 22 de 2017 Un d\u00eda en un ascensor, una se\u00f1ora me dijo: \u201cEstamos mamados, no, \u00a1remamados!\u201d, a lo que un joven agreg\u00f3 \u201cde los mismos con las mismas\u201d. Y por donde voy, entre coste\u00f1os y cachacos, trabajadores y empresarios y del estrato uno al veinte, escucho igual reclamo. Al pa\u00eds [&hellip;]<\/p>\n","protected":false},"author":1,"featured_media":13347,"comment_status":"open","ping_status":"open","sticky":false,"template":"","format":"standard","meta":{"advanced_seo_description":"","jetpack_seo_html_title":"","jetpack_seo_noindex":false,"_jetpack_memberships_contains_paid_content":false,"footnotes":""},"categories":[114,101,102,103,97,105,4,98,96],"tags":[],"class_list":["post-13346","post","type-post","status-publish","format-standard","has-post-thumbnail","hentry","category-agro","category-bogota","category-economia","category-educacion","category-imperialismo-y-neoliberalismo","category-internacional-articulos-de-actualidad","category-jorge-enrique-robledo","category-politica","category-salud-y-pensiones"],"jetpack_featured_media_url":"https:\/\/i0.wp.com\/moir.com.co\/web\/wp-content\/uploads\/2017\/09\/letoca.png?fit=768%2C282&ssl=1","jetpack-related-posts":[{"id":2095,"url":"https:\/\/moir.com.co\/web\/a-este-paso-el-ministro-de-la-defensa-va-a-terminar-siendo-apodado-falso-positivo-santos-dice-robledo\/","url_meta":{"origin":13346,"position":0},"title":"A ESTE PASO, EL MINISTRO DE LA DEFENSA VA A TERMINAR SIENDO APODADO \u201cFALSO POSITIVO SANTOS\u201d, DICE ROBLEDO","author":"admin","date":"octubre 30, 2007","format":false,"excerpt":"Oficina de Prensa Senador Jorge Enrique Robledo, Bogot\u00e1, octubre 30 de 2007 Para tapar la derrota sufrida en Bogot\u00e1 por el presidente Uribe V\u00e9lez, el ministro de la Defensa y el Alto Comisionado de Paz salieron a lanzar otro falso positivo contra el doctor Carlos Gaviria, denunci\u00f3 el senador Jorge\u2026","rel":"","context":"En \u00abJorge Enrique Robledo\u00bb","block_context":{"text":"Jorge Enrique Robledo","link":"https:\/\/moir.com.co\/web\/category\/jorge-enrique-robledo\/"},"img":{"alt_text":"","src":"","width":0,"height":0},"classes":[]},{"id":15649,"url":"https:\/\/moir.com.co\/web\/plata-de-regalias-y-del-estado-para-la-luz-en-la-costa-robledo\/","url_meta":{"origin":13346,"position":1},"title":"Plata de regal\u00edas y del Estado para la luz en la Costa: Robledo","author":"admin","date":"agosto 15, 2018","format":false,"excerpt":"Oficina de prensa del senador Jorge Enrique Robledo, Bogot\u00e1, agosto 15 de 2018 Electricaribe debe convertirse en una empresa p\u00fablica y eficiente.\u00a0En la ra\u00edz de los problemas del servicio de electricidad en la Costa Caribe est\u00e1n las malas pol\u00edticas de Uribe y Santos, y Carrasquilla (Duque) propone lo mismo. #ChaoElectricaribe\u00a0\u2026","rel":"","context":"En \u00abEconom\u00eda\u00bb","block_context":{"text":"Econom\u00eda","link":"https:\/\/moir.com.co\/web\/category\/temas\/economia\/"},"img":{"alt_text":"","src":"https:\/\/i0.wp.com\/moir.com.co\/web\/wp-content\/uploads\/2018\/08\/electricariberobledocomision2018.png?fit=481%2C380&ssl=1&resize=350%2C200","width":350,"height":200},"classes":[]},{"id":15663,"url":"https:\/\/moir.com.co\/web\/plata-de-regalias-y-del-estado-para-la-luz-en-la-costa-la-propuesta-de-robledo-para-salir-de-la-crisis-de-electricaribe\/","url_meta":{"origin":13346,"position":2},"title":"Plata de regal\u00edas y del Estado para la luz en la Costa, la propuesta de Robledo para salir de la crisis de Electricaribe.","author":"admin","date":"agosto 16, 2018","format":false,"excerpt":"Oficina de prensa del senador Jorge Enrique Robledo, Bogot\u00e1, agosto 16 de 2018 En la ra\u00edz de los problemas del servicio de electricidad en la Costa Caribe est\u00e1n las malas pol\u00edticas de Uribe y Santos, y Carrasquilla (Duque) propone lo mismo. El senador Jorge Enrique Robledo rechaz\u00f3 la propuesta del\u2026","rel":"","context":"En \u00abEconom\u00eda\u00bb","block_context":{"text":"Econom\u00eda","link":"https:\/\/moir.com.co\/web\/category\/temas\/economia\/"},"img":{"alt_text":"","src":"https:\/\/i0.wp.com\/moir.com.co\/web\/wp-content\/uploads\/2018\/08\/electricaribecomisionV2018.png?fit=442%2C362&ssl=1&resize=350%2C200","width":350,"height":200},"classes":[]},{"id":1985,"url":"https:\/\/moir.com.co\/web\/el-ministro-santos-debe-renunciar-o-bien-porque-sabia-de-las-interceptaciones-o-bien-porque-no-sabia-afirma-el-senador-robledo\/","url_meta":{"origin":13346,"position":3},"title":"EL MINISTRO SANTOS DEBE RENUNCIAR O BIEN PORQUE SAB\u00cdA DE LAS INTERCEPTACIONES O BIEN PORQUE NO SAB\u00cdA, AFIRMA EL SENADOR ROBLEDO","author":"admin","date":"junio 6, 2007","format":false,"excerpt":"Oficina de prensa del Senador Jorge Enrique Robledo, Bogot\u00e1, junio 6 de 2007 El ministro de Defensa, Juan Manuel Santos, debe admitir la responsabilidad pol\u00edtica por las interceptaciones ilegales hechas desde hace dos a\u00f1os a centenares de ciudadanos, incluidos congresistas de oposici\u00f3n y periodistas, \u201co bien porque sab\u00eda, o bien\u2026","rel":"","context":"En \u00abJorge Enrique Robledo\u00bb","block_context":{"text":"Jorge Enrique Robledo","link":"https:\/\/moir.com.co\/web\/category\/jorge-enrique-robledo\/"},"img":{"alt_text":"","src":"","width":0,"height":0},"classes":[]},{"id":2155,"url":"https:\/\/moir.com.co\/web\/carta-al-mintransporte-senador-robledo-rechaza-los-danos-del-megatren-carbonero-a-santa-marta\/","url_meta":{"origin":13346,"position":4},"title":"CARTA AL MINTRANSPORTE: SENADOR ROBLEDO RECHAZA LOS DA\u00d1OS DEL MEGATREN CARBONERO A SANTA MARTA","author":"admin","date":"enero 28, 2008","format":false,"excerpt":"Jorge Enrique Robledo, Bogot\u00e1, enero 28 de 2008 Doctor ANDR\u00c9S URIEL GALLEGO Ministro de Transporte Bogot\u00e1 Uno mi voz a la de tantos que en Santa Marta y en Colombia protestan por la autorizaci\u00f3n que el gobierno nacional le dio al paso del llamado \u201cmegatr\u00e9n\u201d (cien vagones cargados con carb\u00f3n,\u2026","rel":"","context":"En \u00abJorge Enrique Robledo\u00bb","block_context":{"text":"Jorge Enrique Robledo","link":"https:\/\/moir.com.co\/web\/category\/jorge-enrique-robledo\/"},"img":{"alt_text":"","src":"","width":0,"height":0},"classes":[]},{"id":8672,"url":"https:\/\/moir.com.co\/web\/santos-ii-seguira-con-la-misma-politica-agraria-de-santos-i-robledo\/","url_meta":{"origin":13346,"position":5},"title":"Santos II seguir\u00e1 con la misma pol\u00edtica agraria de Santos I: Robledo","author":"admin","date":"agosto 26, 2014","format":false,"excerpt":"Ministro Iragorri y Consejero N\u00e9stor Humberto Mart\u00ednez deben declararse impedidos en tramite de Ley Urrutia-Lizarralde. El gobierno alcahuetea el contrabando. Santos ha disminuido \u00e1rea sembrada en 600.000 hect\u00e1reas. Balanza comercial agraria ha disminuido 87.6% En el debate sobre el estado de la ejecuci\u00f3n presupuestal en el agro el senador Jorge\u2026","rel":"","context":"En \u00abJorge Enrique Robledo\u00bb","block_context":{"text":"Jorge Enrique Robledo","link":"https:\/\/moir.com.co\/web\/category\/jorge-enrique-robledo\/"},"img":{"alt_text":"","src":"","width":0,"height":0},"classes":[]}],"jetpack_sharing_enabled":true,"_links":{"self":[{"href":"https:\/\/moir.com.co\/web\/wp-json\/wp\/v2\/posts\/13346","targetHints":{"allow":["GET"]}}],"collection":[{"href":"https:\/\/moir.com.co\/web\/wp-json\/wp\/v2\/posts"}],"about":[{"href":"https:\/\/moir.com.co\/web\/wp-json\/wp\/v2\/types\/post"}],"author":[{"embeddable":true,"href":"https:\/\/moir.com.co\/web\/wp-json\/wp\/v2\/users\/1"}],"replies":[{"embeddable":true,"href":"https:\/\/moir.com.co\/web\/wp-json\/wp\/v2\/comments?post=13346"}],"version-history":[{"count":1,"href":"https:\/\/moir.com.co\/web\/wp-json\/wp\/v2\/posts\/13346\/revisions"}],"predecessor-version":[{"id":13348,"href":"https:\/\/moir.com.co\/web\/wp-json\/wp\/v2\/posts\/13346\/revisions\/13348"}],"wp:featuredmedia":[{"embeddable":true,"href":"https:\/\/moir.com.co\/web\/wp-json\/wp\/v2\/media\/13347"}],"wp:attachment":[{"href":"https:\/\/moir.com.co\/web\/wp-json\/wp\/v2\/media?parent=13346"}],"wp:term":[{"taxonomy":"category","embeddable":true,"href":"https:\/\/moir.com.co\/web\/wp-json\/wp\/v2\/categories?post=13346"},{"taxonomy":"post_tag","embeddable":true,"href":"https:\/\/moir.com.co\/web\/wp-json\/wp\/v2\/tags?post=13346"}],"curies":[{"name":"wp","href":"https:\/\/api.w.org\/{rel}","templated":true}]}}