{"id":13343,"date":"2017-09-21T17:28:53","date_gmt":"2017-09-21T17:28:53","guid":{"rendered":"https:\/\/moir.org.co\/web\/?p=13343"},"modified":"2017-09-21T17:28:53","modified_gmt":"2017-09-21T17:28:53","slug":"avianca-debe-atender-las-justas-peticiones-de-los-pilotos-robledo","status":"publish","type":"post","link":"https:\/\/moir.com.co\/web\/avianca-debe-atender-las-justas-peticiones-de-los-pilotos-robledo\/","title":{"rendered":"Avianca debe atender las justas peticiones de los pilotos: Robledo"},"content":{"rendered":"<p><strong>Oficina de prensa del senador Jorge Enrique Robledo, Bogot\u00e1, septiembre 20 de 2017<\/strong><\/p>\n<p class=\"m_2665743850120056806p1\"><span class=\"m_2665743850120056806s1\">Despu\u00e9s de expresar su solidaridad con las peticiones de los pilotos de Avianca, el senador Jorge Enrique Robledo hizo un llamado a las partes para que busquen el camino que les permita resolver sus diferencias y llegar a un acuerdo que mejore la calidad de vida de los pilotos y la seguridad a\u00e9rea y normalice el servicio.<\/span><\/p>\n<p class=\"m_2665743850120056806p1\"><span class=\"m_2665743850120056806s1\">Los aviadores agremiados en la Asociaci\u00f3n Colombiana de Aviadores Civiles (Acdac) tuvieron que ejercer su derecho constitucional a la huelga para lograr que la empresa no los siga discriminando, pues ganan mucho menos de lo que la misma empresa les paga a los pilotos en otros pa\u00edses. Tambi\u00e9n piden jornadas de descanso que les permitan reponerse adecuadamente de sus duras jornadas laborales, petici\u00f3n que tambi\u00e9n mejora la seguridad a\u00e9rea en beneficio de los pasajeros.<span class=\"m_2665743850120056806Apple-converted-space\">\u00a0<\/span><\/span><\/p>\n","protected":false},"excerpt":{"rendered":"<p>Oficina de prensa del senador Jorge Enrique Robledo, Bogot\u00e1, septiembre 20 de 2017 Despu\u00e9s de expresar su solidaridad con las peticiones de los pilotos de Avianca, el senador Jorge Enrique Robledo hizo un llamado a las partes para que busquen el camino que les permita resolver sus diferencias y llegar a un acuerdo que mejore [&hellip;]<\/p>\n","protected":false},"author":1,"featured_media":13344,"comment_status":"open","ping_status":"open","sticky":false,"template":"","format":"standard","meta":{"advanced_seo_description":"","jetpack_seo_html_title":"","jetpack_seo_noindex":false,"_jetpack_memberships_contains_paid_content":false,"footnotes":""},"categories":[102,97,4,98,109],"tags":[],"class_list":["post-13343","post","type-post","status-publish","format-standard","has-post-thumbnail","hentry","category-economia","category-imperialismo-y-neoliberalismo","category-jorge-enrique-robledo","category-politica","category-sindical"],"jetpack_featured_media_url":"https:\/\/i0.wp.com\/moir.com.co\/web\/wp-content\/uploads\/2017\/09\/pilotosacdac.png?fit=634%2C369&ssl=1","jetpack-related-posts":[{"id":14590,"url":"https:\/\/moir.com.co\/web\/rechazo-al-despido-de-los-pilotos-en-avianca-robledo\/","url_meta":{"origin":13343,"position":0},"title":"Rechazo al despido de los pilotos en Avianca: Robledo","author":"admin","date":"febrero 27, 2018","format":false,"excerpt":"Oficina de prensa del senador Jorge Enrique Robledo, Bogot\u00e1, febrero 27 de 2018 En laudo arbitral Avianca se comprometi\u00f3 a no perseguir a los pilotos de Acdac; las directivas de la compa\u00f1\u00eda a\u00e9rea deben cesar esta injustificada persecuci\u00f3n. \u201cToda mi solidaridad con los pilotos despedidos de la compa\u00f1\u00eda Avianca\u201d, expres\u00f3\u2026","rel":"","context":"En \u00abEconom\u00eda\u00bb","block_context":{"text":"Econom\u00eda","link":"https:\/\/moir.com.co\/web\/category\/temas\/economia\/"},"img":{"alt_text":"","src":"https:\/\/i0.wp.com\/moir.com.co\/web\/wp-content\/uploads\/2018\/02\/pilotosavianca2017.jpg?fit=768%2C407&ssl=1&resize=350%2C200","width":350,"height":200,"srcset":"https:\/\/i0.wp.com\/moir.com.co\/web\/wp-content\/uploads\/2018\/02\/pilotosavianca2017.jpg?fit=768%2C407&ssl=1&resize=350%2C200 1x, https:\/\/i0.wp.com\/moir.com.co\/web\/wp-content\/uploads\/2018\/02\/pilotosavianca2017.jpg?fit=768%2C407&ssl=1&resize=525%2C300 1.5x, https:\/\/i0.wp.com\/moir.com.co\/web\/wp-content\/uploads\/2018\/02\/pilotosavianca2017.jpg?fit=768%2C407&ssl=1&resize=700%2C400 2x"},"classes":[]},{"id":14631,"url":"https:\/\/moir.com.co\/web\/video-mi-total-desacuerdo-con-el-despido-de-los-pilotos-de-avianca-robledo\/","url_meta":{"origin":13343,"position":1},"title":"Video: Mi total desacuerdo con el despido de los pilotos de Avianca, Robledo","author":"admin","date":"marzo 3, 2018","format":"video","excerpt":"Mi total desacuerdo con la decisi\u00f3n de Efromovich de despedir los pilotos de Avianca que hicieron uso del derecho a la huelga. No m\u00e1s alcahueteria del gobierno nacional. Bogot\u00e1, marzo 2 de 2018","rel":"","context":"En \u00abEconom\u00eda\u00bb","block_context":{"text":"Econom\u00eda","link":"https:\/\/moir.com.co\/web\/category\/temas\/economia\/"},"img":{"alt_text":"","src":"","width":0,"height":0},"classes":[]},{"id":13415,"url":"https:\/\/moir.com.co\/web\/efromovich-o-los-pilotos-quien-es-el-avion\/","url_meta":{"origin":13343,"position":2},"title":"Efromovich o los pilotos: \u00bfQui\u00e9n es el \u2018avi\u00f3n\u2019?","author":"admin","date":"octubre 2, 2017","format":false,"excerpt":"Andr\u00e9s Pach\u00f3n, Bogot\u00e1, octubre 1 de 2017 \"Ilegales\u201d,\u201dinmorales\u201d,\u201dcriminales\u201d,\u201dinsignificante minor\u00eda\u201d,\u201dlos responsables no tengan duda que van a pagar por lo que est\u00e1n haciendo\u201d. Tales se\u00f1alamientos no hacen parte de un discurso contra los implicados en Odebrecht ni contra el Fiscal Anticorrupci\u00f3n Corrupto y su pandilla. Se trata de los calificativos injuriosos\u2026","rel":"","context":"En \u00abEconom\u00eda\u00bb","block_context":{"text":"Econom\u00eda","link":"https:\/\/moir.com.co\/web\/category\/temas\/economia\/"},"img":{"alt_text":"","src":"https:\/\/i0.wp.com\/moir.com.co\/web\/wp-content\/uploads\/2017\/10\/acdacavianca.jpg?fit=1024%2C512&ssl=1&resize=350%2C200","width":350,"height":200,"srcset":"https:\/\/i0.wp.com\/moir.com.co\/web\/wp-content\/uploads\/2017\/10\/acdacavianca.jpg?fit=1024%2C512&ssl=1&resize=350%2C200 1x, https:\/\/i0.wp.com\/moir.com.co\/web\/wp-content\/uploads\/2017\/10\/acdacavianca.jpg?fit=1024%2C512&ssl=1&resize=525%2C300 1.5x, https:\/\/i0.wp.com\/moir.com.co\/web\/wp-content\/uploads\/2017\/10\/acdacavianca.jpg?fit=1024%2C512&ssl=1&resize=700%2C400 2x"},"classes":[]},{"id":13464,"url":"https:\/\/moir.com.co\/web\/colombia-sin-piloto\/","url_meta":{"origin":13343,"position":3},"title":"Colombia sin piloto","author":"admin","date":"octubre 9, 2017","format":false,"excerpt":"Jos\u00e9 Arlex Arias, Cartagena, octubre 9 de 2017 Decir que \u201cColombia anda sin piloto\u201d es una verdad que ratifican todas las encuestas. Lo peor es que el piloto autom\u00e1tico que est\u00e1 al mando de la cabina de control es incapaz de cambiar de rumbo, debido a los compromisos con los\u2026","rel":"","context":"En \u00abEconom\u00eda\u00bb","block_context":{"text":"Econom\u00eda","link":"https:\/\/moir.com.co\/web\/category\/temas\/economia\/"},"img":{"alt_text":"","src":"","width":0,"height":0},"classes":[]},{"id":13491,"url":"https:\/\/moir.com.co\/web\/robledo-saluda-y-respalda-la-gran-jornada-nacional-de-movilizacion-del-12-de-octubre\/","url_meta":{"origin":13343,"position":4},"title":"Robledo saluda y respalda la gran jornada nacional de movilizaci\u00f3n del 12 de octubre","author":"admin","date":"octubre 12, 2017","format":false,"excerpt":"Oficina de prensa del senador Jorge Enrique Robledo, Bogot\u00e1, octubre 12 de 2017 El senador y candidato presidencial Jorge Enrique Robledo manifest\u00f3 su respaldo a la gran jornada nacional de movilizaci\u00f3n que se realiza este 12 de octubre en todo el pa\u00eds. En la jornada participan campesinos y productores agropecuarios\u2026","rel":"","context":"En \u00abAgro\u00bb","block_context":{"text":"Agro","link":"https:\/\/moir.com.co\/web\/category\/temas\/agro\/"},"img":{"alt_text":"","src":"https:\/\/i0.wp.com\/moir.com.co\/web\/wp-content\/uploads\/2017\/10\/12octmovilizacion.png?fit=517%2C362&ssl=1&resize=350%2C200","width":350,"height":200},"classes":[]},{"id":15923,"url":"https:\/\/moir.com.co\/web\/video-gobierno-debe-proteger-derechos-laborales-de-pilotos-de-avianca-y-acabar-abusos-contra-los-usuarios-representante-jorge-gomez\/","url_meta":{"origin":13343,"position":5},"title":"Video: Gobierno debe proteger derechos laborales de pilotos de Avianca y acabar abusos contra los usuarios, representante Jorge G\u00f3mez","author":"admin","date":"septiembre 13, 2018","format":"video","excerpt":"Intervenci\u00f3n del Representante a la C\u00e1mara Jorge G\u00f3mez en debate contra el poder monop\u00f3lico de Avianca en Colombia. Bogot\u00e1, 12 septiembre de 2018.","rel":"","context":"En \u00abEconom\u00eda\u00bb","block_context":{"text":"Econom\u00eda","link":"https:\/\/moir.com.co\/web\/category\/temas\/economia\/"},"img":{"alt_text":"","src":"","width":0,"height":0},"classes":[]}],"jetpack_sharing_enabled":true,"_links":{"self":[{"href":"https:\/\/moir.com.co\/web\/wp-json\/wp\/v2\/posts\/13343","targetHints":{"allow":["GET"]}}],"collection":[{"href":"https:\/\/moir.com.co\/web\/wp-json\/wp\/v2\/posts"}],"about":[{"href":"https:\/\/moir.com.co\/web\/wp-json\/wp\/v2\/types\/post"}],"author":[{"embeddable":true,"href":"https:\/\/moir.com.co\/web\/wp-json\/wp\/v2\/users\/1"}],"replies":[{"embeddable":true,"href":"https:\/\/moir.com.co\/web\/wp-json\/wp\/v2\/comments?post=13343"}],"version-history":[{"count":1,"href":"https:\/\/moir.com.co\/web\/wp-json\/wp\/v2\/posts\/13343\/revisions"}],"predecessor-version":[{"id":13345,"href":"https:\/\/moir.com.co\/web\/wp-json\/wp\/v2\/posts\/13343\/revisions\/13345"}],"wp:featuredmedia":[{"embeddable":true,"href":"https:\/\/moir.com.co\/web\/wp-json\/wp\/v2\/media\/13344"}],"wp:attachment":[{"href":"https:\/\/moir.com.co\/web\/wp-json\/wp\/v2\/media?parent=13343"}],"wp:term":[{"taxonomy":"category","embeddable":true,"href":"https:\/\/moir.com.co\/web\/wp-json\/wp\/v2\/categories?post=13343"},{"taxonomy":"post_tag","embeddable":true,"href":"https:\/\/moir.com.co\/web\/wp-json\/wp\/v2\/tags?post=13343"}],"curies":[{"name":"wp","href":"https:\/\/api.w.org\/{rel}","templated":true}]}}