{"id":13340,"date":"2017-09-21T17:24:00","date_gmt":"2017-09-21T17:24:00","guid":{"rendered":"https:\/\/moir.org.co\/web\/?p=13340"},"modified":"2017-09-21T17:24:00","modified_gmt":"2017-09-21T17:24:00","slug":"el-cambalache-de-cafesalud","status":"publish","type":"post","link":"https:\/\/moir.com.co\/web\/el-cambalache-de-cafesalud\/","title":{"rendered":"El cambalache de Cafesalud"},"content":{"rendered":"<p><strong>Aurelio Su\u00e1rez Montoya, Bogot\u00e1, septiembre 20 de 2017<\/strong><\/p>\n<p>Desde que\u00a0<strong>en mayo se debati\u00f3 en\u00a0<\/strong><strong><em>Blu Radio<\/em><\/strong><strong>\u00a0la venta de Cafesalud al grupo Prestasalud,<\/strong>\u00a0se sembraron muchas dudas sobre la factibilidad econ\u00f3mica y la eficacia de esa transacci\u00f3n.<strong>\u00a0Se iban a ver severamente afectadas tanto la estructura financiera de la liquidaci\u00f3n<\/strong>\u00a0como la prestaci\u00f3n del servicio a los\u00a0<strong>5,6 millones de usuarios<\/strong>\u00a0que en ese momento estaban afiliados a dicha EPS.<\/p>\n<p>&nbsp;<\/p>\n<p><strong>Las razones para cuestionar \u201cel negocio\u201d son abundantes:<\/strong>\u00a0por un lado, de los\u00a0<strong>$1,4 billones ofrecidos y aceptados\u00a0<\/strong>por el proponente Prestasalud y los agentes liquidadores y la Supersalud, m\u00e1s de\u00a0<strong>$400 mil millones constituyen un canje entre las deudas de Cafesalud y algunas de las IPS<\/strong>\u00a0que conformaron el consorcio comprador, entre ellas, el Grupo San Jos\u00e9, Fundaci\u00f3n Saint, Fundaci\u00f3n Esensa, Servicio A\u00e9reo Medicalizado y Fundamental MedicalFly, Medplus Medicina Prepagada (de exsocios de Carlos Palacino), Medilaser y Centro Nacional de Oncolog\u00eda, varias vinculadas por presuntos actos de corrupci\u00f3n en el sector.<\/p>\n<p>&nbsp;<\/p>\n<p>&nbsp;<\/p>\n<p><strong>El resto podr\u00e1 ser pagado en cuotas por cinco a\u00f1os.<\/strong>\u00a0Es decir, nada entrar\u00e1 como efectivo inmediato para atender las acreencias pendientes y el saldo ser\u00e1 alimentado en parte por el pago a futuro de cada uno de los<strong>\u00a05,6 millones de afiliados\u00a0<\/strong>que quedaron bajo su tutela, pago hecho por el mismo gobierno \u2013en el r\u00e9gimen subsidiado\u2013 y por los usuarios del contributivo.<\/p>\n<p>&nbsp;<\/p>\n<p>Cuenta adem\u00e1s la revista Semana que<strong>\u00a0fue necesario para este cambalache que Prestasalud creara otra sociedad compradora\u00a0<\/strong>y, a la vez, Cafesalud se escindiera en dos, a saber: Newscos y la IPS Esimed. Al final, si se divide el monto total de la compra, de<strong>\u00a0$1,4 billones, por el n\u00famero de asignados, 5,6 millones, el negocio se hizo del modo m\u00e1s mercantil:<\/strong>\u00a0un equivalente de entre 85 y 90 d\u00f3lares por cada cabeza, como clientes de un supermercado.<\/p>\n<p>&nbsp;<\/p>\n<p>Los reparos de la Procuradur\u00eda y dem\u00e1s entidades de control sobre la verdadera palanca financiera para ese \u201cnuevo modelo de negocio\u201d en salud tuvieron como respuesta que<strong>\u00a0el grupo espa\u00f1ol\u00a0<em>Ribera<\/em>, del cual es propietario en un 50 % la compa\u00f1\u00eda norteamericana\u00a0<em>Centene Group<\/em>,\u00a0<\/strong>se comprometiera a capitalizar la operaci\u00f3n: que adquirir\u00eda el 80 % de una de las dos nuevas sociedades y el 20 % en la otra.<\/p>\n<p>&nbsp;<\/p>\n<p>Al indagar sobre Ribera, \u201cl\u00edder en concesiones administrativas sanitarias en Espa\u00f1a\u201d, como se llama a s\u00ed misma,\u00a0<strong>se descubre que su sistema de gesti\u00f3n ha recibido cuestionamientos<\/strong>, pues como gestor privado \u2013APP en salud\u2013 se lucra de la infraestructura y de los recursos p\u00fablicos.\u00a0<strong>Ha reconocido adem\u00e1s que recibe comisiones por comprarles medicamentos a los mismos laboratorios\u00a0<\/strong>que los suministran a sus hospitales concesionados. Ya est\u00e1 tambi\u00e9n en Per\u00fa y Chile y es la cabeza de playa de\u00a0<em>Centene<\/em>\u00a0en Am\u00e9rica Latina.<\/p>\n<p>&nbsp;<\/p>\n<p><a href=\"https:\/\/www.elespanol.com\/espana\/politica\/20161115\/170983550_0.html\">https:\/\/www.elespanol.com\/espana\/politica\/20161115\/170983550_0.html<\/a><\/p>\n<p>&nbsp;<\/p>\n<p>No es extra\u00f1o entonces que, como fruto de tanto cambalache,<strong>\u00a0en los primeros dos meses de atenci\u00f3n al p\u00fablico se haya suscitado una oleada de diez mil quejas<\/strong>\u00a0y, a\u00fan m\u00e1s grave, se denunciara el ins\u00f3lito abandono de ni\u00f1os pacientes con c\u00e1ncer en Bucaramanga y en Cali, desafuero que no pudiera explicar el gerente al aire en\u00a0<strong><em>Blu Radio.\u00a0<\/em><\/strong>Tantas anomal\u00edas juntas impelieron a la Procuradur\u00eda a solicitar a la Supersalud la intervenci\u00f3n de Medim\u00e1s, el nombre que Prestasalud le puso a su EPS.<\/p>\n<p>&nbsp;<\/p>\n<p>Finalmente,\u00a0<strong>en un blog de Alberto Donad\u00edo en El Espectador se ha denunciado que en Medim\u00e1s \u201cdecidieron anular los casi 2 millones de autorizaciones de servicios de salud que Cafesalud tiene pendientes,<\/strong>\u00a0obligando a millones de colombianos a tener que ir (\u2026) para solicitar (\u2026) de nuevo el servicio que no les fue prestado\u201d.<\/p>\n<p>&nbsp;<\/p>\n<p><strong>Si la Procuradur\u00eda cumple con velar por la vida y la salud\u00a0<\/strong>de los colombianos,\u00a0<strong>no se entiende por qu\u00e9 no disciplina a quienes, en vez de resolver en Cafesalud los desmanes de Saludcoop, terminaron empeor\u00e1ndolos.<\/strong>\u00a0Y que despu\u00e9s buscaron c\u00f3mo deshacerse de ella en lugar de mejorar la muy ruin atenci\u00f3n que se brinda a los colombianos, millones de los cuales consideran la falta de salud como su mayor problema.<\/p>\n","protected":false},"excerpt":{"rendered":"<p>Aurelio Su\u00e1rez Montoya, Bogot\u00e1, septiembre 20 de 2017 Desde que\u00a0en mayo se debati\u00f3 en\u00a0Blu Radio\u00a0la venta de Cafesalud al grupo Prestasalud,\u00a0se sembraron muchas dudas sobre la factibilidad econ\u00f3mica y la eficacia de esa transacci\u00f3n.\u00a0Se iban a ver severamente afectadas tanto la estructura financiera de la liquidaci\u00f3n\u00a0como la prestaci\u00f3n del servicio a los\u00a05,6 millones de usuarios\u00a0que [&hellip;]<\/p>\n","protected":false},"author":1,"featured_media":13341,"comment_status":"open","ping_status":"open","sticky":false,"template":"","format":"standard","meta":{"advanced_seo_description":"","jetpack_seo_html_title":"","jetpack_seo_noindex":false,"_jetpack_memberships_contains_paid_content":false,"footnotes":""},"categories":[80,102,97,98,96],"tags":[],"class_list":["post-13340","post","type-post","status-publish","format-standard","has-post-thumbnail","hentry","category-debate-salud","category-economia","category-imperialismo-y-neoliberalismo","category-politica","category-salud-y-pensiones"],"jetpack_featured_media_url":"https:\/\/i0.wp.com\/moir.com.co\/web\/wp-content\/uploads\/2017\/09\/aureliosuarezblu.jpg?fit=650%2C466&ssl=1","jetpack-related-posts":[{"id":12609,"url":"https:\/\/moir.com.co\/web\/los-elefantes-de-cafesalud-saludcoop\/","url_meta":{"origin":13340,"position":0},"title":"Los elefantes de Cafesalud &#8211; Saludcoop","author":"admin","date":"junio 3, 2017","format":false,"excerpt":"Jorge Enrique Robledo, Bogot\u00e1, junio 2 de 2017 Es muy dif\u00edcil encontrar un negocio menos transparente que la venta de Cafesalud-Saludcoop. Tan oscuro, que no han dicho nada ni el presidente Santos ni el ministro Gaviria, intentando meternos el cuento de que un negocio de ese tama\u00f1o \u2013en el que\u2026","rel":"","context":"En \u00abEconom\u00eda\u00bb","block_context":{"text":"Econom\u00eda","link":"https:\/\/moir.com.co\/web\/category\/temas\/economia\/"},"img":{"alt_text":"","src":"https:\/\/i0.wp.com\/moir.com.co\/web\/wp-content\/uploads\/2017\/03\/robledoelpais130317.jpeg?fit=565%2C440&ssl=1&resize=350%2C200","width":350,"height":200,"srcset":"https:\/\/i0.wp.com\/moir.com.co\/web\/wp-content\/uploads\/2017\/03\/robledoelpais130317.jpeg?fit=565%2C440&ssl=1&resize=350%2C200 1x, https:\/\/i0.wp.com\/moir.com.co\/web\/wp-content\/uploads\/2017\/03\/robledoelpais130317.jpeg?fit=565%2C440&ssl=1&resize=525%2C300 1.5x"},"classes":[]},{"id":12732,"url":"https:\/\/moir.com.co\/web\/la-farsa-de-la-venta-de-cafesalud\/","url_meta":{"origin":13340,"position":1},"title":"La farsa de la venta de Cafesalud","author":"admin","date":"junio 22, 2017","format":false,"excerpt":"Libardo G\u00f3mez S\u00e1nchez, Neiva, junio 19 de 2017 La suspensi\u00f3n temporal del negocio de venta de Cafesalud al consorcio Prestasalud, \u00fanico proponente de la triada de la operaci\u00f3n, \u00a0que la Procuradur\u00eda calific\u00f3 como incompetente para atender la funci\u00f3n de prestadora del servicio de aseguramiento en salud, confirma una vez m\u00e1s,\u2026","rel":"","context":"En \u00abEconom\u00eda\u00bb","block_context":{"text":"Econom\u00eda","link":"https:\/\/moir.com.co\/web\/category\/temas\/economia\/"},"img":{"alt_text":"","src":"","width":0,"height":0},"classes":[]},{"id":12532,"url":"https:\/\/moir.com.co\/web\/venta-de-cafesalud-como-en-isagen-otra-subasta-de-uno-robledo\/","url_meta":{"origin":13340,"position":2},"title":"Venta de Cafesalud, como en Isagen otra subasta de uno: Robledo","author":"admin","date":"mayo 29, 2017","format":false,"excerpt":"Oficina de prensa del senador Jorge Enrique Robledo, Bogot\u00e1, mayo 28 de 2017 Robledo citar\u00e1 a debate en el Senado; 7 elefantes indentific\u00f3 en la venta a dedo de Cafesalud; El que manda en Cafesalud es el gobierno Santos; El ministro Alejandro Gaviria debe darle la cara al pa\u00eds; Otra\u2026","rel":"","context":"En \u00abEconom\u00eda\u00bb","block_context":{"text":"Econom\u00eda","link":"https:\/\/moir.com.co\/web\/category\/temas\/economia\/"},"img":{"alt_text":"","src":"","width":0,"height":0},"classes":[]},{"id":16784,"url":"https:\/\/moir.com.co\/web\/medimas-quien-da-mas\/","url_meta":{"origin":13340,"position":3},"title":"Medim\u00e1s: \u00bfqui\u00e9n da m\u00e1s?","author":"admin","date":"enero 22, 2019","format":false,"excerpt":"Jos\u00e9 Arlex Arias, Cartagena, enero 21 de 2019 El 21 de diciembre pasado se conoci\u00f3 que Medim\u00e1s EPS y la IPS Esimed estaban siendo vendidas a una entidad de EEUU. El 28 del mismo mes \u2013no es una inocentada\u2013 Medim\u00e1s y Esimed reconocieron en un comunicado que \"vienen adelantando gestiones\u2026","rel":"","context":"En \u00abDebate Salud\u00bb","block_context":{"text":"Debate Salud","link":"https:\/\/moir.com.co\/web\/category\/jorge-enrique-robledo\/debate-salud\/"},"img":{"alt_text":"","src":"https:\/\/i0.wp.com\/moir.com.co\/web\/wp-content\/uploads\/2019\/01\/medimascafesalud.jpg?fit=700%2C300&ssl=1&resize=350%2C200","width":350,"height":200,"srcset":"https:\/\/i0.wp.com\/moir.com.co\/web\/wp-content\/uploads\/2019\/01\/medimascafesalud.jpg?fit=700%2C300&ssl=1&resize=350%2C200 1x, https:\/\/i0.wp.com\/moir.com.co\/web\/wp-content\/uploads\/2019\/01\/medimascafesalud.jpg?fit=700%2C300&ssl=1&resize=525%2C300 1.5x, https:\/\/i0.wp.com\/moir.com.co\/web\/wp-content\/uploads\/2019\/01\/medimascafesalud.jpg?fit=700%2C300&ssl=1&resize=700%2C400 2x"},"classes":[]},{"id":10443,"url":"https:\/\/moir.com.co\/web\/retiro-de-cafesalud-de-558-municipios-ratifica-mis-denuncias-robledo\/","url_meta":{"origin":13340,"position":4},"title":"Retiro de Cafesalud de 558 municipios ratifica mis denuncias: Robledo","author":"admin","date":"septiembre 22, 2016","format":false,"excerpt":"Oficina de prensa del senador Jorge Enrique Robledo, Bogot\u00e1, septiembre 22 de 2016 Incompetencia del ministerio de Salud en manejo de Cafesalud es manifiesta. San Andr\u00e9s, Amazonas, Vichada y C\u00f3rdoba se quedan sin atenci\u00f3n de la EPS Cafesalud. Salir del \u201chueso\u201d para quedarse con la \u201ccarne\u201d es una manera de\u2026","rel":"","context":"En \u00abJorge Enrique Robledo\u00bb","block_context":{"text":"Jorge Enrique Robledo","link":"https:\/\/moir.com.co\/web\/category\/jorge-enrique-robledo\/"},"img":{"alt_text":"","src":"https:\/\/i0.wp.com\/moir.com.co\/web\/wp-content\/uploads\/2016\/09\/CafeSalud.jpg?fit=1200%2C630&ssl=1&resize=350%2C200","width":350,"height":200,"srcset":"https:\/\/i0.wp.com\/moir.com.co\/web\/wp-content\/uploads\/2016\/09\/CafeSalud.jpg?fit=1200%2C630&ssl=1&resize=350%2C200 1x, https:\/\/i0.wp.com\/moir.com.co\/web\/wp-content\/uploads\/2016\/09\/CafeSalud.jpg?fit=1200%2C630&ssl=1&resize=525%2C300 1.5x, https:\/\/i0.wp.com\/moir.com.co\/web\/wp-content\/uploads\/2016\/09\/CafeSalud.jpg?fit=1200%2C630&ssl=1&resize=700%2C400 2x, https:\/\/i0.wp.com\/moir.com.co\/web\/wp-content\/uploads\/2016\/09\/CafeSalud.jpg?fit=1200%2C630&ssl=1&resize=1050%2C600 3x"},"classes":[]},{"id":9813,"url":"https:\/\/moir.com.co\/web\/de-saludcoop-a-cafesalud-o-de-la-sarten-a-las-brasas\/","url_meta":{"origin":13340,"position":5},"title":"De Saludcoop a Cafesalud o de la sart\u00e9n a las brasas","author":"admin","date":"diciembre 4, 2015","format":false,"excerpt":"Por fin se anunci\u00f3 la demorada liquidaci\u00f3n de la EPS Saludcoop, antecedida por el escandaloso uso de los recursos de la salud en negocios ajenos a \u00e9sta, la publicaci\u00f3n de los estramb\u00f3ticos salarios y lujos del se\u00f1or Palacino y sus amigos, los malabares de la Superintendencia para revocar las merecidas\u2026","rel":"","context":"En \u00abTemas\u00bb","block_context":{"text":"Temas","link":"https:\/\/moir.com.co\/web\/category\/temas\/"},"img":{"alt_text":"","src":"","width":0,"height":0},"classes":[]}],"jetpack_sharing_enabled":true,"_links":{"self":[{"href":"https:\/\/moir.com.co\/web\/wp-json\/wp\/v2\/posts\/13340","targetHints":{"allow":["GET"]}}],"collection":[{"href":"https:\/\/moir.com.co\/web\/wp-json\/wp\/v2\/posts"}],"about":[{"href":"https:\/\/moir.com.co\/web\/wp-json\/wp\/v2\/types\/post"}],"author":[{"embeddable":true,"href":"https:\/\/moir.com.co\/web\/wp-json\/wp\/v2\/users\/1"}],"replies":[{"embeddable":true,"href":"https:\/\/moir.com.co\/web\/wp-json\/wp\/v2\/comments?post=13340"}],"version-history":[{"count":1,"href":"https:\/\/moir.com.co\/web\/wp-json\/wp\/v2\/posts\/13340\/revisions"}],"predecessor-version":[{"id":13342,"href":"https:\/\/moir.com.co\/web\/wp-json\/wp\/v2\/posts\/13340\/revisions\/13342"}],"wp:featuredmedia":[{"embeddable":true,"href":"https:\/\/moir.com.co\/web\/wp-json\/wp\/v2\/media\/13341"}],"wp:attachment":[{"href":"https:\/\/moir.com.co\/web\/wp-json\/wp\/v2\/media?parent=13340"}],"wp:term":[{"taxonomy":"category","embeddable":true,"href":"https:\/\/moir.com.co\/web\/wp-json\/wp\/v2\/categories?post=13340"},{"taxonomy":"post_tag","embeddable":true,"href":"https:\/\/moir.com.co\/web\/wp-json\/wp\/v2\/tags?post=13340"}],"curies":[{"name":"wp","href":"https:\/\/api.w.org\/{rel}","templated":true}]}}