{"id":13328,"date":"2017-09-19T01:38:08","date_gmt":"2017-09-19T01:38:08","guid":{"rendered":"https:\/\/moir.org.co\/web\/?p=13328"},"modified":"2017-09-19T01:39:45","modified_gmt":"2017-09-19T01:39:45","slug":"palabras-del-candidato-presidencial-jorge-robledo-en-el-primer-paso-de-la-gran-coalicion-ciudadana-por-colombia","status":"publish","type":"post","link":"https:\/\/moir.com.co\/web\/palabras-del-candidato-presidencial-jorge-robledo-en-el-primer-paso-de-la-gran-coalicion-ciudadana-por-colombia\/","title":{"rendered":"Audio: Palabras del candidato presidencial Jorge Robledo en el primer paso de la Gran Coalici\u00f3n Ciudadana por Colombia"},"content":{"rendered":"<p>Palabras de Jorge Enrique Robledo, candidato presidencial del Polo Democr\u00e1tico en el llamado primero paso de la Gran Coalici\u00f3n Ciudadana por Colombia en compa\u00f1\u00eda de la candidata Claudia L\u00f3pez del Partido Verde y el candidato Sergio Fajardo de Compromiso Ciudadano quienes expresaron su voluntad de consolidar una coalici\u00f3n que decida un solo candidato y pueda derrotar a los mismos con las mismas en 2018.\u00a0<a href=\"https:\/\/soundcloud.com\/tags\/Coalici\">#Coalici<\/a>\u00f3nColombia. Bogot\u00e1, septiembre 18 de 2017<\/p>\n","protected":false},"excerpt":{"rendered":"<p>Palabras de Jorge Enrique Robledo, candidato presidencial del Polo Democr\u00e1tico en el llamado primero paso de la Gran Coalici\u00f3n Ciudadana por Colombia en compa\u00f1\u00eda de la candidata Claudia L\u00f3pez del Partido Verde y el candidato Sergio Fajardo de Compromiso Ciudadano quienes expresaron su voluntad de consolidar una coalici\u00f3n que decida un solo candidato y pueda [&hellip;]<\/p>\n","protected":false},"author":1,"featured_media":13329,"comment_status":"open","ping_status":"open","sticky":false,"template":"","format":"audio","meta":{"advanced_seo_description":"","jetpack_seo_html_title":"","jetpack_seo_noindex":false,"_jetpack_memberships_contains_paid_content":false,"footnotes":""},"categories":[102,97,4,98],"tags":[],"class_list":["post-13328","post","type-post","status-publish","format-audio","has-post-thumbnail","hentry","category-economia","category-imperialismo-y-neoliberalismo","category-jorge-enrique-robledo","category-politica","post_format-post-format-audio"],"jetpack_featured_media_url":"https:\/\/i0.wp.com\/moir.com.co\/web\/wp-content\/uploads\/2017\/09\/coalicionlanzamiento.jpg?fit=1280%2C640&ssl=1","jetpack-related-posts":[{"id":13954,"url":"https:\/\/moir.com.co\/web\/si-es-posible-coalicion-colombia-obtiene-su-primer-triunfo-electoral-y-gana-la-alcaldia-de-yopal\/","url_meta":{"origin":13328,"position":0},"title":"\u00a1S\u00ed es posible! Coalici\u00f3n Colombia obtiene su primer triunfo electoral y gana la alcald\u00eda de Yopal","author":"admin","date":"noviembre 27, 2017","format":false,"excerpt":"Oficina de prensa del senador y candidato presidencial del Polo Jorge Enrique Robledo, Bogot\u00e1, noviembre 27 de 2017 Con el respaldo de Jorge Robledo, Sergio Fajardo y Claudia L\u00f3pez de la Coalici\u00f3n Colombia este domingo con 16.522 votos Leonardo Puentes fue elegido como nuevo alcalde de Yopal en las elecciones\u2026","rel":"","context":"En \u00abJorge Enrique Robledo\u00bb","block_context":{"text":"Jorge Enrique Robledo","link":"https:\/\/moir.com.co\/web\/category\/jorge-enrique-robledo\/"},"img":{"alt_text":"","src":"https:\/\/i0.wp.com\/moir.com.co\/web\/wp-content\/uploads\/2017\/11\/casanarecoalicionyopal.png?fit=768%2C510&ssl=1&resize=350%2C200","width":350,"height":200,"srcset":"https:\/\/i0.wp.com\/moir.com.co\/web\/wp-content\/uploads\/2017\/11\/casanarecoalicionyopal.png?fit=768%2C510&ssl=1&resize=350%2C200 1x, https:\/\/i0.wp.com\/moir.com.co\/web\/wp-content\/uploads\/2017\/11\/casanarecoalicionyopal.png?fit=768%2C510&ssl=1&resize=525%2C300 1.5x, https:\/\/i0.wp.com\/moir.com.co\/web\/wp-content\/uploads\/2017\/11\/casanarecoalicionyopal.png?fit=768%2C510&ssl=1&resize=700%2C400 2x"},"classes":[]},{"id":13333,"url":"https:\/\/moir.com.co\/web\/video-intervencion-de-jorge-robledo-en-el-primer-paso-de-la-coalicion-colombia\/","url_meta":{"origin":13328,"position":1},"title":"Video: Intervenci\u00f3n de Jorge Robledo en el primer paso de la Coalici\u00f3n Colombia","author":"admin","date":"septiembre 19, 2017","format":"video","excerpt":"Rueda de prensa con los candidatos presidenciales de la Coalici\u00f3n Colombia, Jorge Enrique Robledo, Claudia L\u00f3pez y Sergio Fajardo dando el primer paso para derrotar a los mismos con las mismas en el 2018 e iniciar la transformaci\u00f3n que necesita Colombia. Bogot\u00e1, septiembre 18 de 2017","rel":"","context":"En \u00abJorge Enrique Robledo\u00bb","block_context":{"text":"Jorge Enrique Robledo","link":"https:\/\/moir.com.co\/web\/category\/jorge-enrique-robledo\/"},"img":{"alt_text":"","src":"","width":0,"height":0},"classes":[]},{"id":13715,"url":"https:\/\/moir.com.co\/web\/jorge-robledo-candidato-presidencial-del-polo-elegido-por-sexta-vez-mejor-senador-del-pais\/","url_meta":{"origin":13328,"position":2},"title":"Jorge Robledo candidato presidencial del Polo elegido por sexta vez mejor senador del Pa\u00eds","author":"admin","date":"noviembre 3, 2017","format":false,"excerpt":"Bogot\u00e1, noviembre 2 de 2017 6 congresistas del Polo Democr\u00e1tico Alternativo y Alianza Verde entre los 10 mejores, avanza la Coalici\u00f3n por Colombia. La consultora Cifras & Conceptos que preside el ex director del DANE C\u00e9sar Caballero, realiza anualmente este estudio con el concurso de 2.500 l\u00edderes de opini\u00f3n del\u2026","rel":"","context":"En \u00abJorge Enrique Robledo\u00bb","block_context":{"text":"Jorge Enrique Robledo","link":"https:\/\/moir.com.co\/web\/category\/jorge-enrique-robledo\/"},"img":{"alt_text":"","src":"https:\/\/i0.wp.com\/moir.com.co\/web\/wp-content\/uploads\/2017\/10\/robledocolprensa2017.jpeg?fit=565%2C405&ssl=1&resize=350%2C200","width":350,"height":200,"srcset":"https:\/\/i0.wp.com\/moir.com.co\/web\/wp-content\/uploads\/2017\/10\/robledocolprensa2017.jpeg?fit=565%2C405&ssl=1&resize=350%2C200 1x, https:\/\/i0.wp.com\/moir.com.co\/web\/wp-content\/uploads\/2017\/10\/robledocolprensa2017.jpeg?fit=565%2C405&ssl=1&resize=525%2C300 1.5x"},"classes":[]},{"id":14275,"url":"https:\/\/moir.com.co\/web\/en-su-manizales-del-alma-robledo-continuo-gira-nacional-con-la-coalicion-colombia\/","url_meta":{"origin":13328,"position":3},"title":"En su Manizales del alma Robledo continu\u00f3 gira nacional con la Coalici\u00f3n Colombia","author":"admin","date":"enero 19, 2018","format":false,"excerpt":"Oficina de prensa del senador Jorge Enrique Robledo, Bogot\u00e1, enero 18 de 2018 En compa\u00f1\u00eda de Claudia L\u00f3pez y los candidatos de la Coalici\u00f3n Colombia a la C\u00e1mara de Representantes por Caldas, el senador y cabeza de lista del Polo Jorge Enrique Robledo visit\u00f3 Manizales, la ciudad donde trabaj\u00f3 como\u2026","rel":"","context":"En \u00abEconom\u00eda\u00bb","block_context":{"text":"Econom\u00eda","link":"https:\/\/moir.com.co\/web\/category\/temas\/economia\/"},"img":{"alt_text":"","src":"https:\/\/i0.wp.com\/moir.com.co\/web\/wp-content\/uploads\/2018\/01\/coalicioncolombiamanizales2018.jpeg?fit=768%2C512&ssl=1&resize=350%2C200","width":350,"height":200,"srcset":"https:\/\/i0.wp.com\/moir.com.co\/web\/wp-content\/uploads\/2018\/01\/coalicioncolombiamanizales2018.jpeg?fit=768%2C512&ssl=1&resize=350%2C200 1x, https:\/\/i0.wp.com\/moir.com.co\/web\/wp-content\/uploads\/2018\/01\/coalicioncolombiamanizales2018.jpeg?fit=768%2C512&ssl=1&resize=525%2C300 1.5x, https:\/\/i0.wp.com\/moir.com.co\/web\/wp-content\/uploads\/2018\/01\/coalicioncolombiamanizales2018.jpeg?fit=768%2C512&ssl=1&resize=700%2C400 2x"},"classes":[]},{"id":14123,"url":"https:\/\/moir.com.co\/web\/el-personaje-del-ano-la-coalicion-colombia\/","url_meta":{"origin":13328,"position":4},"title":"El personaje del a\u00f1o: la Coalici\u00f3n Colombia","author":"admin","date":"diciembre 19, 2017","format":false,"excerpt":"Norman Alarc\u00f3n Rodas, Barranquilla, diciembre 18 de 2017 A finales del a\u00f1o pasado, la senadora Claudia L\u00f3pez, en una entrevista con Yamid Amat para el peri\u00f3dico El Tiempo, propuso un acuerdo de varios movimientos para buscar un candidato presidencial de unidad y mencion\u00f3, entre ellos, a Sergio Fajardo, l\u00edder de\u2026","rel":"","context":"En \u00abImperialismo y Neoliberalismo\u00bb","block_context":{"text":"Imperialismo y Neoliberalismo","link":"https:\/\/moir.com.co\/web\/category\/temas\/imperialismo-y-neoliberalismo\/"},"img":{"alt_text":"","src":"","width":0,"height":0},"classes":[]},{"id":12723,"url":"https:\/\/moir.com.co\/web\/conversaciones-para-coalicion-por-buen-camino\/","url_meta":{"origin":13328,"position":5},"title":"Conversaciones para coalici\u00f3n, por buen camino: Robledo","author":"admin","date":"junio 17, 2017","format":false,"excerpt":"Redacci\u00f3n de El Diario, Pereira, junio 17 de 2017 Aunque el Polo Democr\u00e1tico lo eligi\u00f3 para ser el candidato a la Presidencia de Colombia, el senador Jorge Enrique Robledo dice que con las conversaciones que se vienen realizando con Claudia L\u00f3pez y Antonio Navarro, de Alianza Verde y con Sergio\u2026","rel":"","context":"En \u00abEconom\u00eda\u00bb","block_context":{"text":"Econom\u00eda","link":"https:\/\/moir.com.co\/web\/category\/temas\/economia\/"},"img":{"alt_text":"","src":"https:\/\/i0.wp.com\/moir.com.co\/web\/wp-content\/uploads\/2017\/06\/Robledoeldiariopereira.jpg?fit=680%2C365&ssl=1&resize=350%2C200","width":350,"height":200,"srcset":"https:\/\/i0.wp.com\/moir.com.co\/web\/wp-content\/uploads\/2017\/06\/Robledoeldiariopereira.jpg?fit=680%2C365&ssl=1&resize=350%2C200 1x, https:\/\/i0.wp.com\/moir.com.co\/web\/wp-content\/uploads\/2017\/06\/Robledoeldiariopereira.jpg?fit=680%2C365&ssl=1&resize=525%2C300 1.5x"},"classes":[]}],"jetpack_sharing_enabled":true,"_links":{"self":[{"href":"https:\/\/moir.com.co\/web\/wp-json\/wp\/v2\/posts\/13328","targetHints":{"allow":["GET"]}}],"collection":[{"href":"https:\/\/moir.com.co\/web\/wp-json\/wp\/v2\/posts"}],"about":[{"href":"https:\/\/moir.com.co\/web\/wp-json\/wp\/v2\/types\/post"}],"author":[{"embeddable":true,"href":"https:\/\/moir.com.co\/web\/wp-json\/wp\/v2\/users\/1"}],"replies":[{"embeddable":true,"href":"https:\/\/moir.com.co\/web\/wp-json\/wp\/v2\/comments?post=13328"}],"version-history":[{"count":2,"href":"https:\/\/moir.com.co\/web\/wp-json\/wp\/v2\/posts\/13328\/revisions"}],"predecessor-version":[{"id":13332,"href":"https:\/\/moir.com.co\/web\/wp-json\/wp\/v2\/posts\/13328\/revisions\/13332"}],"wp:featuredmedia":[{"embeddable":true,"href":"https:\/\/moir.com.co\/web\/wp-json\/wp\/v2\/media\/13329"}],"wp:attachment":[{"href":"https:\/\/moir.com.co\/web\/wp-json\/wp\/v2\/media?parent=13328"}],"wp:term":[{"taxonomy":"category","embeddable":true,"href":"https:\/\/moir.com.co\/web\/wp-json\/wp\/v2\/categories?post=13328"},{"taxonomy":"post_tag","embeddable":true,"href":"https:\/\/moir.com.co\/web\/wp-json\/wp\/v2\/tags?post=13328"}],"curies":[{"name":"wp","href":"https:\/\/api.w.org\/{rel}","templated":true}]}}