{"id":13323,"date":"2017-09-18T15:54:22","date_gmt":"2017-09-18T15:54:22","guid":{"rendered":"https:\/\/moir.org.co\/web\/?p=13323"},"modified":"2017-09-18T15:54:22","modified_gmt":"2017-09-18T15:54:22","slug":"las-tinieblas-de-la-injusticia-y-de-la-corrupcion","status":"publish","type":"post","link":"https:\/\/moir.com.co\/web\/las-tinieblas-de-la-injusticia-y-de-la-corrupcion\/","title":{"rendered":"Las tinieblas de la injusticia y de la corrupci\u00f3n"},"content":{"rendered":"<p><strong>Jos\u00e9 Arlex Arias, Cartagena, septiembre 18 de 2017<\/strong><\/p>\n<p>Desde Cartagena se despidi\u00f3 de los colombianos el m\u00e1ximo jerarca de la Iglesia cat\u00f3lica, el papa Francisco, en un periplo que lo tuvo en el pa\u00eds entre los d\u00edas 6 y 10 de este mes, con llegada en Bogot\u00e1 y visita adem\u00e1s a las ciudades de Villavicencio y Medell\u00edn. La coherencia de sus discursos qued\u00f3 reafirmada con sus actos, cuando en su paso por Cartagena visibiliz\u00f3 a la &#8220;otra Cartagena&#8221;, la que vive en medio de la pobreza y la miseria, en donde brillan las tinieblas de la injusticia, la inequidad y la corrupci\u00f3n. Esa misma Cartagena pobre a la que, en una medida ins\u00f3lita, la administraci\u00f3n de la alcald\u00eda local pretendi\u00f3 encerrar para que no la vieran, concretamente a la comunidad del barrio Ceballos, apostado frente a Contecar \u2013controvertido sitio donde se hizo la misa campal\u2013, as\u00ed como a la entrada del emporio de riqueza de la zona industrial de Mamonal.<\/p>\n<p>&nbsp;<\/p>\n<p>&#8220;Desde esta ciudad de Cartagena, sede de los derechos humanos, hago un llamamiento a rechazar todo tipo de violencia en la vida pol\u00edtica y se encuentre una soluci\u00f3n a la grave crisis que se est\u00e1 viviendo y afecta a todos, especialmente a los m\u00e1s pobres y desfavorecidos de la sociedad&#8217;, afirm\u00f3. Un llamamiento similar realiz\u00f3 en su homil\u00eda en el parque Sim\u00f3n Bol\u00edvar de Bogot\u00e1, donde con absoluta contundencia expres\u00f3: &#8220;&#8230;Pero tambi\u00e9n aqu\u00ed, como en otras partes, hay densas tinieblas que amenazan y destruyen la vida: las tinieblas de la injusticia y de la inequidad social; las tinieblas corruptoras de los intereses personales o grupales, que consumen de manera ego\u00edsta y desaforada lo que est\u00e1 destinado para el bienestar de todos; las tinieblas del irrespeto por la vida humana que ciega a diario la existencia de tantos inocentes, cuya sangre clama al Cielo; las tinieblas de la sed de venganza y del odio que manchan con sangre humana las manos de quienes se toman la justicia por su cuenta; las tinieblas de quienes se vuelven insensibles ante el dolor de tantas v\u00edctimas&#8230;&#8221;. As\u00ed mismo, en Villavicencio, ante las v\u00edctimas de la violencia del conflicto y conmovido por sus testimonios, advirti\u00f3 que &#8220;en este enorme campo que es Colombia todav\u00eda hay espacio para la ciza\u00f1a&#8221;. Sin embargo, pidi\u00f3 a los colombianos que &#8220;est\u00e9n atentos a los frutos, cuiden el trigo y no pierdan la paz por la ciza\u00f1a&#8221;.<\/p>\n<p>&nbsp;<\/p>\n<p>Independientemente del credo o dogma de fe que profesemos, de la discusi\u00f3n sobre la igualdad religiosa, de los cuantiosos recursos que el Estado colombiano gast\u00f3 en esta visita \u2013se habla de m\u00e1s de 28 mil millones de pesos\u2013, de la forma en la que, como pira\u00f1as, algunas personas \u2013autoridades civiles, eclesi\u00e1sticas y militares, pol\u00edticos y potentados\u2013 quisieron apropiarse del personaje, y del tropicalismo de gran parte del periodismo, m\u00e1s dedicado a mostrar detalles inocuos que a contextualizar el llamado con la grave crisis que atraviesa este pa\u00eds, hay que resaltar de Francisco su humildad, su coherencia y la profundidad de su mensaje contra la corrupci\u00f3n, la inequidad y las injusticias, en favor de un di\u00e1logo para darle una salida a los conflictos armados; es decir, en t\u00e9rminos generales el pont\u00edfice nos exhort\u00f3 al cambio de este modelo neoliberal, exclusivista, privatizador e individualista. No en vano nos dijo: &#8220;Que nadie los enga\u00f1e, no se dejen robar la alegr\u00eda y la esperanza&#8221;. Francisco es un gran aliado en esta lucha: \u00a1Que el sol salga para todos!<\/p>\n","protected":false},"excerpt":{"rendered":"<p>Jos\u00e9 Arlex Arias, Cartagena, septiembre 18 de 2017 Desde Cartagena se despidi\u00f3 de los colombianos el m\u00e1ximo jerarca de la Iglesia cat\u00f3lica, el papa Francisco, en un periplo que lo tuvo en el pa\u00eds entre los d\u00edas 6 y 10 de este mes, con llegada en Bogot\u00e1 y visita adem\u00e1s a las ciudades de Villavicencio [&hellip;]<\/p>\n","protected":false},"author":1,"featured_media":13324,"comment_status":"open","ping_status":"open","sticky":false,"template":"","format":"standard","meta":{"advanced_seo_description":"","jetpack_seo_html_title":"","jetpack_seo_noindex":false,"_jetpack_memberships_contains_paid_content":false,"footnotes":""},"categories":[102,97,98],"tags":[],"class_list":["post-13323","post","type-post","status-publish","format-standard","has-post-thumbnail","hentry","category-economia","category-imperialismo-y-neoliberalismo","category-politica"],"jetpack_featured_media_url":"https:\/\/i0.wp.com\/moir.com.co\/web\/wp-content\/uploads\/2017\/09\/cartagena_pobreza.jpg?fit=460%2C342&ssl=1","jetpack-related-posts":[{"id":14779,"url":"https:\/\/moir.com.co\/web\/a-cartagena-tenemos-que-reconstruirla-david-munera\/","url_meta":{"origin":13323,"position":0},"title":"&#8220;A Cartagena tenemos que reconstruirla&#8221;: David M\u00fanera","author":"admin","date":"marzo 23, 2018","format":false,"excerpt":"Entrevista de El Universal, Cartagena, marzo 22 de 2018 El abogado y profesor universitario se ha destacado por ser un ac\u00e9rrimo cr\u00edtico de los hechos de corrupci\u00f3n en la ciudad. Fue concejal en el periodo de 2012 a 2015 y participa como analista pol\u00edtico en medios locales. 1. \u00bfCu\u00e1l es\u2026","rel":"","context":"En \u00abEconom\u00eda\u00bb","block_context":{"text":"Econom\u00eda","link":"https:\/\/moir.com.co\/web\/category\/temas\/economia\/"},"img":{"alt_text":"","src":"","width":0,"height":0},"classes":[]},{"id":7140,"url":"https:\/\/moir.com.co\/web\/concejal-munera-denuncia-corrupcion-de-funcionarios-en-cartagena\/","url_meta":{"origin":13323,"position":1},"title":"Concejal M\u00fanera denuncia corrupci\u00f3n de funcionarios en Cartagena","author":"admin","date":"enero 9, 2013","format":false,"excerpt":"\u201cComo concejal del Distrito de Cartagena solicito y exijo a los Organismos de Control \u2013Personer\u00eda y Procurador\u00eda Provincial- que asuman de oficio las investigaciones sobre los funcionarios p\u00fablicos que presuntamente vienen exigiendo dineros para otorgar los permisos para los espect\u00e1culos en Cartagena. Me reafirmo en que la Administraci\u00f3n del Alcalde\u2026","rel":"","context":"En \u00abPolo Democr\u00e1tico Alternativo\u00bb","block_context":{"text":"Polo Democr\u00e1tico Alternativo","link":"https:\/\/moir.com.co\/web\/category\/polo-democratico-alternativo\/"},"img":{"alt_text":"","src":"","width":0,"height":0},"classes":[]},{"id":18783,"url":"https:\/\/moir.com.co\/web\/libro-de-la-corrupcion-en-cartagena\/","url_meta":{"origin":13323,"position":2},"title":"Libro de la corrupci\u00f3n en Cartagena","author":"admin","date":"agosto 12, 2020","format":false,"excerpt":"Jos\u00e9 Arlex Arias, Cartagena, agosto 10 de 2020 El alcalde de Cartagena, William Dau, inici\u00f3 el 5 de julio pasado la divulgaci\u00f3n del \"Libro Blanco\" que consigna una serie de presuntos actos de corrupci\u00f3n, derroche de recursos y p\u00e9sima gesti\u00f3n de los bienes del Distrito, por parte de las Administraciones\u2026","rel":"","context":"En \u00abEconom\u00eda\u00bb","block_context":{"text":"Econom\u00eda","link":"https:\/\/moir.com.co\/web\/category\/temas\/economia\/"},"img":{"alt_text":"","src":"","width":0,"height":0},"classes":[]},{"id":18030,"url":"https:\/\/moir.com.co\/web\/gladiadores-contra-la-corrupcion\/","url_meta":{"origin":13323,"position":3},"title":"Gladiadores contra la corrupci\u00f3n","author":"admin","date":"septiembre 10, 2019","format":false,"excerpt":"Jos\u00e9 Arlex Arias, Cartagena, septiembre 9 de 2019 No son los prototipos de hombres que \"luchaban contra otro o contra una fiera en el circo romano o en los juegos p\u00fablicos de la antigua Roma\", como definen los diccionarios a los antiguos gladiadores; hoy son personas de carne y hueso,\u2026","rel":"","context":"En \u00abEconom\u00eda\u00bb","block_context":{"text":"Econom\u00eda","link":"https:\/\/moir.com.co\/web\/category\/temas\/economia\/"},"img":{"alt_text":"","src":"https:\/\/i0.wp.com\/moir.com.co\/web\/wp-content\/uploads\/2018\/04\/davidmuneraalcalde.jpg?fit=720%2C480&ssl=1&resize=350%2C200","width":350,"height":200,"srcset":"https:\/\/i0.wp.com\/moir.com.co\/web\/wp-content\/uploads\/2018\/04\/davidmuneraalcalde.jpg?fit=720%2C480&ssl=1&resize=350%2C200 1x, https:\/\/i0.wp.com\/moir.com.co\/web\/wp-content\/uploads\/2018\/04\/davidmuneraalcalde.jpg?fit=720%2C480&ssl=1&resize=525%2C300 1.5x, https:\/\/i0.wp.com\/moir.com.co\/web\/wp-content\/uploads\/2018\/04\/davidmuneraalcalde.jpg?fit=720%2C480&ssl=1&resize=700%2C400 2x"},"classes":[]},{"id":15011,"url":"https:\/\/moir.com.co\/web\/hay-que-derrotar-la-corrupcion-es-ya-un-cancer-en-cartagena-munera\/","url_meta":{"origin":13323,"position":4},"title":"\u2018Hay que derrotar la corrupci\u00f3n, es ya un c\u00e1ncer en Cartagena\u2019, M\u00fanera","author":"admin","date":"abril 30, 2018","format":false,"excerpt":"Entrevista de\u00a0John Monta\u00f1o a David M\u00fanera, El Tiempo, Cartagena, abril 30 de 2018 El exconcejal y abogado David M\u00fanera Cavad\u00eda busca alcanzar la Alcald\u00eda en elecciones at\u00edpicas. Con una marcha contra la corrupci\u00f3n, en la cual lo acompa\u00f1\u00f3 el senador Jorge Enrique Robledo, el exconcejal y hoy candidato al primer\u2026","rel":"","context":"En \u00abEconom\u00eda\u00bb","block_context":{"text":"Econom\u00eda","link":"https:\/\/moir.com.co\/web\/category\/temas\/economia\/"},"img":{"alt_text":"","src":"https:\/\/i0.wp.com\/moir.com.co\/web\/wp-content\/uploads\/2018\/04\/davidmuneraet2018.jpeg?fit=950%2C475&ssl=1&resize=350%2C200","width":350,"height":200,"srcset":"https:\/\/i0.wp.com\/moir.com.co\/web\/wp-content\/uploads\/2018\/04\/davidmuneraet2018.jpeg?fit=950%2C475&ssl=1&resize=350%2C200 1x, https:\/\/i0.wp.com\/moir.com.co\/web\/wp-content\/uploads\/2018\/04\/davidmuneraet2018.jpeg?fit=950%2C475&ssl=1&resize=525%2C300 1.5x, https:\/\/i0.wp.com\/moir.com.co\/web\/wp-content\/uploads\/2018\/04\/davidmuneraet2018.jpeg?fit=950%2C475&ssl=1&resize=700%2C400 2x"},"classes":[]},{"id":13718,"url":"https:\/\/moir.com.co\/web\/david-munera-candidato-a-la-alcaldia-de-cartagena\/","url_meta":{"origin":13323,"position":5},"title":"David M\u00fanera candidato a la alcald\u00eda de Cartagena","author":"admin","date":"noviembre 3, 2017","format":false,"excerpt":"Polo Democr\u00e1tico Alternativo, Cartagena, noviembre 2 de 2017 El Comit\u00e9 Ejecutivo de la Coordinadora departamental del Polo Democr\u00e1tico Alternativo en Bol\u00edvar, teniendo en cuenta que se declar\u00f3 la vacancia de la alcald\u00eda de Cartagena, motivo por el cual se van a convocar elecciones at\u00edpicas para designar el titular de ese\u2026","rel":"","context":"En \u00abPol\u00edtica\u00bb","block_context":{"text":"Pol\u00edtica","link":"https:\/\/moir.com.co\/web\/category\/temas\/politica\/"},"img":{"alt_text":"","src":"https:\/\/i0.wp.com\/moir.com.co\/web\/wp-content\/uploads\/2017\/11\/davidmuneracandidatoalcalde.jpg?fit=900%2C1200&ssl=1&resize=350%2C200","width":350,"height":200,"srcset":"https:\/\/i0.wp.com\/moir.com.co\/web\/wp-content\/uploads\/2017\/11\/davidmuneracandidatoalcalde.jpg?fit=900%2C1200&ssl=1&resize=350%2C200 1x, https:\/\/i0.wp.com\/moir.com.co\/web\/wp-content\/uploads\/2017\/11\/davidmuneracandidatoalcalde.jpg?fit=900%2C1200&ssl=1&resize=525%2C300 1.5x, https:\/\/i0.wp.com\/moir.com.co\/web\/wp-content\/uploads\/2017\/11\/davidmuneracandidatoalcalde.jpg?fit=900%2C1200&ssl=1&resize=700%2C400 2x"},"classes":[]}],"jetpack_sharing_enabled":true,"_links":{"self":[{"href":"https:\/\/moir.com.co\/web\/wp-json\/wp\/v2\/posts\/13323","targetHints":{"allow":["GET"]}}],"collection":[{"href":"https:\/\/moir.com.co\/web\/wp-json\/wp\/v2\/posts"}],"about":[{"href":"https:\/\/moir.com.co\/web\/wp-json\/wp\/v2\/types\/post"}],"author":[{"embeddable":true,"href":"https:\/\/moir.com.co\/web\/wp-json\/wp\/v2\/users\/1"}],"replies":[{"embeddable":true,"href":"https:\/\/moir.com.co\/web\/wp-json\/wp\/v2\/comments?post=13323"}],"version-history":[{"count":1,"href":"https:\/\/moir.com.co\/web\/wp-json\/wp\/v2\/posts\/13323\/revisions"}],"predecessor-version":[{"id":13325,"href":"https:\/\/moir.com.co\/web\/wp-json\/wp\/v2\/posts\/13323\/revisions\/13325"}],"wp:featuredmedia":[{"embeddable":true,"href":"https:\/\/moir.com.co\/web\/wp-json\/wp\/v2\/media\/13324"}],"wp:attachment":[{"href":"https:\/\/moir.com.co\/web\/wp-json\/wp\/v2\/media?parent=13323"}],"wp:term":[{"taxonomy":"category","embeddable":true,"href":"https:\/\/moir.com.co\/web\/wp-json\/wp\/v2\/categories?post=13323"},{"taxonomy":"post_tag","embeddable":true,"href":"https:\/\/moir.com.co\/web\/wp-json\/wp\/v2\/tags?post=13323"}],"curies":[{"name":"wp","href":"https:\/\/api.w.org\/{rel}","templated":true}]}}