{"id":13317,"date":"2017-09-18T15:34:59","date_gmt":"2017-09-18T15:34:59","guid":{"rendered":"https:\/\/moir.org.co\/web\/?p=13317"},"modified":"2017-09-18T15:34:59","modified_gmt":"2017-09-18T15:34:59","slug":"programa-radial-de-tribuna-magisterial-septiembre-17-de-2017","status":"publish","type":"post","link":"https:\/\/moir.com.co\/web\/programa-radial-de-tribuna-magisterial-septiembre-17-de-2017\/","title":{"rendered":"Programa Radial de Tribuna Magisterial, septiembre 17 de 2017"},"content":{"rendered":"<p><strong>Bogot\u00e1, septiembre 17 de 2017<\/strong><\/p>\n<p>En el programa del 17 de septiembre Mar\u00eda Antonieta Cano de la junta directiva de la DE y directora del programa entrevist\u00f3 a Sergio Fern\u00e1ndez, vocero del comit\u00e9 Unidos revoquemos a Pe\u00f1alosa, quien habl\u00f3 sobre la gran movilizaci\u00f3n del pasado 14 de septiembre en la cual se exigi\u00f3 al Gobierno Nacional y a los \u00f3rganos electorales la convocatoria a las urnas para que los bogotanos decidan si quieren que Enrique Pe\u00f1alosa siga como alcalde de la capital.<\/p>\n<p>&nbsp;<\/p>\n<p>A continuaci\u00f3n se escuch\u00f3 la entrevista que Mar\u00eda Antonieta Cano les hizo a dos profesoras del Colegio Distrital Palermo, ellas se\u00f1alaron que la rectora de la instituci\u00f3n implement\u00f3 la jornada \u00fanica sin cumplir los requisitos pasando por encima los \u00f3rganos del gobierno escolar y sin garantizar las condiciones de infraestructura.<\/p>\n<p>&nbsp;<\/p>\n<p>En el espacio con el Senador del Polo Democr\u00e1tico Alternativo Jorge Robledo se habl\u00f3 sobre el informe de la Contralor\u00eda que ratifica las denuncias realizadas por el senador frente al pr\u00e9stamo que concedi\u00f3 Banco Agrario a Navelena Odebretch por 120 mil millones para pagar un cr\u00e9dito al Banco de Occidente de propiedad de Luis Carlos Sarmiento, la asesor\u00eda para tramitar el cr\u00e9dito la prest\u00f3 la oficina de abogados del actual Fiscal General de la Naci\u00f3n N\u00e9stor Humberto Mart\u00ednez Neira. Finalmente nos cont\u00f3 sobre el proceso de coalici\u00f3n entre Claudia L\u00f3pez de la Alianza Verde, Sergio Fajardo de Compromiso Ciudadano y Jorge Robledo del Polo Democr\u00e1tico Alternativo para elegir un candidato \u00fanico a la presidencia en el 2018.<\/p>\n<p>&nbsp;<\/p>\n<p>El concejal del Polo Democr\u00e1tico Alternativo Manuel Sarmiento denunci\u00f3 lo que est\u00e1 pasando \u00a0con los accidentes de los buses de Transmilenio, se\u00f1al\u00f3 que durante la alcald\u00eda de Enrique Pe\u00f1alosa que el n\u00famero de buses rojos varados aument\u00f3 en un 60%, que Gustavo Petro extendi\u00f3 la vida \u00fatil de los buses y lo mismo hizo Pe\u00f1alosa causando \u00a0tantos accidentes.<\/p>\n<p>Al final se hizo la invitaci\u00f3n para asistir el pr\u00f3ximo 23 de septiembre a la proclamaci\u00f3n a la presidencia de Jorge Robledo en el Sal\u00f3n Rojo del hotel Tequendama.<\/p>\n<p>&nbsp;<\/p>\n<p>En entrevista a Carol Pisa, representante de los estudiantes de posgrado ante el concejo acad\u00e9mico de la universidad nacional, se hicieron varias denuncias frente a un nuevo recorte presupuestal y sobre la falta de \u00a0garant\u00edas democr\u00e1ticas que ofrece la direcci\u00f3n de la universidad para debatir.<\/p>\n","protected":false},"excerpt":{"rendered":"<p>Bogot\u00e1, septiembre 17 de 2017 En el programa del 17 de septiembre Mar\u00eda Antonieta Cano de la junta directiva de la DE y directora del programa entrevist\u00f3 a Sergio Fern\u00e1ndez, vocero del comit\u00e9 Unidos revoquemos a Pe\u00f1alosa, quien habl\u00f3 sobre la gran movilizaci\u00f3n del pasado 14 de septiembre en la cual se exigi\u00f3 al Gobierno [&hellip;]<\/p>\n","protected":false},"author":1,"featured_media":12409,"comment_status":"open","ping_status":"open","sticky":false,"template":"","format":"audio","meta":{"advanced_seo_description":"","jetpack_seo_html_title":"","jetpack_seo_noindex":false,"_jetpack_memberships_contains_paid_content":false,"footnotes":""},"categories":[101,102,97,98,110,111],"tags":[],"class_list":["post-13317","post","type-post","status-publish","format-audio","has-post-thumbnail","hentry","category-bogota","category-economia","category-imperialismo-y-neoliberalismo","category-politica","category-vias-y-transporte","category-vivienda-y-desarrollo-urbano","post_format-post-format-audio"],"jetpack_featured_media_url":"https:\/\/i0.wp.com\/moir.com.co\/web\/wp-content\/uploads\/2017\/05\/fecodeparo2017.jpg?fit=780%2C514&ssl=1","jetpack-related-posts":[{"id":13399,"url":"https:\/\/moir.com.co\/web\/programa-radial-de-tribuna-magisterial-septiembre-24-de-2017\/","url_meta":{"origin":13317,"position":0},"title":"Programa Radial de Tribuna Magisterial, septiembre 24 de 2017","author":"admin","date":"septiembre 29, 2017","format":"audio","excerpt":"Bogot\u00e1, septiembre 24 de 2017 En el programa del 24 de septiembre Mar\u00eda Antonieta Cano de la junta Directiva de la ADE y directora del programa dio un informe sobre la proclamaci\u00f3n de Jorge Robledo como candidato a la Presidencia de la Republica por el Polo Democr\u00e1tico Alternativo. Tambi\u00e9n inform\u00f3\u2026","rel":"","context":"En \u00abEducaci\u00f3n\u00bb","block_context":{"text":"Educaci\u00f3n","link":"https:\/\/moir.com.co\/web\/category\/temas\/educacion\/"},"img":{"alt_text":"","src":"https:\/\/i0.wp.com\/moir.com.co\/web\/wp-content\/uploads\/2017\/07\/tribmagton%CC%83a5-1.jpg?fit=900%2C1200&ssl=1&resize=350%2C200","width":350,"height":200,"srcset":"https:\/\/i0.wp.com\/moir.com.co\/web\/wp-content\/uploads\/2017\/07\/tribmagton%CC%83a5-1.jpg?fit=900%2C1200&ssl=1&resize=350%2C200 1x, https:\/\/i0.wp.com\/moir.com.co\/web\/wp-content\/uploads\/2017\/07\/tribmagton%CC%83a5-1.jpg?fit=900%2C1200&ssl=1&resize=525%2C300 1.5x, https:\/\/i0.wp.com\/moir.com.co\/web\/wp-content\/uploads\/2017\/07\/tribmagton%CC%83a5-1.jpg?fit=900%2C1200&ssl=1&resize=700%2C400 2x"},"classes":[]},{"id":13635,"url":"https:\/\/moir.com.co\/web\/programa-radial-de-tribuna-magisterial-octubre-22-de-2017\/","url_meta":{"origin":13317,"position":1},"title":"Programa Radial de Tribuna Magisterial, octubre 22 de 2017","author":"admin","date":"octubre 26, 2017","format":"audio","excerpt":"Bogot\u00e1, octubre 22 de 2017 En el programa del 22 de octubre la profesora Marisol Moncada docente provisional del distrito present\u00f3 su candidatura a la asamblea de delegados de la ADE con el #341, tambi\u00e9n Pedro Jim\u00e9nez present\u00f3 su candidatura a la asamblea de delegados de la ADE con el\u2026","rel":"","context":"En \u00abBogot\u00e1\u00bb","block_context":{"text":"Bogot\u00e1","link":"https:\/\/moir.com.co\/web\/category\/temas\/bogota\/"},"img":{"alt_text":"","src":"https:\/\/i0.wp.com\/moir.com.co\/web\/wp-content\/uploads\/2017\/10\/ADETon%CC%83a.jpg?fit=800%2C1200&ssl=1&resize=350%2C200","width":350,"height":200,"srcset":"https:\/\/i0.wp.com\/moir.com.co\/web\/wp-content\/uploads\/2017\/10\/ADETon%CC%83a.jpg?fit=800%2C1200&ssl=1&resize=350%2C200 1x, https:\/\/i0.wp.com\/moir.com.co\/web\/wp-content\/uploads\/2017\/10\/ADETon%CC%83a.jpg?fit=800%2C1200&ssl=1&resize=525%2C300 1.5x, https:\/\/i0.wp.com\/moir.com.co\/web\/wp-content\/uploads\/2017\/10\/ADETon%CC%83a.jpg?fit=800%2C1200&ssl=1&resize=700%2C400 2x"},"classes":[]},{"id":13220,"url":"https:\/\/moir.com.co\/web\/programa-radial-de-tribuna-magisterial-agosto-27-de-2017\/","url_meta":{"origin":13317,"position":2},"title":"Programa Radial de Tribuna Magisterial, agosto 27 de 2017","author":"admin","date":"agosto 30, 2017","format":"audio","excerpt":"Bogot\u00e1, agosto 27 de 2017 En el programa radial de Tribuna Magisterial \u00a0del 27 de agosto Mar\u00eda Antonieta Cano, de la Junta Directiva de la ADE y Pedro Jim\u00e9nez profesor y conductor del programa, entrevistaron a Francisco Torres \u00a0del Comit\u00e9 Ejecutivo de Fecode, en esta oportunidad se refiri\u00f3 a los\u2026","rel":"","context":"En \u00abCiencia\u00bb","block_context":{"text":"Ciencia","link":"https:\/\/moir.com.co\/web\/category\/temas\/ciencia\/"},"img":{"alt_text":"","src":"https:\/\/i0.wp.com\/moir.com.co\/web\/wp-content\/uploads\/2016\/11\/tribmagton%CC%83a2.jpg?fit=298%2C268&ssl=1&resize=350%2C200","width":350,"height":200},"classes":[]},{"id":13780,"url":"https:\/\/moir.com.co\/web\/programa-radia-de-tribuna-magisterial-noviembre-5-de-2017\/","url_meta":{"origin":13317,"position":3},"title":"Programa Radial de Tribuna Magisterial, noviembre 5 de 2017","author":"admin","date":"noviembre 13, 2017","format":"audio","excerpt":"Bogot\u00e1, noviembre 5 de 2017 En el programa del 5 de noviembre, Mar\u00eda Antonieta Cano de la Junta Directiva de la ADE y directora del programa y Pedro Jim\u00e9nez conductor del programa, presentaron a los candidatos a la asamblea de delegados \u00c9dgar Casas y Mauricio P\u00e1ez con el #210 y\u2026","rel":"","context":"En \u00abBogot\u00e1\u00bb","block_context":{"text":"Bogot\u00e1","link":"https:\/\/moir.com.co\/web\/category\/temas\/bogota\/"},"img":{"alt_text":"","src":"https:\/\/i0.wp.com\/moir.com.co\/web\/wp-content\/uploads\/2017\/10\/ADETon%CC%83a.jpg?fit=800%2C1200&ssl=1&resize=350%2C200","width":350,"height":200,"srcset":"https:\/\/i0.wp.com\/moir.com.co\/web\/wp-content\/uploads\/2017\/10\/ADETon%CC%83a.jpg?fit=800%2C1200&ssl=1&resize=350%2C200 1x, https:\/\/i0.wp.com\/moir.com.co\/web\/wp-content\/uploads\/2017\/10\/ADETon%CC%83a.jpg?fit=800%2C1200&ssl=1&resize=525%2C300 1.5x, https:\/\/i0.wp.com\/moir.com.co\/web\/wp-content\/uploads\/2017\/10\/ADETon%CC%83a.jpg?fit=800%2C1200&ssl=1&resize=700%2C400 2x"},"classes":[]},{"id":11938,"url":"https:\/\/moir.com.co\/web\/programa-radial-de-tribuna-magisterial-marzo-19-de-2017\/","url_meta":{"origin":13317,"position":4},"title":"Programa Radial de Tribuna Magisterial, marzo 19 de 2017","author":"admin","date":"marzo 21, 2017","format":"audio","excerpt":"Bogot\u00e1, marzo 19 de 2017 En el programa del 19 de marzo de 2017, Mar\u00eda Antonieta Cano, de la Junta Directiva de la ADE y directora del programa, dedic\u00f3 el editorial a dar un informe sobre las problem\u00e1ticas que se est\u00e1n presentado en los colegios p\u00fablicos por cuenta de la\u2026","rel":"","context":"En \u00abBogot\u00e1\u00bb","block_context":{"text":"Bogot\u00e1","link":"https:\/\/moir.com.co\/web\/category\/temas\/bogota\/"},"img":{"alt_text":"","src":"https:\/\/i0.wp.com\/moir.com.co\/web\/wp-content\/uploads\/2016\/11\/tribmagton%CC%83a5-1.jpg?fit=900%2C1200&ssl=1&resize=350%2C200","width":350,"height":200,"srcset":"https:\/\/i0.wp.com\/moir.com.co\/web\/wp-content\/uploads\/2016\/11\/tribmagton%CC%83a5-1.jpg?fit=900%2C1200&ssl=1&resize=350%2C200 1x, https:\/\/i0.wp.com\/moir.com.co\/web\/wp-content\/uploads\/2016\/11\/tribmagton%CC%83a5-1.jpg?fit=900%2C1200&ssl=1&resize=525%2C300 1.5x, https:\/\/i0.wp.com\/moir.com.co\/web\/wp-content\/uploads\/2016\/11\/tribmagton%CC%83a5-1.jpg?fit=900%2C1200&ssl=1&resize=700%2C400 2x"},"classes":[]},{"id":13435,"url":"https:\/\/moir.com.co\/web\/programa-radial-de-tribuna-magisterial-octubre-1-de-2017\/","url_meta":{"origin":13317,"position":5},"title":"Programa Radial de Tribuna Magisterial, octubre 1 de 2017","author":"admin","date":"octubre 3, 2017","format":"audio","excerpt":"Bogot\u00e1, octubre 1 de 2017 En el programa del 1 de octubre Mar\u00eda Antonieta Cano, de la junta directiva de la Ade y directora del programa y Pedro Jim\u00e9nez docente del distrito, explicaron los puntos program\u00e1ticos expresados por el Senador y \u00a0Candidato a la presidencia por el Polo Democr\u00e1tico Alternativo\u2026","rel":"","context":"En \u00abEducaci\u00f3n\u00bb","block_context":{"text":"Educaci\u00f3n","link":"https:\/\/moir.com.co\/web\/category\/temas\/educacion\/"},"img":{"alt_text":"","src":"https:\/\/i0.wp.com\/moir.com.co\/web\/wp-content\/uploads\/2017\/10\/ADETon%CC%83a.jpg?fit=800%2C1200&ssl=1&resize=350%2C200","width":350,"height":200,"srcset":"https:\/\/i0.wp.com\/moir.com.co\/web\/wp-content\/uploads\/2017\/10\/ADETon%CC%83a.jpg?fit=800%2C1200&ssl=1&resize=350%2C200 1x, https:\/\/i0.wp.com\/moir.com.co\/web\/wp-content\/uploads\/2017\/10\/ADETon%CC%83a.jpg?fit=800%2C1200&ssl=1&resize=525%2C300 1.5x, https:\/\/i0.wp.com\/moir.com.co\/web\/wp-content\/uploads\/2017\/10\/ADETon%CC%83a.jpg?fit=800%2C1200&ssl=1&resize=700%2C400 2x"},"classes":[]}],"jetpack_sharing_enabled":true,"_links":{"self":[{"href":"https:\/\/moir.com.co\/web\/wp-json\/wp\/v2\/posts\/13317","targetHints":{"allow":["GET"]}}],"collection":[{"href":"https:\/\/moir.com.co\/web\/wp-json\/wp\/v2\/posts"}],"about":[{"href":"https:\/\/moir.com.co\/web\/wp-json\/wp\/v2\/types\/post"}],"author":[{"embeddable":true,"href":"https:\/\/moir.com.co\/web\/wp-json\/wp\/v2\/users\/1"}],"replies":[{"embeddable":true,"href":"https:\/\/moir.com.co\/web\/wp-json\/wp\/v2\/comments?post=13317"}],"version-history":[{"count":1,"href":"https:\/\/moir.com.co\/web\/wp-json\/wp\/v2\/posts\/13317\/revisions"}],"predecessor-version":[{"id":13319,"href":"https:\/\/moir.com.co\/web\/wp-json\/wp\/v2\/posts\/13317\/revisions\/13319"}],"wp:featuredmedia":[{"embeddable":true,"href":"https:\/\/moir.com.co\/web\/wp-json\/wp\/v2\/media\/12409"}],"wp:attachment":[{"href":"https:\/\/moir.com.co\/web\/wp-json\/wp\/v2\/media?parent=13317"}],"wp:term":[{"taxonomy":"category","embeddable":true,"href":"https:\/\/moir.com.co\/web\/wp-json\/wp\/v2\/categories?post=13317"},{"taxonomy":"post_tag","embeddable":true,"href":"https:\/\/moir.com.co\/web\/wp-json\/wp\/v2\/tags?post=13317"}],"curies":[{"name":"wp","href":"https:\/\/api.w.org\/{rel}","templated":true}]}}