{"id":13307,"date":"2017-09-14T17:28:05","date_gmt":"2017-09-14T17:28:05","guid":{"rendered":"https:\/\/moir.org.co\/web\/?p=13307"},"modified":"2017-09-14T17:28:05","modified_gmt":"2017-09-14T17:28:05","slug":"con-penalosa-transmilenio-y-el-sitp-siguen-en-franco-deterioro-concejal-manuel-sarmiento","status":"publish","type":"post","link":"https:\/\/moir.com.co\/web\/con-penalosa-transmilenio-y-el-sitp-siguen-en-franco-deterioro-concejal-manuel-sarmiento\/","title":{"rendered":"\u201cCon Pe\u00f1alosa, Transmilenio y el SITP siguen en franco deterioro\u201d: concejal Manuel Sarmiento"},"content":{"rendered":"<p><strong>Oficina de prensa del concejal del Polo Manuel Sarmiento, Bogot\u00e1, septiembre 14 de 2017<\/strong><\/p>\n<p>La promesa de Pe\u00f1alosa de arreglar los problemas de movilidad en cuesti\u00f3n de meses ha resultado ser completamente falsa. \u201cEn lo corrido de 2017 los buses del SITP y de Transmilenio presentan cada vez m\u00e1s fallas, con lo que el servicio sigue en franco deterioro\u201d. As\u00ed lo manifest\u00f3 el concejal Manuel Sarmiento al dar a conocer las cifras de buses varados, inmovilizados y de vueltas perdidas del sistema en el primer semestre de este a\u00f1o.<\/p>\n<p>Seg\u00fan la informaci\u00f3n entregada por Transmilenio, <strong>durante el primer semestre de 2017 se vararon 5.7 buses de Transmilenio al d\u00eda, mientras que en 2016 la cifra fue de 3.4 buses, un aumento escandaloso del 66%<\/strong>, detall\u00f3 Sarmiento. El principal aumento se dio en los articulados de los operadores de la Fase I, cuyos contratos fueron prorrogados por Gustavo Petro y Enrique Pe\u00f1alosa. As\u00ed pues,<strong> los buses varados de Si 99, el operador privado m\u00e1s grande del sistema y de Fase I, aumentaron en 95%<\/strong>. \u201cEsto lo denunciamos en <a href=\"http:\/\/manuelsarmiento.us12.list-manage.com\/track\/click?u=460ad20dfc7348def39f7b505&amp;id=cb87e0615b&amp;e=276a6de4be\">abril<\/a>, pero Transmilenio no ha tomado correctivos al respecto\u201d, se\u00f1al\u00f3 el concejal.<\/p>\n<p>Por otra parte, el servicio en el SITP tambi\u00e9n presenta fallas importantes. <strong>Las vueltas perdidas, que miden los buses que no cumplieron con las frecuencias programadas, han crecido un 35% entre 2015 y 2017<\/strong>, lo que prueba el deterioro del servicio y explica el desespero de los usuarios. Asimismo, <strong>en lo corrido del a\u00f1o se inmovilizaron 63 buses al d\u00eda, lo cual representa un aumento de 7% frente al 2016<\/strong>. \u201cCon estas cifras es imposible que la ciudadan\u00eda mejore su percepci\u00f3n sobre el sistema\u201d, sentenci\u00f3 el concejal.<\/p>\n<p>\u201cEl alcalde Pe\u00f1alosa sigue empecinado en llenar a la ciudad de Transmilenio, incluso empe\u00f1ando las finanzas del Distrito, pero lo cierto es que su administraci\u00f3n no ha hecho nada para mejorar la calidad del servicio del sistema; todo lo contrario, en lo corrido de su administraci\u00f3n, los principales indicadores sobre los buses muestran un deterioro preocupante. Al \u2018gerente\u2019 le qued\u00f3 grande gobernar la ciudad y por eso merece la revocatoria\u201d, concluy\u00f3 el cabildante.<\/p>\n","protected":false},"excerpt":{"rendered":"<p>Oficina de prensa del concejal del Polo Manuel Sarmiento, Bogot\u00e1, septiembre 14 de 2017 La promesa de Pe\u00f1alosa de arreglar los problemas de movilidad en cuesti\u00f3n de meses ha resultado ser completamente falsa. \u201cEn lo corrido de 2017 los buses del SITP y de Transmilenio presentan cada vez m\u00e1s fallas, con lo que el servicio [&hellip;]<\/p>\n","protected":false},"author":1,"featured_media":13308,"comment_status":"open","ping_status":"open","sticky":false,"template":"","format":"standard","meta":{"advanced_seo_description":"","jetpack_seo_html_title":"","jetpack_seo_noindex":false,"_jetpack_memberships_contains_paid_content":false,"footnotes":""},"categories":[101,102,97,100,98,108,110,111],"tags":[],"class_list":["post-13307","post","type-post","status-publish","format-standard","has-post-thumbnail","hentry","category-bogota","category-economia","category-imperialismo-y-neoliberalismo","category-manuel-sarmiento","category-politica","category-servicios-publicos-articulos-de-actualidad","category-vias-y-transporte","category-vivienda-y-desarrollo-urbano"],"jetpack_featured_media_url":"https:\/\/i0.wp.com\/moir.com.co\/web\/wp-content\/uploads\/2017\/09\/transmileniositpdeterioro.jpg?fit=730%2C450&ssl=1","jetpack-related-posts":[{"id":12584,"url":"https:\/\/moir.com.co\/web\/con-penalosa-la-inseguridad-en-transmilenio-y-el-sitp-se-ha-disparado\/","url_meta":{"origin":13307,"position":0},"title":"Con Pe\u00f1alosa la inseguridad en Transmilenio y el SITP se ha disparado","author":"admin","date":"junio 1, 2017","format":false,"excerpt":"Oficina de prensa del concejal Manuel Sarmiento, Bogot\u00e1, junio 1 de 2017 De acuerdo con cifras enviadas por la Secretar\u00eda de Seguridad y la Polic\u00eda al concejal Manuel Sarmiento, durante el gobierno del alcalde Pe\u00f1alosa la inseguridad en Transmilenio y el SITP ha empeorado de manera grave. En el a\u00f1o\u2026","rel":"","context":"En \u00abBogot\u00e1\u00bb","block_context":{"text":"Bogot\u00e1","link":"https:\/\/moir.com.co\/web\/category\/temas\/bogota\/"},"img":{"alt_text":"","src":"https:\/\/i0.wp.com\/moir.com.co\/web\/wp-content\/uploads\/2017\/06\/bogotatransmilleno.jpg?fit=600%2C300&ssl=1&resize=350%2C200","width":350,"height":200,"srcset":"https:\/\/i0.wp.com\/moir.com.co\/web\/wp-content\/uploads\/2017\/06\/bogotatransmilleno.jpg?fit=600%2C300&ssl=1&resize=350%2C200 1x, https:\/\/i0.wp.com\/moir.com.co\/web\/wp-content\/uploads\/2017\/06\/bogotatransmilleno.jpg?fit=600%2C300&ssl=1&resize=525%2C300 1.5x"},"classes":[]},{"id":11901,"url":"https:\/\/moir.com.co\/web\/penalosa-vuelve-a-subir-el-pasaje-de-transmilenio-para-no-tocarles-el-negocio-a-los-operadores-privados\/","url_meta":{"origin":13307,"position":1},"title":"Pe\u00f1alosa vuelve a subir el pasaje de Transmilenio para no tocarles el negocio a los operadores privados","author":"admin","date":"marzo 15, 2017","format":false,"excerpt":"Oficina de prensa del concejal Manuel Sarmiento, Bogot\u00e1, marzo 15 de 2017 \u201cEs inaceptable que por segundo a\u00f1o consecutivo el alcalde Pe\u00f1alosa opte por aumentar las tarifas de Transmilenio y el SITP, en vez de modificar las millonarias gabelas que favorecen al oligopolio privado del transporte bogotano\u201d, se\u00f1al\u00f3 el concejal\u2026","rel":"","context":"En \u00abBogot\u00e1\u00bb","block_context":{"text":"Bogot\u00e1","link":"https:\/\/moir.com.co\/web\/category\/temas\/bogota\/"},"img":{"alt_text":"","src":"https:\/\/i0.wp.com\/moir.com.co\/web\/wp-content\/uploads\/2017\/03\/transmileniopasajesalza.jpg?fit=913%2C607&ssl=1&resize=350%2C200","width":350,"height":200,"srcset":"https:\/\/i0.wp.com\/moir.com.co\/web\/wp-content\/uploads\/2017\/03\/transmileniopasajesalza.jpg?fit=913%2C607&ssl=1&resize=350%2C200 1x, https:\/\/i0.wp.com\/moir.com.co\/web\/wp-content\/uploads\/2017\/03\/transmileniopasajesalza.jpg?fit=913%2C607&ssl=1&resize=525%2C300 1.5x, https:\/\/i0.wp.com\/moir.com.co\/web\/wp-content\/uploads\/2017\/03\/transmileniopasajesalza.jpg?fit=913%2C607&ssl=1&resize=700%2C400 2x"},"classes":[]},{"id":14373,"url":"https:\/\/moir.com.co\/web\/bogota-mejor-para-los-operadores-de-transmilenio-peor-para-los-usuarios\/","url_meta":{"origin":13307,"position":2},"title":"Bogot\u00e1 mejor para los operadores de Transmilenio, peor para los usuarios","author":"admin","date":"enero 31, 2018","format":false,"excerpt":"Manuel Sarmiento, concejal Polo Bogot\u00e1, enero 30 de 2018 Por tercera vez consecutiva el alcalde Pe\u00f1alosa decret\u00f3 un alza en las tarifas del transporte p\u00fablico que encarecer\u00e1 el pasaje en 27% en tan solo tres a\u00f1os, 10 puntos por encima de la inflaci\u00f3n. En las tres ocasiones el aumento se\u2026","rel":"","context":"En \u00abBogot\u00e1\u00bb","block_context":{"text":"Bogot\u00e1","link":"https:\/\/moir.com.co\/web\/category\/temas\/bogota\/"},"img":{"alt_text":"","src":"https:\/\/i0.wp.com\/moir.com.co\/web\/wp-content\/uploads\/2017\/09\/transmileniositpdeterioro.jpg?fit=730%2C450&ssl=1&resize=350%2C200","width":350,"height":200,"srcset":"https:\/\/i0.wp.com\/moir.com.co\/web\/wp-content\/uploads\/2017\/09\/transmileniositpdeterioro.jpg?fit=730%2C450&ssl=1&resize=350%2C200 1x, https:\/\/i0.wp.com\/moir.com.co\/web\/wp-content\/uploads\/2017\/09\/transmileniositpdeterioro.jpg?fit=730%2C450&ssl=1&resize=525%2C300 1.5x, https:\/\/i0.wp.com\/moir.com.co\/web\/wp-content\/uploads\/2017\/09\/transmileniositpdeterioro.jpg?fit=730%2C450&ssl=1&resize=700%2C400 2x"},"classes":[]},{"id":12058,"url":"https:\/\/moir.com.co\/web\/se-incendia-otro-bus-de-transmilenio-y-penalosa-guarda-silencio-concejal-manuel-sarmiento\/","url_meta":{"origin":13307,"position":3},"title":"Se incendia otro bus de Transmilenio y Pe\u00f1alosa guarda silencio: concejal Manuel Sarmiento","author":"admin","date":"abril 7, 2017","format":false,"excerpt":"Oficina de prensa del concejal Manuel Sarmiento, Bogot\u00e1, abril 5 de 2017 Usuarios y trabajadores no tienen garant\u00edas de la seguridad de los buses. El pasado 2 de abril un articulado de Transmilenio se incendi\u00f3 a la altura de la estaci\u00f3n Coliseo de la troncal de la Carrera 30. \u201cSeg\u00fan\u2026","rel":"","context":"En \u00abBogot\u00e1\u00bb","block_context":{"text":"Bogot\u00e1","link":"https:\/\/moir.com.co\/web\/category\/temas\/bogota\/"},"img":{"alt_text":"","src":"https:\/\/i0.wp.com\/moir.com.co\/web\/wp-content\/uploads\/2017\/04\/transmilenioincendio.jpg?fit=1040%2C584&ssl=1&resize=350%2C200","width":350,"height":200,"srcset":"https:\/\/i0.wp.com\/moir.com.co\/web\/wp-content\/uploads\/2017\/04\/transmilenioincendio.jpg?fit=1040%2C584&ssl=1&resize=350%2C200 1x, https:\/\/i0.wp.com\/moir.com.co\/web\/wp-content\/uploads\/2017\/04\/transmilenioincendio.jpg?fit=1040%2C584&ssl=1&resize=525%2C300 1.5x, https:\/\/i0.wp.com\/moir.com.co\/web\/wp-content\/uploads\/2017\/04\/transmilenioincendio.jpg?fit=1040%2C584&ssl=1&resize=700%2C400 2x"},"classes":[]},{"id":13621,"url":"https:\/\/moir.com.co\/web\/penalosa-acude-al-matoneo-judicial-para-acallar-a-la-oposicion-concejal-manuel-sarmiento\/","url_meta":{"origin":13307,"position":4},"title":"Pe\u00f1alosa acude al matoneo judicial para acallar a la oposici\u00f3n: concejal Manuel Sarmiento","author":"admin","date":"octubre 25, 2017","format":false,"excerpt":"Oficina de prensa del concejal Manuel Sarmiento, Bogot\u00e1, octubre 24 de 2017 El alcalde Pe\u00f1alosa interpuso una tutela contra el concejal Manuel Sarmiento alegando que viol\u00f3 su derecho al buen nombre por haber afirmado que el mandatario ha sido un promotor y vendedor de sistemas transmilenio y buses, lo que\u2026","rel":"","context":"En \u00abBogot\u00e1\u00bb","block_context":{"text":"Bogot\u00e1","link":"https:\/\/moir.com.co\/web\/category\/temas\/bogota\/"},"img":{"alt_text":"","src":"","width":0,"height":0},"classes":[]},{"id":16800,"url":"https:\/\/moir.com.co\/web\/video-penalosa-el-vendedor-de-buses-les-mejora-el-negocio-a-los-operadores-privados-de-transmilenio-concejal-manuel-sarmiento\/","url_meta":{"origin":13307,"position":5},"title":"Video: Pe\u00f1alosa, el vendedor de buses, les mejora el negocio a los operadores privados de Transmilenio, concejal Manuel Sarmiento","author":"admin","date":"enero 27, 2019","format":"video","excerpt":"Bogot\u00e1, enero 25 de 2019","rel":"","context":"En \u00abBogot\u00e1\u00bb","block_context":{"text":"Bogot\u00e1","link":"https:\/\/moir.com.co\/web\/category\/temas\/bogota\/"},"img":{"alt_text":"","src":"","width":0,"height":0},"classes":[]}],"jetpack_sharing_enabled":true,"_links":{"self":[{"href":"https:\/\/moir.com.co\/web\/wp-json\/wp\/v2\/posts\/13307","targetHints":{"allow":["GET"]}}],"collection":[{"href":"https:\/\/moir.com.co\/web\/wp-json\/wp\/v2\/posts"}],"about":[{"href":"https:\/\/moir.com.co\/web\/wp-json\/wp\/v2\/types\/post"}],"author":[{"embeddable":true,"href":"https:\/\/moir.com.co\/web\/wp-json\/wp\/v2\/users\/1"}],"replies":[{"embeddable":true,"href":"https:\/\/moir.com.co\/web\/wp-json\/wp\/v2\/comments?post=13307"}],"version-history":[{"count":1,"href":"https:\/\/moir.com.co\/web\/wp-json\/wp\/v2\/posts\/13307\/revisions"}],"predecessor-version":[{"id":13309,"href":"https:\/\/moir.com.co\/web\/wp-json\/wp\/v2\/posts\/13307\/revisions\/13309"}],"wp:featuredmedia":[{"embeddable":true,"href":"https:\/\/moir.com.co\/web\/wp-json\/wp\/v2\/media\/13308"}],"wp:attachment":[{"href":"https:\/\/moir.com.co\/web\/wp-json\/wp\/v2\/media?parent=13307"}],"wp:term":[{"taxonomy":"category","embeddable":true,"href":"https:\/\/moir.com.co\/web\/wp-json\/wp\/v2\/categories?post=13307"},{"taxonomy":"post_tag","embeddable":true,"href":"https:\/\/moir.com.co\/web\/wp-json\/wp\/v2\/tags?post=13307"}],"curies":[{"name":"wp","href":"https:\/\/api.w.org\/{rel}","templated":true}]}}