{"id":13304,"date":"2017-09-14T17:20:41","date_gmt":"2017-09-14T17:20:41","guid":{"rendered":"https:\/\/moir.org.co\/web\/?p=13304"},"modified":"2017-09-14T17:20:41","modified_gmt":"2017-09-14T17:20:41","slug":"la-tiniebla-de-la-desigualdad","status":"publish","type":"post","link":"https:\/\/moir.com.co\/web\/la-tiniebla-de-la-desigualdad\/","title":{"rendered":"La tiniebla de la desigualdad"},"content":{"rendered":"<p><strong>Aurelio Su\u00e1rez Montoya, Bogot\u00e1, septiembre 13 de 2017<\/strong><\/p>\n<div>El papa Francisco \u2013 en su oraci\u00f3n en la misa en el parque Sim\u00f3n Bol\u00edvar en Bogot\u00e1 el jueves 7 de septiembre- advirti\u00f3 sobre \u201c<strong>densas tinieblas que amenazan y destruyen la vida<\/strong>\u201d, \u201caqu\u00ed como en otras partes\u201d.<\/div>\n<div><\/div>\n<div>Entre ellas enunci\u00f3 cinco:\u00a0<strong>1) las de \u201cla injusticia y de la inequidad social\u201d<\/strong>; 2) \u201clas corruptoras de los intereses personales o grupales, que consumen de manera ego\u00edsta y desaforada lo que est\u00e1 destinado para el bienestar de todos\u201d; 3) las del\u00a0<strong>\u201cirrespeto por la vida humana<\/strong>\u201d; 4) las de \u201cla sed de venganza y del odio\u201d y 5) las de \u201c<strong>quienes se vuelven insensibles ante el dolor de tantas v\u00edctimas<\/strong>&#8220;.<\/div>\n<div><\/div>\n<div><strong>Para todas se podr\u00eda documentar su existencia perversa en Colombia<\/strong>. Los billones perdidos, y \u00a0en forma de \u201c<strong>enormes elefantes<\/strong>\u201d, \u00a0que tanto disparate y b\u00e1rbara corruptela han ido a bolsillos y cuentas de descarados funcionarios o agentes privados amorales o tambi\u00e9n las m\u00e1s de ocho millones de v\u00edctimas del conflicto armado muchas de ellas sometidas a cr\u00edmenes de<strong>\u00a0lesa humanidad por los distintos intervinientes armados o las expresiones y hechos de represalias demenciales, incluidos los \u00e1mbitos de la vida cotidiana y familiar en campos y ciudades.<\/strong><\/div>\n<div><\/div>\n<div>En ellas acierta el papa Francisco pero vale enfatizar en la de la inequidad, la menos noticiosa, pero que como el mismo anot\u00f3: \u201ces la ra\u00edz de los males sociales\u201d. Algunos datos, consignados en el libro, \u201c<strong>Piketty y los economistas colombianos<\/strong>\u201d, le dan sobradas razones:\u00a0<strong>Colombia tiene el Coeficiente de GINI (que mide la desigualdad de 0 a 1 y mientras m\u00e1s cerca a este n\u00famero es m\u00e1s desigual) es 0,52, el octavo m\u00e1s alto del mundo, el segundo de Am\u00e9rica y Bogot\u00e1<\/strong>\u00a0es la tercera capital inequitativa despu\u00e9s de Riohacha y Quibd\u00f3. Esto expresa un hecho ins\u00f3lito: El 50% m\u00e1s pobre de la poblaci\u00f3n recibe solo el 13% del ingreso, en tanto el 1%, del nivel m\u00e1s alto, capta el 20%.<\/div>\n<div><\/div>\n<div><strong>Y ello es s\u00f3lo la manifestaci\u00f3n de la inicua distribuci\u00f3n de activos: Cuatro grupos financieros controlan el 75% de los bancarios<\/strong>; el 0,4 % de los predios rurales, los de m\u00e1s de 500 ha., poseen 75,5 % del \u00e1rea de las unidades productivas; veinte t\u00edtulos burs\u00e1tiles capturan m\u00e1s del \u00a070% de la capitalizaci\u00f3n de mercado y hasta en las utilidades dentro del universo empresarial la distribuci\u00f3n es muy desigual: mucho m\u00e1s que la registrada entre las personas.<\/div>\n<div><\/div>\n<div>Quiera la vida que en Colombia se manifieste la voluntad pol\u00edtica, con amplio sentido democr\u00e1tico, de mejorar la repartici\u00f3n del ingreso. El componente destinado a la inmensa base social del pa\u00eds, v\u00eda salarios o entradas mixtas como\u00a0<strong>\u201crebusques\u201d y dem\u00e1s, es el 41% del total, igual a Kenia, mientras en Jap\u00f3n es 66% y en Suecia el 73%, seg\u00fan trabajos del grupo de Piketty.<\/strong><\/div>\n<div><\/div>\n<div>Es sabido que el 85% de los asalariados gana menos de dos salarios m\u00ednimos y que el\u00a0<strong>60% de las mujeres trabajadoras est\u00e1 en la ocupaci\u00f3n informal y su jornada, que abarca las labores dom\u00e9sticas<\/strong>, es casi el doble entre tanto su brecha de remuneraci\u00f3n con los hombres el del 22%.<\/div>\n<div><\/div>\n<div>Deber\u00eda hacerse un gran pacto nacional, un acuerdo de todos con todos, para aliviar esta cr\u00edtica situaci\u00f3n ya que no es posible ni el progreso ni el adelanto para nadie con las bases sociales con los bolsillos vac\u00edos, sin m\u00ednima capacidad de demanda, con m\u00e1s de un\u00a0<strong>70% que dice que no tener c\u00f3mo sobrevivir o que apenas sobrevive. Veremos si aqu\u00ed la pr\u00e9dica, como en la par\u00e1bola del sembrador, cay\u00f3 en la tierra f\u00e9rtil.<\/strong><\/div>\n","protected":false},"excerpt":{"rendered":"<p>Aurelio Su\u00e1rez Montoya, Bogot\u00e1, septiembre 13 de 2017 El papa Francisco \u2013 en su oraci\u00f3n en la misa en el parque Sim\u00f3n Bol\u00edvar en Bogot\u00e1 el jueves 7 de septiembre- advirti\u00f3 sobre \u201cdensas tinieblas que amenazan y destruyen la vida\u201d, \u201caqu\u00ed como en otras partes\u201d. Entre ellas enunci\u00f3 cinco:\u00a01) las de \u201cla injusticia y de [&hellip;]<\/p>\n","protected":false},"author":1,"featured_media":13305,"comment_status":"open","ping_status":"open","sticky":false,"template":"","format":"standard","meta":{"advanced_seo_description":"","jetpack_seo_html_title":"","jetpack_seo_noindex":false,"_jetpack_memberships_contains_paid_content":false,"footnotes":""},"categories":[79,102,97,98],"tags":[],"class_list":["post-13304","post","type-post","status-publish","format-standard","has-post-thumbnail","hentry","category-aurelio-suarez-montoya","category-economia","category-imperialismo-y-neoliberalismo","category-politica"],"jetpack_featured_media_url":"https:\/\/i0.wp.com\/moir.com.co\/web\/wp-content\/uploads\/2017\/09\/tinieblapobrezapontifice.jpg?fit=650%2C466&ssl=1","jetpack-related-posts":[{"id":13410,"url":"https:\/\/moir.com.co\/web\/video-intervencion-de-aurelio-suarez-montoya-en-el-foro-por-la-financiacion-de-la-educacion-convocado-por-fecode\/","url_meta":{"origin":13304,"position":0},"title":"Video: Intervenci\u00f3n de Aurelio Su\u00e1rez Montoya en el Foro por la Financiaci\u00f3n de la Educaci\u00f3n convocado por Fecode","author":"admin","date":"septiembre 29, 2017","format":"video","excerpt":"Bogot\u00e1, septiembre 26 de 2017","rel":"","context":"En \u00abAurelio Su\u00e1rez Montoya\u00bb","block_context":{"text":"Aurelio Su\u00e1rez Montoya","link":"https:\/\/moir.com.co\/web\/category\/bitacoras\/aurelio-suarez-montoya\/"},"img":{"alt_text":"","src":"","width":0,"height":0},"classes":[]},{"id":15876,"url":"https:\/\/moir.com.co\/web\/video-economia-colombiana-pagar-para-endeudarse-y-seguir-endeudandose-para-poder-pagar-aurelio-suarez\/","url_meta":{"origin":13304,"position":1},"title":"Video: Econom\u00eda colombiana: pagar para endeudarse y seguir endeud\u00e1ndose para poder pagar, Aurelio Su\u00e1rez","author":"admin","date":"septiembre 10, 2018","format":"video","excerpt":"S\u00edntesis de la participaci\u00f3n del analista econ\u00f3mico Aurelio Su\u00e1rez en los programas Econom\u00eda al D\u00eda con Yina Ramos y Semana en Vivo de Cablenoticias. Bogot\u00e1, septiembre 8 de 2018","rel":"","context":"En \u00abAurelio Su\u00e1rez Montoya\u00bb","block_context":{"text":"Aurelio Su\u00e1rez Montoya","link":"https:\/\/moir.com.co\/web\/category\/bitacoras\/aurelio-suarez-montoya\/"},"img":{"alt_text":"","src":"","width":0,"height":0},"classes":[]},{"id":21146,"url":"https:\/\/moir.com.co\/web\/en-memoria-de-consuelo-suarez-montoya\/","url_meta":{"origin":13304,"position":2},"title":"EN MEMORIA DE CONSUELO SU\u00c1REZ MONTOYA","author":"admin","date":"agosto 21, 2005","format":false,"excerpt":"Jorge Enrique Robledo, senador Intervenci\u00f3n del senador Jorge Enrique Robledo Bogot\u00e1 en el sepelio de la camarada Consuelo Su\u00e1rez, Bogot\u00e1, 13 de agosto de 2005: Le damos el \u00faltimo adi\u00f3s, sus familiares, amigos y compa\u00f1eros, a Consuelo Su\u00e1rez Montoya, con quien todos, cada uno a su manera, compartimos momentos inolvidables,\u2026","rel":"","context":"En \u00abTribuna Roja N\u00ba 100, septiembre 1 de 2005\u00bb","block_context":{"text":"Tribuna Roja N\u00ba 100, septiembre 1 de 2005","link":"https:\/\/moir.com.co\/web\/category\/tribuna-roja\/ediciones-2005-2009\/tribuna-roja-no-100-septiembre-1-de-2005\/"},"img":{"alt_text":"","src":"","width":0,"height":0},"classes":[]},{"id":14351,"url":"https:\/\/moir.com.co\/web\/video-alarmante-incremento-de-la-desigualdad-economica-en-el-mundo-aurelio-suarez-montoya\/","url_meta":{"origin":13304,"position":3},"title":"Video: Alarmante incremento de la desigualdad econ\u00f3mica en el mundo, Aurelio Su\u00e1rez Montoya","author":"admin","date":"enero 29, 2018","format":"video","excerpt":"Bogot\u00e1, enero 29 de 2018","rel":"","context":"En \u00abAurelio Su\u00e1rez Montoya\u00bb","block_context":{"text":"Aurelio Su\u00e1rez Montoya","link":"https:\/\/moir.com.co\/web\/category\/bitacoras\/aurelio-suarez-montoya\/"},"img":{"alt_text":"","src":"","width":0,"height":0},"classes":[]},{"id":17295,"url":"https:\/\/moir.com.co\/web\/video-intervencion-de-aurelio-suarez-montoya-en-la-audiencia-el-agro-en-crisis\/","url_meta":{"origin":13304,"position":4},"title":"Video: Intervenci\u00f3n de Aurelio Su\u00e1rez Montoya en la audiencia &#8220;El agro en crisis&#8221;","author":"admin","date":"abril 14, 2019","format":"video","excerpt":"Bogot\u00e1, abril 13 de 2019","rel":"","context":"En \u00abAgro\u00bb","block_context":{"text":"Agro","link":"https:\/\/moir.com.co\/web\/category\/temas\/agro\/"},"img":{"alt_text":"","src":"","width":0,"height":0},"classes":[]},{"id":17331,"url":"https:\/\/moir.com.co\/web\/video-intervencion-de-aurelio-suarez-montoya-en-la-audiencia-publica-s-o-s-por-la-industria-textil-confecciones\/","url_meta":{"origin":13304,"position":5},"title":"Video: Intervenci\u00f3n de Aurelio Su\u00e1rez Montoya en la audiencia p\u00fablica: &#8220;S.O.S por la industria textil confecciones&#8221;","author":"admin","date":"abril 23, 2019","format":"video","excerpt":"Bogot\u00e1, abril 22 de 2019","rel":"","context":"En \u00abAurelio Su\u00e1rez Montoya\u00bb","block_context":{"text":"Aurelio Su\u00e1rez Montoya","link":"https:\/\/moir.com.co\/web\/category\/bitacoras\/aurelio-suarez-montoya\/"},"img":{"alt_text":"","src":"","width":0,"height":0},"classes":[]}],"jetpack_sharing_enabled":true,"_links":{"self":[{"href":"https:\/\/moir.com.co\/web\/wp-json\/wp\/v2\/posts\/13304","targetHints":{"allow":["GET"]}}],"collection":[{"href":"https:\/\/moir.com.co\/web\/wp-json\/wp\/v2\/posts"}],"about":[{"href":"https:\/\/moir.com.co\/web\/wp-json\/wp\/v2\/types\/post"}],"author":[{"embeddable":true,"href":"https:\/\/moir.com.co\/web\/wp-json\/wp\/v2\/users\/1"}],"replies":[{"embeddable":true,"href":"https:\/\/moir.com.co\/web\/wp-json\/wp\/v2\/comments?post=13304"}],"version-history":[{"count":1,"href":"https:\/\/moir.com.co\/web\/wp-json\/wp\/v2\/posts\/13304\/revisions"}],"predecessor-version":[{"id":13306,"href":"https:\/\/moir.com.co\/web\/wp-json\/wp\/v2\/posts\/13304\/revisions\/13306"}],"wp:featuredmedia":[{"embeddable":true,"href":"https:\/\/moir.com.co\/web\/wp-json\/wp\/v2\/media\/13305"}],"wp:attachment":[{"href":"https:\/\/moir.com.co\/web\/wp-json\/wp\/v2\/media?parent=13304"}],"wp:term":[{"taxonomy":"category","embeddable":true,"href":"https:\/\/moir.com.co\/web\/wp-json\/wp\/v2\/categories?post=13304"},{"taxonomy":"post_tag","embeddable":true,"href":"https:\/\/moir.com.co\/web\/wp-json\/wp\/v2\/tags?post=13304"}],"curies":[{"name":"wp","href":"https:\/\/api.w.org\/{rel}","templated":true}]}}