{"id":13301,"date":"2017-09-13T16:43:21","date_gmt":"2017-09-13T16:43:21","guid":{"rendered":"https:\/\/moir.org.co\/web\/?p=13301"},"modified":"2017-09-13T16:43:21","modified_gmt":"2017-09-13T16:43:21","slug":"en-que-consiste-la-convergencia-que-impulsa-el-polo","status":"publish","type":"post","link":"https:\/\/moir.com.co\/web\/en-que-consiste-la-convergencia-que-impulsa-el-polo\/","title":{"rendered":"\u00bfEn qu\u00e9 consiste la convergencia que impulsa el POLO?"},"content":{"rendered":"<p><strong>Jorge G\u00f3mez Gallego, dirigente del Polo, Medell\u00edn, septiembre 13 de 2017<\/strong><\/p>\n<p>Se ha suscitado un debate p\u00fablico a ra\u00edz de la filtraci\u00f3n de una comunicaci\u00f3n interna dirigida por el Secretario General del POLO a las Coordinadora Departamentales, en la que se informa acerca de la decisi\u00f3n de ayudar a recoger firmas para que el partido pol\u00edtico Compromiso Ciudadano que est\u00e1 formando Sergio Fajardo obtenga su personer\u00eda jur\u00eddica.<\/p>\n<p>Desafortunadamente el debate se ha centrado sobre ese hecho y no sobre el desarrollo de las conversaciones sostenidas por el POLO, Alianza Verde y el equipo de Fajardo, que es el origen de la circular y la filtraci\u00f3n se produjo sin haber surtido un proceso interno de discusi\u00f3n, lo que ha debido suceder antes de ver la luz p\u00fablica.<\/p>\n<p>Por esa raz\u00f3n considero pertinente hacer algunas reflexiones que pueden ayudar a aclarar el asunto o al menos a colocar el debate en el sitio correcto. Lo primero que hay que decir es que el POLO ha tenido en los anteriores debates electorales como caracter\u00edstica de su accionar electoral la de tener candidaturas propias, enarbolando su ideario convertido en programa presidencial como gu\u00eda.<\/p>\n<p>As\u00ed fue en 2006, cuando nos opusimos a la reelecci\u00f3n de Uribe con la muy auspiciosa candidatura presidencial del maestro Carlos Gaviria, la cual adem\u00e1s sirvi\u00f3 como pila bautismal para el nuevo partido de la izquierda democr\u00e1tica. As\u00ed fue tambi\u00e9n con la candidatura de Gustavo Petro en 2010, cuando nos opusimos al continuismo uribista en cabeza de Santos. No nos olvidemos que en esa ocasi\u00f3n le propusimos a Antanas Mokus, a la saz\u00f3n el candidato que pas\u00f3 a segunda vuelta para competir con Santos, un programa m\u00ednimo para respaldarlo, propuesta que fue desechada por \u00e9l, y que impidi\u00f3 concretar una coalici\u00f3n para esa segunda vuelta lo que al final deriv\u00f3 en el triunfo de Santos.<\/p>\n<p>As\u00ed sucedi\u00f3 tambi\u00e9n en 2014 cuando con Clara L\u00f3pez nos la jugamos contra la reelecci\u00f3n de Juan Manuel Santos, y para segunda vuelta que se defini\u00f3 entre Santos y Zuluaga, nuestra candidata y un sector del POLO respald\u00f3 al primero con el argumento de la defensa de la paz y votar por el \u201cmenos malo\u201d, no logrando llegar unidos a esa contienda que a la postre culmin\u00f3 con la elecci\u00f3n de Santos para otros 4 a\u00f1os.<\/p>\n<p>En el primer mandato de Santos se produjo una ruptura con quien hab\u00eda sido su mentor \u00c1lvaro Uribe, ruptura en el terreno de la soluci\u00f3n al conflicto armado, que no ha afectado el consenso existente en el bloque de poder entorno a lo que en su momento Francisco Mosquera defini\u00f3 como la recolonizaci\u00f3n imperialista: libre comercio, privatizaciones, flexibilizaci\u00f3n laboral, endeudamiento, p\u00e9rdida total de la soberan\u00eda y tejido de una falsa y corrupta democracia.<\/p>\n<p>En todo este periodo se ha venido configurando un escenario pol\u00edtico en el que a los colombianos los han tratado de colocar en una polarizaci\u00f3n entre uribismo y santismo que nos hace recordar la que se gest\u00f3 durante la violencia liberal \u2013 conservadora y que culmin\u00f3 con el Frente Nacional. Dilema falso, pues as\u00ed como en la confrontaci\u00f3n entre \u201cel hijo de Laureano y el hijo de L\u00f3pez Pumarejo\u201d con acierto lo caracterizamos como \u201cla misma perra con distinta guasca\u201d, hoy lo que los separa es la forma de la superaci\u00f3n del conflicto armado, m\u00e1s no los conceptos claves de soberan\u00eda nacional y democracia pol\u00edtica.<\/p>\n<p>De otro lado se ha gestado una franja importante de opini\u00f3n que participa en la contienda electoral con criterios apartados de las maquinarias uribistas o santistas, franja que se ha multiplicado al ubicar con mayor claridad y fuerza tanto a la c\u00fapula del Centro Democr\u00e1tico como a la de la Unidad Nacional, como \u201clos mismos con las mismas\u201d. Crece el repudio, la indignaci\u00f3n y la intenci\u00f3n de buscar una salida pol\u00edtica diferente.<\/p>\n<p>El bloque de poder, dividido frente al proceso de paz, trata de recoger la opini\u00f3n ciudadana, unos defendiendo los acuerdos de paz logrados con las FARC y utilizando ese positivo logro para perpetuar el modelo de la recolonizaci\u00f3n, la antidemocracia y la corrupci\u00f3n y los otros utilizando el odio de un sector de la sociedad hacia las FARC y la desastrosa gesti\u00f3n de Santos, igualmente para perpetuar el mismo modelo de la recolonizaci\u00f3n, la antidemocracia y la corrupci\u00f3n. Dos bloques diferentes, pero que representan los mismos intereses.<\/p>\n<p>Lo realmente nuevo es el fortalecimiento del bloque que no est\u00e1 en la \u00f3rbita de los \u201cgallinazos que de d\u00eda pelean por tripa y de noche duermen en el mismo palo\u201d, bloque en el que se ubican adem\u00e1s del POLO, la Alianza Verde, Compromiso Ciudadano y otras agrupaciones, que coincide con la necesidad de respetar e implementar los acuerdos de paz logrados con las FARC e impulsar los que se discuten entre el Gobierno y el ELN, y con derrotar a los responsables de la enorme corrupci\u00f3n que ha alcanzado una dimensi\u00f3n capaz de socavar las bases del establecimiento.<\/p>\n<p>El POLO ha decidido buscar un entendimiento con estas fuerzas, partiendo de que la defensa de los acuerdos de paz y el combate a la corrupci\u00f3n son elementos necesarios, pero no suficientes para la consolidaci\u00f3n de este bloque electoral.<\/p>\n<p>Es motivo de celebraci\u00f3n que se est\u00e9 avanzado en el establecimiento de unas reglas iniciales para avanzar hacia la convergencia, reglas iniciales que hablan de que todo se definir\u00e1 por consenso y con el respaldo de las direcciones de los partidos y que las cuatro l\u00edneas gruesas de discusi\u00f3n ser\u00e1n la base program\u00e1tica, la definici\u00f3n de t\u00e1ctica para las elecciones parlamentarias, la concreci\u00f3n de nuevos integrantes para la convergencia y finalmente, si todo se logra acordar, el establecimiento de unas reglas clara para la selecci\u00f3n de un candidato \u00fanico.<\/p>\n<p>No hay duda que el POLO har\u00e1 todos los esfuerzos necesarios, tanto para facilitar la concreci\u00f3n de un acuerdo de esta naturaleza, como para que el fundamento sea un programa que al tiempo que sirva para derrotar a los corruptos y garantizar los acuerdos que le est\u00e1n dando salida al conflicto armado, empiece la tit\u00e1nica labor de desmontar el modelo econ\u00f3mico que ha destruido nuestro aparato productivo y nuestro trabajo nacional, que ha hipotecado como nunca nuestra soberan\u00eda nacional y el modelo pol\u00edtico de negaci\u00f3n de derechos democr\u00e1ticos y de seleccionar los gobernantes en cert\u00e1menes en los que predomina es el constre\u00f1imiento a los electores y la corruptela.<\/p>\n<p>&nbsp;<\/p>\n<p>Es tarea que tenemos que acometer con la claridad de que de lo que se trata es de lograr\u00a0 unificarnos con fuerzas pol\u00edticas que no corresponden a nuestra condici\u00f3n de izquierda democr\u00e1tica, con las que hemos tenido diferencias en el pasado y seguramente mantendremos muchas de ellas hacia el futuro, pero si logramos acordarnos con ellas, en las elecciones de mayo de 2018, la disputa ser\u00e1 no ya entre los santistas y los uribistas, sino entre uno de ellos y una fuerza alternativa que desbroce el camino para la nueva Colombia.<\/p>\n","protected":false},"excerpt":{"rendered":"<p>Jorge G\u00f3mez Gallego, dirigente del Polo, Medell\u00edn, septiembre 13 de 2017 Se ha suscitado un debate p\u00fablico a ra\u00edz de la filtraci\u00f3n de una comunicaci\u00f3n interna dirigida por el Secretario General del POLO a las Coordinadora Departamentales, en la que se informa acerca de la decisi\u00f3n de ayudar a recoger firmas para que el partido [&hellip;]<\/p>\n","protected":false},"author":1,"featured_media":13302,"comment_status":"open","ping_status":"open","sticky":false,"template":"","format":"standard","meta":{"advanced_seo_description":"","jetpack_seo_html_title":"","jetpack_seo_noindex":false,"_jetpack_memberships_contains_paid_content":false,"footnotes":""},"categories":[102,97,75,98],"tags":[],"class_list":["post-13301","post","type-post","status-publish","format-standard","has-post-thumbnail","hentry","category-economia","category-imperialismo-y-neoliberalismo","category-jorge-gomez-gallego","category-politica"],"jetpack_featured_media_url":"https:\/\/i0.wp.com\/moir.com.co\/web\/wp-content\/uploads\/2017\/09\/jorgegomez.jpg?fit=134%2C200&ssl=1","jetpack-related-posts":[{"id":8824,"url":"https:\/\/moir.com.co\/web\/diputado-del-polo-denuncia-y-rechaza-arbitraria-suspension-del-debate-sobre-la-situacion-del-politecnico-jaime-isaza-cadavid\/","url_meta":{"origin":13301,"position":0},"title":"Diputado del POLO denuncia y rechaza arbitraria suspensi\u00f3n del debate sobre la situaci\u00f3n del Polit\u00e9cnico Jaime Isaza Cadavid","author":"admin","date":"octubre 28, 2014","format":false,"excerpt":"El Presidente de la Asamblea Departamental, decidi\u00f3 de manera unilateral y arbitraria suspender el debate de control pol\u00edtico acerca de la grave situaci\u00f3n por la que atraviesa el Polit\u00e9cnico Jaime Isaza Cadavid, por cuenta de la desfinanciaci\u00f3n a que la han sometido los gobiernos de Santos y Fajardo y de\u2026","rel":"","context":"En \u00abJorge G\u00f3mez Gallego\u00bb","block_context":{"text":"Jorge G\u00f3mez Gallego","link":"https:\/\/moir.com.co\/web\/category\/bitacoras\/jorge-gomez-gallego\/"},"img":{"alt_text":"","src":"","width":0,"height":0},"classes":[]},{"id":9363,"url":"https:\/\/moir.com.co\/web\/diputado-jorge-gomez-retira-su-nombre-como-pre-candidato-a-la-gobernacion-de-antioquia\/","url_meta":{"origin":13301,"position":1},"title":"Diputado Jorge G\u00f3mez retira su nombre como pre \u2013 candidato a la Gobernaci\u00f3n de Antioquia","author":"admin","date":"mayo 7, 2015","format":false,"excerpt":"En carta enviada a los integrantes del Comit\u00e9 Ejecutivo Departamental, el Diputado del POLO Jorge G\u00f3mez Gallego comunic\u00f3 la decisi\u00f3n de retirar su nombre como pre-candidato a la Gobernaci\u00f3n de Antioquia. El corporado hizo p\u00fablico el anuncio luego de que un medio de comunicaci\u00f3n hiciera lo propio a ra\u00edz de\u2026","rel":"","context":"En \u00abTemas\u00bb","block_context":{"text":"Temas","link":"https:\/\/moir.com.co\/web\/category\/temas\/"},"img":{"alt_text":"","src":"","width":0,"height":0},"classes":[]},{"id":15856,"url":"https:\/\/moir.com.co\/web\/video-no-podemos-tolerar-un-solo-asesinato-por-diferencias-de-opinion-social-gremial-y-politica-representante-jorge-gomez-gallego\/","url_meta":{"origin":13301,"position":2},"title":"Video: No podemos tolerar un solo asesinato por diferencias de opini\u00f3n social, gremial y pol\u00edtica, representante Jorge G\u00f3mez Gallego","author":"admin","date":"septiembre 6, 2018","format":"video","excerpt":"Intervenci\u00f3n del Representante a la C\u00e1mara por el POLO DEMOCR\u00c1TICO en Antioquia Jorge G\u00f3mez en el debate por el asesinato de l\u00edderes sociales. Plenaria de la C\u00e1mara de Representantes, septiembre 5 de 2018","rel":"","context":"En \u00abJorge G\u00f3mez Gallego\u00bb","block_context":{"text":"Jorge G\u00f3mez Gallego","link":"https:\/\/moir.com.co\/web\/category\/bitacoras\/jorge-gomez-gallego\/"},"img":{"alt_text":"","src":"","width":0,"height":0},"classes":[]},{"id":7763,"url":"https:\/\/moir.com.co\/web\/la-administracion-de-la-mas-educada-es-solo-un-eslogan-de-campana-presidencial\/","url_meta":{"origin":13301,"position":3},"title":"La administraci\u00f3n de la \u201cm\u00e1s educada\u201d es solo un eslogan de campa\u00f1a presidencial","author":"admin","date":"julio 26, 2013","format":false,"excerpt":"En la Administraci\u00f3n de la \u201cm\u00e1s educada\u201d se destierran profesores por exigir sus derechos, se incumplen sentencias internacionales reemplaz\u00e1ndolas por cartas del Ministerio de Educaci\u00f3n, se desconocen la autoridad de los Ind\u00edgenas sobre su educaci\u00f3n, se invierten baj\u00edsimas cifras en infraestructura educativa frente a las necesidades del Departamento y se\u2026","rel":"","context":"En \u00abJorge G\u00f3mez Gallego\u00bb","block_context":{"text":"Jorge G\u00f3mez Gallego","link":"https:\/\/moir.com.co\/web\/category\/bitacoras\/jorge-gomez-gallego\/"},"img":{"alt_text":"","src":"","width":0,"height":0},"classes":[]},{"id":15954,"url":"https:\/\/moir.com.co\/web\/video-presidente-del-senado-sabotea-debate-del-polo-sobre-actitud-corrupta-del-ministro-carrasquilla-representante-jorge-gomez\/","url_meta":{"origin":13301,"position":4},"title":"Video: Presidente del Senado sabotea debate del POLO sobre actitud corrupta del Ministro Carrasquilla, representante Jorge G\u00f3mez","author":"admin","date":"septiembre 18, 2018","format":"video","excerpt":"Constancia del Representante a la C\u00e1mara por Antioquia en Comisi\u00f3n 7am de C\u00e1mara de Representantes. Bogot\u00e1, septiembre 18 de 2018","rel":"","context":"En \u00abEconom\u00eda\u00bb","block_context":{"text":"Econom\u00eda","link":"https:\/\/moir.com.co\/web\/category\/temas\/economia\/"},"img":{"alt_text":"","src":"","width":0,"height":0},"classes":[]},{"id":16313,"url":"https:\/\/moir.com.co\/web\/video-se-debe-crear-un-fondo-de-estabilizacion-para-el-cafe-representante-jorge-gomez\/","url_meta":{"origin":13301,"position":5},"title":"Video: Se debe crear un fondo de estabilizaci\u00f3n para el caf\u00e9: Representante Jorge G\u00f3mez","author":"admin","date":"noviembre 1, 2018","format":"video","excerpt":"Intervenci\u00f3n del Representante del POLO por Antioquia Jorge G\u00f3mez Gallego en debate sobre crisis del sector cafetero. Plenaria de la C\u00e1mara, Bogot\u00e1, octubre 31 de 2018","rel":"","context":"En \u00abAgro\u00bb","block_context":{"text":"Agro","link":"https:\/\/moir.com.co\/web\/category\/temas\/agro\/"},"img":{"alt_text":"","src":"","width":0,"height":0},"classes":[]}],"jetpack_sharing_enabled":true,"_links":{"self":[{"href":"https:\/\/moir.com.co\/web\/wp-json\/wp\/v2\/posts\/13301","targetHints":{"allow":["GET"]}}],"collection":[{"href":"https:\/\/moir.com.co\/web\/wp-json\/wp\/v2\/posts"}],"about":[{"href":"https:\/\/moir.com.co\/web\/wp-json\/wp\/v2\/types\/post"}],"author":[{"embeddable":true,"href":"https:\/\/moir.com.co\/web\/wp-json\/wp\/v2\/users\/1"}],"replies":[{"embeddable":true,"href":"https:\/\/moir.com.co\/web\/wp-json\/wp\/v2\/comments?post=13301"}],"version-history":[{"count":1,"href":"https:\/\/moir.com.co\/web\/wp-json\/wp\/v2\/posts\/13301\/revisions"}],"predecessor-version":[{"id":13303,"href":"https:\/\/moir.com.co\/web\/wp-json\/wp\/v2\/posts\/13301\/revisions\/13303"}],"wp:featuredmedia":[{"embeddable":true,"href":"https:\/\/moir.com.co\/web\/wp-json\/wp\/v2\/media\/13302"}],"wp:attachment":[{"href":"https:\/\/moir.com.co\/web\/wp-json\/wp\/v2\/media?parent=13301"}],"wp:term":[{"taxonomy":"category","embeddable":true,"href":"https:\/\/moir.com.co\/web\/wp-json\/wp\/v2\/categories?post=13301"},{"taxonomy":"post_tag","embeddable":true,"href":"https:\/\/moir.com.co\/web\/wp-json\/wp\/v2\/tags?post=13301"}],"curies":[{"name":"wp","href":"https:\/\/api.w.org\/{rel}","templated":true}]}}