{"id":13288,"date":"2017-09-12T16:47:47","date_gmt":"2017-09-12T16:47:47","guid":{"rendered":"https:\/\/moir.org.co\/web\/?p=13288"},"modified":"2017-09-12T16:47:47","modified_gmt":"2017-09-12T16:47:47","slug":"la-renuncia-de-manolo-y-los-puya-ojos","status":"publish","type":"post","link":"https:\/\/moir.com.co\/web\/la-renuncia-de-manolo-y-los-puya-ojos\/","title":{"rendered":"La renuncia de \u00b4Manolo\u00b4 y los \u00b4puya ojos\u00b4"},"content":{"rendered":"<p><strong>Jos\u00e9 Arlex Arias, Cartagena, septiembre 11 de 2017<\/strong><\/p>\n<p>Los esc\u00e1ndalos de corrupci\u00f3n denunciados en todas las esferas del pa\u00eds corroboran que este flagelo no es casual, de unas manzanas podridas, sino parte integral del modelo neoliberal, es decir, la corrupci\u00f3n en s\u00ed es el paradigma. La raz\u00f3n la encontramos en &#8220;la ganancia a cualquier precio&#8221;, no en balde los analistas lo han descrito como &#8220;el capitalismo salvaje&#8221;; o \u00bfno es &#8220;una salvajada&#8221; convertir la salud en un vulgar negocio mientras millones de personas, que pagan sus contribuciones, sufren una muerte tortuosa? Las leyes les facilitan a las EPS todo tipo de atropellos, como la del coordinador de Medim\u00e1s, Gerardo Valenzuela, quien pidi\u00f3 que no receten medicinas superiores a los $ 2.000, y solo medicamentos gen\u00e9ricos. Se\u00f1ala que para todo tipo de dolores se puede recetar Acetaminof\u00e9n o Ibuprofeno y para la gastritis, Omeprazol. \u201cSe debe evitar usar Prazoles diferentes a Omeprazol debido a que incrementan el costo. El uso de medicamentos de marca es una mala pr\u00e1ctica m\u00e9dica y hay evidencia de su impacto negativo\u201d, escribi\u00f3. El se\u00f1or Valenzuela est\u00e1 siendo investigado por la Superintendencia de Salud, pero nada grave le pasar\u00e1. \u00bfAcaso no es esto un modelo corrupto, planeado por el Gobierno, que ha asesinado a millones de colombianos durante 24 a\u00f1os de existencia de la Ley 100, dise\u00f1ada para llenar los bolsillos de los poderosos con el presupuesto de la salud? En esta misma forma, est\u00e1n permeadas de corrupci\u00f3n: las liquidaciones de las empresas del Estado, las privatizaciones, las concesiones y las Alianzas P\u00fablicas Privadas, figuras con las cuales saquean el patrimonio de los colombianos.<\/p>\n<p>&nbsp;<\/p>\n<p>Lo que se ha venido denunciando era &#8220;una voz a cuello&#8221;, que demuestra c\u00f3mo son las elecciones de las corporaciones legislativas, los cargos ejecutivos y el propio poder judicial; deja en claro que la corrupci\u00f3n permea a los pilares de la democracia burguesa. Para la elecci\u00f3n de las corporaciones y los cargos ejecutivos, se utilizan todo tipo de triqui\u00f1uelas, empezando por el denominado ej\u00e9rcito de &#8220;puya ojos&#8221; que cobran millones de pesos por los paquetes de votantes, a quienes les pagan el valor convenido por el sufragio, ante la mirada de las propias autoridades; luego se escala a la Registradur\u00eda, donde tienen los contactos que saben c\u00f3mo cambiar los sobres y manipular las cifras, a falta de un sistema totalmente automatizado; pero en caso de ser descubiertos, ya tienen el plan armado en el poder judicial, en donde algunos jueces y fiscales est\u00e1n a su servicio y legalizan el fraude. El sistema funciona para todos ellos, mientras empobrece a la mayor\u00eda de la poblaci\u00f3n.<\/p>\n<p>&nbsp;<\/p>\n<p>El proceso judicial contra el alcalde de Cartagena, Manuel Vicente Duque V\u00e1squez, y otras personas, es la radiograf\u00eda de lo anterior; en toda Cartagena se conoci\u00f3 qui\u00e9nes financiaron su campa\u00f1a, qui\u00e9nes son sus padrinos pol\u00edticos y solo una falta en sus c\u00e1lculos o una &#8220;incomprensi\u00f3n&#8221; entre los grupos al mando, o una jugada &#8220;maestra&#8221; de otro grupo pol\u00edtico con inter\u00e9s en manejar los casi $1.3 billones anuales de presupuesto, es lo que lo llev\u00f3 a la c\u00e1rcel. Es por ello que lo mejor que Duque V\u00e1squez puede hacer por Cartagena es renunciar a su Alcald\u00eda y orientar a sus seguidores a que act\u00faen con independencia para as\u00ed recuperar este cargo para los cartageneros. \u00a1No m\u00e1s de los mismos con las mismas!<\/p>\n","protected":false},"excerpt":{"rendered":"<p>Jos\u00e9 Arlex Arias, Cartagena, septiembre 11 de 2017 Los esc\u00e1ndalos de corrupci\u00f3n denunciados en todas las esferas del pa\u00eds corroboran que este flagelo no es casual, de unas manzanas podridas, sino parte integral del modelo neoliberal, es decir, la corrupci\u00f3n en s\u00ed es el paradigma. La raz\u00f3n la encontramos en &#8220;la ganancia a cualquier precio&#8221;, [&hellip;]<\/p>\n","protected":false},"author":1,"featured_media":13289,"comment_status":"open","ping_status":"open","sticky":false,"template":"","format":"standard","meta":{"advanced_seo_description":"","jetpack_seo_html_title":"","jetpack_seo_noindex":false,"_jetpack_memberships_contains_paid_content":false,"footnotes":""},"categories":[102,97,98,96,111],"tags":[],"class_list":["post-13288","post","type-post","status-publish","format-standard","has-post-thumbnail","hentry","category-economia","category-imperialismo-y-neoliberalismo","category-politica","category-salud-y-pensiones","category-vivienda-y-desarrollo-urbano"],"jetpack_featured_media_url":"https:\/\/i0.wp.com\/moir.com.co\/web\/wp-content\/uploads\/2017\/09\/corrupcion_1.jpg?fit=141%2C115&ssl=1","jetpack-related-posts":[{"id":11562,"url":"https:\/\/moir.com.co\/web\/filiacion-politica-de-la-corrupcion\/","url_meta":{"origin":13288,"position":0},"title":"Filiaci\u00f3n pol\u00edtica de la corrupci\u00f3n","author":"admin","date":"enero 24, 2017","format":false,"excerpt":"Jos\u00e9 Arlex Arias, La Verdad, Cartagena, enero 23 de 2017 El esc\u00e1ndalo de corrupci\u00f3n destapado por la justicia de los EEUU, propiciado por la multinacional Odebrecht, no es el primero, ni ser\u00e1 el \u00faltimo que secuestra el presupuesto de los colombianos. Basta mencionar unos pocos casos representativos: REFICAR ($12 billones),\u2026","rel":"","context":"En \u00abEconom\u00eda\u00bb","block_context":{"text":"Econom\u00eda","link":"https:\/\/moir.com.co\/web\/category\/temas\/economia\/"},"img":{"alt_text":"","src":"","width":0,"height":0},"classes":[]},{"id":12314,"url":"https:\/\/moir.com.co\/web\/modelo-corrupcion-vidas-inmoladas\/","url_meta":{"origin":13288,"position":1},"title":"Modelo + corrupci\u00f3n = vidas inmoladas","author":"admin","date":"mayo 8, 2017","format":false,"excerpt":"Jos\u00e9 Arlex Arias, La Verdad, Cartagena, mayo 8 de 2017 En el marco de la conmemoraci\u00f3n del D\u00eda Universal de los Trabajadores, que toma como referencia las protestas de los obreros de Chicago en 1886, por la consecuci\u00f3n de un r\u00e9gimen de ocho horas de trabajo, ocho horas de descanso\u2026","rel":"","context":"En \u00abEconom\u00eda\u00bb","block_context":{"text":"Econom\u00eda","link":"https:\/\/moir.com.co\/web\/category\/temas\/economia\/"},"img":{"alt_text":"","src":"","width":0,"height":0},"classes":[]},{"id":5780,"url":"https:\/\/moir.com.co\/web\/neoliberalismo-y-cultura-de-la-corrupcion\/","url_meta":{"origin":13288,"position":2},"title":"Neoliberalismo y cultura de la corrupci\u00f3n","author":"admin","date":"julio 18, 2011","format":false,"excerpt":"El neoliberalismo tiene ideolog\u00eda. M\u00e1s all\u00e1 de los postulados econ\u00f3micos que lo gu\u00edan en la presente globalizaci\u00f3n: el libre comercio, el libre flujo de capitales y las privatizaciones o la tasa de ganancia del capital invertido, como criterio superior; el neoliberalismo induce, para las decisiones de vida de las personas,\u2026","rel":"","context":"En \u00abAurelio Su\u00e1rez Montoya\u00bb","block_context":{"text":"Aurelio Su\u00e1rez Montoya","link":"https:\/\/moir.com.co\/web\/category\/bitacoras\/aurelio-suarez-montoya\/"},"img":{"alt_text":"","src":"","width":0,"height":0},"classes":[]},{"id":8996,"url":"https:\/\/moir.com.co\/web\/tradiciones-cultura-y-salvajismo\/","url_meta":{"origin":13288,"position":3},"title":"Tradiciones, cultura y salvajismo","author":"admin","date":"enero 12, 2015","format":false,"excerpt":"Gran pol\u00e9mica ha vivido nuestro pa\u00eds, pero especialmente en El Caribe, en relaci\u00f3n con la protecci\u00f3n de los animales. Son muchas las denuncias presentadas por casos en los que caballos cocheros son maltratados en un oficio que es de tradici\u00f3n de Cartagena. Pero el peor de los acontecimientos sucedi\u00f3 con\u2026","rel":"","context":"En \u00abTemas\u00bb","block_context":{"text":"Temas","link":"https:\/\/moir.com.co\/web\/category\/temas\/"},"img":{"alt_text":"","src":"","width":0,"height":0},"classes":[]},{"id":5861,"url":"https:\/\/moir.com.co\/web\/la-agonia-de-la-salud\/","url_meta":{"origin":13288,"position":4},"title":"La agon\u00eda de la salud","author":"admin","date":"agosto 23, 2011","format":false,"excerpt":"En Arauca, con mayor intensidad que en el resto del pa\u00eds, estamos gastando tantos recursos como los pa\u00edses desarrollados, mientras la atenci\u00f3n est\u00e1 al nivel de los pa\u00edses m\u00e1s atrasados. En el nivel departamental (es decir, sin considerar recursos municipales) se dispone de una cifra cercana a los $ 400.000\u2026","rel":"","context":"En \u00abTemas\u00bb","block_context":{"text":"Temas","link":"https:\/\/moir.com.co\/web\/category\/temas\/"},"img":{"alt_text":"","src":"","width":0,"height":0},"classes":[]},{"id":7596,"url":"https:\/\/moir.com.co\/web\/los-muertos-del-capitalismo-salvaje\/","url_meta":{"origin":13288,"position":5},"title":"\u201cLos muertos del capitalismo salvaje\u201d","author":"admin","date":"mayo 27, 2013","format":false,"excerpt":"El hecho ha causado conmoci\u00f3n en algunos sectores, mas no a los neoliberales que privilegian las ganancias por encima de la humanidad. Por algo se conoce como \u201ccapitalismo salvaje\u201d. La muerte, el pasado 24 de abril, de 1.127 trabajadores en una f\u00e1brica de Bangladesh, al derrumbarse el edificio Rana Plaza,\u2026","rel":"","context":"En \u00abTemas\u00bb","block_context":{"text":"Temas","link":"https:\/\/moir.com.co\/web\/category\/temas\/"},"img":{"alt_text":"","src":"","width":0,"height":0},"classes":[]}],"jetpack_sharing_enabled":true,"_links":{"self":[{"href":"https:\/\/moir.com.co\/web\/wp-json\/wp\/v2\/posts\/13288","targetHints":{"allow":["GET"]}}],"collection":[{"href":"https:\/\/moir.com.co\/web\/wp-json\/wp\/v2\/posts"}],"about":[{"href":"https:\/\/moir.com.co\/web\/wp-json\/wp\/v2\/types\/post"}],"author":[{"embeddable":true,"href":"https:\/\/moir.com.co\/web\/wp-json\/wp\/v2\/users\/1"}],"replies":[{"embeddable":true,"href":"https:\/\/moir.com.co\/web\/wp-json\/wp\/v2\/comments?post=13288"}],"version-history":[{"count":1,"href":"https:\/\/moir.com.co\/web\/wp-json\/wp\/v2\/posts\/13288\/revisions"}],"predecessor-version":[{"id":13290,"href":"https:\/\/moir.com.co\/web\/wp-json\/wp\/v2\/posts\/13288\/revisions\/13290"}],"wp:featuredmedia":[{"embeddable":true,"href":"https:\/\/moir.com.co\/web\/wp-json\/wp\/v2\/media\/13289"}],"wp:attachment":[{"href":"https:\/\/moir.com.co\/web\/wp-json\/wp\/v2\/media?parent=13288"}],"wp:term":[{"taxonomy":"category","embeddable":true,"href":"https:\/\/moir.com.co\/web\/wp-json\/wp\/v2\/categories?post=13288"},{"taxonomy":"post_tag","embeddable":true,"href":"https:\/\/moir.com.co\/web\/wp-json\/wp\/v2\/tags?post=13288"}],"curies":[{"name":"wp","href":"https:\/\/api.w.org\/{rel}","templated":true}]}}