{"id":13278,"date":"2017-09-12T16:16:56","date_gmt":"2017-09-12T16:16:56","guid":{"rendered":"https:\/\/moir.org.co\/web\/?p=13278"},"modified":"2017-09-12T16:16:56","modified_gmt":"2017-09-12T16:16:56","slug":"en-lugar-de-verdadera-atencion-educativa-a-la-poblacion-con-discapacidad-el-gobierno-santos-en-el-1421-viola-los-acuerdos-con-el-magisterio","status":"publish","type":"post","link":"https:\/\/moir.com.co\/web\/en-lugar-de-verdadera-atencion-educativa-a-la-poblacion-con-discapacidad-el-gobierno-santos-en-el-1421-viola-los-acuerdos-con-el-magisterio\/","title":{"rendered":"En lugar de verdadera atenci\u00f3n educativa a la poblaci\u00f3n con discapacidad el Gobierno Santos en el 1421 viola los acuerdos con el magisterio"},"content":{"rendered":"<p><strong>Tribuna Magisterial Nacional, Bogot\u00e1, septiembre 11 de 2017<\/strong><\/p>\n<p>La decisi\u00f3n unilateral y arbitraria del Gobierno Nacional de colgarle un orangut\u00e1n al Decreto 1421 de 29 de agosto del presente a\u00f1o, sobre atenci\u00f3n educativa a la poblaci\u00f3n con discapacidad, con el cual reafirma el tipo de empleo de docente ll\u00edder de apoyo y no contempla el cargo de orientador viola flagrantemente el acuerdo celebrado con FECODE el pasado 16 de junio, el cual establece en el punto siete que: \u201cse suprimir\u00e1 la figura de docente l\u00edder de apoyo y se establecer\u00e1 que aquellos docentes que hayan sido nombrados en este cargo ser\u00e1n reubicados como docentes de aula\u201d y m\u00e1s abajo ratifica que \u201cen virtud de la eliminaci\u00f3n de la figura de docente l\u00edder de apoyo, se ajustar\u00e1 el decreto 1075 con el objetivo de armonizar las normas correspondientes\u201d y \u201cen el Decreto tambi\u00e9n se definir\u00e1 conjuntamente la figura de docente de aula y de docente orientador\u201d.<\/p>\n<p>En el 1421 se encuentra que la atenci\u00f3n educativa determinada por el Gobierno Nacional para la poblaci\u00f3n con discapacidad presenta m\u00faltiples barreras y dificultades, empezando por la insuficiente financiaci\u00f3n con el Sistema General de Participaciones de un 20% adicional a la tipolog\u00eda definida por estudiante -que de entrada tambi\u00e9n es insuficiente- y con los escasos recursos de los municipios y departamentos, con la cual se pretende hacerle creer al pa\u00eds que se cubrir\u00e1 la inversi\u00f3n en docentes, contrataci\u00f3n de apoyos y herramientas t\u00e9cnicas, tecnol\u00f3gicas y did\u00e1cticas, dejando, por si fuera poco, por fuera las imprescindibles adecuaciones de la infraestructura. Adem\u00e1s, no se establece una relaci\u00f3n t\u00e9cnica adecuada en el n\u00famero de estudiantes en el aula de clase, que es ya excesiva. En consecuencia, el Estado central no garantiza la atenci\u00f3n a los ni\u00f1os con discapacidad, haciendo que recaiga la responsabilidad en los municipios y departamentos y sobretodo en las instituciones educativas, es decir, en los maestros, en la misma l\u00ednea que sucede con la desfinanciada Jornada \u00danica.<\/p>\n<p>Las l\u00edneas de inversi\u00f3n que establece el decreto son empleos temporales viabilizados anualmente por el MEN, contrataci\u00f3n de apoyos priorizando int\u00e9rpretes y herramientas t\u00e9cnicas, tecnol\u00f3gicas y did\u00e1cticas, de tal manera que con maestros temporales -a los cuales se les niega de plano la estabilidad laboral, se les nombra al principio de a\u00f1o y se les despide con la terminaci\u00f3n del a\u00f1o escolar y se les impide ser nombrados en propiedad en el cargo que desempe\u00f1an y ser reubicados en otro tipo de empleo docente- y contrataci\u00f3n, es decir, privatizaci\u00f3n y tercerizaci\u00f3n, se hace demagogia de que se va a atender un programa permanente para los ni\u00f1os y j\u00f3venes con discapacidad. Agravada por la expl\u00edcita confesi\u00f3n gubernamental de que \u201cpara aquellos establecimientos educativos que no cuenten con el docente de apoyo pedag\u00f3gico, la secretar\u00eda de educaci\u00f3n deber\u00e1 brindar asesor\u00eda\u201d.<\/p>\n<p>Por ninguna parte del decreto en menci\u00f3n se habla de la autonom\u00eda escolar para la la educaci\u00f3n preescolar, b\u00e1sica y media establecida por la Ley General de Educaci\u00f3n, por el contrario hay toda clase de imposiciones que violan los derechos democr\u00e1ticos de la comunidad, expresada en el Gobierno escolar y se coarta el debate acad\u00e9mico. Pero en cambio asigna a las instituciones educativas la responsabilidad de adelantar procesos de formaci\u00f3n docente. Inconcebible que el Gobierno se despoje de sus obligaciones para endos\u00e1rselas a los empobrecidos colegios p\u00fablicos. Tampoco se crea una planta de personal cient\u00edfico sino que se limita a se\u00f1alar que se articula con las secretar\u00edas de salud y con los sectores de salud, deporte, recreaci\u00f3n, y tecnolog\u00edas, lo cual no es m\u00e1s que dejar desprotegida la atenci\u00f3n en esos terrenos.<\/p>\n<p>Se ofrece a los estudiantes con discapacidad que viven lejos de la instituci\u00f3n educativa transporte y almuerzo, si es el caso. Y con ese, \u201csi es el caso\u201d, se deja la puerta abierta para que se les nieguen alimentaci\u00f3n y transporte, como sucede con la mayor\u00eda de los estudiantes.<\/p>\n<p>Frente a las situaciones particulares de cada estudiante se debe hacer un acta de acuerdo firmada por el directivo docente, los docentes de aula, de apoyo pedag\u00f3gico y el acudiente. Pero como se ve, mientras se le exige a los docentes y padres de familia el Gobierno no asume sus obligaciones.<\/p>\n<p>Exigimos que el Gobierno Santos cumpla sus obligaciones con la educaci\u00f3n de la poblaci\u00f3n con discapacidad financi\u00e1ndola adecuadamente, sin desconocer la autonom\u00eda escolar, que es base del avance educativo y sin violar los acuerdos con el magisterio colombiano. Y llamamos al magisterio a defender los acuerdos alcanzados por medio de la lucha y la unidad.<\/p>\n","protected":false},"excerpt":{"rendered":"<p>Tribuna Magisterial Nacional, Bogot\u00e1, septiembre 11 de 2017 La decisi\u00f3n unilateral y arbitraria del Gobierno Nacional de colgarle un orangut\u00e1n al Decreto 1421 de 29 de agosto del presente a\u00f1o, sobre atenci\u00f3n educativa a la poblaci\u00f3n con discapacidad, con el cual reafirma el tipo de empleo de docente ll\u00edder de apoyo y no contempla el [&hellip;]<\/p>\n","protected":false},"author":1,"featured_media":12758,"comment_status":"open","ping_status":"open","sticky":false,"template":"","format":"standard","meta":{"advanced_seo_description":"","jetpack_seo_html_title":"","jetpack_seo_noindex":false,"_jetpack_memberships_contains_paid_content":false,"footnotes":""},"categories":[102,103,97,98,11],"tags":[],"class_list":["post-13278","post","type-post","status-publish","format-standard","has-post-thumbnail","hentry","category-economia","category-educacion","category-imperialismo-y-neoliberalismo","category-politica","category-tribuna-magisterial"],"jetpack_featured_media_url":"https:\/\/i0.wp.com\/moir.com.co\/web\/wp-content\/uploads\/2017\/06\/maestros060617.jpg?fit=700%2C500&ssl=1","jetpack-related-posts":[{"id":14126,"url":"https:\/\/moir.com.co\/web\/2017-y-2018-anos-de-lucha-del-magisterio-colombiano\/","url_meta":{"origin":13278,"position":0},"title":"2017 Y 2018  a\u00f1os de lucha del magisterio colombiano","author":"admin","date":"diciembre 19, 2017","format":false,"excerpt":"Tribuna Magisterial Nacional, Bogot\u00e1, diciembre 18 de 2017 En este a\u00f1o que est\u00e1 terminando se vivi\u00f3 una de las m\u00e1s grandes batallas que haya librado el magisterio colombiano en su historia, enfrentando, con el apoyo de la inmensa mayor\u00eda de la ciudadan\u00eda, a la pol\u00edtica del Gobierno Santos contra Colombia,\u2026","rel":"","context":"En \u00abEconom\u00eda\u00bb","block_context":{"text":"Econom\u00eda","link":"https:\/\/moir.com.co\/web\/category\/temas\/economia\/"},"img":{"alt_text":"","src":"https:\/\/i0.wp.com\/moir.com.co\/web\/wp-content\/uploads\/2017\/06\/maestros060617.jpg?fit=700%2C500&ssl=1&resize=350%2C200","width":350,"height":200,"srcset":"https:\/\/i0.wp.com\/moir.com.co\/web\/wp-content\/uploads\/2017\/06\/maestros060617.jpg?fit=700%2C500&ssl=1&resize=350%2C200 1x, https:\/\/i0.wp.com\/moir.com.co\/web\/wp-content\/uploads\/2017\/06\/maestros060617.jpg?fit=700%2C500&ssl=1&resize=525%2C300 1.5x, https:\/\/i0.wp.com\/moir.com.co\/web\/wp-content\/uploads\/2017\/06\/maestros060617.jpg?fit=700%2C500&ssl=1&resize=700%2C400 2x"},"classes":[]},{"id":12252,"url":"https:\/\/moir.com.co\/web\/derrotar-el-invento-santista-del-docente-lider-de-apoyo-con-la-movilizacion-y-el-paro\/","url_meta":{"origin":13278,"position":1},"title":"Derrotar el invento santista del docente l\u00edder de apoyo con la movilizaci\u00f3n y el paro","author":"admin","date":"mayo 3, 2017","format":false,"excerpt":"Tribuna Magisterial, Bogot\u00e1, mayo 3 de 2017 En un hecho ins\u00f3lito y sin antecedentes el Gobierno Santos cre\u00f3 con el Decreto 490 de 2016 el cargo de \"docente l\u00edder de apoyo\" modificando y contrariando lo que hist\u00f3ricamente se ha definido como lo que es un maestro en Colombia \u00bfQu\u00e9 se\u2026","rel":"","context":"En \u00abEconom\u00eda\u00bb","block_context":{"text":"Econom\u00eda","link":"https:\/\/moir.com.co\/web\/category\/temas\/economia\/"},"img":{"alt_text":"","src":"https:\/\/i0.wp.com\/moir.com.co\/web\/wp-content\/uploads\/2016\/12\/maestroscalle26.jpg?fit=555%2C370&ssl=1&resize=350%2C200","width":350,"height":200,"srcset":"https:\/\/i0.wp.com\/moir.com.co\/web\/wp-content\/uploads\/2016\/12\/maestroscalle26.jpg?fit=555%2C370&ssl=1&resize=350%2C200 1x, https:\/\/i0.wp.com\/moir.com.co\/web\/wp-content\/uploads\/2016\/12\/maestroscalle26.jpg?fit=555%2C370&ssl=1&resize=525%2C300 1.5x"},"classes":[]},{"id":4966,"url":"https:\/\/moir.com.co\/web\/programa-radial-tribuna-magisterial-octubre-31-de-2010\/","url_meta":{"origin":13278,"position":2},"title":"Programa Radial Tribuna Magisterial octubre 31 de 2010","author":"admin","date":"noviembre 2, 2010","format":false,"excerpt":"El programa radial de Tribuna Magisterial de este domingo 31 de octubre se inici\u00f3 con la lectura de la nota editorial a cargo del profesor Alvaro Morales; continu\u00f3 con una rese\u00f1a de la segunda reuni\u00f3n de Fecode con la Ministra de Educaci\u00f3n Mar\u00eda Fernanda Campo en la cual qued\u00f3 claro\u2026","rel":"","context":"En \u00abTribuna Magisterial\u00bb","block_context":{"text":"Tribuna Magisterial","link":"https:\/\/moir.com.co\/web\/category\/tribuna-magisterial\/"},"img":{"alt_text":"","src":"","width":0,"height":0},"classes":[]},{"id":4763,"url":"https:\/\/moir.com.co\/web\/la-maquila-educativa-expulsara-27-mil-docentes-de-la-nomina-nacional\/","url_meta":{"origin":13278,"position":3},"title":"La maquila educativa expulsar\u00e1 27 mil docentes de la n\u00f3mina nacional","author":"admin","date":"septiembre 7, 2010","format":false,"excerpt":"Con el recorte a las transferencias que en 2001 impuls\u00f3 el hoy presidente Juan Manuel Santos y con la expedici\u00f3n de los decretos 1850 del 13 de agosto de 2002 y 3020 de diciembre del mismo a\u00f1o, que reglamentaron la jornada laboral y la asignaci\u00f3n acad\u00e9mica, se redujo la n\u00f3mina\u2026","rel":"","context":"En \u00abTribuna Magisterial\u00bb","block_context":{"text":"Tribuna Magisterial","link":"https:\/\/moir.com.co\/web\/category\/tribuna-magisterial\/"},"img":{"alt_text":"","src":"","width":0,"height":0},"classes":[]},{"id":7567,"url":"https:\/\/moir.com.co\/web\/informe-de-tribuna-magisterial-sobre-la-junta-nacional-de-fecode\/","url_meta":{"origin":13278,"position":4},"title":"Informe de Tribuna Magisterial sobre la Junta Nacional  de Fecode","author":"admin","date":"mayo 18, 2013","format":false,"excerpt":"La Junta Directiva Nacional se reuni\u00f3 hoy 16 de mayo con el fin exclusivo de hacer un balance del proceso de negociaci\u00f3n del Pliego Nacional de Peticiones presentado al gobierno el 20 de marzo y sobre esa base tomar determinaciones relativas al plan de acci\u00f3n del magisterio. El informe rendido\u2026","rel":"","context":"En \u00abTribuna Magisterial\u00bb","block_context":{"text":"Tribuna Magisterial","link":"https:\/\/moir.com.co\/web\/category\/tribuna-magisterial\/"},"img":{"alt_text":"","src":"","width":0,"height":0},"classes":[]},{"id":6674,"url":"https:\/\/moir.com.co\/web\/tribuna-magisterial-y-la-crisis-de-la-educacion-publica\/","url_meta":{"origin":13278,"position":5},"title":"Tribuna Magisterial y la crisis de la educaci\u00f3n p\u00fablica","author":"admin","date":"julio 15, 2012","format":false,"excerpt":"Tribuna Magisterial propone el nombre de Mar\u00eda Antonieta Cano, docente del 1278, para la Junta directiva de la ADE. N\u00b0 24 en el tarjet\u00f3n Tribuna Magisterial ha estado siempre en primera l\u00ednea en la lucha por la defensa de la educaci\u00f3n p\u00fablica y de los derechos de los educadores, objetivos\u2026","rel":"","context":"En \u00abTribuna Magisterial\u00bb","block_context":{"text":"Tribuna Magisterial","link":"https:\/\/moir.com.co\/web\/category\/tribuna-magisterial\/"},"img":{"alt_text":"","src":"","width":0,"height":0},"classes":[]}],"jetpack_sharing_enabled":true,"_links":{"self":[{"href":"https:\/\/moir.com.co\/web\/wp-json\/wp\/v2\/posts\/13278","targetHints":{"allow":["GET"]}}],"collection":[{"href":"https:\/\/moir.com.co\/web\/wp-json\/wp\/v2\/posts"}],"about":[{"href":"https:\/\/moir.com.co\/web\/wp-json\/wp\/v2\/types\/post"}],"author":[{"embeddable":true,"href":"https:\/\/moir.com.co\/web\/wp-json\/wp\/v2\/users\/1"}],"replies":[{"embeddable":true,"href":"https:\/\/moir.com.co\/web\/wp-json\/wp\/v2\/comments?post=13278"}],"version-history":[{"count":1,"href":"https:\/\/moir.com.co\/web\/wp-json\/wp\/v2\/posts\/13278\/revisions"}],"predecessor-version":[{"id":13279,"href":"https:\/\/moir.com.co\/web\/wp-json\/wp\/v2\/posts\/13278\/revisions\/13279"}],"wp:featuredmedia":[{"embeddable":true,"href":"https:\/\/moir.com.co\/web\/wp-json\/wp\/v2\/media\/12758"}],"wp:attachment":[{"href":"https:\/\/moir.com.co\/web\/wp-json\/wp\/v2\/media?parent=13278"}],"wp:term":[{"taxonomy":"category","embeddable":true,"href":"https:\/\/moir.com.co\/web\/wp-json\/wp\/v2\/categories?post=13278"},{"taxonomy":"post_tag","embeddable":true,"href":"https:\/\/moir.com.co\/web\/wp-json\/wp\/v2\/tags?post=13278"}],"curies":[{"name":"wp","href":"https:\/\/api.w.org\/{rel}","templated":true}]}}