{"id":13276,"date":"2017-09-08T23:08:14","date_gmt":"2017-09-08T23:08:14","guid":{"rendered":"https:\/\/moir.org.co\/web\/?p=13276"},"modified":"2017-09-08T23:08:14","modified_gmt":"2017-09-08T23:08:14","slug":"derrotemos-el-pacto-de-la-impunidad","status":"publish","type":"post","link":"https:\/\/moir.com.co\/web\/derrotemos-el-pacto-de-la-impunidad\/","title":{"rendered":"Derrotemos el pacto de la impunidad"},"content":{"rendered":"<p><strong>Jorge Enrique Robledo, Bogot\u00e1, septiembre 8 de 2017<\/strong><\/p>\n<p>Se necesit\u00f3 de otra denuncia de la justicia norteamericana, como la que desenmascar\u00f3 al Fiscal Anticorrupci\u00f3n corrupto Luis Gustavo Moreno, para que en Colombia se supiera de las componendas de este con dos expresidentes de la Corte Suprema de Justicia, con quienes, seg\u00fan su c\u00f3mplice Leonardo Pinilla, usaban los procesos judiciales para extorsionar a poderosos dirigentes pol\u00edticos acusados de actos ilegales. Otra muestra, adem\u00e1s de la escandalosa corrupci\u00f3n de Odebrecht, de la profunda descomposici\u00f3n a la que han llevado al pa\u00eds las fuerzas que han monopolizado el Poder Ejecutivo, poder que tiene sometido al Legislativo y en mucho al Judicial, al igual que en \u00faltimas impone la manera de actuar \u2013\u00a1no m\u00e1s enga\u00f1os sobre esto!\u2013 de los jefes pol\u00edticos regionales.<\/p>\n<p>Al mismo tiempo, hay que recordar lo principal del prontuario sobre el caso Odebrecht \u2013que por objetividad debe llamarse Odebrecht-Corficolombiana\u2013, no resulte que los detalles le sirvan al encubrimiento y no a la verdad total. Se ha informado que Odebrecht financi\u00f3 tres campa\u00f1as presidenciales, dos de Santos y una de Zuluaga, en 2010 y 2014. Pero contin\u00faa la alcahueter\u00eda del Consejo Nacional Electoral al respecto y nada se dice sobre c\u00f3mo fue que las platas corruptas sirvieron para arrear electores a las urnas, su objetivo primordial.<\/p>\n<p>Los sobornos para los dos contratos de la Ruta del Sol II \u2013Odebrecht-Corficolombiana\u2013 pasaron de 11 a 38 millones de d\u00f3lares, suma que los de la trasnacional reconocen haber pagado en proporci\u00f3n a su parte en el negocio, pero no as\u00ed los de Corficolombiana, que defienden la incre\u00edble teor\u00eda de que su socio los subsidi\u00f3 en el cohecho. Mientras tanto, adelantan una arbitraria campa\u00f1a publicitaria para hacernos creer que Jos\u00e9 El\u00edas Melo \u2013el ex jefe de Corficolombiana tras las rejas\u2013 es v\u00edctima inocente. Y no se ha dicho nada sobre c\u00f3mo fue que lavaron, para volverlos pesos, los d\u00f3lares de Odebrecht.<\/p>\n<p>Todav\u00eda se desconocen los nombres de los altos funcionarios que decidieron la v\u00eda Oca\u00f1a-Gamarra \u2013incluso por encima del director de la ANI\u2013, cuyo poder fue capaz de definir un enorme contrato ilegal y hasta un Documento Conpes \u2013con Santos y Germ\u00e1n Vargas a bordo\u2013 para financiarlo. \u00bfHasta cu\u00e1ndo insistir\u00e1n en meternos la mentira de que un negocio de este calibre lo definieron, ellos solos, unos pinches senadores?<\/p>\n<p>Tambi\u00e9n sali\u00f3 a bailar el cabildeo de Odebrecht a favor de Navelena, adem\u00e1s del cr\u00e9dito irregular y en mora de los 120 mil millones de pesos del Banco Agrario, a cuya junta directiva la Fiscal\u00eda se ha abstenido de investigar (<a href=\"http:\/\/jorgerobledo.us9.list-manage2.com\/track\/click?u=9f546213cbf13fbc79ddf420a&amp;id=356c5558ed&amp;e=151925dbe8\" target=\"_blank\" rel=\"noopener\">http:\/\/bit.ly\/2gOt780<\/a>). Y se silencia que la Procuradur\u00eda impidi\u00f3 el sospechoso arreglo entre el gobierno y la Ruta del Sol II \u2013Odebrecht-Corficolombiana\u2013, que entre otras gabelas los premiaba con 700 mil millones de pesos.<\/p>\n<p>Adem\u00e1s de que deben establecerse legalmente los hechos mencionados hasta aqu\u00ed, apenas unos cuantos entre muchos, el Fiscal Mart\u00ednez sigue neg\u00e1ndose a explicarle al pa\u00eds por qu\u00e9 nombr\u00f3 en un alt\u00edsimo cargo en la Fiscal\u00eda a Luis Gustavo Moreno, el cargo so\u00f1ado de este delincuente y desde el que, est\u00e1 probado, s\u00ed actu\u00f3 en el proceso Odebrecht-Corficolombiana. \u00bfY por qu\u00e9 Leonidas Bustos, socio de Moreno seg\u00fan las acusaciones, fue en la Corte Suprema de Justicia el jefe de la campa\u00f1a que eligi\u00f3 Fiscal a Mart\u00ednez, verdad sobre la cual este tampoco da la cara con la que, cada d\u00eda, s\u00ed manipula al pa\u00eds por la televisi\u00f3n?<\/p>\n<p>Mas lo peor es si podr\u00e1 establecerse, legalmente, lo ocurrido. Porque no es cre\u00edble que lo vayan a hacer el Consejo Electoral, la Corte Suprema y la Comisi\u00f3n de Acusaciones de la C\u00e1mara. Y menos va a ir hasta el fondo, caiga quien caiga, el Fiscal Mart\u00ednez Neira, m\u00e1s que untado por sus v\u00ednculos con los protagonistas de estos esc\u00e1ndalos y a quien sostienen en el cargo \u2013todos a una o ya se habr\u00eda ca\u00eddo\u2013 Juan Manuel Santos, \u00c1lvaro Uribe, Germ\u00e1n Vargas y Luis Carlos Sarmiento Angulo, cada uno con intereses en unas investigaciones que pueden quedarse en pedacitos de verdad calculados para el enga\u00f1o y que no lleguen a toda la verdad. Colombia asiste a otro en extremo destructivo pacto de denegaci\u00f3n de justicia.<\/p>\n","protected":false},"excerpt":{"rendered":"<p>Jorge Enrique Robledo, Bogot\u00e1, septiembre 8 de 2017 Se necesit\u00f3 de otra denuncia de la justicia norteamericana, como la que desenmascar\u00f3 al Fiscal Anticorrupci\u00f3n corrupto Luis Gustavo Moreno, para que en Colombia se supiera de las componendas de este con dos expresidentes de la Corte Suprema de Justicia, con quienes, seg\u00fan su c\u00f3mplice Leonardo Pinilla, [&hellip;]<\/p>\n","protected":false},"author":1,"featured_media":13074,"comment_status":"open","ping_status":"open","sticky":false,"template":"","format":"standard","meta":{"advanced_seo_description":"","jetpack_seo_html_title":"","jetpack_seo_noindex":false,"_jetpack_memberships_contains_paid_content":false,"footnotes":""},"categories":[102,97,105,4,98],"tags":[],"class_list":["post-13276","post","type-post","status-publish","format-standard","has-post-thumbnail","hentry","category-economia","category-imperialismo-y-neoliberalismo","category-internacional-articulos-de-actualidad","category-jorge-enrique-robledo","category-politica"],"jetpack_featured_media_url":"https:\/\/i0.wp.com\/moir.com.co\/web\/wp-content\/uploads\/2017\/08\/robledoaftosa.jpg?fit=768%2C403&ssl=1","jetpack-related-posts":[{"id":6136,"url":"https:\/\/moir.com.co\/web\/senador-robledo-saluda-creacion-del-observatorio-nacional-permanente-sobre-la-administracion-de-justicia\/","url_meta":{"origin":13276,"position":0},"title":"Senador Robledo saluda creaci\u00f3n del Observatorio Nacional Permanente sobre la Administraci\u00f3n de Justicia","author":"admin","date":"noviembre 23, 2011","format":false,"excerpt":"El senador Jorge Enrique Robledo manifest\u00f3 que la creaci\u00f3n del Observatorio Nacional Permanente sobre la Administraci\u00f3n de Justicia es fundamental para defender la independencia de la Rama Judicial y el acceso a la justicia, dos principios b\u00e1sicos de las sociedades democr\u00e1ticas. El Observatorio fue creado por organizaciones de jueces, magistrados,\u2026","rel":"","context":"En \u00abJorge Enrique Robledo\u00bb","block_context":{"text":"Jorge Enrique Robledo","link":"https:\/\/moir.com.co\/web\/category\/jorge-enrique-robledo\/"},"img":{"alt_text":"","src":"","width":0,"height":0},"classes":[]},{"id":6396,"url":"https:\/\/moir.com.co\/web\/robledo-brinda-apoyo-a-la-jornada-de-movilizacion-de-la-rama-judicial\/","url_meta":{"origin":13276,"position":1},"title":"Robledo brinda apoyo a la jornada de movilizaci\u00f3n de la Rama Judicial","author":"admin","date":"marzo 22, 2012","format":false,"excerpt":"Total respaldo a la jornada de reflexi\u00f3n y movilizaci\u00f3n citada para hoy por el Observatorio Permanente de la Administraci\u00f3n de Justicia a fin de rechazar la reforma que cursa en el Congreso, brind\u00f3 el senador del Polo Democr\u00e1tico, Jorge Enrique Robledo. En Bogot\u00e1, los miles de funcionarios se reunir\u00e1n al\u2026","rel":"","context":"En \u00abJorge Enrique Robledo\u00bb","block_context":{"text":"Jorge Enrique Robledo","link":"https:\/\/moir.com.co\/web\/category\/jorge-enrique-robledo\/"},"img":{"alt_text":"","src":"","width":0,"height":0},"classes":[]},{"id":6666,"url":"https:\/\/moir.com.co\/web\/robledo-confirma-que-citara-debate-sobre-la-reforma-a-la-justicia\/","url_meta":{"origin":13276,"position":2},"title":"Robledo confirma que citar\u00e1 debate sobre la reforma a la justicia","author":"admin","date":"julio 11, 2012","format":false,"excerpt":"Santos no puede lavarse las manos. El mismo 20 de julio, d\u00eda en que se instala la nueva legislatura, el senador Jorge Enrique Robledo le propondr\u00e1 a la plenaria del Senado aprobar un debate de control pol\u00edtico de balance sobre las diferentes responsabilidades en el tr\u00e1mite de la reforma a\u2026","rel":"","context":"En \u00abJorge Enrique Robledo\u00bb","block_context":{"text":"Jorge Enrique Robledo","link":"https:\/\/moir.com.co\/web\/category\/jorge-enrique-robledo\/"},"img":{"alt_text":"","src":"","width":0,"height":0},"classes":[]},{"id":8969,"url":"https:\/\/moir.com.co\/web\/medidas-contra-trabajadores-de-la-rama-judicial-agravan-los-problemas-de-la-justicia-robledo\/","url_meta":{"origin":13276,"position":3},"title":"Medidas contra trabajadores de la Rama Judicial agravan los problemas de la justicia: Robledo","author":"admin","date":"diciembre 24, 2014","format":false,"excerpt":"El senador Jorge Enrique Robledo rechaz\u00f3 el despido de m\u00e1s de 1.000 trabajadores del programa de descongesti\u00f3n de la Rama Judicial y se\u00f1al\u00f3 que este tipo de medidas represivas no resuelven el paro que inici\u00f3 hace m\u00e1s de dos meses y, por el contrario, afectan a la administraci\u00f3n de justicia.\u2026","rel":"","context":"En \u00abJorge Enrique Robledo\u00bb","block_context":{"text":"Jorge Enrique Robledo","link":"https:\/\/moir.com.co\/web\/category\/jorge-enrique-robledo\/"},"img":{"alt_text":"","src":"","width":0,"height":0},"classes":[]},{"id":13427,"url":"https:\/\/moir.com.co\/web\/gran-debate-la-corrupcion-en-el-poder-martes-3-de-octubre-5-pm-por-tv\/","url_meta":{"origin":13276,"position":4},"title":"Gran debate La corrupci\u00f3n en el poder \u2013 MARTES 3 DE OCTUBRE, 5 PM POR TV","author":"admin","date":"octubre 3, 2017","format":false,"excerpt":"Oficina de prensa del senador Jorge Enrique Robledo, Bogot\u00e1, octubre 2 de 2017 Los casos de Odebrecht, fiscal anticorrupci\u00f3n corrupto y los sobornos desde la Corte Suprema de Justicia en debate citado por el senador Jorge Enrique Robledo y la senadora Claudia L\u00f3pez el martes 3 de octubre desde las\u2026","rel":"","context":"En \u00abImperialismo y Neoliberalismo\u00bb","block_context":{"text":"Imperialismo y Neoliberalismo","link":"https:\/\/moir.com.co\/web\/category\/temas\/imperialismo-y-neoliberalismo\/"},"img":{"alt_text":"","src":"https:\/\/i0.wp.com\/moir.com.co\/web\/wp-content\/uploads\/2017\/08\/robledoaftosa.jpg?fit=768%2C403&ssl=1&resize=350%2C200","width":350,"height":200,"srcset":"https:\/\/i0.wp.com\/moir.com.co\/web\/wp-content\/uploads\/2017\/08\/robledoaftosa.jpg?fit=768%2C403&ssl=1&resize=350%2C200 1x, https:\/\/i0.wp.com\/moir.com.co\/web\/wp-content\/uploads\/2017\/08\/robledoaftosa.jpg?fit=768%2C403&ssl=1&resize=525%2C300 1.5x, https:\/\/i0.wp.com\/moir.com.co\/web\/wp-content\/uploads\/2017\/08\/robledoaftosa.jpg?fit=768%2C403&ssl=1&resize=700%2C400 2x"},"classes":[]},{"id":3673,"url":"https:\/\/moir.com.co\/web\/no-al-arancel-propuesto-por-el-gobierno-para-la-administracion-de-justicia\/","url_meta":{"origin":13276,"position":5},"title":"NO AL ARANCEL PROPUESTO POR EL GOBIERNO PARA LA ADMINISTRACI\u00d3N DE JUSTICIA","author":"admin","date":"octubre 22, 2009","format":false,"excerpt":"Con un rechazo al arancel a la administraci\u00f3n de justicia propuesto por el ministro del ramo, Fabio Valencia Cossio, concluy\u00f3 hoy la audiencia p\u00fablica \u201c\u00bfHay justicia en Colombia?\u201d, citada por el senador Jorge Enrique Robledo, del Polo Democr\u00e1tico, y que sesion\u00f3 en el Sal\u00f3n El\u00edptico del Capitolio Nacional. Ver la\u2026","rel":"","context":"En \u00abJorge Enrique Robledo\u00bb","block_context":{"text":"Jorge Enrique Robledo","link":"https:\/\/moir.com.co\/web\/category\/jorge-enrique-robledo\/"},"img":{"alt_text":"","src":"","width":0,"height":0},"classes":[]}],"jetpack_sharing_enabled":true,"_links":{"self":[{"href":"https:\/\/moir.com.co\/web\/wp-json\/wp\/v2\/posts\/13276","targetHints":{"allow":["GET"]}}],"collection":[{"href":"https:\/\/moir.com.co\/web\/wp-json\/wp\/v2\/posts"}],"about":[{"href":"https:\/\/moir.com.co\/web\/wp-json\/wp\/v2\/types\/post"}],"author":[{"embeddable":true,"href":"https:\/\/moir.com.co\/web\/wp-json\/wp\/v2\/users\/1"}],"replies":[{"embeddable":true,"href":"https:\/\/moir.com.co\/web\/wp-json\/wp\/v2\/comments?post=13276"}],"version-history":[{"count":1,"href":"https:\/\/moir.com.co\/web\/wp-json\/wp\/v2\/posts\/13276\/revisions"}],"predecessor-version":[{"id":13277,"href":"https:\/\/moir.com.co\/web\/wp-json\/wp\/v2\/posts\/13276\/revisions\/13277"}],"wp:featuredmedia":[{"embeddable":true,"href":"https:\/\/moir.com.co\/web\/wp-json\/wp\/v2\/media\/13074"}],"wp:attachment":[{"href":"https:\/\/moir.com.co\/web\/wp-json\/wp\/v2\/media?parent=13276"}],"wp:term":[{"taxonomy":"category","embeddable":true,"href":"https:\/\/moir.com.co\/web\/wp-json\/wp\/v2\/categories?post=13276"},{"taxonomy":"post_tag","embeddable":true,"href":"https:\/\/moir.com.co\/web\/wp-json\/wp\/v2\/tags?post=13276"}],"curies":[{"name":"wp","href":"https:\/\/api.w.org\/{rel}","templated":true}]}}