{"id":13260,"date":"2017-09-04T20:54:45","date_gmt":"2017-09-04T20:54:45","guid":{"rendered":"https:\/\/moir.org.co\/web\/?p=13260"},"modified":"2017-09-04T20:54:45","modified_gmt":"2017-09-04T20:54:45","slug":"por-el-agro-el-trabajo-y-la-soberania-nacional-movilicemonos","status":"publish","type":"post","link":"https:\/\/moir.com.co\/web\/por-el-agro-el-trabajo-y-la-soberania-nacional-movilicemonos\/","title":{"rendered":"Por el Agro, el Trabajo y la Soberan\u00eda Nacional, \u00a1Movilic\u00e9monos!"},"content":{"rendered":"<p><strong>Dignidad Agropecuaria Colombiana, Bogot\u00e1, septiembre 1 de 2017<\/strong><\/p>\n<p>El 1 de septiembre se reuni\u00f3 en Bogot\u00e1 la Direcci\u00f3n Nacional de Delegados, DND, de Dignidad Agropecuaria Colombiana. Adem\u00e1s de cumplir con la norma estatutaria, la reuni\u00f3n ten\u00eda como esencia analizar la situaci\u00f3n en que se encuentra el Agro Nacional y tomar las medidas necesarias para enfrentar la crisis que padece.<\/p>\n<p>Aunque en varios g\u00e9neros agr\u00edcolas y pecuarios somos autosuficientes, se sigue importando. Tratados de Libre Comercio con Estados Unidos y la Uni\u00f3n Europea obligan. Se crea sobreoferta y se deprimen los precios en el mercado interno lo que, a su vez, genera quiebra y ruina para los productores nacionales.<\/p>\n<p>Leche, Arroz, Cacao, Ma\u00edz Blanco, Etanol, Biodiesel a base de Palma Africana, Papa y Cebolla por lo menos y al igual que Cerdo y Pollo, son bienes agr\u00edcolas que los productores agropecuarios del pa\u00eds producen con autosuficiencia. Sin embargo, todos ellos tienen autorizaci\u00f3n para ingresar al mercado nacional, con aranceles cada a\u00f1o m\u00e1s rebajados o sin pagar arancel y, ante la crisis de sobreoferta que generan, el gobierno act\u00faa con benepl\u00e1cito ante importaciones y Tratados y con mano dura o con enga\u00f1o ante los productores del pa\u00eds.<\/p>\n<p>La situaci\u00f3n del arroz, la leche, el cacao, la ca\u00f1a y el az\u00facar y la panela por la importaci\u00f3n de etanol, y el ma\u00edz blanco y el fr\u00edjol, as\u00ed lo prueban. Ante esta realidad y ante la que viven quienes siembran pl\u00e1tano, yuca, \u00f1ame, pi\u00f1a, guayaba y otros frutales o producen queso y otros derivados de la leche, se decidi\u00f3 promover y realizar una gran movilizaci\u00f3n para exigir la renegociaci\u00f3n de los Tratados de Libre Comercio, TLC, por el grave da\u00f1o que causan a la econom\u00eda de los productores agropecuarios, los trabajadores del campo y los municipios que derivan la mayor\u00eda de sus ingresos de dichas labores.<\/p>\n<p>Si el caf\u00e9, el banano, el pl\u00e1tano de exportaci\u00f3n, las flores y otros dos o tres productos del agro tienen ingresos no ruinosos se debe a la devaluaci\u00f3n del peso pero, en la medida en que los costos de producci\u00f3n se acerquen a los precios de venta o se caiga el precio de venta de los mismos en el mercado internacional, se volver\u00e1 a la situaci\u00f3n de quiebra y ruina para los agro-productores, ya sean campesinos, ind\u00edgenas o empresarios agr\u00edcolas nacionales.<\/p>\n<p>La pol\u00edtica de \u201cColombia Siembra\u201d de este gobierno se qued\u00f3 en \u201cColombia Quiebra al Agro\u201d. No se hizo bien la tarea. El Ministro Iragorri prometi\u00f3 garantizar precios justos y remunerativos para quienes se atrevieron a sembrar. Hoy, quienes lo hicieron, est\u00e1n amenazados con ruina en sus parcelas y con hambre en sus hogares.<\/p>\n<p>Se evalu\u00f3 el incumplimiento de los acuerdos, <em><u>sobre deudas agr\u00edcolas<\/u>,<\/em> por parte del gobierno nacional, la pol\u00edtica que amenaza con desplazar a miles de campesinos de los p\u00e1ramos, la agresi\u00f3n de multinacionales mineras que con la exploraci\u00f3n y uso de la fracturaci\u00f3n hidr\u00e1ulica, o Fracking como se le conoce, burla los acuerdos, las consultas populares y las decisiones de los pobladores de las regiones productoras de alimentos del pa\u00eds.<\/p>\n<p>Se vio tambi\u00e9n el da\u00f1o que a la producci\u00f3n causa la falta de distritos de riego y drenaje, el elevado costo del cr\u00e9dito, el abuso de los monopolios que controlan el mercado de insumos y abonos necesarios para el agro, el mal estado de las carreteras terciarias o la falta de ellas, los exagerados impuestos prediales y la eliminaci\u00f3n de los subsidios en energ\u00eda para los estratos 1, 2 y 3.<\/p>\n<p>El agro demanda un aumento sustancial en el presupuesto nacional pero vemos que cada a\u00f1o se recorta m\u00e1s. As\u00ed no es posible tener agricultura y agricultores pr\u00f3speros. Por eso, a los productores agropecuarios les causa dolor de patria la horripilante corrupci\u00f3n que prevalece en el Gobierno, el Congreso de la Rep\u00fablica y la Justicia. Con ahinc\u00f3 condenan el saque\u00f3 que grandes monopolios nacionales y extranjeros hacen al fisco y exigen se devuelvan los recursos del Banco Agrario.<\/p>\n<p>P\u00e1rrafo aparte merece la comercializaci\u00f3n de los productos. Los precios de compra de los g\u00e9neros agr\u00edcolas, en el mercado interno, no puede seguir determinados por el precio internacional. Nos oponemos a que se obligue a tomar precios de referencia externos sin tener en cuenta los costos de producci\u00f3n internos y sin agregar una tasa de ganancia para el productor nacional. Con esa pol\u00edtica se continuar\u00e1 reemplazando trabajo y producci\u00f3n nacional por trabajo y producci\u00f3n extranjera y sin tener en cuenta que Estados Unidos y la Uni\u00f3n Europea destinan miles de millones de d\u00f3lares y euros para subsidiar sus agricultores.<\/p>\n<p>Por eso, debe elaborarse una pol\u00edtica de protecci\u00f3n del agro nacional y un Plan de Reactivaci\u00f3n de la Agricultura Nacional, PRAN, que arranque renegociando los TLC y reemplazando las importaciones de alimentos por alimentos producidos en Colombia.<\/p>\n<p>Con este an\u00e1lisis Dignidad Agropecuaria propone a las organizaciones sindicales, a los movimientos y organizaciones sociales, incluidas las del Agro, buscar un acuerdo para realizar una Gran Movilizaci\u00f3n Social en la segunda quincena de octubre.<\/p>\n<p>La DND autoriz\u00f3 adelantar conversaciones que conlleven un encuentro nacional que defina caracter\u00edsticas, programa y fecha de la Jornada.<\/p>\n","protected":false},"excerpt":{"rendered":"<p>Dignidad Agropecuaria Colombiana, Bogot\u00e1, septiembre 1 de 2017 El 1 de septiembre se reuni\u00f3 en Bogot\u00e1 la Direcci\u00f3n Nacional de Delegados, DND, de Dignidad Agropecuaria Colombiana. Adem\u00e1s de cumplir con la norma estatutaria, la reuni\u00f3n ten\u00eda como esencia analizar la situaci\u00f3n en que se encuentra el Agro Nacional y tomar las medidas necesarias para enfrentar [&hellip;]<\/p>\n","protected":false},"author":1,"featured_media":13261,"comment_status":"open","ping_status":"open","sticky":false,"template":"","format":"standard","meta":{"advanced_seo_description":"","jetpack_seo_html_title":"","jetpack_seo_noindex":false,"_jetpack_memberships_contains_paid_content":false,"footnotes":""},"categories":[114,102,97,98],"tags":[],"class_list":["post-13260","post","type-post","status-publish","format-standard","has-post-thumbnail","hentry","category-agro","category-economia","category-imperialismo-y-neoliberalismo","category-politica"],"jetpack_featured_media_url":"https:\/\/i0.wp.com\/moir.com.co\/web\/wp-content\/uploads\/2017\/09\/dignidadagropecuariacolombiana.png?fit=179%2C179&ssl=1","jetpack-related-posts":[{"id":17299,"url":"https:\/\/moir.com.co\/web\/video-intervencion-de-oscar-gutierres-reyes-director-ejecutivo-nacional-de-dignidad-agropecuaria-en-la-audiencia-el-agro-en-crisis\/","url_meta":{"origin":13260,"position":0},"title":"Video: Intervenci\u00f3n de Oscar Guti\u00e9rrez Reyes, Director Ejecutivo Nacional de Dignidad Agropecuaria en  la audiencia &#8220;El agro en crisis&#8221;","author":"admin","date":"abril 14, 2019","format":"video","excerpt":"Bogot\u00e1, abril 13 de 2019","rel":"","context":"En \u00abAgro\u00bb","block_context":{"text":"Agro","link":"https:\/\/moir.com.co\/web\/category\/temas\/agro\/"},"img":{"alt_text":"","src":"","width":0,"height":0},"classes":[]},{"id":11671,"url":"https:\/\/moir.com.co\/web\/declaracion-del-comite-ejecutivo-nacional-ampliado-de-dignidad-agropecuaria-colombiana\/","url_meta":{"origin":13260,"position":1},"title":"Declaraci\u00f3n del Comit\u00e9 Ejecutivo Nacional Ampliado de Dignidad Agropecuaria Colombiana","author":"admin","date":"febrero 8, 2017","format":false,"excerpt":"Comit\u00e9 Ejecutivo Nacional Ampliado de Dignidad Agropecuaria Colombiana, Bogot\u00e1, febrero 3 de 2017 El Comit\u00e9 Ejecutivo Nacional Ampliado de Dignidad Agropecuaria Colombiana una vez analizadas las actividades adelantadas durante el a\u00f1o 2016 expresa su satisfacci\u00f3n por la labor realizada, en especial, la del Referendo por el Agro Nacional. Aunque no\u2026","rel":"","context":"En \u00abAgro\u00bb","block_context":{"text":"Agro","link":"https:\/\/moir.com.co\/web\/category\/temas\/agro\/"},"img":{"alt_text":"","src":"https:\/\/i0.wp.com\/moir.com.co\/web\/wp-content\/uploads\/2016\/11\/agricultura.jpg?fit=420%2C290&ssl=1&resize=350%2C200","width":350,"height":200},"classes":[]},{"id":7866,"url":"https:\/\/moir.com.co\/web\/comunicado-del-movimiento-dignidad-agropecuaria\/","url_meta":{"origin":13260,"position":2},"title":"Comunicado del movimiento Dignidad Agropecuaria","author":"admin","date":"septiembre 4, 2013","format":false,"excerpt":"Voceros y representantes de los movimientos, que componen la mesa directiva de Dignidad Agropecuaria, declaran ante la opini\u00f3n nacional e internacional desde la ciudad de Tunja 1)A pesar de que el gobierno de Juan Manuel Santos hace alarde de haber solucionado la problem\u00e1tica agropecuaria del pa\u00eds, ninguno de los males\u2026","rel":"","context":"En \u00abPronunciamientos de Organizaciones Sociales\u00bb","block_context":{"text":"Pronunciamientos de Organizaciones Sociales","link":"https:\/\/moir.com.co\/web\/category\/pronunciamientos-de-organizaciones-sociales\/"},"img":{"alt_text":"","src":"","width":0,"height":0},"classes":[]},{"id":9033,"url":"https:\/\/moir.com.co\/web\/la-crisis-economica-nacional-no-la-cargaran-los-productores-agropecuarios\/","url_meta":{"origin":13260,"position":3},"title":"La crisis econ\u00f3mica nacional no la cargaran los productores agropecuarios","author":"admin","date":"enero 24, 2015","format":false,"excerpt":"La primera reuni\u00f3n de la Direcci\u00f3n Nacional de Delegados de Dignidad Agropecuaria Colombiana, despu\u00e9s de hacer un an\u00e1lisis de la situaci\u00f3n que atraviesa el pa\u00eds, concluye que la grave crisis que padece Colombia y de manera particular la producci\u00f3n agropecuaria tiene origen en la implementaci\u00f3n de pol\u00edticas neoliberales que, acompa\u00f1adas\u2026","rel":"","context":"En \u00abPronunciamientos de Organizaciones Sociales\u00bb","block_context":{"text":"Pronunciamientos de Organizaciones Sociales","link":"https:\/\/moir.com.co\/web\/category\/pronunciamientos-de-organizaciones-sociales\/"},"img":{"alt_text":"","src":"","width":0,"height":0},"classes":[]},{"id":9593,"url":"https:\/\/moir.com.co\/web\/la-necesidad-de-reformas-constitucionales-para-proteger-el-agro-nacional-los-peligros-inminentes-de-los-tlc\/","url_meta":{"origin":13260,"position":4},"title":"La necesidad de reformas constitucionales para proteger el agro nacional: Los peligros inminentes de los TLC","author":"admin","date":"agosto 22, 2015","format":false,"excerpt":"\u00d3scar Guti\u00e9rrez, director ejecutivo de Dignidad Agropecuaria Colombiana (DAC), convers\u00f3 con La Rel sobre las propuestas que esta importante organizaci\u00f3n est\u00e1 impulsando para proteger el agro nacional. -\u00bfCu\u00e1l es el objetivo del proyecto de reforma constitucional que est\u00e1n impulsando desde Dignidad Agropecuaria? -Hay solamente tres art\u00edculos (art. 64, 65 y\u2026","rel":"","context":"En \u00abPronunciamientos de Organizaciones Sociales\u00bb","block_context":{"text":"Pronunciamientos de Organizaciones Sociales","link":"https:\/\/moir.com.co\/web\/category\/pronunciamientos-de-organizaciones-sociales\/"},"img":{"alt_text":"","src":"","width":0,"height":0},"classes":[]},{"id":8627,"url":"https:\/\/moir.com.co\/web\/el-congreso\/","url_meta":{"origin":13260,"position":5},"title":"El Congreso","author":"admin","date":"agosto 12, 2014","format":false,"excerpt":"El Congreso, al que se refiere el t\u00edtulo de este art\u00edculo, es al primero que se celebrar\u00e1 de lo que el pa\u00eds t\u00e9rmino conociendo como las \u201cDignidades\u201d, organizaciones que nacieron a partir de febrero de 2012 y que, tomaron la decisi\u00f3n de organizarse como Asociaci\u00f3n y con el nombre de\u2026","rel":"","context":"En \u00abTemas\u00bb","block_context":{"text":"Temas","link":"https:\/\/moir.com.co\/web\/category\/temas\/"},"img":{"alt_text":"","src":"","width":0,"height":0},"classes":[]}],"jetpack_sharing_enabled":true,"_links":{"self":[{"href":"https:\/\/moir.com.co\/web\/wp-json\/wp\/v2\/posts\/13260","targetHints":{"allow":["GET"]}}],"collection":[{"href":"https:\/\/moir.com.co\/web\/wp-json\/wp\/v2\/posts"}],"about":[{"href":"https:\/\/moir.com.co\/web\/wp-json\/wp\/v2\/types\/post"}],"author":[{"embeddable":true,"href":"https:\/\/moir.com.co\/web\/wp-json\/wp\/v2\/users\/1"}],"replies":[{"embeddable":true,"href":"https:\/\/moir.com.co\/web\/wp-json\/wp\/v2\/comments?post=13260"}],"version-history":[{"count":1,"href":"https:\/\/moir.com.co\/web\/wp-json\/wp\/v2\/posts\/13260\/revisions"}],"predecessor-version":[{"id":13262,"href":"https:\/\/moir.com.co\/web\/wp-json\/wp\/v2\/posts\/13260\/revisions\/13262"}],"wp:featuredmedia":[{"embeddable":true,"href":"https:\/\/moir.com.co\/web\/wp-json\/wp\/v2\/media\/13261"}],"wp:attachment":[{"href":"https:\/\/moir.com.co\/web\/wp-json\/wp\/v2\/media?parent=13260"}],"wp:term":[{"taxonomy":"category","embeddable":true,"href":"https:\/\/moir.com.co\/web\/wp-json\/wp\/v2\/categories?post=13260"},{"taxonomy":"post_tag","embeddable":true,"href":"https:\/\/moir.com.co\/web\/wp-json\/wp\/v2\/tags?post=13260"}],"curies":[{"name":"wp","href":"https:\/\/api.w.org\/{rel}","templated":true}]}}