{"id":13257,"date":"2017-09-04T20:50:49","date_gmt":"2017-09-04T20:50:49","guid":{"rendered":"https:\/\/moir.org.co\/web\/?p=13257"},"modified":"2017-09-04T20:50:49","modified_gmt":"2017-09-04T20:50:49","slug":"sector-productivo-atlantico-2000-2016-saldo-en-rojo","status":"publish","type":"post","link":"https:\/\/moir.com.co\/web\/sector-productivo-atlantico-2000-2016-saldo-en-rojo\/","title":{"rendered":"Sector productivo Atl\u00e1ntico 2000-2016: saldo en rojo"},"content":{"rendered":"<p><strong>Norman Alarc\u00f3n Rodas, Barranquilla, septiembre 4 de 2017<\/strong><\/p>\n<p>Las cifras de las actividades econ\u00f3micas no se pueden tomar a la ligera y sin tener en cuenta el contexto y el peso espec\u00edfico, en este caso, del Producto Interno Bruto departamental en relaci\u00f3n con el PIB nacional, al igual que lo sucedido con cada una de las ramas econ\u00f3micas. Si se analizan los datos oficiales del DANE sobre crecimiento o decrecimiento de cada uno de los componentes macroecon\u00f3micos del departamento del Atl\u00e1ntico entre los a\u00f1os 2000 y 2016 a precios corrientes, salta a la vista que las pol\u00edticas oficiales muestran resultados desalentadores en momentos en que se vive una desaceleraci\u00f3n de la econom\u00eda nacional, que podr\u00eda llevar a una recesi\u00f3n econ\u00f3mica.<\/p>\n<p>(<a href=\"http:\/\/www.dane.gov.co\/index.php\/estadisticas-por-tema\/cuentas-nacionales\/cuentas-nacionales-departamentales\">http:\/\/www.dane.gov.co\/index.php\/estadisticas-por-tema\/cuentas-nacionales\/cuentas-nacionales-departamentales<\/a>)<\/p>\n<p>Al rengl\u00f3n agrario del Atl\u00e1ntico no le puede ir peor. En el 2000 solo representaba el 2,6% del PIB departamental, pero en 2016 ya va en el 1,8%, un 30,7% menor. Otrora la industria manufacturera atlanticense sobresal\u00eda m\u00e1s, pero despu\u00e9s de la recesi\u00f3n de 1999 viene de capa ca\u00edda. Pas\u00f3 de ser el 18,6% del PIB departamental en 2000 al 14,8% en 2016, una ca\u00edda de 20,4%. El sector de producci\u00f3n de energ\u00eda, agua y gas se contrajo 1.5%. La actividad comercial cay\u00f3 el 29% en el mismo lapso y el sector de correo y telecomunicaciones tambi\u00e9n se redujo el 10% en relaci\u00f3n con el PIB departamental.<\/p>\n<p>Pero hubo variables que tuvieron comportamientos positivos, como la construcci\u00f3n, que pas\u00f3 de representar el 2,7% en 2000 al 11,4% en 2016, un aumento de 322%, lo que no es congruente con el deterioro en los principales renglones econ\u00f3micos y que ha llevado a algunos analistas a hablar de una burbuja inmobiliaria. La intermediaci\u00f3n financiera tambi\u00e9n aument\u00f3 el 41,1%, lo mismo que las instituciones privadas de salud, que subieron un 66,66%. Otra cifra elocuente es la de los impuestos, que incrementaron su peso en 15,29%.<\/p>\n<p>Es interesante analizar la participaci\u00f3n porcentual por rama de actividad en relaci\u00f3n con el PIB nacional. Aqu\u00ed encontramos que la industria manufacturera, antes con un peso de 0,8% en 2000 y en 2016 con 0,6%, una merma de 25%. Comercio, restaurantes y hoteles bajaron 16,66%, mientras que la intermediaci\u00f3n financiera sub\u00eda el ciento por ciento. Ahora bien: el PIB departamental representaba en 2000 el 4,3% del PIB nacional y en 2016 baj\u00f3 al 4,2%, una reducci\u00f3n de 2,3%.<\/p>\n<p>El saldo rojo en casi todos los indicadores econ\u00f3micos guarda relaci\u00f3n directa con el modelo econ\u00f3mico del libre comercio impuesto al pa\u00eds por entidades supranacionales y aplicado por los gobiernos locales desde los inicios de los a\u00f1os noventa. Ante el innegable deterioro aqu\u00ed expuesto, se hace necesario imprimirle un rumbo distinto a la econom\u00eda, que se podr\u00eda dar a partir del a\u00f1o 2018 si se acoge la idea de no seguir respaldando a los mismos con las mismas. Continuismo o Cambio es la disyuntiva.<\/p>\n","protected":false},"excerpt":{"rendered":"<p>Norman Alarc\u00f3n Rodas, Barranquilla, septiembre 4 de 2017 Las cifras de las actividades econ\u00f3micas no se pueden tomar a la ligera y sin tener en cuenta el contexto y el peso espec\u00edfico, en este caso, del Producto Interno Bruto departamental en relaci\u00f3n con el PIB nacional, al igual que lo sucedido con cada una de [&hellip;]<\/p>\n","protected":false},"author":1,"featured_media":13258,"comment_status":"open","ping_status":"open","sticky":false,"template":"","format":"standard","meta":{"advanced_seo_description":"","jetpack_seo_html_title":"","jetpack_seo_noindex":false,"_jetpack_memberships_contains_paid_content":false,"footnotes":""},"categories":[102,97,98],"tags":[],"class_list":["post-13257","post","type-post","status-publish","format-standard","has-post-thumbnail","hentry","category-economia","category-imperialismo-y-neoliberalismo","category-politica"],"jetpack_featured_media_url":"https:\/\/i0.wp.com\/moir.com.co\/web\/wp-content\/uploads\/2017\/09\/barranquilla_puerto2.jpg?fit=259%2C194&ssl=1","jetpack-related-posts":[{"id":11529,"url":"https:\/\/moir.com.co\/web\/cifras-del-dane-muestran-deterioro-economico-de-atlantico-y-barranquilla\/","url_meta":{"origin":13257,"position":0},"title":"Cifras del DANE muestran deterioro econ\u00f3mico de Atl\u00e1ntico y Barranquilla","author":"admin","date":"enero 20, 2017","format":false,"excerpt":"Norman Alarc\u00f3n Rodas, Barranquilla, enero 19 de 2017 La Red de Progreso Social en Colombia dio a conocer a fines del a\u00f1o pasado que Barranquilla se ubica en el puesto 7 entre las 10 ciudades m\u00e1s importantes del pa\u00eds con un mediocre nivel medio bajo seg\u00fan el \u00cdndice de Progreso\u2026","rel":"","context":"En \u00abEconom\u00eda\u00bb","block_context":{"text":"Econom\u00eda","link":"https:\/\/moir.com.co\/web\/category\/temas\/economia\/"},"img":{"alt_text":"","src":"","width":0,"height":0},"classes":[]},{"id":9559,"url":"https:\/\/moir.com.co\/web\/retroceso-economico-y-aumento-de-impuestos-en-atlantico\/","url_meta":{"origin":13257,"position":1},"title":"Retroceso econ\u00f3mico y aumento de impuestos en Atl\u00e1ntico","author":"admin","date":"agosto 5, 2015","format":false,"excerpt":"El an\u00e1lisis de la situaci\u00f3n econ\u00f3mica del departamento del Atl\u00e1ntico en los \u00faltimos quince a\u00f1os, basado en las cifras del DANE, muestra un retroceso en los sectores reales de la econom\u00eda entre los a\u00f1os 2000 y 2013 como proporci\u00f3n del Producto Interno Bruto departamental. El mayor descenso se present\u00f3 en\u2026","rel":"","context":"En \u00abTemas\u00bb","block_context":{"text":"Temas","link":"https:\/\/moir.com.co\/web\/category\/temas\/"},"img":{"alt_text":"","src":"","width":0,"height":0},"classes":[]},{"id":13207,"url":"https:\/\/moir.com.co\/web\/el-caribe-una-victima-de-la-politica-economica\/","url_meta":{"origin":13257,"position":2},"title":"El Caribe, una v\u00edctima de la pol\u00edtica econ\u00f3mica","author":"admin","date":"agosto 29, 2017","format":false,"excerpt":"Aurelio Su\u00e1rez Montoya, Bogot\u00e1, agosto \u00a029 de 2017 Economistas coste\u00f1os como\u00a0Jorge Vergara Carb\u00f3 y Salom\u00f3n Kalmanovitz han retomado aspectos del estudio del Banco de la Rep\u00fablica acerca de la \u201cEvoluci\u00f3n socioecon\u00f3mica de la regi\u00f3n Caribe colombiana entre 1997 y 2017\u201d, para profundizar en las caracter\u00edsticas m\u00e1s relevantes de los siete\u2026","rel":"","context":"En \u00abAgro\u00bb","block_context":{"text":"Agro","link":"https:\/\/moir.com.co\/web\/category\/temas\/agro\/"},"img":{"alt_text":"","src":"https:\/\/i0.wp.com\/moir.com.co\/web\/wp-content\/uploads\/2017\/08\/agricultura2.jpg?fit=650%2C466&ssl=1&resize=350%2C200","width":350,"height":200,"srcset":"https:\/\/i0.wp.com\/moir.com.co\/web\/wp-content\/uploads\/2017\/08\/agricultura2.jpg?fit=650%2C466&ssl=1&resize=350%2C200 1x, https:\/\/i0.wp.com\/moir.com.co\/web\/wp-content\/uploads\/2017\/08\/agricultura2.jpg?fit=650%2C466&ssl=1&resize=525%2C300 1.5x"},"classes":[]},{"id":8866,"url":"https:\/\/moir.com.co\/web\/barranquilla-y-atlantico-ficcion-y-realidad\/","url_meta":{"origin":13257,"position":3},"title":"Barranquilla y Atl\u00e1ntico: ficci\u00f3n y realidad","author":"admin","date":"noviembre 12, 2014","format":false,"excerpt":"La percepci\u00f3n que se tiene sobre los fen\u00f3menos sociales var\u00eda seg\u00fan el cristal con que se les mire. De acuerdo a las dos \u00faltimas administraciones de la capital del Atl\u00e1ntico, estamos presenciando un renacer de la ciudad que progresa en todos los \u00f3rdenes, el mejor modelo de salud de Colombia,\u2026","rel":"","context":"En \u00abTemas\u00bb","block_context":{"text":"Temas","link":"https:\/\/moir.com.co\/web\/category\/temas\/"},"img":{"alt_text":"","src":"","width":0,"height":0},"classes":[]},{"id":18708,"url":"https:\/\/moir.com.co\/web\/las-penalidades-de-la-pandemia-en-el-atlantico\/","url_meta":{"origin":13257,"position":4},"title":"Las penalidades de la pandemia en el Atl\u00e1ntico","author":"admin","date":"junio 24, 2020","format":false,"excerpt":"Comit\u00e9 Ejecutivo Departamental Polo Atl\u00e1ntico, Barranquilla, junio 19 de 2020 Para empezar, se debe tener en cuenta el contexto anterior al inicio del contagio del covid-19 en el pa\u00eds, en la regi\u00f3n y en el departamento del Atl\u00e1ntico. Para algunos est\u00e1bamos de maravilla, todo iba sobre ruedas, Barranquilla era la\u2026","rel":"","context":"En \u00abImperialismo y Neoliberalismo\u00bb","block_context":{"text":"Imperialismo y Neoliberalismo","link":"https:\/\/moir.com.co\/web\/category\/temas\/imperialismo-y-neoliberalismo\/"},"img":{"alt_text":"","src":"https:\/\/i0.wp.com\/moir.com.co\/web\/wp-content\/uploads\/2016\/12\/PoloDemocraticologo.jpg?fit=630%2C366&ssl=1&resize=350%2C200","width":350,"height":200,"srcset":"https:\/\/i0.wp.com\/moir.com.co\/web\/wp-content\/uploads\/2016\/12\/PoloDemocraticologo.jpg?fit=630%2C366&ssl=1&resize=350%2C200 1x, https:\/\/i0.wp.com\/moir.com.co\/web\/wp-content\/uploads\/2016\/12\/PoloDemocraticologo.jpg?fit=630%2C366&ssl=1&resize=525%2C300 1.5x"},"classes":[]},{"id":9984,"url":"https:\/\/moir.com.co\/web\/declaracion-politica-del-polo-democratico-alternativo-del-atlantico\/","url_meta":{"origin":13257,"position":5},"title":"Declaraci\u00f3n Pol\u00edtica del Polo Democr\u00e1tico Alternativo del Atl\u00e1ntico","author":"admin","date":"marzo 2, 2016","format":false,"excerpt":"La Coordinadora del Polo Democr\u00e1tico Alternativo, reunida el s\u00e1bado 27 de febrero de 2015, con base en la coyuntura econ\u00f3mica y pol\u00edtica nacional, departamental y distrital, tom\u00f3 las siguientes determinaciones que han de orientar el trabajo social y pol\u00edtico del Comit\u00e9 Ejecutivo seccional, as\u00ed como tambi\u00e9n la relacionada con el\u2026","rel":"","context":"En \u00abPolo Democr\u00e1tico Alternativo\u00bb","block_context":{"text":"Polo Democr\u00e1tico Alternativo","link":"https:\/\/moir.com.co\/web\/category\/polo-democratico-alternativo\/"},"img":{"alt_text":"","src":"","width":0,"height":0},"classes":[]}],"jetpack_sharing_enabled":true,"_links":{"self":[{"href":"https:\/\/moir.com.co\/web\/wp-json\/wp\/v2\/posts\/13257","targetHints":{"allow":["GET"]}}],"collection":[{"href":"https:\/\/moir.com.co\/web\/wp-json\/wp\/v2\/posts"}],"about":[{"href":"https:\/\/moir.com.co\/web\/wp-json\/wp\/v2\/types\/post"}],"author":[{"embeddable":true,"href":"https:\/\/moir.com.co\/web\/wp-json\/wp\/v2\/users\/1"}],"replies":[{"embeddable":true,"href":"https:\/\/moir.com.co\/web\/wp-json\/wp\/v2\/comments?post=13257"}],"version-history":[{"count":1,"href":"https:\/\/moir.com.co\/web\/wp-json\/wp\/v2\/posts\/13257\/revisions"}],"predecessor-version":[{"id":13259,"href":"https:\/\/moir.com.co\/web\/wp-json\/wp\/v2\/posts\/13257\/revisions\/13259"}],"wp:featuredmedia":[{"embeddable":true,"href":"https:\/\/moir.com.co\/web\/wp-json\/wp\/v2\/media\/13258"}],"wp:attachment":[{"href":"https:\/\/moir.com.co\/web\/wp-json\/wp\/v2\/media?parent=13257"}],"wp:term":[{"taxonomy":"category","embeddable":true,"href":"https:\/\/moir.com.co\/web\/wp-json\/wp\/v2\/categories?post=13257"},{"taxonomy":"post_tag","embeddable":true,"href":"https:\/\/moir.com.co\/web\/wp-json\/wp\/v2\/tags?post=13257"}],"curies":[{"name":"wp","href":"https:\/\/api.w.org\/{rel}","templated":true}]}}