{"id":13254,"date":"2017-09-04T20:43:10","date_gmt":"2017-09-04T20:43:10","guid":{"rendered":"https:\/\/moir.org.co\/web\/?p=13254"},"modified":"2017-09-04T20:43:10","modified_gmt":"2017-09-04T20:43:10","slug":"hacia-una-economia-mas-social-mas-solidaria","status":"publish","type":"post","link":"https:\/\/moir.com.co\/web\/hacia-una-economia-mas-social-mas-solidaria\/","title":{"rendered":"Hacia una econom\u00eda m\u00e1s social, m\u00e1s solidaria"},"content":{"rendered":"<p><strong>Jos\u00e9 Arlex Arias, Cartagena, septiembre 4 de 2017<\/strong><\/p>\n<p>En el marco del XVI Congreso Nacional de la Confederaci\u00f3n Nacional de Cooperativas, Confecoop, celebrado en Cartagena el pasado agosto, adem\u00e1s de un diagn\u00f3stico del sector, se hizo un an\u00e1lisis de la desigualdad impulsada por el neoliberalismo, causante de la miseria y pobreza de una inmensa capa de la poblaci\u00f3n. El cooperativismo tiene 86 a\u00f1os de historia en Colombia pero, a pesar de su desarrollo, a\u00fan no se consolida como decisivo en procura de resolver los graves problemas a sus afiliados, menos a toda la poblaci\u00f3n, que se apegan a la econom\u00eda solidaria como tabla de salvaci\u00f3n. Independientemente del papel que el Gobierno le asign\u00f3 al cooperativismo en la implementaci\u00f3n de los Acuerdos de la Habana \u2013para que le ayude a resolver su encrucijada\u2013, este debe propender por llegar a m\u00e1s habitantes, como lo plante\u00f3 Confecoop, siendo un modelo solidario v\u00e1lido, visible y muy fuerte. En otras palabras, tiene que abrirse y dejar el &#8220;enconchamiento&#8221;, comenzando por la dirigencia. Solo haciendo fuerte al sector solidario, este se convertir\u00e1 en un actor v\u00e1lido y activo para el Gobierno Nacional; la fuerza de su crecimiento es lo que puede llevar a la transformaci\u00f3n de su marco legal y econ\u00f3mico.<\/p>\n<p>&nbsp;<\/p>\n<p>Lo anterior no le resta importancia a la Mesa de Trabajo del sector cooperativo, que funciona cada mes con el Gobierno para poner en su conocimiento las trabas que existen para su verdadero desarrollo, en comparaci\u00f3n con las garant\u00edas de las que goza en otros pa\u00edses. El anuncio de definir un documento CONPES, construir una Pol\u00edtica P\u00fablica y un Plan de Desarrollo para el sector, tendr\u00e1 el tropiezo de la ideolog\u00eda neoliberal del Gobierno, que bajo el dogma del libre mercado, encuentra al sector solidario como &#8220;un dinosaurio pidiendo medidas protectoras&#8221;, m\u00e1xime cuando su crecimiento lo convierte en un enemigo del especulador sector financiero, que con el respaldo del gobierno, busca engullirse su nicho de mercado. Es en esta contradicci\u00f3n antag\u00f3nica en donde radica la importancia de que el sector llegue a m\u00e1s capas de la poblaci\u00f3n para colocarse en capacidad de fuerza para una negociaci\u00f3n.<\/p>\n<p>&nbsp;<\/p>\n<p>Este planteamiento qued\u00f3 patentizado en el evento con la intervenci\u00f3n de los candidatos presidenciales Claudia L\u00f3pez, Marta Luc\u00eda Ram\u00edrez, Iv\u00e1n Duque, Humberto de La Calle y Jorge Enrique Robledo. Con la excepci\u00f3n de L\u00f3pez y Robledo, los dem\u00e1s candidatos han sido altos funcionarios de los gobiernos de Gaviria, Samper, Pastrana, Uribe y Santos, caracterizados neoliberales, a los cuales Ram\u00edrez, Duque y de La Calle les adjuran con fidelidad la bendici\u00f3n para ser ungidos. En este congreso, los tres se mostraron como los m\u00e1s grandes y convencidos cooperativistas, a pesar de haber estado en esos gobiernos en los que los recursos del sector \u2013v\u00eda impuestos\u2013 han financiado desde la guerra hasta la educaci\u00f3n, como si fueran dineros p\u00fablicos. &#8220;Ac\u00e1 hay unas candidaturas que son m\u00e1s de lo mismo, que quieren reelegir el continuismo. Nosotros vamos por el cambio. Vamos a defender la econom\u00eda empresarial, pero no exclusivamente a la de los monopolios y transnacionales; debe ser para todos. Hay nichos de la econom\u00eda que deben dejarse al cooperativismo. El cooperativismo ha sido maltratado durante 25 a\u00f1os de neoliberalismo. Aqu\u00ed vienen candidatos, les ofrecen de todo pero al final son puros enga\u00f1os&#8221;, les dijo Jorge Robledo. \u00a1Yo le creo a Robledo!<\/p>\n","protected":false},"excerpt":{"rendered":"<p>Jos\u00e9 Arlex Arias, Cartagena, septiembre 4 de 2017 En el marco del XVI Congreso Nacional de la Confederaci\u00f3n Nacional de Cooperativas, Confecoop, celebrado en Cartagena el pasado agosto, adem\u00e1s de un diagn\u00f3stico del sector, se hizo un an\u00e1lisis de la desigualdad impulsada por el neoliberalismo, causante de la miseria y pobreza de una inmensa capa [&hellip;]<\/p>\n","protected":false},"author":1,"featured_media":13123,"comment_status":"open","ping_status":"open","sticky":false,"template":"","format":"standard","meta":{"advanced_seo_description":"","jetpack_seo_html_title":"","jetpack_seo_noindex":false,"_jetpack_memberships_contains_paid_content":false,"footnotes":""},"categories":[102,97,98],"tags":[],"class_list":["post-13254","post","type-post","status-publish","format-standard","has-post-thumbnail","hentry","category-economia","category-imperialismo-y-neoliberalismo","category-politica"],"jetpack_featured_media_url":"https:\/\/i0.wp.com\/moir.com.co\/web\/wp-content\/uploads\/2017\/08\/Robledoelnuevosiglo.jpg?fit=730%2C450&ssl=1","jetpack-related-posts":[{"id":7524,"url":"https:\/\/moir.com.co\/web\/20-20-la-decada-del-cooperativismo\/","url_meta":{"origin":13254,"position":0},"title":"20-20: \u00bfla d\u00e9cada del cooperativismo?","author":"admin","date":"mayo 6, 2013","format":false,"excerpt":"La Alianza Cooperativa Internacional -ACI- lanz\u00f3 el \u201cPlan para una D\u00e9cada Cooperativa\u201d, trazando como objetivos: convertirlo en l\u00edder de la sostenibilidad econ\u00f3mica, social y medio ambiental, ser el modelo empresarial preferido, y convertirse en la organizaci\u00f3n de m\u00e1s r\u00e1pido crecimiento. Para lograrlos, cuenta con siete principios universales: Asociaci\u00f3n voluntaria, control\u2026","rel":"","context":"En \u00abTemas\u00bb","block_context":{"text":"Temas","link":"https:\/\/moir.com.co\/web\/category\/temas\/"},"img":{"alt_text":"","src":"","width":0,"height":0},"classes":[]},{"id":11136,"url":"https:\/\/moir.com.co\/web\/asociados-a-cooperativas-otras-victimas-de-la-reforma-tributaria-robledo\/","url_meta":{"origin":13254,"position":1},"title":"Asociados a cooperativas, otras v\u00edctimas de la Reforma Tributaria: Robledo","author":"admin","date":"noviembre 24, 2016","format":false,"excerpt":"Oficina de prensa del senador Jorge Enrique Robledo, Bogot\u00e1, noviembre 23 de 2016 Se eliminar\u00edan apoyos educativos para los asociados y sus familias. Se abre la puerta para que desaparezca el cooperativismo y sea absorbido por la banca comercial.l Laa Reforma Tributaria de Santos-C\u00e1rdenas, que se tramita de af\u00e1n en\u2026","rel":"","context":"En \u00abEconom\u00eda\u00bb","block_context":{"text":"Econom\u00eda","link":"https:\/\/moir.com.co\/web\/category\/temas\/economia\/"},"img":{"alt_text":"","src":"","width":0,"height":0},"classes":[]},{"id":5557,"url":"https:\/\/moir.com.co\/web\/un-debate-necesario-y-esclarecedor\/","url_meta":{"origin":13254,"position":2},"title":"\u201cUn debate necesario y esclarecedor\u201d","author":"admin","date":"abril 25, 2011","format":false,"excerpt":"Despu\u00e9s de muchas dificultades y aplazamientos, la plenaria del Senado aprob\u00f3 la proposici\u00f3n presentada por los parlamentarios Jorge Robledo y Alexander L\u00f3pez, que convoca a debate de control pol\u00edtico al ministro de la Protecci\u00f3n Social para que responda por el manejo de los recursos de la salud; el evento se\u2026","rel":"","context":"En \u00abTemas\u00bb","block_context":{"text":"Temas","link":"https:\/\/moir.com.co\/web\/category\/temas\/"},"img":{"alt_text":"","src":"","width":0,"height":0},"classes":[]},{"id":10336,"url":"https:\/\/moir.com.co\/web\/bolivia-10-preguntas-y-10-respuestas-sobre-el-conflicto-con-los-cooperativistas-mineros\/","url_meta":{"origin":13254,"position":3},"title":"Bolivia: 10 preguntas y 10 respuestas sobre el conflicto con los \u201ccooperativistas\u201d mineros","author":"admin","date":"agosto 27, 2016","format":false,"excerpt":"\u00bfC\u00f3mo surge la miner\u00eda cooperativa en Bolivia? La miner\u00eda cooperativa tiene como origen la crisis econ\u00f3mica mundial provocada por el crack de la Bolsa de Nueva York en 1929. Muchas empresas trasnacionales entran en crisis y tienen que despedir trabajadores, a quienes entregan parcelas para su explotaci\u00f3n. La Revoluci\u00f3n de\u2026","rel":"","context":"En \u00abRevista de Prensa\u00bb","block_context":{"text":"Revista de Prensa","link":"https:\/\/moir.com.co\/web\/category\/prensa\/revista-de-prensa\/"},"img":{"alt_text":"","src":"","width":0,"height":0},"classes":[]},{"id":18694,"url":"https:\/\/moir.com.co\/web\/diecisiete-anos-defendiendo-la-soberania-nacional\/","url_meta":{"origin":13254,"position":4},"title":"Diecisiete a\u00f1os defendiendo la soberan\u00eda nacional","author":"admin","date":"junio 17, 2020","format":false,"excerpt":"Jos\u00e9 Arlex Arias, Cartagena, junio 16 de 2020 Meses previos a la creaci\u00f3n de Tribuna de Opini\u00f3n, un espacio radial que se origina en Cartagena, hubo elecciones en la Central Unitaria de Trabajadores \u2013CUT\u2013 que designaron nuevos directivos para Bol\u00edvar, en cuyo seno se hizo un importante an\u00e1lisis sobre el\u2026","rel":"","context":"En \u00abImperialismo y Neoliberalismo\u00bb","block_context":{"text":"Imperialismo y Neoliberalismo","link":"https:\/\/moir.com.co\/web\/category\/temas\/imperialismo-y-neoliberalismo\/"},"img":{"alt_text":"","src":"https:\/\/i0.wp.com\/moir.com.co\/web\/wp-content\/uploads\/2019\/07\/josearlexarias.jpg?fit=768%2C1024&ssl=1&resize=350%2C200","width":350,"height":200,"srcset":"https:\/\/i0.wp.com\/moir.com.co\/web\/wp-content\/uploads\/2019\/07\/josearlexarias.jpg?fit=768%2C1024&ssl=1&resize=350%2C200 1x, https:\/\/i0.wp.com\/moir.com.co\/web\/wp-content\/uploads\/2019\/07\/josearlexarias.jpg?fit=768%2C1024&ssl=1&resize=525%2C300 1.5x, https:\/\/i0.wp.com\/moir.com.co\/web\/wp-content\/uploads\/2019\/07\/josearlexarias.jpg?fit=768%2C1024&ssl=1&resize=700%2C400 2x"},"classes":[]},{"id":19115,"url":"https:\/\/moir.com.co\/web\/paro-contra-el-paquetazo\/","url_meta":{"origin":13254,"position":5},"title":"Paro contra el paquetazo","author":"admin","date":"abril 23, 2021","format":false,"excerpt":"Jos\u00e9 Arlex Arias, Cartagena, abril 19 de 2021 Los colombianos, con seguridad, perdieron la cuenta del n\u00famero de veces que desde el a\u00f1o 1990 \u2013cuando se inici\u00f3 la implementaci\u00f3n del modelo neoliberal- mediante Reformas Tributarias les han aumentado y creado nuevos impuestos, siempre con las justificaciones de \u201cTransformaci\u00f3n solidaria\u201d, generar\u2026","rel":"","context":"En \u00abEconom\u00eda\u00bb","block_context":{"text":"Econom\u00eda","link":"https:\/\/moir.com.co\/web\/category\/temas\/economia\/"},"img":{"alt_text":"","src":"https:\/\/i0.wp.com\/moir.com.co\/web\/wp-content\/uploads\/2021\/04\/paronacional28Abril2021.jpg?fit=995%2C500&ssl=1&resize=350%2C200","width":350,"height":200,"srcset":"https:\/\/i0.wp.com\/moir.com.co\/web\/wp-content\/uploads\/2021\/04\/paronacional28Abril2021.jpg?fit=995%2C500&ssl=1&resize=350%2C200 1x, https:\/\/i0.wp.com\/moir.com.co\/web\/wp-content\/uploads\/2021\/04\/paronacional28Abril2021.jpg?fit=995%2C500&ssl=1&resize=525%2C300 1.5x, https:\/\/i0.wp.com\/moir.com.co\/web\/wp-content\/uploads\/2021\/04\/paronacional28Abril2021.jpg?fit=995%2C500&ssl=1&resize=700%2C400 2x"},"classes":[]}],"jetpack_sharing_enabled":true,"_links":{"self":[{"href":"https:\/\/moir.com.co\/web\/wp-json\/wp\/v2\/posts\/13254","targetHints":{"allow":["GET"]}}],"collection":[{"href":"https:\/\/moir.com.co\/web\/wp-json\/wp\/v2\/posts"}],"about":[{"href":"https:\/\/moir.com.co\/web\/wp-json\/wp\/v2\/types\/post"}],"author":[{"embeddable":true,"href":"https:\/\/moir.com.co\/web\/wp-json\/wp\/v2\/users\/1"}],"replies":[{"embeddable":true,"href":"https:\/\/moir.com.co\/web\/wp-json\/wp\/v2\/comments?post=13254"}],"version-history":[{"count":1,"href":"https:\/\/moir.com.co\/web\/wp-json\/wp\/v2\/posts\/13254\/revisions"}],"predecessor-version":[{"id":13255,"href":"https:\/\/moir.com.co\/web\/wp-json\/wp\/v2\/posts\/13254\/revisions\/13255"}],"wp:featuredmedia":[{"embeddable":true,"href":"https:\/\/moir.com.co\/web\/wp-json\/wp\/v2\/media\/13123"}],"wp:attachment":[{"href":"https:\/\/moir.com.co\/web\/wp-json\/wp\/v2\/media?parent=13254"}],"wp:term":[{"taxonomy":"category","embeddable":true,"href":"https:\/\/moir.com.co\/web\/wp-json\/wp\/v2\/categories?post=13254"},{"taxonomy":"post_tag","embeddable":true,"href":"https:\/\/moir.com.co\/web\/wp-json\/wp\/v2\/tags?post=13254"}],"curies":[{"name":"wp","href":"https:\/\/api.w.org\/{rel}","templated":true}]}}