{"id":13240,"date":"2017-09-03T21:56:11","date_gmt":"2017-09-03T21:56:11","guid":{"rendered":"https:\/\/moir.org.co\/web\/?p=13240"},"modified":"2017-09-03T21:56:11","modified_gmt":"2017-09-03T21:56:11","slug":"arroz-contienda-con-el-oligopolio-los-tlc-y-el-gobierno-santos","status":"publish","type":"post","link":"https:\/\/moir.com.co\/web\/arroz-contienda-con-el-oligopolio-los-tlc-y-el-gobierno-santos\/","title":{"rendered":"Arroz, contienda con el oligopolio, los TLC y el Gobierno Santos"},"content":{"rendered":"<p><strong>Oscar Guti\u00e9rrez Reyes,\u00a0Director Ejecutivo Nacional\u00a0Dignidad Agropecuaria Colombiana, septiembre 3 de 2017<\/strong><\/p>\n<p>Ayer, 29 de agosto, tal y como estaba previsto y acordado, se realiz\u00f3 el Paro Nacional Arrocero. En las carreteras de Arauca, Casanare, Meta, Cesar, Norte de Santander, Tolima y Huila caminaron o se instalaron m\u00e1s de 8.000 productores del grano.<\/p>\n<p>En varios sitios taponaron v\u00edas, hicieron ollas comunitarias, sirvieron almuerzos en medio de consignas e intervenciones, denunciaron los problemas que atraviesan y, al caer la tarde, despu\u00e9s de concertar con el gobernador del Huila y consultar con los manifestantes procedieron a suspender el Paro hasta que se cumpla lo acordado o a continuarlo en caso suceda lo contrario. Las consideraciones para tomar dicha decisi\u00f3n, por parte de Dignidad Arrocera y los otros sectores se expresan as\u00ed.<\/p>\n<p>Los arroceros aceptaron el llamado del gobierno nacional y, en especial, del ministro de agricultura, Aurelio Iragorri, y atendieron el Plan Colombia Siembra. Sembraron, m\u00e1s que cualquier otro sector, cumplieron. Durante 2016, la gran industria molinera -oligopolio que maneja m\u00e1s del 80% de la compra, beneficio y distribuci\u00f3n del grano que produce el pa\u00eds- acept\u00f3 el Incentivo al Almacenamiento. Con este mecanismo el oligopolio adquiri\u00f3 la cosecha con un precio de compra relativamente estable y justo para los productores.<\/p>\n<p>Sin embargo, a partir de marzo de este a\u00f1o, la gran Industria Molinera decidi\u00f3, rebajar el precio de compra del arroz hasta en un 22% por ciento, dejar de comprar, comprar solo al que le debe -pr\u00e9stamos e insumos- y negarse a participar del Incentivo al Almacenamiento 2017.<\/p>\n<p>Ante esta actitud del oligopolio molinero, Dignidad Arrocera y otros sectores se reunieron con el Ministro Iragorri y plantearon la profunda crisis de ingreso se iba a presentar por la decisi\u00f3n de los tres integrantes del oligopolio de rebajar el precio.<\/p>\n<p>Muchas fueron las reuniones realizadas con la gran industria molinera. Pero no se logr\u00f3 ning\u00fan acuerdo. Ante las importaciones de arroz derivadas del Tratado de Libre Comercio \u2013TLC- con Estados Unidos y la sobreoferta del grano, el oligopolio molinero dispuso hacer jugosa ganancia. Compra a menos precio y obtiene utilidades fabulosas. Esa fue la decisi\u00f3n que tomaron.<\/p>\n<p>Ante esto, coordinados por Dignidad Arrocera y otras agremiaciones realizaron la Marcha Arrocera del 6 de junio y, desde la tarima de la Marcha, el ministro Iragorri se comprometi\u00f3 a cumplir, lo acordado con \u00e9l en su oficina.<\/p>\n<p>Un apoyo a la comercializaci\u00f3n; para los que recogieran arroz en Meta, Huila, Tolima Casanare y Caquet\u00e1 en el mes de junio, de hasta 20.000 pesos por carga. Promover cr\u00e9ditos subsidiados para que la peque\u00f1a y mediana moliner\u00eda pudiera acopiar con Incentivo al almacenamiento y a los precios de la cosecha del a\u00f1o anterior, exportar el arroz adquirido por los peque\u00f1os molineros, emitir una resoluci\u00f3n eliminando el descuento arbitrario que hace el oligopolio molinero al arrocero por grano partido, promover que se hicieran compras oficiales del cereal y, sobretodo, intervenir la industria por fijar precios oligop\u00f3licos. Para ello usar\u00eda las normas constitucionales. A excepci\u00f3n de incluir en la resoluci\u00f3n que no se castigue -en el precio de compra- el grano partido, nada de lo acordado se cumpli\u00f3.<\/p>\n<p>Ante la quiebra inminente los arroceros decidieron hacer una jornada de protesta el 10 de agosto. A la misma el gobierno respondi\u00f3 con m\u00e1s reuniones hasta que, despu\u00e9s de una Audiencia P\u00fablica en la Comisi\u00f3n V de la C\u00e1mara de Representantes y de una Reuni\u00f3n con el Ministro Iragorri, \u00a1Por fin! sali\u00f3 la resoluci\u00f3n 276 pero con unos recursos insuficientes y echando atr\u00e1s lo acordado con relaci\u00f3n al pago de hasta $20 mil pesos para los que cortaron en junio y dejando sin recursos de incentivo a la comercializaci\u00f3n para los que cortaron en julio y hasta el 23 de Agosto.<\/p>\n<p>Esos incumplimientos y la falta de recursos para cubrir toda la cosecha llevaron al Paro Nacional Arrocero que se realiz\u00f3 el 29 de agosto. Despu\u00e9s de conversar con el Gobernador del Huila se acord\u00f3 suspender el paro y buscar una reuni\u00f3n con el presidente Santos que lleve a una soluci\u00f3n justa para los productores.<\/p>\n<p>El jueves 31 de agosto en reuni\u00f3n con el Presidente Santos en Florencia se le explic\u00f3 la situaci\u00f3n. Est\u00e1 enterado. Para ma\u00f1ana lunes 4 de septiembre el Presidente Santos cit\u00f3 los gobernadores de los principales departamentos arroceros y a los ministros de hacienda y agricultura.<\/p>\n<p>Quienes confiaron en el gobierno; sembraron, generaron trabajo y crearon riqueza, ahora se ven arruinados por el oligopolio, los TLC y el gobierno Santos. Por eso acordaron que si no hay soluci\u00f3n, reanudar\u00e1n el paro y volver\u00e1n a las carreteras el pr\u00f3ximo 6 de septiembre.<\/p>\n<p>Los colombianos debemos respaldar a los arroceros en la defensa que hacen del trabajo, la producci\u00f3n y la soberan\u00eda alimentaria de la naci\u00f3n.<\/p>\n","protected":false},"excerpt":{"rendered":"<p>Oscar Guti\u00e9rrez Reyes,\u00a0Director Ejecutivo Nacional\u00a0Dignidad Agropecuaria Colombiana, septiembre 3 de 2017 Ayer, 29 de agosto, tal y como estaba previsto y acordado, se realiz\u00f3 el Paro Nacional Arrocero. En las carreteras de Arauca, Casanare, Meta, Cesar, Norte de Santander, Tolima y Huila caminaron o se instalaron m\u00e1s de 8.000 productores del grano. En varios sitios [&hellip;]<\/p>\n","protected":false},"author":1,"featured_media":13241,"comment_status":"open","ping_status":"open","sticky":false,"template":"","format":"standard","meta":{"advanced_seo_description":"","jetpack_seo_html_title":"","jetpack_seo_noindex":false,"_jetpack_memberships_contains_paid_content":false,"footnotes":""},"categories":[114,102,97,56,98],"tags":[],"class_list":["post-13240","post","type-post","status-publish","format-standard","has-post-thumbnail","hentry","category-agro","category-economia","category-imperialismo-y-neoliberalismo","category-oscar-gutierrez-reyes","category-politica"],"jetpack_featured_media_url":"https:\/\/i0.wp.com\/moir.com.co\/web\/wp-content\/uploads\/2017\/09\/tlccampasinado.jpeg?fit=729%2C536&ssl=1","jetpack-related-posts":[{"id":13202,"url":"https:\/\/moir.com.co\/web\/video-arroceros-entraran-en-paro-el-proximo-29-de-agosto-oscar-gutierrez-de-dignidad-agropecuaria\/","url_meta":{"origin":13240,"position":0},"title":"Video: Arroceros entrar\u00e1n en paro el pr\u00f3ximo 29 de agosto, Oscar Guti\u00e9rrez de Dignidad Agropecuaria","author":"admin","date":"agosto 28, 2017","format":"video","excerpt":"Ante la crisis que est\u00e1 afrontando el sector arrocero, tras la p\u00e9sima remuneraci\u00f3n del cereal, el pr\u00f3ximo martes 29 de agosto\u00a0el gremio entrar\u00e1 en paro indefinido hasta que el Gobierno Nacional resuelva la situaci\u00f3n econ\u00f3mica, agosto 27 de 2017","rel":"","context":"En \u00abAgro\u00bb","block_context":{"text":"Agro","link":"https:\/\/moir.com.co\/web\/category\/temas\/agro\/"},"img":{"alt_text":"","src":"","width":0,"height":0},"classes":[]},{"id":7025,"url":"https:\/\/moir.com.co\/web\/pacto-de-congresistas-del-huila-con-el-gobierno-nacional-no-cobija-al-movimiento-por-la-defensa-y-la-dignidad-de-los-cafeteros-colombianos\/","url_meta":{"origin":13240,"position":1},"title":"Pacto de congresistas del Huila, con el gobierno nacional,  no cobija al Movimiento por la defensa y la dignidad de los Cafeteros Colombianos","author":"admin","date":"noviembre 23, 2012","format":false,"excerpt":"Se est\u00e1 difundiendo la noticia de que el gobierno nacional \u2013 y solo hasta el 31 de enero de 2013- garantizar\u00e1 un precio de $60 mil pesos por arroba de caf\u00e9 pergamino, un apoyo de apenas $2 mil 500 pesos por arroba a precios de hoy, y abrir\u00e1 una mesa\u2026","rel":"","context":"En \u00abPronunciamientos de Organizaciones Sociales\u00bb","block_context":{"text":"Pronunciamientos de Organizaciones Sociales","link":"https:\/\/moir.com.co\/web\/category\/pronunciamientos-de-organizaciones-sociales\/"},"img":{"alt_text":"","src":"","width":0,"height":0},"classes":[]},{"id":12976,"url":"https:\/\/moir.com.co\/web\/video-intervencion-de-oscar-gutierrez-reyes-director-ejecutivo-de-dignidad-agropecuaria-en-el-encuentro-nacional-de-cadena-lactea\/","url_meta":{"origin":13240,"position":2},"title":"Video: Intervenci\u00f3n de Oscar Guti\u00e9rrez Reyes, Director Ejecutivo de Dignidad Agropecuaria en el Encuentro Nacional de Cadena L\u00e1ctea","author":"admin","date":"julio 25, 2017","format":"video","excerpt":"Medell\u00edn, julio 21 de 2017","rel":"","context":"En \u00abAgro\u00bb","block_context":{"text":"Agro","link":"https:\/\/moir.com.co\/web\/category\/temas\/agro\/"},"img":{"alt_text":"","src":"","width":0,"height":0},"classes":[]},{"id":17299,"url":"https:\/\/moir.com.co\/web\/video-intervencion-de-oscar-gutierres-reyes-director-ejecutivo-nacional-de-dignidad-agropecuaria-en-la-audiencia-el-agro-en-crisis\/","url_meta":{"origin":13240,"position":3},"title":"Video: Intervenci\u00f3n de Oscar Guti\u00e9rrez Reyes, Director Ejecutivo Nacional de Dignidad Agropecuaria en  la audiencia &#8220;El agro en crisis&#8221;","author":"admin","date":"abril 14, 2019","format":"video","excerpt":"Bogot\u00e1, abril 13 de 2019","rel":"","context":"En \u00abAgro\u00bb","block_context":{"text":"Agro","link":"https:\/\/moir.com.co\/web\/category\/temas\/agro\/"},"img":{"alt_text":"","src":"","width":0,"height":0},"classes":[]},{"id":16526,"url":"https:\/\/moir.com.co\/web\/video-la-barberia-con-oscar-gutierrez-reyes\/","url_meta":{"origin":13240,"position":4},"title":"Video: La Barber\u00eda con Oscar Gutierrez Reyes","author":"admin","date":"diciembre 3, 2018","format":"video","excerpt":"Noviembre 28 de 2018","rel":"","context":"En \u00abAgro\u00bb","block_context":{"text":"Agro","link":"https:\/\/moir.com.co\/web\/category\/temas\/agro\/"},"img":{"alt_text":"","src":"","width":0,"height":0},"classes":[]},{"id":16474,"url":"https:\/\/moir.com.co\/web\/video-pregunta-yamid-entrevista-a-oscar-gutierrez-reyes-director-ejecutivo-de-dignidad-agropecuaria-colombiana\/","url_meta":{"origin":13240,"position":5},"title":"Video: Pregunta Yamid: entrevista a \u00d3scar Guti\u00e9rrez Reyes, director ejecutivo de Dignidad Agropecuaria Colombiana","author":"admin","date":"noviembre 22, 2018","format":"video","excerpt":"Bogot\u00e1, noviembre 21 de 2018","rel":"","context":"En \u00abAgro\u00bb","block_context":{"text":"Agro","link":"https:\/\/moir.com.co\/web\/category\/temas\/agro\/"},"img":{"alt_text":"","src":"","width":0,"height":0},"classes":[]}],"jetpack_sharing_enabled":true,"_links":{"self":[{"href":"https:\/\/moir.com.co\/web\/wp-json\/wp\/v2\/posts\/13240","targetHints":{"allow":["GET"]}}],"collection":[{"href":"https:\/\/moir.com.co\/web\/wp-json\/wp\/v2\/posts"}],"about":[{"href":"https:\/\/moir.com.co\/web\/wp-json\/wp\/v2\/types\/post"}],"author":[{"embeddable":true,"href":"https:\/\/moir.com.co\/web\/wp-json\/wp\/v2\/users\/1"}],"replies":[{"embeddable":true,"href":"https:\/\/moir.com.co\/web\/wp-json\/wp\/v2\/comments?post=13240"}],"version-history":[{"count":1,"href":"https:\/\/moir.com.co\/web\/wp-json\/wp\/v2\/posts\/13240\/revisions"}],"predecessor-version":[{"id":13242,"href":"https:\/\/moir.com.co\/web\/wp-json\/wp\/v2\/posts\/13240\/revisions\/13242"}],"wp:featuredmedia":[{"embeddable":true,"href":"https:\/\/moir.com.co\/web\/wp-json\/wp\/v2\/media\/13241"}],"wp:attachment":[{"href":"https:\/\/moir.com.co\/web\/wp-json\/wp\/v2\/media?parent=13240"}],"wp:term":[{"taxonomy":"category","embeddable":true,"href":"https:\/\/moir.com.co\/web\/wp-json\/wp\/v2\/categories?post=13240"},{"taxonomy":"post_tag","embeddable":true,"href":"https:\/\/moir.com.co\/web\/wp-json\/wp\/v2\/tags?post=13240"}],"curies":[{"name":"wp","href":"https:\/\/api.w.org\/{rel}","templated":true}]}}