{"id":1324,"date":"2005-12-07T07:00:00","date_gmt":"2005-12-07T07:00:00","guid":{"rendered":"https:\/\/moir.org.co\/web\/posicion-sobre-el-acuerdo-del-salario-minimo-legal\/"},"modified":"2005-12-07T07:00:00","modified_gmt":"2005-12-07T07:00:00","slug":"posicion-sobre-el-acuerdo-del-salario-minimo-legal","status":"publish","type":"post","link":"https:\/\/moir.com.co\/web\/posicion-sobre-el-acuerdo-del-salario-minimo-legal\/","title":{"rendered":"POSICI\u00d3N SOBRE EL ACUERDO DEL SALARIO M\u00cdNIMO LEGAL"},"content":{"rendered":"<p>El acuerdo tripartito en la Comisi\u00f3n Permanente de Concertaci\u00f3n entre gobierno, patronos y centrales obreras, no corresponde a la realidad que viven el movimiento sindical y las masas laboriosas y significa un rev\u00e9s en la lucha contra las pol\u00edticas de Uribe y sus prop\u00f3sitos reeleccionistas. Tampoco se resuelve ninguno de los problemas principales que aquejan al movimiento sindical, y  en cambio le facilita a un gobierno caracterizado por su  autoritarismo que pose de democr\u00e1tico y conciliador.<\/p>\n<p>Consideramos que siguen vigentes todas las denuncias hechas de manera sistem\u00e1tica ante la OIT y la comunidad internacional, y que no existe ning\u00fan logro en lo pactado que justifique  haberle facilitado a Uribe V\u00e9lez, en plena campa\u00f1a reeleccionista, hacer demagogia con el aumento salarial, mientras en la pr\u00e1ctica se somete a los trabajadores colombianos a las m\u00e1s deplorables condiciones de vida y de trabajo.<\/p>\n<p>El Comit\u00e9 Ejecutivo Nacional de la CUT aprob\u00f3 luego de la  reciente visita de la OIT, que conmin\u00f3 al gobierno a respetar las libertades sindicales, asistir a la Comisi\u00f3n Permanente de Concertaci\u00f3n de Pol\u00edticas Salariales y Laborales con el criterio de poner el \u00e9nfasis principal en exigir la armonizaci\u00f3n de la legislaci\u00f3n laboral con las normas y convenios de la OIT, eliminar la distintas formas de tercerizaci\u00f3n, reconocer conforme a lo establecido en la ley el derecho a la negociaci\u00f3n colectiva para los empleados p\u00fablicos, y otros asuntos como la situaci\u00f3n de los trabajadores provisionales del Estado, los conflictos por negociaci\u00f3n colectiva que viven varios sindicatos, la dif\u00edcil situaci\u00f3n de la poblaci\u00f3n en materia de desempleo, servicios p\u00fablicos, educaci\u00f3n, salud, canasta familiar, entre otros. No hubo desde la aprobaci\u00f3n de este documento, una reuni\u00f3n que cambiara estos criterios y el d\u00eda 13 de diciembre las centrales se lo presentaron al gobierno en desarrollo de las negociaciones.<\/p>\n<p>El mi\u00e9rcoles 14, inconsultamente, el representante de la CGT, Julio Roberto G\u00f3mez, lleg\u00f3 a un acuerdo sobre el reajuste del salario m\u00ednimo y otros temas, mientras que los comisionados del gobierno, los patronos y los trabajadores, estos \u00faltimos representados por Tarcisio Mora, discut\u00edan la elaboraci\u00f3n de un documento que contuviera los acuerdos y desacuerdos que hasta ese momento hab\u00eda. En vista de tal situaci\u00f3n, se acord\u00f3 que el d\u00eda viernes 16 se reunieran las representaciones de la CUT,  la CTC y la CPC para definir el camino a seguir. Contraviniendo lo acordado, el d\u00eda jueves 15 de diciembre el presidente de la central, Carlos Rodr\u00edguez D\u00edaz, suscribi\u00f3 el mencionado acuerdo, sin que mediara la discusi\u00f3n y aprobaci\u00f3n por parte del Comit\u00e9 Ejecutivo de tan trascendental decisi\u00f3n, y s\u00f3lo hasta el d\u00eda 16 de diciembre se hizo la valoraci\u00f3n del acuerdo y  el 19 se aprob\u00f3 por mayor\u00eda en el Comit\u00e9 Ejecutivo de la CUT.<\/p>\n<p>Manifestamos nuestro rechazo a todo lo actuado y exigimos que se rectifique esa forma an\u00f3mala de tomar las decisiones. Reafirmamos el llamamiento a la unidad sobre la base de luchar por recobrar los derechos de los trabajadores y acompa\u00f1ar sin reservas las reclamaciones de la poblaci\u00f3n colombiana ante la aguda problem\u00e1tica que nos aqueja. No podemos aceptar que la CGT tome nuestra vocer\u00eda  y que con el pretexto de no lesionar la unidad aceptemos dejar comprometida la posici\u00f3n de nuestra central.<\/p>\n<p>Miguel A. Caro, Domingo Tovar, Alfonso Vel\u00e1squez, Gloria In\u00e9s Ram\u00edrez, Tarsicio Rivera, Orlando Ospina, \u00c1lvaro Morales, Di\u00f3genes Orjuela, Gustavo Triana, miembros del Comit\u00e9 Ejecutivo Nacional de la CUT.<\/p>\n","protected":false},"excerpt":{"rendered":"<p>El acuerdo tripartito en la Comisi\u00f3n Permanente de Concertaci\u00f3n entre gobierno, patronos y centrales obreras, no corresponde a la realidad que viven el movimiento sindical y las masas laboriosas y significa un rev\u00e9s en la lucha contra las pol\u00edticas de Uribe y sus prop\u00f3sitos reeleccionistas. Tampoco se resuelve ninguno de los problemas principales que aquejan [&hellip;]<\/p>\n","protected":false},"author":1,"featured_media":0,"comment_status":"open","ping_status":"open","sticky":false,"template":"","format":"standard","meta":{"advanced_seo_description":"","jetpack_seo_html_title":"","jetpack_seo_noindex":false,"_jetpack_memberships_contains_paid_content":false,"footnotes":""},"categories":[7],"tags":[],"class_list":["post-1324","post","type-post","status-publish","format-standard","hentry","category-pronunciamientos-de-organizaciones-sociales"],"jetpack_featured_media_url":"","jetpack-related-posts":[{"id":1566,"url":"https:\/\/moir.com.co\/web\/posicion-de-la-corriente-sindical-clasista-y-unitaria-ante-la-convocatoria-para-la-concertacion-del-salario-minimo-legal\/","url_meta":{"origin":1324,"position":0},"title":"POSICI\u00d3N DE LA CORRIENTE SINDICAL CLASISTA Y UNITARIA ANTE LA CONVOCATORIA PARA LA \u201cCONCERTACI\u00d3N DEL SALARIO M\u00cdNIMO LEGAL\u201d","author":"admin","date":"noviembre 29, 2006","format":false,"excerpt":"Bogot\u00e1, noviembre de 2006 Como cada a\u00f1o por esta \u00e9poca, las centrales sindicales y los pensionados, son convocados junto a los empresarios y el gobierno a discutir el salario m\u00ednimo legal. El ejercicio ha perdido credibilidad sobre todo en los gobiernos de Uribe, es una farsa y un escenario donde\u2026","rel":"","context":"En \u00abPronunciamientos de Organizaciones Sociales\u00bb","block_context":{"text":"Pronunciamientos de Organizaciones Sociales","link":"https:\/\/moir.com.co\/web\/category\/pronunciamientos-de-organizaciones-sociales\/"},"img":{"alt_text":"","src":"","width":0,"height":0},"classes":[]},{"id":1388,"url":"https:\/\/moir.com.co\/web\/asamblea-sindical-nacional-de-la-uso-el-sindicato-de-ecopetrol-adhiere-a-carlos-gaviria\/","url_meta":{"origin":1324,"position":1},"title":"ASAMBLEA SINDICAL NACIONAL DE LA USO, EL SINDICATO DE ECOPETROL, ADHIERE A CARLOS GAVIRIA","author":"admin","date":"abril 28, 2006","format":false,"excerpt":"Hoy la lucha contra la reelecci\u00f3n de Uribe V\u00e9lez es la mayor exigencia para todos los colombianos y colombianas, se\u00f1ala la resoluci\u00f3n Los 86 delegados a la VI Asamblea Nacional de la USO, el sindicato de ECOPETROL y que agrupa a m\u00e1s de 5000 afiliados, resolvi\u00f3 en sus sesiones del\u2026","rel":"","context":"En \u00abPolo Democr\u00e1tico Alternativo\u00bb","block_context":{"text":"Polo Democr\u00e1tico Alternativo","link":"https:\/\/moir.com.co\/web\/category\/polo-democratico-alternativo\/"},"img":{"alt_text":"","src":"","width":0,"height":0},"classes":[]},{"id":1151,"url":"https:\/\/moir.com.co\/web\/declaracion-politica-del-seminario-nacional-del-sindicalismo-clasista-y-unitario\/","url_meta":{"origin":1324,"position":2},"title":"DECLARACI\u00d3N POL\u00cdTICA DEL SEMINARIO NACIONAL DEL SINDICALISMO CLASISTA Y UNITARIO","author":"admin","date":"abril 16, 2005","format":false,"excerpt":"Contexto nacional e internacional El gobierno de \u00c1lvaro Uribe ha correspondido d\u00f3cilmente a todos los lineamientos econ\u00f3micos, pol\u00edticos y militares de su hom\u00f3logo de Estados Unidos, no solamente en Colombia, sino que se convirti\u00f3 en el m\u00e1s abyecto agente del imperialismo en esta parte del continente. Para los colombianos el\u2026","rel":"","context":"En \u00abPronunciamientos de Organizaciones Sociales\u00bb","block_context":{"text":"Pronunciamientos de Organizaciones Sociales","link":"https:\/\/moir.com.co\/web\/category\/pronunciamientos-de-organizaciones-sociales\/"},"img":{"alt_text":"","src":"","width":0,"height":0},"classes":[]},{"id":1363,"url":"https:\/\/moir.com.co\/web\/contra-el-tlc-y-la-reeleccion-carlos-gaviria-diaz-presidente-2006-2010\/","url_meta":{"origin":1324,"position":3},"title":"CONTRA EL TLC Y LA REELECCI\u00d3N: CARLOS GAVIRIA D\u00cdAZ, PRESIDENTE 2006-2010","author":"admin","date":"marzo 8, 2006","format":false,"excerpt":"La consulta interna del Polo Democr\u00e1tico Alternativo, realizada el pasado 12 de marzo, escogi\u00f3 al senador Carlos Gaviria D\u00edaz como candidato a la Presidencia de la Rep\u00fablica para el periodo 2006-2010. Nuestra corriente estuvo comprometida a fondo con este trascendental logro democr\u00e1tico y estamos convencidos de que tan refrescante suceso\u2026","rel":"","context":"En \u00abPronunciamientos de Organizaciones Sociales\u00bb","block_context":{"text":"Pronunciamientos de Organizaciones Sociales","link":"https:\/\/moir.com.co\/web\/category\/pronunciamientos-de-organizaciones-sociales\/"},"img":{"alt_text":"","src":"","width":0,"height":0},"classes":[]},{"id":672,"url":"https:\/\/moir.com.co\/web\/cumbre-politica-y-social-plan-de-accion\/","url_meta":{"origin":1324,"position":4},"title":"CUMBRE POLITICA  Y SOCIAL: PLAN DE ACCI\u00d3N","author":"admin","date":"agosto 11, 2004","format":false,"excerpt":"Plan de Acci\u00f3n Cumbre Social y pol\u00edtica, Bogot\u00e1, julio 22 de 2004 Los sectores sociales, pol\u00edticos y parlamentarios que hacemos presencia en este evento, nos comprometemos a desarrollar el siguiente Plan de Acci\u00f3n: En lo legislativo \u00d8 En este sentido, consideramos de particular importancia realizar eventos para ilustrar a la\u2026","rel":"","context":"En \u00abPronunciamientos de Organizaciones Sociales\u00bb","block_context":{"text":"Pronunciamientos de Organizaciones Sociales","link":"https:\/\/moir.com.co\/web\/category\/pronunciamientos-de-organizaciones-sociales\/"},"img":{"alt_text":"","src":"","width":0,"height":0},"classes":[]},{"id":1280,"url":"https:\/\/moir.com.co\/web\/declaracion-de-apoyo-a-la-union-sindical-obrera-u-s-o\/","url_meta":{"origin":1324,"position":5},"title":"DECLARACI\u00d3N  DE APOYO A LA UNI\u00d3N SINDICAL OBRERA U.S.O.","author":"admin","date":"septiembre 28, 2005","format":false,"excerpt":"Las Organizaciones Sindicales y Sociales invitadas a la instalaci\u00f3n de la XI Asamblea Nacional de Delegados de la USO, manifestamos nuestro irrestricto respaldo a la valerosa resistencia que los Trabajadores de ECOPETROL adelantan contra las pol\u00edticas antinacionales del Gobierno de Uribe V\u00e9lez y la Administraci\u00f3n de Isaac Yanovich. El desprop\u00f3sito\u2026","rel":"","context":"En \u00abPronunciamientos de Organizaciones Sociales\u00bb","block_context":{"text":"Pronunciamientos de Organizaciones Sociales","link":"https:\/\/moir.com.co\/web\/category\/pronunciamientos-de-organizaciones-sociales\/"},"img":{"alt_text":"","src":"","width":0,"height":0},"classes":[]}],"jetpack_sharing_enabled":true,"_links":{"self":[{"href":"https:\/\/moir.com.co\/web\/wp-json\/wp\/v2\/posts\/1324","targetHints":{"allow":["GET"]}}],"collection":[{"href":"https:\/\/moir.com.co\/web\/wp-json\/wp\/v2\/posts"}],"about":[{"href":"https:\/\/moir.com.co\/web\/wp-json\/wp\/v2\/types\/post"}],"author":[{"embeddable":true,"href":"https:\/\/moir.com.co\/web\/wp-json\/wp\/v2\/users\/1"}],"replies":[{"embeddable":true,"href":"https:\/\/moir.com.co\/web\/wp-json\/wp\/v2\/comments?post=1324"}],"version-history":[{"count":0,"href":"https:\/\/moir.com.co\/web\/wp-json\/wp\/v2\/posts\/1324\/revisions"}],"wp:attachment":[{"href":"https:\/\/moir.com.co\/web\/wp-json\/wp\/v2\/media?parent=1324"}],"wp:term":[{"taxonomy":"category","embeddable":true,"href":"https:\/\/moir.com.co\/web\/wp-json\/wp\/v2\/categories?post=1324"},{"taxonomy":"post_tag","embeddable":true,"href":"https:\/\/moir.com.co\/web\/wp-json\/wp\/v2\/tags?post=1324"}],"curies":[{"name":"wp","href":"https:\/\/api.w.org\/{rel}","templated":true}]}}