{"id":1322,"date":"2005-12-06T07:00:00","date_gmt":"2005-12-06T07:00:00","guid":{"rendered":"https:\/\/moir.org.co\/web\/declaraciones-de-la-asamblea-nacional-de-unidad-cafetera\/"},"modified":"2005-12-06T07:00:00","modified_gmt":"2005-12-06T07:00:00","slug":"declaraciones-de-la-asamblea-nacional-de-unidad-cafetera","status":"publish","type":"post","link":"https:\/\/moir.com.co\/web\/declaraciones-de-la-asamblea-nacional-de-unidad-cafetera\/","title":{"rendered":"DECLARACIONES DE LA ASAMBLEA NACIONAL DE UNIDAD CAFETERA"},"content":{"rendered":"<p><b>DECLARACI\u00d3N EN RECONOCIMIENTO A LEONIDAS ARANGO ESCOBAR<\/b><\/p>\n<p>Desde que un grupo de ilustres caficultores, como Fernando Londo\u00f1o y Londo\u00f1o, Fabio Trujillo Agudelo y Octavio Mej\u00eda Marulanda,  desde APROCAF\u00c9, promovieron una actitud cr\u00edtica frente a las pol\u00edticas cafeteras y demandaron que ellas se concentraran principalmente al servicio de los productores, Leonidas Arango Escobar estuvo con ellos. <\/p>\n<p>En la d\u00e9cada de los a\u00f1os noventas, como compa\u00f1ero entra\u00f1able de Fabio Trujillo, particip\u00f3 en la fundaci\u00f3n de UNIDAD CAFETERA y tambi\u00e9n en todas las tareas que impidieron que centenares de miles de familias campesinas y caficultoras desaparecieran de la producci\u00f3n nacional del cultivo. Don Leo contribuy\u00f3 en las gestas que obtuvieron la condonaci\u00f3n de las deudas en 1995, en las faenas que arrancaron de las autoridades el auxilio indispensable para combatir la devastadora plaga de la broca y en las constantes labores por mantener un precio interno rentable y remunerativo. <\/p>\n<p>Por todas estas razones, unidas a sus invaluables condiciones humanas, la Asamblea Nacional de Unidad Cafetera, reunida en Pereira el 12 de diciembre de 2005, deplora el fallecimiento reciente de Don Leonidas Arango Escobar, les transmite a sus familiares y amigos cercanos su sentida voz de condolencia, guarda un minuto de silencio en su memoria y coloca su vida como ejemplo de consecuencia en la defensa de los intereses aut\u00e9nticos de los cafeteros de Colombia.  <\/p>\n<p>Le\u00edda y aprobada en  Asamblea Nacional realizada en  Pereira el 12 de diciembre de 2005.   <\/p>\n<p><b>DECLARACI\u00d3N SOBRE LA POL\u00cdTICA CAFETERA DEL GOBIERNO DE \u00c1LVARO URIBE<\/b><\/p>\n<p>Luego de algo m\u00e1s de tres a\u00f1os de pol\u00edticas cafeteras del gobierno del presidente \u00c1lvaro Uribe, originadas en el Comit\u00e9 Nacional de la Federaci\u00f3n de Cafeteros, contin\u00faa la situaci\u00f3n de penuria y estrechez de la gran mayor\u00eda de las familias productoras, el deterioro social acosa a las principales regiones donde se cultiva el caf\u00e9 como surtidor principal de ingreso y sigue la p\u00e9rdida de participaci\u00f3n de Colombia en las exportaciones y la producci\u00f3n mundiales. Para casi todos los productores se ha convertido en una actividad de supervivencia, en la cual los consumos para sus hogares y las culturas agr\u00edcolas para mantener sus cultivos se han reducido paulatinamente hasta l\u00edmites m\u00ednimos. <\/p>\n<p>Tal estado de cosas obedece a lo err\u00f3neo de las pol\u00edticas oficiales. Empezando por la concesi\u00f3n tolerada a Estados Unidos, a fin de facilitar su reingreso a la Organizaci\u00f3n Internacional de Caf\u00e9, de permitirle a \u00e9l y a los dem\u00e1s  pa\u00edses compradores la adquisici\u00f3n de embarques de caf\u00e9 con granos defectuosos, lo cual estaba prohibido por resoluciones anteriores de esa misma Organizaci\u00f3n. Eso dej\u00f3 todav\u00eda m\u00e1s libres las manos a las empresas multinacionales para procesar caf\u00e9s de m\u00ednima calidad en detrimento de los de mayores atributos como el colombiano. No s\u00f3lo es censurable la conducta c\u00f3mplice del gobierno al respecto sino que es incomprensible que reclame -como un triunfo de &#8220;su diplomacia&#8221;- el regreso de la superpotencia norteamericana en dichas condiciones. <\/p>\n<p>A lo anterior debe a\u00f1adirse el arreglo del gobierno con la alta burocracia de la Federaci\u00f3n en la transformaci\u00f3n de las instituciones en instrumento para su beneficio privado. Los inventarios, ahora en  los m\u00e1s bajos niveles  hist\u00f3ricos, ya no se utilizan para controlar la oferta, y la decisi\u00f3n de no sostener el precio a los productores descarga en ellos todas las evoluciones negativas del mercado internacional, bien cuando cae la cotizaci\u00f3n o bien cuando se reciben menos pesos por cada d\u00f3lar. De igual forma, el usufructo de alhajas del patrimonio del Fondo Nacional del Caf\u00e9, como la marca Juan Valdez por parte de la empresa privada PROCAFECOL o de los productos de la F\u00e1brica de Caf\u00e9 Liofilizado, a manos de la firma BUEND\u00cdA LLC en Estados Unidos,  tambi\u00e9n de propiedad privada de la Federaci\u00f3n,  y los altos costos que significa para los cafeteros el mantenimiento de esa burocracia, son , entre otros, hechos muy negativos que llegan a poner en duda la vigencia de la propia institucionalidad al ser falseados los prop\u00f3sitos iniciales para los que fueron creadas. <\/p>\n<p>En t\u00e9rminos de la principal variable del ingreso cafetero, el gobierno ha manipulado el  mecanismo de fijaci\u00f3n del precio interno, con la intenci\u00f3n, como ya se dijo, de trasladar siempre a los productores los factores negativos que lo afectan. Esa injusticia cobra mayor gravedad si se sabe que en 2003, 2004 y 2005, los caficultores colombianos han entregado en forma de Contribuci\u00f3n Cafetera, sin tener en cuenta la porci\u00f3n que se destina para el pago de los pasivos del Fondo Nacional del Caf\u00e9,  m\u00e1s de cien mil millones de pesos por a\u00f1o que, como reza la Ley correspondiente, deber\u00edan &#8220;aplicarse al ingreso del productor&#8221;. Es inexplicable que no se hubiera procedido as\u00ed,  ello acarrear\u00eda que al menos la \u00faltima cosecha mayor, con cotizaciones internacionales favorables, hubiera sido adquirida a precios equivalentes  en t\u00e9rminos reales al valor hist\u00f3rico de $490. 000 por carga. No satisfacen las explicaciones de la Federaci\u00f3n de Cafeteros acerca de los usos dados a dicha Contribuci\u00f3n, en renglones como asistencia t\u00e9cnica, servicios al caficultor u obras p\u00fablicas. Hasta las &#8220;aventuras del Profesor  Yarumo&#8221; se financian con ella. <\/p>\n<p>Para atender tan grave crisis, se ha presentado como &#8220;varita m\u00e1gica&#8221; la &#8220;especializaci\u00f3n en especiales&#8221;, una iniciativa que no consigue mayores valores sino para menos del 10% de los caficultores y en la cual se discrimina inclusive a las organizaciones que no se prestan de manera incondicional al manejo privatizador y ventajoso que en \u00e9l quiere imponer la Federaci\u00f3n de Cafeteros. Mientras Brasil y Vietnam aumentan su intervenci\u00f3n en el mercado  masivo mundial, Colombia cede terreno en \u00e9l a cambio de rebuscar nichos exclusivos  de demanda, que no son, hoy por hoy, ni el 8% de la caficultura mundial. La estrategia oficial, pese a que se presenta a nombre de &#8220;los cafeteros&#8221; es, en esencia, la que se acomoda a las ambiciones del grupo burocr\u00e1tico que se est\u00e1 apropiando, sin escr\u00fapulo ni recato, de las instituciones y que ha abandonado como prioridad la atenci\u00f3n a las carencias de la inmensa mayor\u00eda de los productores.  <\/p>\n<p>En resumen, no solamente no se han corregido los males heredados de administraciones anteriores sino que se han creado algunos m\u00e1s; en particular, la privatizaci\u00f3n descarada de los usufructos del patrimonio p\u00fablico del FONDO NACIONAL DEL CAF\u00c9. La crisis no se ha conjurado, el caf\u00e9 no ha podido retomar el rumbo como fuente segura de empleo, ahorro y progreso social y, en torno a negocios particulares, el gobierno y las autoridades cafeteras, en una provechosa conjunci\u00f3n de intereses pol\u00edticos y econ\u00f3micos, han orquestado una campa\u00f1a propagand\u00edstica con el fin de aparentar ante la opini\u00f3n una realidad virtual muy contraria a la que de verdad viven los hogares cafeteros de Colombia que son el 35% de los hogares rurales del pa\u00eds.  <\/p>\n<p>UNIDAD CAFETERA persistir\u00e1 en su labor de denuncia de todas estas arbitrariedades, abre a nivel nacional el debate y la discusi\u00f3n en torno a ellas y, al ratificar sus puntos program\u00e1ticos, reitera  su decisi\u00f3n de movilizar a los campesinos y a los productores de caf\u00e9 del pa\u00eds cuando sea necesario para resistirlas y echarlas atr\u00e1s. <\/p>\n<p>Le\u00edda y aprobada en  Asamblea Nacional realizada en  Pereira el 12 de diciembre de 2005   <\/p>\n<p><b>DECLARACI\u00d3N SOBRE LAS IMPORTACIONES DE CAF\u00c9 HACIA COLOMBIA<\/b><\/p>\n<p>En una noticia sin precedentes, el pa\u00eds registr\u00f3 que uno de cada tres tintos que los colombianos consumir\u00e1n en 2005 ser\u00e1 hecho con caf\u00e9 venido de Per\u00fa, Ecuador y Vietnam. Nunca se hab\u00eda producido un hecho como \u00e9ste en la historia de nuestra naci\u00f3n en m\u00e1s de 100 a\u00f1os. <\/p>\n<p>Adem\u00e1s de quedar establecido que los problemas de la caficultura colombiana  se reflejan tambi\u00e9n en que su producci\u00f3n no puede abastecer el mercado externo y el interno, dentro de las pesquisas adelantadas en torno a los hechos que han rodeado tan ins\u00f3lito acontecimiento, se ha encontrado que la Federaci\u00f3n Nacional de Cafeteros convino con estas importaciones a sabiendas de los riesgos sanitarios que pueden ocasionar, que admiti\u00f3 el enga\u00f1o que se ha cometido contra los consumidores, tanto en t\u00e9rminos de la calidad como del precio del caf\u00e9 procesado con or\u00edgenes m\u00e1s baratos y menos suaves, y, lo peor, que sacrific\u00f3 posibilidades de los productores de vender a altos precios granos nacionales en aras de favorecer a algunas de las empresas tostadoras m\u00e1s poderosas de Colombia quienes est\u00e1n involucradas en estas compras externas. <\/p>\n<p>Aunque figuran de manera directa como importadores algunas personas naturales, se conoce de las conexiones de ellas con compa\u00f1\u00edas que venden caf\u00e9 para el mercado interno. El acuerdo que la Federaci\u00f3n y las empresas tostadoras nacionales hicieron m\u00e1s de 20 d\u00edas despu\u00e9s de conocerse estas denuncias, aparecidas en El Tiempo y que ya hab\u00edan sido nombradas en el peri\u00f3dico Uni\u00f3n Cafetera, no solamente es una pantomima sino que en la pr\u00e1ctica es una aceptaci\u00f3n de la presencia de caf\u00e9 extranjero para el consumo nacional.  <\/p>\n<p>La Asamblea Nacional de UNIDAD CAFETERA exige que cesen por completo y de manera inmediata las importaciones de caf\u00e9 hacia Colombia y as\u00ed mismo condena  la actitud c\u00f3mplice del gobierno y de la Federaci\u00f3n de Cafeteros con ellas. Exige de las autoridades competentes la sanci\u00f3n a quienes de manera deliberada han infringido las normas sanitarias y comerciales del pa\u00eds y advierte sobre la estafa que se est\u00e1 cometiendo e invoca a los consumidores a estimular la compra de aquellos caf\u00e9s que garanticen que son hechos totalmente con producto colombiano.  <\/p>\n<p>Le\u00edda y aprobada en  Asamblea Nacional realizada en  Pereira el 12 de diciembre de 2005 <\/p>\n<p><b>DECLARACI\u00d3N SOBRE EL TRATADO DE LIBRE COMERCIO ENTRE COLOMBIA Y ESTADOS UNIDOS. (TLC)<\/b><\/p>\n<p>Desde el 18 de mayo de 2004, Colombia inici\u00f3 un proceso de negociaci\u00f3n de un Tratado de Libre Comercio con Estados Unidos. Dicha negociaci\u00f3n est\u00e1 comprendida dentro de la estrategia de expansi\u00f3n imperial norteamericana a nivel mundial y, en particular, en el Continente donde ha insistido en la creaci\u00f3n de &#8220;una zona franca desde Alaska hasta la Tierra del Fuego&#8221;. <\/p>\n<p>La ASOCIACI\u00d3N NACIONAL POR LA SALVACI\u00d3N AGROPECUARIA, organizaci\u00f3n de la cual UNIDAD CAFETERA es filial, indic\u00f3 desde ese primer momento que, de acuerdo con las experiencias en pa\u00edses como M\u00e9xico, en esos tratados se causa la destrucci\u00f3n de muchas \u00e1reas econ\u00f3micas y sociales y de manera muy grave la del sector agropecuario. Luego de 19 meses de negociaciones y a las puertas de su finalizaci\u00f3n, no hay ninguna duda que en el caso de los pa\u00edses andinos, incluida Colombia, la historia se repetir\u00e1 sin apelaci\u00f3n. El proceso ha consistido en c\u00f3mo Colombia va entregando una a una las posibilidades de protecci\u00f3n de su econom\u00eda y de su agricultura mientras Estados Unidos se queda con todas las ventajas que le permitir\u00e1n inundar a estos pa\u00edses con sus g\u00e9neros vendidos, mientras se quiebra a los productores locales, a precios por debajo del costo de producci\u00f3n. Las ventajas que en el cap\u00edtulo de Agricultura, uno de los 23 que se est\u00e1n negociando,  se le han otorgado ya a Estados Unidos, de las cuales disfrutar\u00e1 desde que comience el TLC, valen m\u00e1s de 600 millones de d\u00f3lares mientras las que se han concedido a Colombia no llegan a valer m\u00e1s de un mill\u00f3n. <\/p>\n<p>Lo que ha sucedido en Agricultura se repite y, en algunos casos con mayores p\u00e9rdidas para el pa\u00eds, en todas las dem\u00e1s mesas negociaci\u00f3n. Las inversiones, las mercanc\u00edas, incluidos las usadas, las de calidades inferiores y hasta los residuos y desechos, gozar\u00e1n de privilegios mayores que las nacionales. Es, como se ha dicho en m\u00faltiples oportunidades, la recolonizaci\u00f3n del pa\u00eds. Dentro de los abusos del TLC, est\u00e1 el requerimiento de Estados Unidos de ingresar a Colombia con art\u00edculos procesados con materia prima de otros pa\u00edses. En el cap\u00edtulo de Normas de Origen, Colombia ya ha accedido a esa solicitud y trata de lograr una excepci\u00f3n con relaci\u00f3n al caf\u00e9; adem\u00e1s  de que ya se permiti\u00f3 la importaci\u00f3n de caf\u00e9 verde sin impuestos aduaneros despu\u00e9s de 10 a\u00f1os de vigencia del TLC. <\/p>\n<p>Los caficultores no solamente sufriremos con el TLC como consecuencia de las jugarretas norteamericanas en el sector agr\u00edcola y comercial, amparadas por los negociadores colombianos y el gobierno de \u00c1lvaro Uribe, sino que otros temas donde Estados Unidos ha impuesto su voluntad y ambici\u00f3n nos lesionan enormemente. En Propiedad Intelectual, donde se otorgar\u00e1 el monopolio por 25 y 30 a\u00f1os sobre medicamentos, semillas, insumos y droga veterinaria a las multinacionales due\u00f1as de las patentes; en Servicios, donde el derecho al agua, a las comunicaciones, a la energ\u00eda y al saneamiento b\u00e1sico se pierde en beneficio de las empresas privadas que solamente los prestar\u00e1n a quienes puedan comprarlos, e igualmente suceder\u00e1 con la educaci\u00f3n y la salud. Contrario a lo que muchos proclaman, los cafeteros seremos perdedores en el TLC, junto con casi todos los 44 millones de colombianos, exceptuando a la \u00ednfima minor\u00eda que est\u00e1 asociada a los intereses estadounidenses que se beneficiar\u00e1 de las desgracias colectivas. <\/p>\n<p>As\u00ed como muchas organizaciones sociales, las comunidades ind\u00edgenas del Cauca, los productores de arroz del interior del pa\u00eds y los de bienes agropecuarios y cereales de clima fr\u00edo, lo hicieron en consultas ciudadanas, los 500 delegados presentes, representantes elegidos democr\u00e1ticamente entre los afiliados a UNI\u00d3N CAFETERA, en 120 municipios de Colombia,  en Antioquia, Risaralda, Caldas, Quind\u00edo, Valle, Cauca, Huila, Tolima y Nari\u00f1o decimos NO al TLC con Estados Unidos y solicitamos en nombre de nuestros representados al gobierno que se levante de inmediato de la mesa de negociaciones.  <\/p>\n<p>No es posible detener la hecatombe que se avecina con el TLC con las &#8220;limosnas temporales&#8221; que el presidente Uribe ofreci\u00f3 a los delegados al LXV Congreso Cafetero. Cualquier colombiano con el m\u00e1s m\u00ednimo sentido com\u00fan sabe que se trata de paliar con enga\u00f1os los efectos pol\u00edticos que firmar el TLC puede significarle al presidente Uribe. La misma Sociedad de Agricultores de Colombia ya los desech\u00f3. <\/p>\n<p>Por tanto, la Asamblea Nacional de UNIDAD CAFETERA llama a todos los caficultores de Colombia a participar en 2006 en las tareas de resistencia contra la firma, aprobaci\u00f3n y ratificaci\u00f3n del TLC con Estados Unidos, a oponerse hasta el \u00faltimo momento a que se cristalice este da\u00f1o hist\u00f3rico contra la naci\u00f3n colombiana; en otras palabras, a luchar denodadamente contra el TLC, as\u00ed &#8220;caigan rayos y centellas&#8221;.   <\/p>\n<p>Le\u00edda y aprobada en  Asamblea Nacional realizada en  Pereira el 12 de diciembre de 2005         <\/p>\n<p><b>DECLARACI\u00d3N SOBRE LA PR\u00d3RROGA DEL PERIODO DE GRACIA A  LAS DEUDAS DE 85.000 CAFICULTOIRES REFINANCIADAS EN EL PRAN<\/b><\/p>\n<p>En el marco del LXV Congreso Cafetero, el Gobierno Nacional anunci\u00f3 que para el caso de pr\u00e9stamos de los caficultores adscritos al PRAN, se prorrogar\u00e1 el periodo de gracia de tres  a cinco a\u00f1os, lo que les implicar\u00eda al mayor n\u00famero de ellos que los abonos a capital no se iniciar\u00e1n en  2006 sino en 2008.<\/p>\n<p>Ese aviso oficial, surgido por el temor de la rebeld\u00eda cafetera a no cumplir con la honra de las deudas debido a la  incapacidad financiera de los deudores, evidencia un reconocimiento en que la tan publicitada pol\u00edtica cafetera no ha redundado en el ahorro suficiente para que los deudores tengan el dinero disponible para cumplir oportunamente con sus amortizaciones a los cr\u00e9ditos refinanciados.  Es, de hecho, una confesi\u00f3n de boca de la ineficacia de esas pol\u00edticas oficiales.<\/p>\n<p>Sin embargo, si bien para los caficultores entrampados en la deuda puede ser un alivio temporal, hay que observar que esa medida conlleva un encarecimiento adicional de los pagar\u00e9s y no existe ninguna perspectiva seria que asegure que en 2008 s\u00ed se podr\u00e1 cumplir con la cancelaci\u00f3n oportuna de las cuotas de las acreencias aumentadas.  <\/p>\n<p>En consecuencia, UNIDAD CAFETERA reclama, por las razones ya expuestas, la CONDONACI\u00d3N INMEDIATA DE TODOS LOS CR\u00c9DITOS DE LOS CAFICULTORES, partiendo de la propia exposici\u00f3n de motivos del gobierno al decretar la pr\u00f3rroga por dos a\u00f1os m\u00e1s del periodo de gracia. No existe impedimento legal, como ya se hizo en 1995, ni impedimento de tipo econ\u00f3mico para tratar como es debido un problema que cada vez se vuelve m\u00e1s insoluble. Ser\u00eda una forma m\u00ednima de compensaci\u00f3n por tanta afectaci\u00f3n recibida en muchos a\u00f1os de una crisis que no ha cesado  en sus terribles secuelas. <\/p>\n<p>Le\u00edda y aprobada en  Asamblea Nacional realizada en  Pereira el 12 de diciembre de 2005         <\/p>\n<p><b>DECLARACI\u00d3N SOBRE EL PROYECTO DE  LAS TIENDAS JUAN VALDEZ<\/b><\/p>\n<p>A partir de noviembre de 2002, antes que el LXII Congreso Cafetero y el Comit\u00e9 Nacional de Cafeteros lo aprobaran, la firma privada PROCAFECOL inici\u00f3, sin pagar contraprestaci\u00f3n alguna, la explotaci\u00f3n de la marca JUAN VALDEZ de propiedad del FONDO NACIONAL DEL CAF\u00c9 para su proyecto particular denominado TIENDAS JUAN VALDEZ.<\/p>\n<p>Este desprop\u00f3sito le ha valido a los altos directivos de la Federaci\u00f3n y al ministro de Hacienda, entre otros, el inicio de un proceso por cuenta de la Procuradur\u00eda General de la Naci\u00f3n. No obstante, la Federaci\u00f3n de Cafeteros mantiene registrada a su nombre la marca JUAN VALDEZ y la Superintendencia de Industria y Comercio certific\u00f3 que no existe ante esa entidad ning\u00fan contrato de usufructo de \u00e9sta ni de ninguna otra marca de propiedad del Fondo Nacional del Caf\u00e9, contraviniendo inclusive normas de la Comunidad Andina de Naciones que exigen dicho procedimiento. <\/p>\n<p>Para vender como ben\u00e9fico ese proyecto privado, el gerente de la Federaci\u00f3n, Gabriel Silva, lo presenta como la tabla de salvaci\u00f3n para los cafeteros de Colombia. Hasta la fecha, luego de tres a\u00f1os y de haberse instalado m\u00e1s de dos decenas de esas cafeter\u00edas, la compra de caf\u00e9 a los productores colombianos apenas supera los 6.000 sacos, de un total de m\u00e1s de 33 millones que se han tenido que colocar en los mercados en ese periodo. Una cifra irrisoria para una cantidad de tan descomunal tama\u00f1o. Es claro que mediante el establecimiento de esas tiendas no se le da salida a la industria del caf\u00e9 de Colombia y que los r\u00e9ditos que llegare a reportar ser\u00e1n para los due\u00f1os de PROCAFECOL, a trav\u00e9s del tr\u00e1fico de la marca y la venta de franquicias. Vale destacar que en la Junta Directiva de esa compa\u00f1\u00eda se encuentra el jefe de debate de la reelecci\u00f3n y ex consejero presidencial, Jos\u00e9 Roberto Arango.  <\/p>\n<p>Precisamente para cubrir las apariencias se lanza con bombos y platillos la venta de acciones de PROCAFECOL a los caficultores. Al respecto, cabe preguntar: \u00bfSi son de ellos por qu\u00e9 deben vend\u00e9rselas otra vez?, es claro que se trata de una cortina de humo para justificar luego la colocaci\u00f3n de acciones en bolsas de valores de Colombia y el exterior; donde aparecer\u00e1n los verdaderos due\u00f1os de esta ileg\u00edtima iniciativa que se pretende lavar poniendo como mampara a candorosos caficultores que as\u00ed se prestar\u00e1n para el entresijo. Mientras m\u00e1s caficultores se vuelvan accionistas, menos utilidades obtendr\u00e1 cada uno de su &#8220;inversi\u00f3n&#8221; y, mientras menos lo sean, m\u00e1s privado ser\u00e1 el proyecto. <\/p>\n<p>Las Tiendas Juan Valdez son otro invento de la c\u00fapula burocr\u00e1tica que se ha apoderado de las instituciones para intentar su propio salvamento, explotando el patrimonio p\u00fablico del Fondo Nacional del Caf\u00e9, as\u00ed sea en detrimento de los varios centenares de miles de familias pobres productoras de Colombia. Lo mismo est\u00e1 haciendo con distintos proyectos como el de bebidas gaseosas, la comercializaci\u00f3n del caf\u00e9 de la f\u00e1brica de Liofilizado en Chinchin\u00e1 y de las &#8220;almohadillas&#8221; y dem\u00e1s iniciativas para servicios empresariales de caf\u00e9 en Estados Unidos donde est\u00e1 asociada con empresas privadas norteamericanas. <\/p>\n<p>UNIDAD CAFETERA objeta de manera total los procedimientos abusivos como se ha adelantado el proyecto de las Tiendas Juan Valdez y los dem\u00e1s con los cuales se est\u00e1n beneficiando grupos privados de los activos  construidos con el esfuerzo de varias generaciones de caficultores. Por consiguiente, demanda que todas esas iniciativas se coloquen exclusivamente en cabeza del FONDO NACIONAL DEL CAF__, como \u00fanica manera de derramar las eventuales utilidades derivadas de ellas para todos los productores sin excepci\u00f3n, sin innecesarias divisiones, y de acrecentar adecuadamente el patrimonio p\u00fablico. <\/p>\n<p>Le\u00edda y aprobada en  Asamblea Nacional realizada en  Pereira el 12 de diciembre de 2005         <\/p>\n<p><b>DECLARACI\u00d3N SOBRE EL APOYO A LAS COOPERATIVAS DE CAFICULTORES<\/b><\/p>\n<p>La red de cooperativas de caficultores ha garantizado la compra de la cosecha por varias d\u00e9cadas a los productores de Colombia. Durante muchos a\u00f1os, antes que C\u00e9sar Gaviria y Rudolf Hommes cambiaran el mecanismo para establecer el precio interno del caf\u00e9 y que los  gobiernos subsiguientes han perfeccionado, fue el pilar para el mantenimiento de un precio interno  de sustentaci\u00f3n. <\/p>\n<p>Como consecuencia de la implantaci\u00f3n de los dogmas neoliberales, se decidi\u00f3 que las cooperativas deben  intervenir en el comercio con recursos propios y, en los \u00faltimos a\u00f1os, el acceso a los recursos del Fondo Nacional del Caf\u00e9 se ha endurecido en menoscabo de sus  reales capacidades de compra de las cosechas. Una situaci\u00f3n agravante tambi\u00e9n resulta tanto el fomento de ventas directas de grupos de productores, los pocos que pueden, en los mercados de futuros como de la imposici\u00f3n desde 2003 del pago de impuestos de renta a las cooperativas y, en ciertos casos exorbitantes, cobros de industria y comercio.    <\/p>\n<p>El resultado de la aplicaci\u00f3n de esos criterios, am\u00e9n  de otros  claramente discriminatorios, es la disminuci\u00f3n en cinco a\u00f1os a casi la mitad del n\u00famero de cooperativas y de un descenso sustancial en el de los puntos de compra. Paralelo con ello cobra m\u00e1s importancia la red privada de compradores de caf\u00e9, sobre todo la vinculada estrechamente con los grandes grupos internacionales, que ya exporta las tres cuartas partes de todas las ventas de Colombia al exterior.  Esto expone nuestro grano a  las maniobras que  esos  consorcios ejecutan a escala global, incluidas las lucrativas reexportaciones, hasta de grano verde. <\/p>\n<p>UNIDAD CAFETERA reclama del gobierno atenci\u00f3n especial al mantenimiento y apoyo a la red de cooperativas de caficultores para garantizar su permanencia en el comercio interno del caf\u00e9 y, en ese sentido, tomar las medidas que las hagan viables en un mercado tan incierto como \u00e9ste. Si se contin\u00faa deteriorando la red cooperativa, los empobrecidos caficultores de Colombia quedar\u00e1n inermes ante las grandes comercializadoras y empresas procesadoras multinacionales, que quedar\u00edan ac\u00e1 como &#8220;Pedro por su casa&#8221;, con una posici\u00f3n dominante absoluta. La experiencia de otros pa\u00edses donde dicho dominio se consolid\u00f3 es suficiente para obrar en la direcci\u00f3n que indica esta resoluci\u00f3n.<br \/>\nLe\u00edda y aprobada en  Asamblea Nacional realizada en  Pereira el 12 de diciembre de 2005        <\/p>\n<p><b>DECLARACI\u00d3N SOBRE LA RECUPERACI\u00d3N DE TIERRAS POR PARTE DE LAS COMUNIDADES  IND\u00cdGENAS DEL CAUCA<\/b><\/p>\n<p>Fuera de los salvajes estragos propiciados a nuestras tribus abor\u00edgenes en las \u00e9pocas de la Conquista y la Colonia espa\u00f1olas,  desde mediados del siglo XIX, las comunidades ind\u00edgenas de Colombia  fueron casi completamente despojadas de sus territorios. En la regi\u00f3n del Cauca, con las medidas relacionadas con la disoluci\u00f3n de resguardos, se fragu\u00f3 el desarraigo de quienes de manera natural ten\u00edan el derecho   a la propiedad sobre ellos. Pasaron cien a\u00f1os de lucha, entre las que cabe mencionar la de Quint\u00edn Lame, para que el Estado colombiano, mediante normas y sentencias constitucionales, resarciera con la devoluci\u00f3n de las tierras  originarias a las comunidades ind\u00edgenas, unas tierras ricas en diversidad y agua pero que adem\u00e1s deben garantizarles su progreso econ\u00f3mico en la medida en que se les otorguen  posesiones  aptas para el desarrollo de la producci\u00f3n agr\u00edcola y pecuaria. <\/p>\n<p>En 1999, mediante el decreto 982, el Gobierno Nacional reconoci\u00f3 la heredad  de los pueblos guambianos y nasas sobre una serie de predios y decidi\u00f3 adquirirlos para entregarlos a sus demandantes. Transcurridos seis a\u00f1os, est\u00e1 acci\u00f3n no se ha cumplido a pesar de que los ind\u00edgenas han recurrido a todas las v\u00edas legales para  que se realice. Por tanto, desde septiembre de 2005, han procedido a la recuperaci\u00f3n f\u00edsica por lo cual s\u00f3lo han recibido la represi\u00f3n, la muerte  y la agresi\u00f3n de varios de sus miembros y las evasivas y los condicionamientos ilegales del gobierno actual.  <\/p>\n<p>Recientes estudios del INCODER reafirman que, si bien las comunidades ind\u00edgenas caucanas poseen 542.000 hect\u00e1reas,  el 70% de ellas son p\u00e1ramos, bosques, o laderas erosionadas, lo cual quiere decir que para cerca de 70.000 familias las tierras aptas para la producci\u00f3n no superan las dos hect\u00e1reas para cada una. Vale resaltar que un gran n\u00famero de ellas est\u00e1n dedicadas al cultivo de caf\u00e9. UNIDAD CAFETRA se solidariza en la justa lucha por la recuperaci\u00f3n de tierras, que libran las comunidades ind\u00edgenas del Cauca para mejorar sus  precarias condiciones de producci\u00f3n y para fortalecer su proyecto de autonom\u00eda NASA, y reivindica sus reclamos al gobierno nacional para el cumplimiento de los pactos acordados sin vacilaciones ni triqui\u00f1uelas. <\/p>\n<p>Le\u00edda y aprobada en  Asamblea Nacional realizada en  Pereira el 12 de diciembre de 2005     <\/p>\n<p>AURELIO SU\u00c1REZ MONTOYA<br \/>\nPresidente                                                         <\/p>\n<p>JORGE G\u00d3MEZ GALLEGO<br \/>\nSecretario<\/p>\n<p>UNIDAD CAFETERA NACIONAL<br \/>\nPresidencia. Pereira, Calle 22 No. 11- 28. Telefax (096) 3344987<\/p>\n<p><b>CARTA AL CONTRALOR GENERAL DE LA REP\u00daBLICA<\/b><\/p>\n<p>Pereira, diciembre 12 de 2005<\/p>\n<p>Doctor<br \/>\nAntonio Hern\u00e1ndez Gamarra<br \/>\nCONTRALOR GENERAL DE LA REP\u00daBLICA<br \/>\nBogot\u00e1<\/p>\n<p>Se\u00f1or Contralor:<\/p>\n<p>Quinientos delegados de 120 municipios de Colombia, pertenecientes a  UNIDAD CAFETERA y a la Uni\u00f3n Cafetera Colombiana  reunidos en Asamblea Nacional, en la ciudad de Pereira hemos conocido en el d\u00eda de hoy  los hallazgos que el Informe Especial de Auditor\u00eda que la entidad a su cargo adelant\u00f3 para el a\u00f1o 2004 al FONDO NACIONAL DEL CAF\u00c9. <\/p>\n<p>Deseamos manifestarle que existen asuntos realmente espinosos  en ese Informe que desdicen del manejo que la Federaci\u00f3n Nacional de Cafeteros le est\u00e1 dando a la administraci\u00f3n de los recursos y bienes p\u00fablicos que est\u00e1n  bajo su cuidado para preservarlos e incrementarlos. No es cosa de menor cuant\u00eda lo acaecido con los dineros p\u00fablicos invertidos en ACES y que seg\u00fan reza textualmente su Informe &#8220;se utilizaron para salvar a una empresa privada&#8221;. Es igualmente ins\u00f3lito que no se tenga certeza del monto real de los inventarios de caf\u00e9 verde que son casi una tercera parte del patrimonio del FONDO y que, acorde con las importaciones de caf\u00e9 hacia Colombia, parecen ser mucho menores de lo que se cree. Este punto debe ser esclarecido cuanto antes ya que la Federaci\u00f3n emite t\u00edtulos valores para conseguir capital de trabajo fundados en el aforo de ese patrimonio.<\/p>\n<p>Tambi\u00e9n, como algo que se ha vuelto costumbre, la Contralor\u00eda se ve precisada  a hacer glosas sobre el modo como la Federaci\u00f3n ha permitido de manera licenciosa usufructuar la marca JUAN VALDEZ,  a una empresa privada de la que es socia.  Esa marca no se ha registrado a nombre del FONDO, sigue a nombre de la Federaci\u00f3n,  ni tiene un aval\u00fao de p\u00fablico conocimiento ya  que, de acuerdo con su Informe,  la Federaci\u00f3n se empecina en no difundirlo, fundamentada en que el estudio correspondiente para tal fin fue pagado con sus recursos particulares.  Tampoco se ha registrado contrato alguno de uso de ella ante la Superintendencia de Industria y Comercio.   <\/p>\n<p>Estos sucesos nos llevan a cuestionar  el fenecimiento de la cuenta extendido por la  Contralor\u00eda a la administraci\u00f3n del FONDO NACIONAL DEL CAF\u00c9 por parte de la Federaci\u00f3n Nacional de Cafeteros y, a la vez, solicitarle la constituci\u00f3n de una veedur\u00eda ciudadana que pueda conocer,   vigilar  y seguir el desarrollo de estos hechos ya que de su evoluci\u00f3n depende que no se extinga esta propiedad p\u00fablica que seg\u00fan los conceptos de parafiscalidad  deben aplicarse al ingreso del caficultor y es realmente lo \u00fanico con que cuentan medio mill\u00f3n de familias rurales para no quedar en la inopia. <\/p>\n<p>Cordial saludo, <\/p>\n<p>AURELIO SU\u00c1REZ MONTOYA<br \/>\nPresidente Uni\u00f3n Cafetera Colombiana.<br \/>\nPersoner\u00eda Jur\u00eddica xxxx del ministerio de Agricultura.<\/p>\n","protected":false},"excerpt":{"rendered":"<p>DECLARACI\u00d3N EN RECONOCIMIENTO A LEONIDAS ARANGO ESCOBAR Desde que un grupo de ilustres caficultores, como Fernando Londo\u00f1o y Londo\u00f1o, Fabio Trujillo Agudelo y Octavio Mej\u00eda Marulanda, desde APROCAF\u00c9, promovieron una actitud cr\u00edtica frente a las pol\u00edticas cafeteras y demandaron que ellas se concentraran principalmente al servicio de los productores, Leonidas Arango Escobar estuvo con ellos. [&hellip;]<\/p>\n","protected":false},"author":1,"featured_media":0,"comment_status":"open","ping_status":"open","sticky":false,"template":"","format":"standard","meta":{"advanced_seo_description":"","jetpack_seo_html_title":"","jetpack_seo_noindex":false,"_jetpack_memberships_contains_paid_content":false,"footnotes":""},"categories":[7],"tags":[],"class_list":["post-1322","post","type-post","status-publish","format-standard","hentry","category-pronunciamientos-de-organizaciones-sociales"],"jetpack_featured_media_url":"","jetpack-related-posts":[{"id":21168,"url":"https:\/\/moir.com.co\/web\/saludamos-la-fundacion-de-la-union-cafetera\/","url_meta":{"origin":1322,"position":0},"title":"SALUDAMOS LA FUNDACI\u00d3N DE LA UNI\u00d3N CAFETERA","author":"admin","date":"septiembre 13, 2005","format":false,"excerpt":"El 25 de junio de 1985 naci\u00f3 la Uni\u00f3n Cafetera Colombiana. En el teatro Ocho de Junio de la Universidad de Caldas, en Manizales, se reunieron m\u00e1s de 900 delegados de las regiones campesinas de Caldas, Risaralda, Quind\u00edo, Antioquia, Valle, Cauca, Cesar, Tolima, Huila, Cundinamarca, Boyac\u00e1 y de las laderas\u2026","rel":"","context":"En \u00abTribuna Roja N\u00ba 51, Bogot\u00e1, febrero de 1986\u00bb","block_context":{"text":"Tribuna Roja N\u00ba 51, Bogot\u00e1, febrero de 1986","link":"https:\/\/moir.com.co\/web\/category\/tribuna-roja\/ediciones-1985-1989\/tribuna-roja-no-51-bogota-febrero-de-1986\/"},"img":{"alt_text":"","src":"","width":0,"height":0},"classes":[]},{"id":9508,"url":"https:\/\/moir.com.co\/web\/crisis-cafetera\/","url_meta":{"origin":1322,"position":1},"title":"Crisis cafetera","author":"admin","date":"julio 13, 2015","format":false,"excerpt":"Con el desplome de la Uni\u00f3n Sovi\u00e9tica en 1989 y la finalizaci\u00f3n de la Guerra Fr\u00eda, Estados Unidos, ya sin contrincantes importantes que le compitan en el control del mundo, decide imponer la pol\u00edtica de la internacionalizaci\u00f3n de la econom\u00eda o el libre comercio. Comienza por romper los pactos que\u2026","rel":"","context":"En \u00abTemas\u00bb","block_context":{"text":"Temas","link":"https:\/\/moir.com.co\/web\/category\/temas\/"},"img":{"alt_text":"","src":"","width":0,"height":0},"classes":[]},{"id":20887,"url":"https:\/\/moir.com.co\/web\/marcha-a-manizales-y-preparacion-de-paro-nacional\/","url_meta":{"origin":1322,"position":2},"title":"MARCHA A MANIZALES Y PREPARACI\u00d3N DE PARO NACIONAL","author":"admin","date":"mayo 1, 2005","format":false,"excerpt":"\u00c1lvaro Bedoya Convocados por Convergencia Cafetera del Norte del Tolima y la Unidad Cafetera Nacional, m\u00e1s de quinientos delegados, en representaci\u00f3n de 78 municipios, colmaron el 1\u00b0 de febrero la asamblea de Risaralda y acordaron exigir al gobierno que condone las deudas, mejore el precio interno y adelante campa\u00f1as efectivas\u2026","rel":"","context":"En \u00abTribuna Roja N\u00b0 58, Bogot\u00e1; marzo 11 de 1995\u00bb","block_context":{"text":"Tribuna Roja N\u00b0 58, Bogot\u00e1; marzo 11 de 1995","link":"https:\/\/moir.com.co\/web\/category\/tribuna-roja\/ediciones-1995-1999\/tribuna-roja-n-58-bogota-marzo-11-de-1995\/"},"img":{"alt_text":"","src":"","width":0,"height":0},"classes":[]},{"id":20106,"url":"https:\/\/moir.com.co\/web\/el-moir-de-luto-por-fabio-trujillo\/","url_meta":{"origin":1322,"position":3},"title":"EL MOIR, DE LUTO POR FABIO TRUJILLO","author":"admin","date":"septiembre 18, 2004","format":false,"excerpt":"(Mensaje enviado por el Comit\u00e9 Ejecutivo Central del MOIR a do\u00f1a Nelly de Trujillo y a los hijos de Fabio Trujillo Agudelo, el 9 de mayo de 1997) Al conocer tan infausta noticia nos apresuramos a expresarles, en nombre de todo el MOIR, y en especial de nuestros compa\u00f1eros ligados\u2026","rel":"","context":"En \u00abTribuna Roja N\u00ba 73; agosto 7 de 1997\u00bb","block_context":{"text":"Tribuna Roja N\u00ba 73; agosto 7 de 1997","link":"https:\/\/moir.com.co\/web\/category\/tribuna-roja\/ediciones-1995-1999\/tribuna-roja-no-73-agosto-7-de-1997\/"},"img":{"alt_text":"","src":"","width":0,"height":0},"classes":[]},{"id":201,"url":"https:\/\/moir.com.co\/web\/la-xi-asamblea-nacional-de-unidad-cafetera\/","url_meta":{"origin":1322,"position":4},"title":"LA XI ASAMBLEA NACIONAL DE UNIDAD CAFETERA","author":"admin","date":"agosto 7, 2004","format":false,"excerpt":"Aurelio Su\u00e1rez Montoya, La Tarde; Pereira, junio 25 de 2002 Con el registro de 350 delegados, provenientes de nueve departamentos y casi un centenar de municipios, se adelant\u00f3 la XI Asamblea Nacional de Delegados de Unidad Cafetera. Se llev\u00f3 a cabo en un momento en el cual se presentan coyunturas\u2026","rel":"","context":"En \u00abTemas\u00bb","block_context":{"text":"Temas","link":"https:\/\/moir.com.co\/web\/category\/temas\/"},"img":{"alt_text":"","src":"","width":0,"height":0},"classes":[]},{"id":20768,"url":"https:\/\/moir.com.co\/web\/el-proyecto-de-condonacion-de-deudas-a-los-caficultores\/","url_meta":{"origin":1322,"position":5},"title":"EL PROYECTO DE CONDONACI\u00d3N DE DEUDAS A LOS CAFICULTORES","author":"admin","date":"abril 8, 2005","format":false,"excerpt":"El senador del MOIR, Jorge Santos, present\u00f3 al Congreso, el 27 de julio de 1995, el Proyecto de Ley 36, \"por el cual se condonan las deudas bancarias de los caficultores\". El cual, con modificaciones de los ponentes, fue aprobado por el Senado y hace tr\u00e1mite en la C\u00e1mara. Santos\u2026","rel":"","context":"En \u00abTribuna Roja N\u00b0 71, Bogot\u00e1; abril 26 de 1997\u00bb","block_context":{"text":"Tribuna Roja N\u00b0 71, Bogot\u00e1; abril 26 de 1997","link":"https:\/\/moir.com.co\/web\/category\/tribuna-roja\/ediciones-1995-1999\/tribuna-roja-n-71-bogota-abril-26-de-1997\/"},"img":{"alt_text":"","src":"","width":0,"height":0},"classes":[]}],"jetpack_sharing_enabled":true,"_links":{"self":[{"href":"https:\/\/moir.com.co\/web\/wp-json\/wp\/v2\/posts\/1322","targetHints":{"allow":["GET"]}}],"collection":[{"href":"https:\/\/moir.com.co\/web\/wp-json\/wp\/v2\/posts"}],"about":[{"href":"https:\/\/moir.com.co\/web\/wp-json\/wp\/v2\/types\/post"}],"author":[{"embeddable":true,"href":"https:\/\/moir.com.co\/web\/wp-json\/wp\/v2\/users\/1"}],"replies":[{"embeddable":true,"href":"https:\/\/moir.com.co\/web\/wp-json\/wp\/v2\/comments?post=1322"}],"version-history":[{"count":0,"href":"https:\/\/moir.com.co\/web\/wp-json\/wp\/v2\/posts\/1322\/revisions"}],"wp:attachment":[{"href":"https:\/\/moir.com.co\/web\/wp-json\/wp\/v2\/media?parent=1322"}],"wp:term":[{"taxonomy":"category","embeddable":true,"href":"https:\/\/moir.com.co\/web\/wp-json\/wp\/v2\/categories?post=1322"},{"taxonomy":"post_tag","embeddable":true,"href":"https:\/\/moir.com.co\/web\/wp-json\/wp\/v2\/tags?post=1322"}],"curies":[{"name":"wp","href":"https:\/\/api.w.org\/{rel}","templated":true}]}}