{"id":13204,"date":"2017-08-29T22:33:43","date_gmt":"2017-08-29T22:33:43","guid":{"rendered":"https:\/\/moir.org.co\/web\/?p=13204"},"modified":"2017-08-29T22:33:43","modified_gmt":"2017-08-29T22:33:43","slug":"robledo-el-candidato-de-la-clase-trabajadora","status":"publish","type":"post","link":"https:\/\/moir.com.co\/web\/robledo-el-candidato-de-la-clase-trabajadora\/","title":{"rendered":"\u00a1Robledo, el candidato de la clase trabajadora!"},"content":{"rendered":"<p><strong>Prensa Polo Democr\u00e1tico Alternativo, Bogot\u00e1, agosto 28 de 2017<\/strong><\/p>\n<p>As\u00ed qued\u00f3 demostrado este s\u00e1bado 26 durante el Encuentro Nacional de Trabajadores, Sindicalistas y Pensionados con Robledo; que cont\u00f3 con la participaci\u00f3n de las Central Unitaria de Trabajadores (CUT), la Confederaci\u00f3n General de Trabajadores (CGT), Central de Trabajadores Dem\u00f3cratas de Colombia (CTDC) y la Central de Trabajadores de Colombia (CTC); y la Confederaci\u00f3n de Pensionados de Colombia (CPC); as\u00ed mismo asistieron m\u00e1s de 600 personas representantes de sindicatos del todo el pa\u00eds.<\/p>\n<p>El multitudinario evento tuvo lugar en el auditorio de la Asociaci\u00f3n Cristina de J\u00f3venes en Bogot\u00e1 en donde se pronunciaron los l\u00edderes de los trabajadores: Alejandro Pedraza, presidente de la CUT; Julio Roberto G\u00f3mez, presidente de la CGT; y Orlando Restrepo, presidente de la CPC, respectivamente.<\/p>\n<p>De igual manera, por el Polo Democr\u00e1tico Alternativo estuvieron presentes \u00c1lvaro Argote; presidente del partido y concejal de Bogot\u00e1; Gustavo Triana, secretario general del Polo, Iv\u00e1n Cepeda; senador; Alexander L\u00f3pez senador; Alirio Uribe, representante a la C\u00e1mara, al igual que los concejales y diputados del partido.<\/p>\n<p>Durante el encuentro se proclam\u00f3 al senador Robledo como el candidato de la clase trabajadora, y se escucharon arengas de respaldo al senador y candidato presidencial del Polo Democr\u00e1tico Alternativo, Jorge Enrique Robledo. \u00a1Los trabajadores al un\u00edsono elevaron sus voces diciendo Robledo Presidente!, \u00a1Sindicalistas con Robledo!, \u00a1Pensionados con Robledo\u00a1, \u00a1Presentes, presentes, presentes!<\/p>\n<p>Durante su discurso, el senador Robledo agradeci\u00f3 la participaci\u00f3n y las palabras de los l\u00edderes de las principales centrales obreras del pa\u00eds. Y agreg\u00f3 que \u201cuna sociedad no puede funcionar sin trabajadores\u201d, al explicar que, aunque esta afirmaci\u00f3n es algo evidente, pero \u201cen Colombia es necesario resaltar el papel fundamental de los trabajadores de base, sin quienes no es posible la creaci\u00f3n de riqueza en ninguna parte del mundo.\u201d.<\/p>\n<p>El senador Robledo critic\u00f3 a las fuerzas retardatarias del pa\u00eds que hablan mucho de la democracia, pero que son, lo que llam\u00f3 \u201clos Juanmanueles\u201d, las fuerzas retardatarias que en la pr\u00e1ctica no respetan los derechos de los trabajadores. Explic\u00f3 que \u201cla democracia es una cosa m\u00e1s compleja que poner el voto en una urna, la democracia tiene otros aspectos; entre ellos, los derechos democr\u00e1ticos de los trabajadores, que son fundamentalmente tres: el derecho a organizarse en sindicatos, que dichos sindicatos puedan presentar pliego de peticiones a los patronos, y el derecho al paro, a la huelga\u201d. Sin embargo, en Colombia la tasa de sindicalizados solo llega al 3.5 por ciento de los trabajadores.<\/p>\n<p>Agreg\u00f3 que en el Polo Democr\u00e1tico Alternativo \u201cnos gustan los sindicatos y estamos con sus luchas\u201d y el partido entiende que hay que acompa\u00f1ar las luchas de los trabajadores. \u201cNo se puede ser un polista coherente si no se defienden los derechos de los trabajadores y su ejercicio, incluyendo la lucha que haya que dar en la defensa de los trabajadores y todas las luchas sociales, por eso estuvimos con el paro de Buenaventura, el paro de Choc\u00f3, el paro de Segovia, el paro del magisterio\u201d porque eso hace parte de la democracia.\u201d.<\/p>\n<p>El Polo Democr\u00e1tico Alternativo se diferencia de \u201clos Juanmanueles\u201d, se diferencia de las fuerzas retardatarias, se diferencia de los mismos con las mismas. que \u201cSi los derechos de los trabajadores no se respetan, hablar de democracia es una burla.\u201d<\/p>\n<p>Robledo tambi\u00e9n se\u00f1al\u00f3 que su \u201cprimera propuesta para acabar con la corrupci\u00f3n: derrotar a los corruptos en las urnas\u201d, ya que \u201ca la hora de la verdad los mismos con las mismas est\u00e1n juntos en los TLC, las EPS\u201d; y agreg\u00f3 que \u201csi queremos una Colombia diferente, hay que empezar por cambiar a quienes nos han gobernado y, que finalmente, los mismos con las mismas, representan los mismos intereses\u201d.<\/p>\n","protected":false},"excerpt":{"rendered":"<p>Prensa Polo Democr\u00e1tico Alternativo, Bogot\u00e1, agosto 28 de 2017 As\u00ed qued\u00f3 demostrado este s\u00e1bado 26 durante el Encuentro Nacional de Trabajadores, Sindicalistas y Pensionados con Robledo; que cont\u00f3 con la participaci\u00f3n de las Central Unitaria de Trabajadores (CUT), la Confederaci\u00f3n General de Trabajadores (CGT), Central de Trabajadores Dem\u00f3cratas de Colombia (CTDC) y la Central de [&hellip;]<\/p>\n","protected":false},"author":1,"featured_media":13205,"comment_status":"open","ping_status":"open","sticky":false,"template":"","format":"standard","meta":{"advanced_seo_description":"","jetpack_seo_html_title":"","jetpack_seo_noindex":false,"_jetpack_memberships_contains_paid_content":false,"footnotes":""},"categories":[102,97,4,98,109],"tags":[],"class_list":["post-13204","post","type-post","status-publish","format-standard","has-post-thumbnail","hentry","category-economia","category-imperialismo-y-neoliberalismo","category-jorge-enrique-robledo","category-politica","category-sindical"],"jetpack_featured_media_url":"https:\/\/i0.wp.com\/moir.com.co\/web\/wp-content\/uploads\/2017\/08\/RobledoBogotasindicalistas2017.jpeg?fit=1032%2C774&ssl=1","jetpack-related-posts":[{"id":3075,"url":"https:\/\/moir.com.co\/web\/cartaprotesta-por-interceptacion-de-llamadas-telefonicas-de-las-afiliadas-ctc-y-cut-en-colombia\/","url_meta":{"origin":13204,"position":0},"title":"Carta\/protesta por interceptaci\u00f3n de llamadas telefonicas de las afiliadas CTC y CUT en Colombia","author":"admin","date":"mayo 12, 2009","format":false,"excerpt":"Se\u00f1or \u00c1lvaro Uribe V\u00e9lez Presidente de La Rep\u00fablica Bogot\u00e1, Colombia Se\u00f1or Presidente: La Confederaci\u00f3n Sindical de Trabajadores\/as de las Am\u00e9ricas (CSA) expresi\u00f3n continental de la Confederaci\u00f3n Sindical Internacional (CSI) que en la regi\u00f3n representa a m\u00e1s de 50 millones de trabajadores\/as expresa su profundo rechazo por las irregularidades cometidas desde\u2026","rel":"","context":"En \u00abPronunciamientos de Organizaciones Sociales\u00bb","block_context":{"text":"Pronunciamientos de Organizaciones Sociales","link":"https:\/\/moir.com.co\/web\/category\/pronunciamientos-de-organizaciones-sociales\/"},"img":{"alt_text":"","src":"","width":0,"height":0},"classes":[]},{"id":21154,"url":"https:\/\/moir.com.co\/web\/v-congreso-de-la-cut-por-la-independencia-y-el-caracter-clasista-de-la-central-sindical\/","url_meta":{"origin":13204,"position":1},"title":"V Congreso de la CUT: POR LA INDEPENDENCIA Y EL CAR\u00c1CTER CLASISTA DE LA CENTRAL SINDICAL","author":"admin","date":"agosto 21, 2005","format":false,"excerpt":"Por Gustavo Triana Para los d\u00edas 16, 17, 18 y 19 de noviembre de 2005, ha sido convocado en Bogot\u00e1 el V Congreso Ordinario de la Central Unitaria de Trabajadores, CUT. El evento reviste gran importancia para los trabajadores, toda vez que la principal confederaci\u00f3n obrera de Colombia debe tomar\u2026","rel":"","context":"En \u00abGustavo Triana\u00bb","block_context":{"text":"Gustavo Triana","link":"https:\/\/moir.com.co\/web\/category\/bitacoras\/gustavo-triana\/"},"img":{"alt_text":"","src":"","width":0,"height":0},"classes":[]},{"id":6502,"url":"https:\/\/moir.com.co\/web\/mensaje-de-las-centrales-obreras-en-el-1o-de-mayo\/","url_meta":{"origin":13204,"position":2},"title":"Mensaje de las centrales obreras en el 1\u00ba de mayo","author":"admin","date":"mayo 1, 2012","format":false,"excerpt":"La Central Unitaria de Trabajadores de Colombia CUT, la Confederaci\u00f3n General del Trabajo CGT, la Confederaci\u00f3n de Trabajadores de Colombia CTC y la Confederaci\u00f3n de Pensionados de Colombia CPC, saludan en su d\u00eda internacional a todos los trabajadores del mundo, a las naciones que hoy sufren la agresi\u00f3n de las\u2026","rel":"","context":"En \u00abPronunciamientos de Organizaciones Sociales\u00bb","block_context":{"text":"Pronunciamientos de Organizaciones Sociales","link":"https:\/\/moir.com.co\/web\/category\/pronunciamientos-de-organizaciones-sociales\/"},"img":{"alt_text":"","src":"","width":0,"height":0},"classes":[]},{"id":3184,"url":"https:\/\/moir.com.co\/web\/colombia-en-la-lista-de-la-comision-de-normas\/","url_meta":{"origin":13204,"position":3},"title":"Colombia en la lista de la Comisi\u00f3n de Normas","author":"admin","date":"junio 5, 2009","format":false,"excerpt":"Despu\u00e9s de varios d\u00edas de discusiones entre los representantes de los trabajadores y de los empleadores, la Comisi\u00f3n de Aplicaci\u00f3n de Normas acord\u00f3 incluir a Colombia en la lista de 25 paises que seran examinados por este organo de control de la OIT. La lista completa esta compuesta por los\u2026","rel":"","context":"En \u00abPronunciamientos de Organizaciones Sociales\u00bb","block_context":{"text":"Pronunciamientos de Organizaciones Sociales","link":"https:\/\/moir.com.co\/web\/category\/pronunciamientos-de-organizaciones-sociales\/"},"img":{"alt_text":"","src":"","width":0,"height":0},"classes":[]},{"id":7275,"url":"https:\/\/moir.com.co\/web\/empresarios-y-centrales-obreras-reafirman-coalicion-contra-el-tlc-con-corea\/","url_meta":{"origin":13204,"position":4},"title":"Empresarios y centrales obreras reafirman coalici\u00f3n contra el TLC con Corea","author":"admin","date":"febrero 20, 2013","format":false,"excerpt":"El TLC con Corea acabar\u00e1 de destruir lo poco que queda de la industria nacional, en especial en el sector automotriz, de electrodom\u00e9sticos y de textiles y confecciones, afirman. 36.000 empresas manufactureras desaparecidas en los \u00faltimos diez a\u00f1os ponen en evidencia que el libre comercio est\u00e1 causando la ruina de\u2026","rel":"","context":"En \u00abJorge Enrique Robledo\u00bb","block_context":{"text":"Jorge Enrique Robledo","link":"https:\/\/moir.com.co\/web\/category\/jorge-enrique-robledo\/"},"img":{"alt_text":"","src":"","width":0,"height":0},"classes":[]},{"id":4466,"url":"https:\/\/moir.com.co\/web\/los-educadores-colombianos-y-la-99a-conferencia-de-la-oit\/","url_meta":{"origin":13204,"position":5},"title":"Los educadores colombianos y la 99\u00aa conferencia de la OIT","author":"admin","date":"junio 11, 2010","format":false,"excerpt":"De acuerdo con la Declaraci\u00f3n expedida por los delegados de la Central Unitaria de Trabajadores CUT, la Confederaci\u00f3n de Trabajadores Colombianos CTC y la Confederaci\u00f3n de Pensionados de Colombia CPC, en representaci\u00f3n de las mayor\u00edas sindicales de nuestro pa\u00eds en la 99\u00aa Conferencia de la OIT que se desarrolla en\u2026","rel":"","context":"En \u00abPronunciamientos de Organizaciones Sociales\u00bb","block_context":{"text":"Pronunciamientos de Organizaciones Sociales","link":"https:\/\/moir.com.co\/web\/category\/pronunciamientos-de-organizaciones-sociales\/"},"img":{"alt_text":"","src":"","width":0,"height":0},"classes":[]}],"jetpack_sharing_enabled":true,"_links":{"self":[{"href":"https:\/\/moir.com.co\/web\/wp-json\/wp\/v2\/posts\/13204","targetHints":{"allow":["GET"]}}],"collection":[{"href":"https:\/\/moir.com.co\/web\/wp-json\/wp\/v2\/posts"}],"about":[{"href":"https:\/\/moir.com.co\/web\/wp-json\/wp\/v2\/types\/post"}],"author":[{"embeddable":true,"href":"https:\/\/moir.com.co\/web\/wp-json\/wp\/v2\/users\/1"}],"replies":[{"embeddable":true,"href":"https:\/\/moir.com.co\/web\/wp-json\/wp\/v2\/comments?post=13204"}],"version-history":[{"count":1,"href":"https:\/\/moir.com.co\/web\/wp-json\/wp\/v2\/posts\/13204\/revisions"}],"predecessor-version":[{"id":13206,"href":"https:\/\/moir.com.co\/web\/wp-json\/wp\/v2\/posts\/13204\/revisions\/13206"}],"wp:featuredmedia":[{"embeddable":true,"href":"https:\/\/moir.com.co\/web\/wp-json\/wp\/v2\/media\/13205"}],"wp:attachment":[{"href":"https:\/\/moir.com.co\/web\/wp-json\/wp\/v2\/media?parent=13204"}],"wp:term":[{"taxonomy":"category","embeddable":true,"href":"https:\/\/moir.com.co\/web\/wp-json\/wp\/v2\/categories?post=13204"},{"taxonomy":"post_tag","embeddable":true,"href":"https:\/\/moir.com.co\/web\/wp-json\/wp\/v2\/tags?post=13204"}],"curies":[{"name":"wp","href":"https:\/\/api.w.org\/{rel}","templated":true}]}}