{"id":13198,"date":"2017-08-28T16:31:12","date_gmt":"2017-08-28T16:31:12","guid":{"rendered":"https:\/\/moir.org.co\/web\/?p=13198"},"modified":"2017-08-28T16:31:12","modified_gmt":"2017-08-28T16:31:12","slug":"el-santo-uribismo-y-la-corrupcion","status":"publish","type":"post","link":"https:\/\/moir.com.co\/web\/el-santo-uribismo-y-la-corrupcion\/","title":{"rendered":"El &#8220;Santo-Uribismo&#8221; y la corrupci\u00f3n"},"content":{"rendered":"<p><strong>Jos\u00e9 Arlex Arias, Cartagena, agosto 28 de 2017<\/strong><\/p>\n<p>La DEA entreg\u00f3 grabaciones que comprometen a los exmagistrados de la Corte Suprema de Justicia, Leonidas Bustos, Francisco Ricaurte y Camilo Tarquino, con hechos de corrupci\u00f3n relacionados con el confeso corrupto exfiscal anticorrupci\u00f3n Gustavo Moreno. Es un golpe mortal a lo poco de justicia que tenemos los colombianos, puesto que los dos primeros fueron presidentes de este tribunal; adem\u00e1s, porque han sido muchos los exmagistrados y algunos en ejercicio, que est\u00e1n siendo procesados por postrar esa majestad ante saqueadores de todos los pelambres. Las versiones dicen que Bustos, Ricaurte y Tarquino hab\u00edan arreglado los procesos contra los congresistas Musa Besaile, Hern\u00e1n Andrade y Luis Alfredo Ramos. Y hablaron de &#8220;honorarios&#8221; cercanos a los $2.000 millones. Pero adem\u00e1s, de una \u201ctarifa\u201d en la Corte, de entre $1.000 y $3.000 millones por cada caso. Sobre Andrade, presidente del Partido Conservador, dijeron que habr\u00eda pagado para que saliera a su favor el proceso por el esc\u00e1ndalo de CAJANAL, en el cual Moreno, el exfiscal preso, fue su abogado. En relaci\u00f3n con Musa Besaile, para que le engavetaran su proceso por \u2018parapol\u00edtica\u2019, que empez\u00f3 en el 2010 y a\u00fan no tiene sentencia. El audio oblig\u00f3 al fiscal N\u00e9stor Humberto Mart\u00ednez \u2013relacionado con la multinacional Odebrecht, expulsada de varios pa\u00edses, menos Colombia, por corrupta\u2013 a compulsar copias contra los pol\u00edticos. A su vez, la Corte Suprema envi\u00f3 el proceso de los exmagistrados a la politizada Comisi\u00f3n de Acusaciones de la C\u00e1mara de Representantes; con seguridad en esta \u00faltima no suceder\u00e1 nada.<\/p>\n<p>&nbsp;<\/p>\n<p>El hecho deja muchas interpretaciones: la falta de eficiencia de la justicia, lo cual obedece a que es selectiva: se hace &#8220;la ciega, sorda y muda&#8221; para investigar a los potentados, mientras le cae con sevicia a &#8220;un roba gallina hambreado&#8221;, a trabajadores o peque\u00f1os propietarios, que protestan por mejores condiciones para vivir. La falta de imparcialidad ha conducido para que desde fuera nos enrostren la condici\u00f3n de pa\u00eds corrupto, puesto que las revelaciones sobre Odebrecht se descubrieron v\u00eda Brasil y Estados Unidos, y en este \u00faltimo se conoci\u00f3 el nuevo esc\u00e1ndalo de &#8220;magistrados vendedores de sentencias\u201d. \u00a1Qu\u00e9 miedo! \u00bfQu\u00e9 colombiano est\u00e1 libre de que le monten &#8220;un Proceso&#8221; peor que el enjambre de Kafka? Mientras tanto han desangrado al Estado con casos como SaludCoop, InterBolsa, Reficar, Ecopetrol, por nombrar solo algunos, cuyos cabecillas gozan de casa por c\u00e1rcel y todo tipo de privilegios.<\/p>\n<p>&nbsp;<\/p>\n<p>Pero lo m\u00e1s grave es la procedencia de esta corrupci\u00f3n. El &#8220;santismo&#8221; \u2013la mal llamada coalici\u00f3n de la Unidad Nacional\u2013 recibi\u00f3 dineros de Odebrecht desde la propia cabeza del presidente Santos para hacerse elegir y tiene infinidad de personajes enlodados sin que se conozca ni un pronunciamiento de sus partidos; pero igual sucede con el &#8220;uribismo&#8221;, cuyos principales secuaces pasan inc\u00f3lumes por los tribunales y cuando los tocan, se hacen los perseguidos pol\u00edticos. La trampa est\u00e1 en que los grandes medios nos quieren imponer una ficha de cualquiera de esas dos concepciones como nuevo presidente. \u00a1Los mismos con las mismas! \u00a1Los colombianos debemos depurar la pol\u00edtica que nos gobierna!<\/p>\n","protected":false},"excerpt":{"rendered":"<p>Jos\u00e9 Arlex Arias, Cartagena, agosto 28 de 2017 La DEA entreg\u00f3 grabaciones que comprometen a los exmagistrados de la Corte Suprema de Justicia, Leonidas Bustos, Francisco Ricaurte y Camilo Tarquino, con hechos de corrupci\u00f3n relacionados con el confeso corrupto exfiscal anticorrupci\u00f3n Gustavo Moreno. Es un golpe mortal a lo poco de justicia que tenemos los [&hellip;]<\/p>\n","protected":false},"author":1,"featured_media":12846,"comment_status":"open","ping_status":"open","sticky":false,"template":"","format":"standard","meta":{"advanced_seo_description":"","jetpack_seo_html_title":"","jetpack_seo_noindex":false,"_jetpack_memberships_contains_paid_content":false,"footnotes":""},"categories":[102,97,98],"tags":[],"class_list":["post-13198","post","type-post","status-publish","format-standard","has-post-thumbnail","hentry","category-economia","category-imperialismo-y-neoliberalismo","category-politica"],"jetpack_featured_media_url":"https:\/\/i0.wp.com\/moir.com.co\/web\/wp-content\/uploads\/2017\/07\/fiscalcorrupto.jpeg?fit=205%2C115&ssl=1","jetpack-related-posts":[{"id":3667,"url":"https:\/\/moir.com.co\/web\/audiencia-publica-hay-justicia-en-colombia-el-jueves-22-de-octubre-en-el-capitolio-nacional\/","url_meta":{"origin":13198,"position":0},"title":"Audiencia p\u00fablica \u201c\u00bfHay justicia en Colombia?\u201d, el jueves 22 de octubre en el Capitolio Nacional","author":"admin","date":"octubre 13, 2009","format":false,"excerpt":"Exmagistrados, jueces, expertos en derecho, dirigentes pol\u00edticos y voceros de la Rama Judicial tomar\u00e1n parte el jueves 22 de octubre en la audiencia p\u00fablica \u201c\u00bfHay justicia en Colombia?\u201d, citada por el senador Jorge Enrique Robledo, del Polo Democr\u00e1tico. Los expositores ser\u00e1n el exmagistrados Alfredo Beltr\u00e1n Sierra, el exconsejero Jaime Moreno\u2026","rel":"","context":"En \u00abJorge Enrique Robledo\u00bb","block_context":{"text":"Jorge Enrique Robledo","link":"https:\/\/moir.com.co\/web\/category\/jorge-enrique-robledo\/"},"img":{"alt_text":"","src":"","width":0,"height":0},"classes":[]},{"id":18010,"url":"https:\/\/moir.com.co\/web\/que-miedo-caer-en-manos-de-la-justicia\/","url_meta":{"origin":13198,"position":1},"title":"\u00a1Qu\u00e9 miedo caer en manos de la justicia!","author":"admin","date":"septiembre 4, 2019","format":false,"excerpt":"Jos\u00e9 Arlex Arias, Cartagena, septiembre 2 de 2019 Hablar de \"las imperfecciones\" de la justicia colombiana, eufemismo de los defensores de la democracia burguesa para no profundizar en la caracterizaci\u00f3n de un \"Estado de derecho\" hecho a la imagen y semejanza de quienes ejercen el Poder, es como un \u201cllover\u2026","rel":"","context":"En \u00abImperialismo y Neoliberalismo\u00bb","block_context":{"text":"Imperialismo y Neoliberalismo","link":"https:\/\/moir.com.co\/web\/category\/temas\/imperialismo-y-neoliberalismo\/"},"img":{"alt_text":"","src":"https:\/\/i0.wp.com\/moir.com.co\/web\/wp-content\/uploads\/2019\/09\/justiciaruana.jpg?fit=568%2C845&ssl=1&resize=350%2C200","width":350,"height":200,"srcset":"https:\/\/i0.wp.com\/moir.com.co\/web\/wp-content\/uploads\/2019\/09\/justiciaruana.jpg?fit=568%2C845&ssl=1&resize=350%2C200 1x, https:\/\/i0.wp.com\/moir.com.co\/web\/wp-content\/uploads\/2019\/09\/justiciaruana.jpg?fit=568%2C845&ssl=1&resize=525%2C300 1.5x"},"classes":[]},{"id":13427,"url":"https:\/\/moir.com.co\/web\/gran-debate-la-corrupcion-en-el-poder-martes-3-de-octubre-5-pm-por-tv\/","url_meta":{"origin":13198,"position":2},"title":"Gran debate La corrupci\u00f3n en el poder \u2013 MARTES 3 DE OCTUBRE, 5 PM POR TV","author":"admin","date":"octubre 3, 2017","format":false,"excerpt":"Oficina de prensa del senador Jorge Enrique Robledo, Bogot\u00e1, octubre 2 de 2017 Los casos de Odebrecht, fiscal anticorrupci\u00f3n corrupto y los sobornos desde la Corte Suprema de Justicia en debate citado por el senador Jorge Enrique Robledo y la senadora Claudia L\u00f3pez el martes 3 de octubre desde las\u2026","rel":"","context":"En \u00abImperialismo y Neoliberalismo\u00bb","block_context":{"text":"Imperialismo y Neoliberalismo","link":"https:\/\/moir.com.co\/web\/category\/temas\/imperialismo-y-neoliberalismo\/"},"img":{"alt_text":"","src":"https:\/\/i0.wp.com\/moir.com.co\/web\/wp-content\/uploads\/2017\/08\/robledoaftosa.jpg?fit=768%2C403&ssl=1&resize=350%2C200","width":350,"height":200,"srcset":"https:\/\/i0.wp.com\/moir.com.co\/web\/wp-content\/uploads\/2017\/08\/robledoaftosa.jpg?fit=768%2C403&ssl=1&resize=350%2C200 1x, https:\/\/i0.wp.com\/moir.com.co\/web\/wp-content\/uploads\/2017\/08\/robledoaftosa.jpg?fit=768%2C403&ssl=1&resize=525%2C300 1.5x, https:\/\/i0.wp.com\/moir.com.co\/web\/wp-content\/uploads\/2017\/08\/robledoaftosa.jpg?fit=768%2C403&ssl=1&resize=700%2C400 2x"},"classes":[]},{"id":13390,"url":"https:\/\/moir.com.co\/web\/carta-abierta-de-david-munera-a-alcalde-sergio-londono-pidiendo-retiro-de-director-de-edurbe\/","url_meta":{"origin":13198,"position":3},"title":"Carta Abierta de David M\u00fanera a alcalde Sergio Londo\u00f1o, pidiendo retiro de Director de Edurbe","author":"admin","date":"septiembre 27, 2017","format":false,"excerpt":"David M\u00fanera, Cartagena, septiembre 26 de 2017 Se\u00f1or SERGIO LONDO\u00d1O ZUREK ALCALDE (E) DE CARTAGENA DE INDIAS La ciudad \u00a0 Atento Saludo DAVID ALFONSO MUNERA CAVADIA, identificado con la c\u00e9dula de ciudadan\u00eda No 9.090.782, vecino de esta ciudad, me permito manifestarle que desde hace varios d\u00edas los medios de comunicaciones\u2026","rel":"","context":"En \u00abImperialismo y Neoliberalismo\u00bb","block_context":{"text":"Imperialismo y Neoliberalismo","link":"https:\/\/moir.com.co\/web\/category\/temas\/imperialismo-y-neoliberalismo\/"},"img":{"alt_text":"","src":"","width":0,"height":0},"classes":[]},{"id":13549,"url":"https:\/\/moir.com.co\/web\/colombianos-en-nuestras-manos-esta-derrotar-el-pacto-de-impunidad-y-corrupcion-en-el-poder-robledo\/","url_meta":{"origin":13198,"position":4},"title":"\u201cColombianos, en nuestras manos est\u00e1 derrotar el pacto de impunidad y corrupci\u00f3n en el poder\u201d: Robledo","author":"admin","date":"octubre 18, 2017","format":false,"excerpt":"Oficina de prensa del senador Jorge Enrique Robledo, Bogot\u00e1, octubre 17 de 2017 Bolet\u00edn de prensa Se acudir\u00e1 a la justicia internacional para garantizar que casos Odebrecht y Cartel de la Toga no queden en la impunidad. Procesos en los que influy\u00f3 Le\u00f3nidas Bustos se deben reabrir, incluido el de\u2026","rel":"","context":"En \u00abEconom\u00eda\u00bb","block_context":{"text":"Econom\u00eda","link":"https:\/\/moir.com.co\/web\/category\/temas\/economia\/"},"img":{"alt_text":"","src":"https:\/\/i0.wp.com\/moir.com.co\/web\/wp-content\/uploads\/2017\/10\/robledocorrupcion2017.png?fit=672%2C520&ssl=1&resize=350%2C200","width":350,"height":200,"srcset":"https:\/\/i0.wp.com\/moir.com.co\/web\/wp-content\/uploads\/2017\/10\/robledocorrupcion2017.png?fit=672%2C520&ssl=1&resize=350%2C200 1x, https:\/\/i0.wp.com\/moir.com.co\/web\/wp-content\/uploads\/2017\/10\/robledocorrupcion2017.png?fit=672%2C520&ssl=1&resize=525%2C300 1.5x"},"classes":[]},{"id":13575,"url":"https:\/\/moir.com.co\/web\/fue-un-debate-de-control-politico-sobre-la-descomunal-corrupcion-que-hay-en-colombia\/","url_meta":{"origin":13198,"position":5},"title":"&#8220;Fue un debate de control pol\u00edtico sobre la descomunal corrupci\u00f3n que hay en Colombia&#8221;","author":"admin","date":"octubre 22, 2017","format":false,"excerpt":"Colprensa, El Pa\u00eds, Cali, octubre 22 de 2017 \u00bfFue un debate de control pol\u00edtico o un debate para hacer pol\u00edtica? \u200b Fue un debate de control pol\u00edtico, as\u00ed se llama legalmente y estos debates son as\u00ed. Es poco serio que dirigentes pol\u00edticos acusen a otros de hacer pol\u00edtica, eso no\u2026","rel":"","context":"En \u00abEconom\u00eda\u00bb","block_context":{"text":"Econom\u00eda","link":"https:\/\/moir.com.co\/web\/category\/temas\/economia\/"},"img":{"alt_text":"","src":"https:\/\/i0.wp.com\/moir.com.co\/web\/wp-content\/uploads\/2017\/10\/robledocolprensa2017.jpeg?fit=565%2C405&ssl=1&resize=350%2C200","width":350,"height":200,"srcset":"https:\/\/i0.wp.com\/moir.com.co\/web\/wp-content\/uploads\/2017\/10\/robledocolprensa2017.jpeg?fit=565%2C405&ssl=1&resize=350%2C200 1x, https:\/\/i0.wp.com\/moir.com.co\/web\/wp-content\/uploads\/2017\/10\/robledocolprensa2017.jpeg?fit=565%2C405&ssl=1&resize=525%2C300 1.5x"},"classes":[]}],"jetpack_sharing_enabled":true,"_links":{"self":[{"href":"https:\/\/moir.com.co\/web\/wp-json\/wp\/v2\/posts\/13198","targetHints":{"allow":["GET"]}}],"collection":[{"href":"https:\/\/moir.com.co\/web\/wp-json\/wp\/v2\/posts"}],"about":[{"href":"https:\/\/moir.com.co\/web\/wp-json\/wp\/v2\/types\/post"}],"author":[{"embeddable":true,"href":"https:\/\/moir.com.co\/web\/wp-json\/wp\/v2\/users\/1"}],"replies":[{"embeddable":true,"href":"https:\/\/moir.com.co\/web\/wp-json\/wp\/v2\/comments?post=13198"}],"version-history":[{"count":1,"href":"https:\/\/moir.com.co\/web\/wp-json\/wp\/v2\/posts\/13198\/revisions"}],"predecessor-version":[{"id":13199,"href":"https:\/\/moir.com.co\/web\/wp-json\/wp\/v2\/posts\/13198\/revisions\/13199"}],"wp:featuredmedia":[{"embeddable":true,"href":"https:\/\/moir.com.co\/web\/wp-json\/wp\/v2\/media\/12846"}],"wp:attachment":[{"href":"https:\/\/moir.com.co\/web\/wp-json\/wp\/v2\/media?parent=13198"}],"wp:term":[{"taxonomy":"category","embeddable":true,"href":"https:\/\/moir.com.co\/web\/wp-json\/wp\/v2\/categories?post=13198"},{"taxonomy":"post_tag","embeddable":true,"href":"https:\/\/moir.com.co\/web\/wp-json\/wp\/v2\/tags?post=13198"}],"curies":[{"name":"wp","href":"https:\/\/api.w.org\/{rel}","templated":true}]}}