{"id":13183,"date":"2017-08-25T22:16:27","date_gmt":"2017-08-25T22:16:27","guid":{"rendered":"https:\/\/moir.org.co\/web\/?p=13183"},"modified":"2017-08-25T22:16:27","modified_gmt":"2017-08-25T22:16:27","slug":"empresas-y-desarrollo-economico","status":"publish","type":"post","link":"https:\/\/moir.com.co\/web\/empresas-y-desarrollo-economico\/","title":{"rendered":"Empresas y desarrollo econ\u00f3mico"},"content":{"rendered":"<p><strong>Jorge Enrique Robledo, La Rep\u00fablica, Bogot\u00e1, agosto 18 de 2017<\/strong><\/p>\n<p>Es mucho lo que puede debatirse sobre las empresas. Que si grandes, medianas o peque\u00f1as, nacionales o transnacionales, an\u00f3nimas o de familia, privadas o p\u00fablicas o todas las anteriores y compartiendo con otras formas de crear riqueza, etc. Pero lo que s\u00ed no deber\u00eda hacerse es poner en duda su existencia.<\/p>\n<p>En el feudalismo europeo, las unidades productivas fueron de poca monta, con mano de obra familiar o de alg\u00fan aprendiz, y el uso exclusivo -salvo las excepciones de los molinos de agua y viento- de fuerza motriz humana o animal. Producci\u00f3n a peque\u00f1a escala para mercados peque\u00f1os y herramientas escasas y elementales, dentro de la lenta evoluci\u00f3n t\u00e9cnica de esas sociedades.<\/p>\n<p>Pero en alg\u00fan momento apareci\u00f3 el capital en su acepci\u00f3n moderna. Los comerciantes, que se enriquecieron por comprarles barato a los artesanos y vender con fuertes ganancias, se convirtieron en industriales al contratar a numerosos trabajadores a los que dotaron de las materias primas y las variadas herramientas necesarias para producir a escalas mayores. Y con el surgimiento de la m\u00e1quina de vapor se duplic\u00f3 la fuerza motriz, aparecieron las m\u00e1quinas herramientas y se pas\u00f3 de la manufactura a la industria, en el sentido estricto de los t\u00e9rminos, con lo que las empresas atendieron mercados enormes y el capital se acumul\u00f3 a ritmos sin precedentes. Estos cambios, m\u00e1s la revoluci\u00f3n t\u00e9cnico-cient\u00edfica, aumentaron la productividad del trabajo, la base de todo progreso.<\/p>\n<p>Lo lamentable de esta historia en Colombia es que siempre se ha actuado en contra de sus ense\u00f1anzas, conden\u00e1ndola a un capitalismo de baj\u00edsima producci\u00f3n y productividad -escasos US$5.800 de producto per c\u00e1pita-, capaz de despoblar las zonas rurales pero no porque se produzca mucho sino porque se produce poco y con unas ciudades tan atrasadas empresarialmente -como el campo-, que no convierten a los migrantes en trabajadores asalariados sino en rebuscadores.<\/p>\n<p>Ni productores ni consumidores. El desperdicio total. Clave entender que mientras las crisis de los pa\u00edses capitalistas desarrollados se deben a que crean mucha riqueza, las de Colombia obedecen a que se crea muy poca, situaci\u00f3n que de no corregirse puede hacerla inviable, aunque los pocos a los que les va bien piensen que as\u00ed como a ellos le va al pa\u00eds.<\/p>\n<p>Pero de lo anterior no puede concluirse que en Colombia solo deban prosperar las empresas monopol\u00edsticas y sobre todo las extranjeras, seg\u00fan predica el fanatismo neoliberal que ha llevado hasta la masacre empresarial sus pol\u00edticas de falso desarrollo. No. Colombia tambi\u00e9n debe crear riqueza de otras maneras. En el campo es mucho lo que el campesinado y los ind\u00edgenas aportan y pueden aportar. Y bienvenidos los negocios por cuenta propia que crean riqueza urbana, al igual que las pyme que aportan nada menos que 80% del empleo de los colombianos.<\/p>\n<p>Sacar a Colombia de la trampa del atraso y la pobreza exige un acuerdo nacional que proponga una nueva pol\u00edtica econ\u00f3mica que incluya que su econom\u00eda de mercado desarrollar\u00e1 en serio el agro y la industria, el empleo formal y la capacidad de compra de la ciudadan\u00eda, renegociar\u00e1 los TLC y no firmar\u00e1 otros, el sector financiero respaldar\u00e1 el progreso general y no solo el suyo, las tarifas de los servicios p\u00fablicos no podr\u00e1n ser mayores que las acordadas para generar las ganancias legalmente pactadas, la tasas de los impuestos a las empresas ir\u00e1n de menores a mayores seg\u00fan sus ganancias y habr\u00e1 un Ministerio de la peque\u00f1a y mediana econom\u00eda urbana y rural.<\/p>\n","protected":false},"excerpt":{"rendered":"<p>Jorge Enrique Robledo, La Rep\u00fablica, Bogot\u00e1, agosto 18 de 2017 Es mucho lo que puede debatirse sobre las empresas. Que si grandes, medianas o peque\u00f1as, nacionales o transnacionales, an\u00f3nimas o de familia, privadas o p\u00fablicas o todas las anteriores y compartiendo con otras formas de crear riqueza, etc. Pero lo que s\u00ed no deber\u00eda hacerse [&hellip;]<\/p>\n","protected":false},"author":1,"featured_media":12881,"comment_status":"open","ping_status":"open","sticky":false,"template":"","format":"standard","meta":{"advanced_seo_description":"","jetpack_seo_html_title":"","jetpack_seo_noindex":false,"_jetpack_memberships_contains_paid_content":false,"footnotes":""},"categories":[114,102,97,4,98],"tags":[],"class_list":["post-13183","post","type-post","status-publish","format-standard","has-post-thumbnail","hentry","category-agro","category-economia","category-imperialismo-y-neoliberalismo","category-jorge-enrique-robledo","category-politica"],"jetpack_featured_media_url":"https:\/\/i0.wp.com\/moir.com.co\/web\/wp-content\/uploads\/2017\/07\/robledoplenaria.jpg?fit=600%2C366&ssl=1","jetpack-related-posts":[{"id":6985,"url":"https:\/\/moir.com.co\/web\/senadores-velasco-y-robledo-afirman-que-el-impuesto-de-renta-de-las-empresas-debe-ser-progresivo\/","url_meta":{"origin":13183,"position":0},"title":"Senadores Velasco y Robledo afirman que el impuesto de renta de las empresas debe ser progresivo","author":"admin","date":"noviembre 7, 2012","format":false,"excerpt":"Tasas m\u00e1s altas para las grandes empresas y tasas menores para las peque\u00f1as y medianas. Se estimular\u00eda la creaci\u00f3n y fortalecimiento de empresas en todos los sectores. El impuesto de renta de las personas ya es progresivo, seg\u00fan sus ingresos. La progresividad es un mandato constitucional. Los senadores Luis Fernando\u2026","rel":"","context":"En \u00abJorge Enrique Robledo\u00bb","block_context":{"text":"Jorge Enrique Robledo","link":"https:\/\/moir.com.co\/web\/category\/jorge-enrique-robledo\/"},"img":{"alt_text":"","src":"","width":0,"height":0},"classes":[]},{"id":13501,"url":"https:\/\/moir.com.co\/web\/el-mensaje-de-jorge-robledo-a-los-microempresarios-del-pais\/","url_meta":{"origin":13183,"position":1},"title":"El mensaje de Jorge Robledo a los microempresarios del pa\u00eds","author":"admin","date":"octubre 13, 2017","format":false,"excerpt":"http:\/\/www.elolfato.com\/, octubre 13 de 2017 \u201cSe vienen cuatro a\u00f1os de defensa de las micro, peque\u00f1as y medianas empresas, les toca a las MiPymes\u201d, les dijo el precandidato presidencial Jorge Enrique Robledo a cientos de empresarios presentes en Cartagena en el 62 Congreso de Acopi, gremio que agrupa a los micro,\u2026","rel":"","context":"En \u00abAgro\u00bb","block_context":{"text":"Agro","link":"https:\/\/moir.com.co\/web\/category\/temas\/agro\/"},"img":{"alt_text":"","src":"https:\/\/i0.wp.com\/moir.com.co\/web\/wp-content\/uploads\/2017\/10\/Robledopymes.jpg?fit=835%2C470&ssl=1&resize=350%2C200","width":350,"height":200,"srcset":"https:\/\/i0.wp.com\/moir.com.co\/web\/wp-content\/uploads\/2017\/10\/Robledopymes.jpg?fit=835%2C470&ssl=1&resize=350%2C200 1x, https:\/\/i0.wp.com\/moir.com.co\/web\/wp-content\/uploads\/2017\/10\/Robledopymes.jpg?fit=835%2C470&ssl=1&resize=525%2C300 1.5x, https:\/\/i0.wp.com\/moir.com.co\/web\/wp-content\/uploads\/2017\/10\/Robledopymes.jpg?fit=835%2C470&ssl=1&resize=700%2C400 2x"},"classes":[]},{"id":13504,"url":"https:\/\/moir.com.co\/web\/en-mi-gobierno-los-pequenos-y-medianos-empresarios-seran-protagonistas-del-progreso-economico-robledo\/","url_meta":{"origin":13183,"position":2},"title":"En mi gobierno los peque\u00f1os y medianos empresarios ser\u00e1n protagonistas del progreso econ\u00f3mico: Robledo","author":"admin","date":"octubre 13, 2017","format":false,"excerpt":"Oficina de prensa del senador Jorge Enrique Robledo, Bogot\u00e1, octubre 12 de 2017 En el 62 Congreso Nacional de las Peque\u00f1as y Medianas Empresas el candidato presidencial del Polo propuso reducci\u00f3n de impuestos para las Pymes mediante una tarifa diferencial, creaci\u00f3n del Ministerio Para la Peque\u00f1a y Mediana Econom\u00eda Urbana\u2026","rel":"","context":"En \u00abEconom\u00eda\u00bb","block_context":{"text":"Econom\u00eda","link":"https:\/\/moir.com.co\/web\/category\/temas\/economia\/"},"img":{"alt_text":"","src":"https:\/\/i0.wp.com\/moir.com.co\/web\/wp-content\/uploads\/2017\/10\/robledopymes2.jpeg?fit=768%2C512&ssl=1&resize=350%2C200","width":350,"height":200,"srcset":"https:\/\/i0.wp.com\/moir.com.co\/web\/wp-content\/uploads\/2017\/10\/robledopymes2.jpeg?fit=768%2C512&ssl=1&resize=350%2C200 1x, https:\/\/i0.wp.com\/moir.com.co\/web\/wp-content\/uploads\/2017\/10\/robledopymes2.jpeg?fit=768%2C512&ssl=1&resize=525%2C300 1.5x, https:\/\/i0.wp.com\/moir.com.co\/web\/wp-content\/uploads\/2017\/10\/robledopymes2.jpeg?fit=768%2C512&ssl=1&resize=700%2C400 2x"},"classes":[]},{"id":12352,"url":"https:\/\/moir.com.co\/web\/chocoanos-taxistas-y-maestros-tienen-la-razon-senador-robledo\/","url_meta":{"origin":13183,"position":3},"title":"Chocoanos, taxistas y maestros tienen la raz\u00f3n: Senador Robledo","author":"admin","date":"mayo 10, 2017","format":false,"excerpt":"Oficina de prensa del senador Jorge Enrique Robledo, Bogot\u00e1, mayo 10 de 2017 El gobierno Santos les incumple a sectores sociales que sufren por sus pol\u00edticas y su negligencia El senador Jorge Enrique Robledo expres\u00f3 su solidaridad y respaldo a las movilizaciones que realizar\u00e1n el pueblo de Choc\u00f3, los taxistas\u2026","rel":"","context":"En \u00abEconom\u00eda\u00bb","block_context":{"text":"Econom\u00eda","link":"https:\/\/moir.com.co\/web\/category\/temas\/economia\/"},"img":{"alt_text":"","src":"","width":0,"height":0},"classes":[]},{"id":10665,"url":"https:\/\/moir.com.co\/web\/es-falso-que-la-canasta-familiar-no-tendra-iva-ya-tiene-robledo\/","url_meta":{"origin":13183,"position":4},"title":"Es falso que \u201cla canasta familiar no tendr\u00e1 IVA\u201d, \u00a1ya tiene!: Robledo","author":"admin","date":"octubre 20, 2016","format":false,"excerpt":"Oficina de prensa del senador Jorge Enrique Robledo, Bogot\u00e1, octubre 19 de 2016 La reforma tributaria s\u00ed grava productos de la canasta familiar y aumentar\u00e1 el IVA. Colbert: los impuestos son el arte de desplumar al ganso sin que chille demasiado. El senador Jorge Enrique Robledo acus\u00f3 al Ministro de\u2026","rel":"","context":"En \u00abEconom\u00eda\u00bb","block_context":{"text":"Econom\u00eda","link":"https:\/\/moir.com.co\/web\/category\/temas\/economia\/"},"img":{"alt_text":"","src":"https:\/\/i0.wp.com\/moir.com.co\/web\/wp-content\/uploads\/2016\/10\/robledotulua.jpg?fit=300%2C202&ssl=1&resize=350%2C200","width":350,"height":200},"classes":[]},{"id":11368,"url":"https:\/\/moir.com.co\/web\/que-neoliberales-no-se-aduenen-de-las-pequenas-y-medianas-empresas-a-las-que-maltratan-robledo\/","url_meta":{"origin":13183,"position":5},"title":"Que neoliberales no se adue\u00f1en de las peque\u00f1as y medianas empresas, a las que maltratan: Robledo","author":"admin","date":"diciembre 22, 2016","format":"video","excerpt":"","rel":"","context":"En \u00abEconom\u00eda\u00bb","block_context":{"text":"Econom\u00eda","link":"https:\/\/moir.com.co\/web\/category\/temas\/economia\/"},"img":{"alt_text":"","src":"","width":0,"height":0},"classes":[]}],"jetpack_sharing_enabled":true,"_links":{"self":[{"href":"https:\/\/moir.com.co\/web\/wp-json\/wp\/v2\/posts\/13183","targetHints":{"allow":["GET"]}}],"collection":[{"href":"https:\/\/moir.com.co\/web\/wp-json\/wp\/v2\/posts"}],"about":[{"href":"https:\/\/moir.com.co\/web\/wp-json\/wp\/v2\/types\/post"}],"author":[{"embeddable":true,"href":"https:\/\/moir.com.co\/web\/wp-json\/wp\/v2\/users\/1"}],"replies":[{"embeddable":true,"href":"https:\/\/moir.com.co\/web\/wp-json\/wp\/v2\/comments?post=13183"}],"version-history":[{"count":1,"href":"https:\/\/moir.com.co\/web\/wp-json\/wp\/v2\/posts\/13183\/revisions"}],"predecessor-version":[{"id":13184,"href":"https:\/\/moir.com.co\/web\/wp-json\/wp\/v2\/posts\/13183\/revisions\/13184"}],"wp:featuredmedia":[{"embeddable":true,"href":"https:\/\/moir.com.co\/web\/wp-json\/wp\/v2\/media\/12881"}],"wp:attachment":[{"href":"https:\/\/moir.com.co\/web\/wp-json\/wp\/v2\/media?parent=13183"}],"wp:term":[{"taxonomy":"category","embeddable":true,"href":"https:\/\/moir.com.co\/web\/wp-json\/wp\/v2\/categories?post=13183"},{"taxonomy":"post_tag","embeddable":true,"href":"https:\/\/moir.com.co\/web\/wp-json\/wp\/v2\/tags?post=13183"}],"curies":[{"name":"wp","href":"https:\/\/api.w.org\/{rel}","templated":true}]}}