{"id":13165,"date":"2017-08-22T22:37:55","date_gmt":"2017-08-22T22:37:55","guid":{"rendered":"https:\/\/moir.org.co\/web\/?p=13165"},"modified":"2017-08-22T22:37:55","modified_gmt":"2017-08-22T22:37:55","slug":"documento-declaracion-politica-lix-junta-nacional-cut","status":"publish","type":"post","link":"https:\/\/moir.com.co\/web\/documento-declaracion-politica-lix-junta-nacional-cut\/","title":{"rendered":"Documento: Declaraci\u00f3n Pol\u00edtica LIX Junta Nacional CUT"},"content":{"rendered":"<p><strong>Bogot\u00e1, agosto 17 y 18 de 2017<\/strong><\/p>\n<iframe src=\"\/\/docs.google.com\/viewer?url=https%3A%2F%2Fmoir.org.co%2Fweb%2Fwp-content%2Fuploads%2F2017%2F08%2FDECLARACION-POLITICA-59%C2%B0-JUNTA-NACIONAL.pdf&hl=en_US&embedded=true\" class=\"gde-frame\" style=\"width:100%; height:500px; border: none;\" scrolling=\"no\"><\/iframe>\n<p class=\"gde-text\"><a href=\"https:\/\/moir.org.co\/web\/wp-content\/uploads\/2017\/08\/DECLARACION-POLITICA-59\u00b0-JUNTA-NACIONAL.pdf\" class=\"gde-link\">Download (PDF, Unknown)<\/a><\/p>\n<p>&nbsp;<\/p>\n","protected":false},"excerpt":{"rendered":"<p>Bogot\u00e1, agosto 17 y 18 de 2017 &nbsp;<\/p>\n","protected":false},"author":1,"featured_media":12201,"comment_status":"open","ping_status":"open","sticky":false,"template":"","format":"standard","meta":{"advanced_seo_description":"","jetpack_seo_html_title":"","jetpack_seo_noindex":false,"_jetpack_memberships_contains_paid_content":false,"footnotes":""},"categories":[114,102,97,98,109],"tags":[],"class_list":["post-13165","post","type-post","status-publish","format-standard","has-post-thumbnail","hentry","category-agro","category-economia","category-imperialismo-y-neoliberalismo","category-politica","category-sindical"],"jetpack_featured_media_url":"https:\/\/i0.wp.com\/moir.com.co\/web\/wp-content\/uploads\/2017\/04\/cut.jpg?fit=341%2C200&ssl=1","jetpack-related-posts":[{"id":13337,"url":"https:\/\/moir.com.co\/web\/declaracion-de-principios-hacia-la-coalicion-ciudadana-por-colombia\/","url_meta":{"origin":13165,"position":0},"title":"Declaraci\u00f3n de Principios. Hacia la Coalici\u00f3n Ciudadana por Colombia","author":"admin","date":"septiembre 19, 2017","format":false,"excerpt":"Bogot\u00e1, septiembre 18 de 2017 \u00a0 \u00a0 \u00a0 \u00a0","rel":"","context":"En \u00abJorge Enrique Robledo\u00bb","block_context":{"text":"Jorge Enrique Robledo","link":"https:\/\/moir.com.co\/web\/category\/jorge-enrique-robledo\/"},"img":{"alt_text":"","src":"https:\/\/i0.wp.com\/moir.com.co\/web\/wp-content\/uploads\/2017\/09\/Coalicionciudadanaxcolombia.jpg?fit=1200%2C900&ssl=1&resize=350%2C200","width":350,"height":200,"srcset":"https:\/\/i0.wp.com\/moir.com.co\/web\/wp-content\/uploads\/2017\/09\/Coalicionciudadanaxcolombia.jpg?fit=1200%2C900&ssl=1&resize=350%2C200 1x, https:\/\/i0.wp.com\/moir.com.co\/web\/wp-content\/uploads\/2017\/09\/Coalicionciudadanaxcolombia.jpg?fit=1200%2C900&ssl=1&resize=525%2C300 1.5x, https:\/\/i0.wp.com\/moir.com.co\/web\/wp-content\/uploads\/2017\/09\/Coalicionciudadanaxcolombia.jpg?fit=1200%2C900&ssl=1&resize=700%2C400 2x, https:\/\/i0.wp.com\/moir.com.co\/web\/wp-content\/uploads\/2017\/09\/Coalicionciudadanaxcolombia.jpg?fit=1200%2C900&ssl=1&resize=1050%2C600 3x"},"classes":[]},{"id":14041,"url":"https:\/\/moir.com.co\/web\/declaracion-polo-del-departamento-del-magdalena-para-el-6-de-diciembre-la-masacre-de-las-bananeras-si-existio\/","url_meta":{"origin":13165,"position":1},"title":"Declaraci\u00f3n Polo del departamento del Magdalena para el 6 de diciembre: La masacre de las bananeras s\u00ed existi\u00f3","author":"admin","date":"diciembre 6, 2017","format":false,"excerpt":"Comit\u00e9 Ejecutivo Polo Magdalena, Santa Marta, diciembre 6 de 2017","rel":"","context":"En \u00abAgro\u00bb","block_context":{"text":"Agro","link":"https:\/\/moir.com.co\/web\/category\/temas\/agro\/"},"img":{"alt_text":"","src":"","width":0,"height":0},"classes":[]},{"id":13154,"url":"https:\/\/moir.com.co\/web\/programa-radial-de-tribuna-magisterial-agosto-20-de-2017\/","url_meta":{"origin":13165,"position":2},"title":"Programa Radial de Tribuna Magisterial, agosto 20 de 2017","author":"admin","date":"agosto 21, 2017","format":"audio","excerpt":"Bogot\u00e1, agosto 20 de 2017 En el programa del 20 de agosto de 2017 Mar\u00eda Antonieta Cano entrevist\u00f3 al concejal del municipio de Pasto Erick Velasco, \u00a0uno de los representantes de Polo Democr\u00e1tico Alternativo que particip\u00f3 en la rendici\u00f3n de cuentas que realiz\u00f3 el partido el pasado 18 de agosto\u2026","rel":"","context":"En \u00abAgro\u00bb","block_context":{"text":"Agro","link":"https:\/\/moir.com.co\/web\/category\/temas\/agro\/"},"img":{"alt_text":"","src":"https:\/\/i0.wp.com\/moir.com.co\/web\/wp-content\/uploads\/2017\/07\/tribmagton%CC%83a7.jpg?fit=1200%2C900&ssl=1&resize=350%2C200","width":350,"height":200,"srcset":"https:\/\/i0.wp.com\/moir.com.co\/web\/wp-content\/uploads\/2017\/07\/tribmagton%CC%83a7.jpg?fit=1200%2C900&ssl=1&resize=350%2C200 1x, https:\/\/i0.wp.com\/moir.com.co\/web\/wp-content\/uploads\/2017\/07\/tribmagton%CC%83a7.jpg?fit=1200%2C900&ssl=1&resize=525%2C300 1.5x, https:\/\/i0.wp.com\/moir.com.co\/web\/wp-content\/uploads\/2017\/07\/tribmagton%CC%83a7.jpg?fit=1200%2C900&ssl=1&resize=700%2C400 2x, https:\/\/i0.wp.com\/moir.com.co\/web\/wp-content\/uploads\/2017\/07\/tribmagton%CC%83a7.jpg?fit=1200%2C900&ssl=1&resize=1050%2C600 3x"},"classes":[]},{"id":12325,"url":"https:\/\/moir.com.co\/web\/declaracion-politica-de-los-sindicatos-del-sector-estatal\/","url_meta":{"origin":13165,"position":3},"title":"Declaraci\u00f3n Pol\u00edtica de los sindicatos del sector estatal","author":"admin","date":"mayo 8, 2017","format":false,"excerpt":"Bogot\u00e1, mayo 8 de 2017 El pa\u00eds atraviesa una aguda crisis social, econ\u00f3mica y pol\u00edtica, fruto de la imposici\u00f3n de la pol\u00edtica econ\u00f3mica de los organismos internacionales como el Banco Mundial, el Fondo Monetario Internacional, y \u00faltimamente la OCDE, quienes en \u00faltima instancia son los que definen la pol\u00edtica econ\u00f3mica\u2026","rel":"","context":"En \u00abBogot\u00e1\u00bb","block_context":{"text":"Bogot\u00e1","link":"https:\/\/moir.com.co\/web\/category\/temas\/bogota\/"},"img":{"alt_text":"","src":"https:\/\/i0.wp.com\/moir.com.co\/web\/wp-content\/uploads\/2016\/12\/maestroscalle26.jpg?fit=555%2C370&ssl=1&resize=350%2C200","width":350,"height":200,"srcset":"https:\/\/i0.wp.com\/moir.com.co\/web\/wp-content\/uploads\/2016\/12\/maestroscalle26.jpg?fit=555%2C370&ssl=1&resize=350%2C200 1x, https:\/\/i0.wp.com\/moir.com.co\/web\/wp-content\/uploads\/2016\/12\/maestroscalle26.jpg?fit=555%2C370&ssl=1&resize=525%2C300 1.5x"},"classes":[]},{"id":12001,"url":"https:\/\/moir.com.co\/web\/programa-radial-de-tribuna-magisterial-marzo-26-de-2017\/","url_meta":{"origin":13165,"position":4},"title":"Programa Radial de Tribuna Magisterial, marzo 26 de 2017","author":"admin","date":"marzo 28, 2017","format":"audio","excerpt":"Bogot\u00e1, marzo 26 de 2017 En el programa del 26 de marzo de 2017, Mar\u00eda Antonieta Cano de la Junta Directiva de la ADE y directora del programa, entrevist\u00f3 al analista pol\u00edtico y econ\u00f3mico Aurelio Suarez, quien present\u00f3 las razones por las cuales en el municipio de Cajamarca (Tolima) se\u2026","rel":"","context":"En \u00abAgro\u00bb","block_context":{"text":"Agro","link":"https:\/\/moir.com.co\/web\/category\/temas\/agro\/"},"img":{"alt_text":"","src":"https:\/\/i0.wp.com\/moir.com.co\/web\/wp-content\/uploads\/2016\/11\/tribmagton%CC%83a2.jpg?fit=298%2C268&ssl=1&resize=350%2C200","width":350,"height":200},"classes":[]},{"id":428,"url":"https:\/\/moir.com.co\/web\/declaracion-politica-2\/","url_meta":{"origin":13165,"position":5},"title":"DECLARACI\u00d3N POL\u00cdTICA","author":"admin","date":"agosto 8, 2004","format":false,"excerpt":"Uni\u00f3n Sindical Obrera U.S.O. , Bogot\u00e1, julio 3 de 2002. Los miembros de la Junta Directiva Nacional, elegida para el periodo estatutario 2002-2004, en el proceso democr\u00e1tico adelantado por los trabajadores afiliados a la Uni\u00f3n Sindical Obrera de la Industria del petr\u00f3leo, ante a la ofensiva del imperialismo norteamericano, manifiesta\u2026","rel":"","context":"En \u00abPronunciamientos de Organizaciones Sociales\u00bb","block_context":{"text":"Pronunciamientos de Organizaciones Sociales","link":"https:\/\/moir.com.co\/web\/category\/pronunciamientos-de-organizaciones-sociales\/"},"img":{"alt_text":"","src":"","width":0,"height":0},"classes":[]}],"jetpack_sharing_enabled":true,"_links":{"self":[{"href":"https:\/\/moir.com.co\/web\/wp-json\/wp\/v2\/posts\/13165","targetHints":{"allow":["GET"]}}],"collection":[{"href":"https:\/\/moir.com.co\/web\/wp-json\/wp\/v2\/posts"}],"about":[{"href":"https:\/\/moir.com.co\/web\/wp-json\/wp\/v2\/types\/post"}],"author":[{"embeddable":true,"href":"https:\/\/moir.com.co\/web\/wp-json\/wp\/v2\/users\/1"}],"replies":[{"embeddable":true,"href":"https:\/\/moir.com.co\/web\/wp-json\/wp\/v2\/comments?post=13165"}],"version-history":[{"count":1,"href":"https:\/\/moir.com.co\/web\/wp-json\/wp\/v2\/posts\/13165\/revisions"}],"predecessor-version":[{"id":13167,"href":"https:\/\/moir.com.co\/web\/wp-json\/wp\/v2\/posts\/13165\/revisions\/13167"}],"wp:featuredmedia":[{"embeddable":true,"href":"https:\/\/moir.com.co\/web\/wp-json\/wp\/v2\/media\/12201"}],"wp:attachment":[{"href":"https:\/\/moir.com.co\/web\/wp-json\/wp\/v2\/media?parent=13165"}],"wp:term":[{"taxonomy":"category","embeddable":true,"href":"https:\/\/moir.com.co\/web\/wp-json\/wp\/v2\/categories?post=13165"},{"taxonomy":"post_tag","embeddable":true,"href":"https:\/\/moir.com.co\/web\/wp-json\/wp\/v2\/tags?post=13165"}],"curies":[{"name":"wp","href":"https:\/\/api.w.org\/{rel}","templated":true}]}}