{"id":13157,"date":"2017-08-22T21:56:25","date_gmt":"2017-08-22T21:56:25","guid":{"rendered":"https:\/\/moir.org.co\/web\/?p=13157"},"modified":"2017-08-22T21:56:25","modified_gmt":"2017-08-22T21:56:25","slug":"el-recorte-a-la-ciencia-tambien-duele","status":"publish","type":"post","link":"https:\/\/moir.com.co\/web\/el-recorte-a-la-ciencia-tambien-duele\/","title":{"rendered":"El recorte a la ciencia tambi\u00e9n duele"},"content":{"rendered":"<p><strong>Pablo Correa, El Espectador, Bogot\u00e1 D.C., 14 de agosto de 2017<\/strong><\/p>\n<p>Al ya flaco presupuesto de ciencia y tecnolog\u00eda le corresponde un recorte de 41,5 % en 2018. Un problema es que los cient\u00edficos no saben c\u00f3mo protestar.<\/p>\n<p>\u201cEl futuro de Colombia va a estar profunda y directamente relacionado con la capacidad que los colombianos tengamos de organizar la educaci\u00f3n; la hija de la educaci\u00f3n: la ciencia; y la hija de la ciencia: la tecnolog\u00eda\u201d, dijo hace 25 a\u00f1os el neurocient\u00edfico colombiano Rodolfo Llin\u00e1s cuando se conform\u00f3 la Comisi\u00f3n de Sabios, a la que tambi\u00e9n pertenecieron Gabriel Garc\u00eda M\u00e1rquez y otros ocho ilustres colombianos, que intentaron dar un revolc\u00f3n en estas tres \u00e1reas.<\/p>\n<p>Un cuarto de siglo despu\u00e9s, el sue\u00f1o de Llin\u00e1s y Garc\u00eda M\u00e1rquez sigue en el limbo. El presupuesto general de la naci\u00f3n para el 2018 muestra que a Colombia le sigue costando trabajo reorganizar prioridades. Mientras el presupuesto de defensa y polic\u00eda subir\u00e1 8 %, el sector agr\u00edcola ver\u00e1 un recorte del 28 %, el medio ambiente un 25 % y la inversi\u00f3n p\u00fablica en ciencia y tecnolog\u00eda caer\u00e1 41,5%.<\/p>\n<p>Jos\u00e9 Manuel Restrepo, rector de la Universidad del Rosario, critic\u00f3 el nuevo presupuesto advirtiendo que \u201cen s\u00edntesis, todo presupuesto habla anticipadamente de la obra de un gobierno. Cuesta trabajo entender que entre los pocos que crecen aparezca como gran favorecido el presupuesto de defensa y polic\u00eda, cuando todo lo que podr\u00eda asociarse a urgencias en un escenario de posconflicto (ciencia, innovaci\u00f3n, cultura, deporte, agro, turismo, educaci\u00f3n, etc.) sigue el camino contrario\u201d.<\/p>\n<p>Desde su cuenta en Twitter, el exrector de la Universidad Nacional Mois\u00e9s Wasserman trin\u00f3 que \u201csi a eso se suma lo que pas\u00f3 con regal\u00edas y con ambiente, la \u00fanica conclusi\u00f3n es que asumimos el subdesarrollo como vocaci\u00f3n\u201d.<\/p>\n<p>El investigador Juan Manuel Anaya, uno de los diez cient\u00edficos colombianos m\u00e1s citados por sus trabajos en el \u00e1rea de salud, tambi\u00e9n expres\u00f3 su molestia en las redes sociales: \u201creducci\u00f3n en Ciencia y Tecnolog\u00eda desde el 2014. O\u00eddos sordos y una locomotora que nunca arranc\u00f3\u201d.<\/p>\n<p>Durante los \u00faltimos siete a\u00f1os, el pico de inversi\u00f3n en Colciencias se alcanz\u00f3 en 2013, con $430.150 millones. Al a\u00f1o siguiente baj\u00f3 a $376.768 millones, en 2015 fue de $332.197 y en 2016 perdi\u00f3 otra porci\u00f3n y se redujo a $304.516 millones. Este a\u00f1o no fue la excepci\u00f3n al bajar un poco m\u00e1s hasta $299.177 millones. En 2018 ser\u00e1 el m\u00e1s bajo en una d\u00e9cada, con apenas $220.506 millones. El mayor golpe se podr\u00eda ver reflejado en el congelamiento de nuevas becas para doctorados. El presupuesto para convocatorias de investigaci\u00f3n tambi\u00e9n se podr\u00eda ver gravemente afectado.<\/p>\n<p>Las voces de protesta entre la comunidad cient\u00edfica sonaron d\u00e9biles ante las de deportistas como Nairo Quintana, Mariana Paj\u00f3n y <em>El Pibe<\/em> Valderrama, que la semana pasada se quejaron por el recorte al sector deportivo. En redes sociales se encargaron de convertir en tendencia el mensaje #NoRecortenMisSue\u00f1os. Tanto as\u00ed que el presidente Juan Manuel Santos prometi\u00f3 \u201crevisar los n\u00fameros\u201d para los deportistas.<\/p>\n<p>Para la periodista cient\u00edfica Lisbeth Fog, m\u00e1s all\u00e1 de los constantes recortes al presupuesto de la ciencia en todos los gobiernos durante los \u00faltimos a\u00f1os, estas situaciones tambi\u00e9n revelan la debilidad de la comunidad cient\u00edfica colombiana para organizarse, alzar su voz, protestar y comunicar lo que hacen. Mientras los deportistas son capaces de poner presi\u00f3n al ministro de Hacienda y al propio presidente, las universidades, grupos de investigaci\u00f3n y los cient\u00edficos deber\u00edan ser capaces de convencer a la sociedad de las razones por las que es mejor invertir en ciencia y tecnolog\u00eda que en otras \u00e1reas.<\/p>\n<p>De hecho, el rector de la Universidad Nacional, Ignacio Mantilla, se pronunci\u00f3 en el mismo sentido: \u201chay silencios que son estruendosos. Por ejemplo, el que aturde nuestros o\u00eddos por las protestas ante estas decisiones\u201d.<\/p>\n<p>Una fuente del Gobierno explic\u00f3 que si bien hay una \u201calarma\u201d por el presupuesto de ciencia y tecnolog\u00eda, las cifras reveladas hasta ahora no son definitivas, pues durante la discusi\u00f3n del presupuesto en el Congreso de la Rep\u00fablica se suelen hacer adiciones para equilibrar.<\/p>\n","protected":false},"excerpt":{"rendered":"<p>Pablo Correa, El Espectador, Bogot\u00e1 D.C., 14 de agosto de 2017 Al ya flaco presupuesto de ciencia y tecnolog\u00eda le corresponde un recorte de 41,5 % en 2018. Un problema es que los cient\u00edficos no saben c\u00f3mo protestar. \u201cEl futuro de Colombia va a estar profunda y directamente relacionado con la capacidad que los colombianos [&hellip;]<\/p>\n","protected":false},"author":1,"featured_media":13158,"comment_status":"open","ping_status":"open","sticky":false,"template":"","format":"standard","meta":{"advanced_seo_description":"","jetpack_seo_html_title":"","jetpack_seo_noindex":false,"_jetpack_memberships_contains_paid_content":false,"footnotes":""},"categories":[76,102,97,98],"tags":[],"class_list":["post-13157","post","type-post","status-publish","format-standard","has-post-thumbnail","hentry","category-ciencia","category-economia","category-imperialismo-y-neoliberalismo","category-politica"],"jetpack_featured_media_url":"https:\/\/i0.wp.com\/moir.com.co\/web\/wp-content\/uploads\/2017\/08\/cienciarecortepresupuesto.png?fit=459%2C269&ssl=1","jetpack-related-posts":[{"id":12079,"url":"https:\/\/moir.com.co\/web\/se-gobierna-en-contra-de-la-ciencia\/","url_meta":{"origin":13157,"position":0},"title":"Se gobierna en contra de la ciencia","author":"admin","date":"abril 8, 2017","format":false,"excerpt":"Jorge Enrique Robledo, Bogot\u00e1, abril 7 de 2017 \u00bfC\u00f3mo ve a Colombia en ciencia y tecnolog\u00eda?, le preguntaron a Rodolfo Llin\u00e1s, uno de los pocos compatriotas que trabajan en la vanguardia del conocimiento universal. \u201cMal\u201d, respondi\u00f3, y agreg\u00f3: \u201cEl nivel de la educaci\u00f3n en Colombia es m\u00e1s bajo de lo\u2026","rel":"","context":"En \u00abCiencia\u00bb","block_context":{"text":"Ciencia","link":"https:\/\/moir.com.co\/web\/category\/temas\/ciencia\/"},"img":{"alt_text":"","src":"","width":0,"height":0},"classes":[]},{"id":15765,"url":"https:\/\/moir.com.co\/web\/a-anos-luz-de-la-educacion\/","url_meta":{"origin":13157,"position":1},"title":"A a\u00f1os luz de la educaci\u00f3n","author":"admin","date":"agosto 28, 2018","format":false,"excerpt":"Mario Alejandro Valencia, Bogot\u00e1, agosto 27 de 2018 El afamado escritor Yuval Noah Harari escribi\u00f3, con relaci\u00f3n al c\u00edrculo m\u00e1gico de la econom\u00eda moderna, que el progreso est\u00e1 \u00edntimamente ligado con la financiaci\u00f3n de \u201cun buen sistema educativo\u201d, \u201cpromover una floreciente industria de alta tecnolog\u00eda\u201d e invertir recursos en la\u2026","rel":"","context":"En \u00abCiencia\u00bb","block_context":{"text":"Ciencia","link":"https:\/\/moir.com.co\/web\/category\/temas\/ciencia\/"},"img":{"alt_text":"","src":"https:\/\/i0.wp.com\/moir.com.co\/web\/wp-content\/uploads\/2018\/08\/educacionfundamentaldesarrollo.jpeg?fit=236%2C213&ssl=1&resize=350%2C200","width":350,"height":200},"classes":[]},{"id":9811,"url":"https:\/\/moir.com.co\/web\/el-modelo-economico-contra-la-ciencia\/","url_meta":{"origin":13157,"position":2},"title":"El modelo econ\u00f3mico contra la ciencia","author":"admin","date":"diciembre 4, 2015","format":false,"excerpt":"El papel que juegan las naciones en el escenario global y en el desarrollo del conocimiento universal est\u00e1 ligado al papel que asignen a la ciencia y la educaci\u00f3n. La definici\u00f3n del modelo de desarrollo define el papel de la ciencia. As\u00ed, en Colombia la imposici\u00f3n del libre comercio trajo\u2026","rel":"","context":"En \u00abJuventud Patri\u00f3tica\u00bb","block_context":{"text":"Juventud Patri\u00f3tica","link":"https:\/\/moir.com.co\/web\/category\/juventud-patriotica\/"},"img":{"alt_text":"","src":"","width":0,"height":0},"classes":[]},{"id":8568,"url":"https:\/\/moir.com.co\/web\/presupuesto-para-ciencia-y-tecnologia-ct-2015-otra-prueba-de-la-reaccionaria-politica-educativa-de-santos\/","url_meta":{"origin":13157,"position":3},"title":"Presupuesto para Ciencia y Tecnolog\u00eda (C+T) &#8211; 2015: otra prueba de la reaccionaria pol\u00edtica educativa de Santos","author":"admin","date":"julio 19, 2014","format":false,"excerpt":"A cada modelo de pa\u00eds le corresponde un modelo propio de educaci\u00f3n. Esto explica la penosa realidad de la educaci\u00f3n colombiana; en los niveles de b\u00e1sica y secundaria, los negativos resultados de las pruebas PISA, a\u00fan con las falencias de dicha prueba; en cuanto a la educaci\u00f3n superior, en tanto,\u2026","rel":"","context":"En \u00abJuventud Patri\u00f3tica\u00bb","block_context":{"text":"Juventud Patri\u00f3tica","link":"https:\/\/moir.com.co\/web\/category\/juventud-patriotica\/"},"img":{"alt_text":"","src":"","width":0,"height":0},"classes":[]},{"id":10092,"url":"https:\/\/moir.com.co\/web\/de-los-estudiantes-de-ciencias-basicas-para-el-gobierno\/","url_meta":{"origin":13157,"position":4},"title":"De los estudiantes de ciencias b\u00e1sicas, para el Gobierno","author":"admin","date":"abril 18, 2016","format":false,"excerpt":"La Facultad de Ciencias de la Universidad Nacional de Colombia es el centro de producci\u00f3n en ciencias b\u00e1sicas m\u00e1s relevante del pa\u00eds, aportando m\u00e1s de 130 grupos de investigaci\u00f3n con registro en Colciencias. La Nacional aporta el 28% de la producci\u00f3n cient\u00edfica de la Naci\u00f3n. Pero hoy esta Facultad se\u2026","rel":"","context":"En \u00abCiencia\u00bb","block_context":{"text":"Ciencia","link":"https:\/\/moir.com.co\/web\/category\/temas\/ciencia\/"},"img":{"alt_text":"","src":"","width":0,"height":0},"classes":[]},{"id":9564,"url":"https:\/\/moir.com.co\/web\/dignidad-para-la-ciencia\/","url_meta":{"origin":13157,"position":5},"title":"Dignidad para la ciencia","author":"admin","date":"agosto 9, 2015","format":false,"excerpt":"Tras m\u00e1s de veinte a\u00f1os de gobiernos que aplicaron obedientemente la receta neoliberal formulada desde Washington, el pa\u00eds es testigo de como sus aparatos agropecuario, industrial y cultural se han resentido de manera grave. Son muchas las industrias que cerraron sus puertas, la mayor parte de la comida que consumen\u2026","rel":"","context":"En \u00abCiencia\u00bb","block_context":{"text":"Ciencia","link":"https:\/\/moir.com.co\/web\/category\/temas\/ciencia\/"},"img":{"alt_text":"","src":"","width":0,"height":0},"classes":[]}],"jetpack_sharing_enabled":true,"_links":{"self":[{"href":"https:\/\/moir.com.co\/web\/wp-json\/wp\/v2\/posts\/13157","targetHints":{"allow":["GET"]}}],"collection":[{"href":"https:\/\/moir.com.co\/web\/wp-json\/wp\/v2\/posts"}],"about":[{"href":"https:\/\/moir.com.co\/web\/wp-json\/wp\/v2\/types\/post"}],"author":[{"embeddable":true,"href":"https:\/\/moir.com.co\/web\/wp-json\/wp\/v2\/users\/1"}],"replies":[{"embeddable":true,"href":"https:\/\/moir.com.co\/web\/wp-json\/wp\/v2\/comments?post=13157"}],"version-history":[{"count":1,"href":"https:\/\/moir.com.co\/web\/wp-json\/wp\/v2\/posts\/13157\/revisions"}],"predecessor-version":[{"id":13159,"href":"https:\/\/moir.com.co\/web\/wp-json\/wp\/v2\/posts\/13157\/revisions\/13159"}],"wp:featuredmedia":[{"embeddable":true,"href":"https:\/\/moir.com.co\/web\/wp-json\/wp\/v2\/media\/13158"}],"wp:attachment":[{"href":"https:\/\/moir.com.co\/web\/wp-json\/wp\/v2\/media?parent=13157"}],"wp:term":[{"taxonomy":"category","embeddable":true,"href":"https:\/\/moir.com.co\/web\/wp-json\/wp\/v2\/categories?post=13157"},{"taxonomy":"post_tag","embeddable":true,"href":"https:\/\/moir.com.co\/web\/wp-json\/wp\/v2\/tags?post=13157"}],"curies":[{"name":"wp","href":"https:\/\/api.w.org\/{rel}","templated":true}]}}