{"id":13154,"date":"2017-08-21T23:21:25","date_gmt":"2017-08-21T23:21:25","guid":{"rendered":"https:\/\/moir.org.co\/web\/?p=13154"},"modified":"2017-08-21T23:21:25","modified_gmt":"2017-08-21T23:21:25","slug":"programa-radial-de-tribuna-magisterial-agosto-20-de-2017","status":"publish","type":"post","link":"https:\/\/moir.com.co\/web\/programa-radial-de-tribuna-magisterial-agosto-20-de-2017\/","title":{"rendered":"Programa Radial de Tribuna Magisterial, agosto 20 de 2017"},"content":{"rendered":"<p><strong>Bogot\u00e1, agosto 20 de 2017<\/strong><\/p>\n<p>En el programa del 20 de agosto de 2017 Mar\u00eda Antonieta Cano entrevist\u00f3 al concejal del municipio de Pasto Erick Velasco, \u00a0uno de los representantes de Polo Democr\u00e1tico Alternativo que particip\u00f3 en la rendici\u00f3n de cuentas que realiz\u00f3 el partido el pasado 18 de agosto en el Congreso de la Rep\u00fablica. El concejal habl\u00f3 sobre la crisis en el sector agropecuario en el departamento de Nari\u00f1o especialmente en la producci\u00f3n de papa y leche. Tambi\u00e9n explic\u00f3 la problem\u00e1tica en la que se encuentra EMPOPASTO, por la intenci\u00f3n de los neoliberales de privatizar esta importante empresa.<\/p>\n<p>En el informe sindical Wiston Petro Fiscal de la CUT present\u00f3 las conclusiones de la Junta Nacional de CUT, se\u00f1al\u00f3 que la declaraci\u00f3n pol\u00edtica del evento recoge los principales problemas medulares de los trabajadores e impulsa el criterio principal de enfrentar la pol\u00edtica de Santos.<\/p>\n<p>Mar\u00eda Antonieta Cano entrevist\u00f3 a Caterine Marentes, dirigente de la vereda Mochuelo de la localidad Ciudad Bol\u00edvar, ella explic\u00f3 las dif\u00edciles condiciones de los habitantes que viven en cercan\u00edas del Relleno Sanitario de Do\u00f1a Juana y las razones por las cuales tomaron la decisi\u00f3n de protestar por el mal manejo que el operador privado le da al relleno sanitario.<\/p>\n<p>La profesora Ingrid Ballesteros, maestra del municipio de San Gil Santander, le cont\u00f3 a la audiencia la problem\u00e1tica con el pago del retroactivo y unas primas creadas por la asamblea departamental. Finalmente, invit\u00f3 al evento donde los trabajadores y pensionados le dar\u00e1n el respaldo al Senador Jorge Robledo en su aspiraci\u00f3n a la presidencia de la rep\u00fablica que se realizar\u00e1 el s\u00e1bado 26 de agosto a las 2:00 pm en la Asociaci\u00f3n Cristiana de J\u00f3venes.<\/p>\n<p>El programa finaliza recordando las siguientes actividades:<\/p>\n<ol>\n<li>Martes 29 de agosto, debate en el Congreso convocado por los congresistas Jorge Robledo y Claudia L\u00f3pez sobre la corrupci\u00f3n en el pa\u00eds. Transmisi\u00f3n en vivo despu\u00e9s de las 6 pm.<\/li>\n<li>Jueves 24 de agosto Gran jornada de movilizaci\u00f3n por el derecho a la salud del magisterio. En Bogot\u00e1 ser\u00e1 a las 10 am frente a la Fiduprevisora.<\/li>\n<li>S\u00e1bado 26 de agosto: encuentro de Robledo con los trabajadores, sindicalistas y pensionados. En la ACJ, carrera 16A #28B-33 Teusaquillo, Bogot\u00e1.<\/li>\n<\/ol>\n","protected":false},"excerpt":{"rendered":"<p>Bogot\u00e1, agosto 20 de 2017 En el programa del 20 de agosto de 2017 Mar\u00eda Antonieta Cano entrevist\u00f3 al concejal del municipio de Pasto Erick Velasco, \u00a0uno de los representantes de Polo Democr\u00e1tico Alternativo que particip\u00f3 en la rendici\u00f3n de cuentas que realiz\u00f3 el partido el pasado 18 de agosto en el Congreso de la [&hellip;]<\/p>\n","protected":false},"author":1,"featured_media":12861,"comment_status":"open","ping_status":"open","sticky":false,"template":"","format":"audio","meta":{"advanced_seo_description":"","jetpack_seo_html_title":"","jetpack_seo_noindex":false,"_jetpack_memberships_contains_paid_content":false,"footnotes":""},"categories":[114,102,103,97,98,109,11],"tags":[],"class_list":["post-13154","post","type-post","status-publish","format-audio","has-post-thumbnail","hentry","category-agro","category-economia","category-educacion","category-imperialismo-y-neoliberalismo","category-politica","category-sindical","category-tribuna-magisterial","post_format-post-format-audio"],"jetpack_featured_media_url":"https:\/\/i0.wp.com\/moir.com.co\/web\/wp-content\/uploads\/2017\/07\/tribmagton%CC%83a7.jpg?fit=1200%2C900&ssl=1","jetpack-related-posts":[{"id":13220,"url":"https:\/\/moir.com.co\/web\/programa-radial-de-tribuna-magisterial-agosto-27-de-2017\/","url_meta":{"origin":13154,"position":0},"title":"Programa Radial de Tribuna Magisterial, agosto 27 de 2017","author":"admin","date":"agosto 30, 2017","format":"audio","excerpt":"Bogot\u00e1, agosto 27 de 2017 En el programa radial de Tribuna Magisterial \u00a0del 27 de agosto Mar\u00eda Antonieta Cano, de la Junta Directiva de la ADE y Pedro Jim\u00e9nez profesor y conductor del programa, entrevistaron a Francisco Torres \u00a0del Comit\u00e9 Ejecutivo de Fecode, en esta oportunidad se refiri\u00f3 a los\u2026","rel":"","context":"En \u00abCiencia\u00bb","block_context":{"text":"Ciencia","link":"https:\/\/moir.com.co\/web\/category\/temas\/ciencia\/"},"img":{"alt_text":"","src":"https:\/\/i0.wp.com\/moir.com.co\/web\/wp-content\/uploads\/2016\/11\/tribmagton%CC%83a2.jpg?fit=298%2C268&ssl=1&resize=350%2C200","width":350,"height":200},"classes":[]},{"id":13127,"url":"https:\/\/moir.com.co\/web\/programa-radial-de-tribuna-magisterial-agosto-13-de-2017\/","url_meta":{"origin":13154,"position":1},"title":"Programa Radial de Tribuna Magisterial, agosto 13 de 2017","author":"admin","date":"agosto 16, 2017","format":"audio","excerpt":"Bogot\u00e1, agosto 13 de 2017 En el programa del 13 de agosto de 2017 Mar\u00eda Antonieta Cano de la Junta Directiva de la ADE y directora del programa entrevist\u00f3 al Senador del Polo Democr\u00e1tico Jorge Robledo, en esta oportunidad se refiri\u00f3 a la Audiencia P\u00fablica sobre los Derecho de las\u2026","rel":"","context":"En \u00abEducaci\u00f3n\u00bb","block_context":{"text":"Educaci\u00f3n","link":"https:\/\/moir.com.co\/web\/category\/temas\/educacion\/"},"img":{"alt_text":"","src":"https:\/\/i0.wp.com\/moir.com.co\/web\/wp-content\/uploads\/2017\/07\/tribmagton%CC%83a7.jpg?fit=1200%2C900&ssl=1&resize=350%2C200","width":350,"height":200,"srcset":"https:\/\/i0.wp.com\/moir.com.co\/web\/wp-content\/uploads\/2017\/07\/tribmagton%CC%83a7.jpg?fit=1200%2C900&ssl=1&resize=350%2C200 1x, https:\/\/i0.wp.com\/moir.com.co\/web\/wp-content\/uploads\/2017\/07\/tribmagton%CC%83a7.jpg?fit=1200%2C900&ssl=1&resize=525%2C300 1.5x, https:\/\/i0.wp.com\/moir.com.co\/web\/wp-content\/uploads\/2017\/07\/tribmagton%CC%83a7.jpg?fit=1200%2C900&ssl=1&resize=700%2C400 2x, https:\/\/i0.wp.com\/moir.com.co\/web\/wp-content\/uploads\/2017\/07\/tribmagton%CC%83a7.jpg?fit=1200%2C900&ssl=1&resize=1050%2C600 3x"},"classes":[]},{"id":12907,"url":"https:\/\/moir.com.co\/web\/programa-radial-de-tribuna-magisterial-julio-16-de-2017\/","url_meta":{"origin":13154,"position":2},"title":"Programa Radial de Tribuna Magisterial, julio 16 de 2017","author":"admin","date":"julio 17, 2017","format":"audio","excerpt":"Bogot\u00e1, julio 16 de 2017 En la emisi\u00f3n del 16 de julio de 2017, Mar\u00eda Antonieta Cano, directiva de la ADE y directora del programa, entrevist\u00f3 al Senador del Polo Democr\u00e1tico Alternativo Jorge Robledo quien explic\u00f3 las razones por las cuales N\u00e9stor Humberto Mart\u00ednez, Fiscal General de la Naci\u00f3n, le\u2026","rel":"","context":"En \u00abBogot\u00e1\u00bb","block_context":{"text":"Bogot\u00e1","link":"https:\/\/moir.com.co\/web\/category\/temas\/bogota\/"},"img":{"alt_text":"","src":"https:\/\/i0.wp.com\/moir.com.co\/web\/wp-content\/uploads\/2017\/07\/tribmagton%CC%83a5.jpg?fit=900%2C1200&ssl=1&resize=350%2C200","width":350,"height":200,"srcset":"https:\/\/i0.wp.com\/moir.com.co\/web\/wp-content\/uploads\/2017\/07\/tribmagton%CC%83a5.jpg?fit=900%2C1200&ssl=1&resize=350%2C200 1x, https:\/\/i0.wp.com\/moir.com.co\/web\/wp-content\/uploads\/2017\/07\/tribmagton%CC%83a5.jpg?fit=900%2C1200&ssl=1&resize=525%2C300 1.5x, https:\/\/i0.wp.com\/moir.com.co\/web\/wp-content\/uploads\/2017\/07\/tribmagton%CC%83a5.jpg?fit=900%2C1200&ssl=1&resize=700%2C400 2x"},"classes":[]},{"id":12970,"url":"https:\/\/moir.com.co\/web\/programa-radial-de-tribuna-magisterial-julio-23-de-2017\/","url_meta":{"origin":13154,"position":3},"title":"Programa Radial de Tribuna Magisterial, julio 23 de 2017","author":"admin","date":"julio 25, 2017","format":"audio","excerpt":"Bogot\u00e1, julio 23 de 2017 En el programa del 23 de julio de 2017 Pedro Jim\u00e9nez docente del distrito y conductor del programa invit\u00f3 al magisterio bogotano a participar del encuentro de maestros voluntarios con Robledo que se realizar\u00e1 en la ADE norte el 5 de agosto a las 2:00\u2026","rel":"","context":"En \u00abCiencia\u00bb","block_context":{"text":"Ciencia","link":"https:\/\/moir.com.co\/web\/category\/temas\/ciencia\/"},"img":{"alt_text":"","src":"https:\/\/i0.wp.com\/moir.com.co\/web\/wp-content\/uploads\/2017\/07\/tribmagton%CC%83a5-1.jpg?fit=900%2C1200&ssl=1&resize=350%2C200","width":350,"height":200,"srcset":"https:\/\/i0.wp.com\/moir.com.co\/web\/wp-content\/uploads\/2017\/07\/tribmagton%CC%83a5-1.jpg?fit=900%2C1200&ssl=1&resize=350%2C200 1x, https:\/\/i0.wp.com\/moir.com.co\/web\/wp-content\/uploads\/2017\/07\/tribmagton%CC%83a5-1.jpg?fit=900%2C1200&ssl=1&resize=525%2C300 1.5x, https:\/\/i0.wp.com\/moir.com.co\/web\/wp-content\/uploads\/2017\/07\/tribmagton%CC%83a5-1.jpg?fit=900%2C1200&ssl=1&resize=700%2C400 2x"},"classes":[]},{"id":11938,"url":"https:\/\/moir.com.co\/web\/programa-radial-de-tribuna-magisterial-marzo-19-de-2017\/","url_meta":{"origin":13154,"position":4},"title":"Programa Radial de Tribuna Magisterial, marzo 19 de 2017","author":"admin","date":"marzo 21, 2017","format":"audio","excerpt":"Bogot\u00e1, marzo 19 de 2017 En el programa del 19 de marzo de 2017, Mar\u00eda Antonieta Cano, de la Junta Directiva de la ADE y directora del programa, dedic\u00f3 el editorial a dar un informe sobre las problem\u00e1ticas que se est\u00e1n presentado en los colegios p\u00fablicos por cuenta de la\u2026","rel":"","context":"En \u00abBogot\u00e1\u00bb","block_context":{"text":"Bogot\u00e1","link":"https:\/\/moir.com.co\/web\/category\/temas\/bogota\/"},"img":{"alt_text":"","src":"https:\/\/i0.wp.com\/moir.com.co\/web\/wp-content\/uploads\/2016\/11\/tribmagton%CC%83a5-1.jpg?fit=900%2C1200&ssl=1&resize=350%2C200","width":350,"height":200,"srcset":"https:\/\/i0.wp.com\/moir.com.co\/web\/wp-content\/uploads\/2016\/11\/tribmagton%CC%83a5-1.jpg?fit=900%2C1200&ssl=1&resize=350%2C200 1x, https:\/\/i0.wp.com\/moir.com.co\/web\/wp-content\/uploads\/2016\/11\/tribmagton%CC%83a5-1.jpg?fit=900%2C1200&ssl=1&resize=525%2C300 1.5x, https:\/\/i0.wp.com\/moir.com.co\/web\/wp-content\/uploads\/2016\/11\/tribmagton%CC%83a5-1.jpg?fit=900%2C1200&ssl=1&resize=700%2C400 2x"},"classes":[]},{"id":12096,"url":"https:\/\/moir.com.co\/web\/programa-radial-de-tribuna-magisterial-abril-9-de-2017\/","url_meta":{"origin":13154,"position":5},"title":"Programa Radial de Tribuna Magisterial, abril 9 de 2017","author":"admin","date":"abril 10, 2017","format":"audio","excerpt":"Bogot\u00e1, abril 9 de 2017 En el programa del 9 de abril Pedro Jim\u00e9nez conductor del programa entrevist\u00f3 a John Granados integrante del CEID Nacional de FECODE, quien dio un informe sobre los \u00faltimos avances de la ECDF y resultados de la comisi\u00f3n de implementaci\u00f3n. Vicky Forero Presidenta del Sinatrabienestar\u2026","rel":"","context":"En \u00abEconom\u00eda\u00bb","block_context":{"text":"Econom\u00eda","link":"https:\/\/moir.com.co\/web\/category\/temas\/economia\/"},"img":{"alt_text":"","src":"https:\/\/i0.wp.com\/moir.com.co\/web\/wp-content\/uploads\/2016\/11\/tribmagton%CC%83a2.jpg?fit=298%2C268&ssl=1&resize=350%2C200","width":350,"height":200},"classes":[]}],"jetpack_sharing_enabled":true,"_links":{"self":[{"href":"https:\/\/moir.com.co\/web\/wp-json\/wp\/v2\/posts\/13154","targetHints":{"allow":["GET"]}}],"collection":[{"href":"https:\/\/moir.com.co\/web\/wp-json\/wp\/v2\/posts"}],"about":[{"href":"https:\/\/moir.com.co\/web\/wp-json\/wp\/v2\/types\/post"}],"author":[{"embeddable":true,"href":"https:\/\/moir.com.co\/web\/wp-json\/wp\/v2\/users\/1"}],"replies":[{"embeddable":true,"href":"https:\/\/moir.com.co\/web\/wp-json\/wp\/v2\/comments?post=13154"}],"version-history":[{"count":1,"href":"https:\/\/moir.com.co\/web\/wp-json\/wp\/v2\/posts\/13154\/revisions"}],"predecessor-version":[{"id":13156,"href":"https:\/\/moir.com.co\/web\/wp-json\/wp\/v2\/posts\/13154\/revisions\/13156"}],"wp:featuredmedia":[{"embeddable":true,"href":"https:\/\/moir.com.co\/web\/wp-json\/wp\/v2\/media\/12861"}],"wp:attachment":[{"href":"https:\/\/moir.com.co\/web\/wp-json\/wp\/v2\/media?parent=13154"}],"wp:term":[{"taxonomy":"category","embeddable":true,"href":"https:\/\/moir.com.co\/web\/wp-json\/wp\/v2\/categories?post=13154"},{"taxonomy":"post_tag","embeddable":true,"href":"https:\/\/moir.com.co\/web\/wp-json\/wp\/v2\/tags?post=13154"}],"curies":[{"name":"wp","href":"https:\/\/api.w.org\/{rel}","templated":true}]}}